{"id":35592,"date":"2020-11-22T09:44:51","date_gmt":"2020-11-22T08:44:51","guid":{"rendered":"https:\/\/kunmedierne.dk\/mors\/?p=35592"},"modified":"2024-08-12T13:43:52","modified_gmt":"2024-08-12T11:43:52","slug":"god-soendag-praktisk-arbejde-og-kvalitetstid","status":"publish","type":"post","link":"https:\/\/kunmedierne.dk\/mors\/god-soendag-praktisk-arbejde-og-kvalitetstid\/","title":{"rendered":"God s\u00f8ndag: Praktisk arbejde og kvalitetstid"},"content":{"rendered":"<h6>Af Laura Tang,<br \/>\nerhvervspraktikant fra Blidstrup Efterskole<\/h6>\n<p><strong>BLIDSTRUP<\/strong>: Den perfekte s\u00f8ndag for Kristen Gubi Glintborg, forstander p\u00e5 Blidstrup Efterskole, skal helst starte ud med en stille og rolig morgen.<\/p>\n<p>&#8220;Jeg vil gerne spise morgenmad med hele familien,&#8221; siger han.<\/p>\n<p>Efter den afslappede morgen vil han gerne ud og lave noget praktisk. Det kunne for eksempel v\u00e6re at ordne noget ude i haven.<\/p>\n<p>&#8220;Jeg vil gerne have tid til at lave en eller anden aktivitet med mine b\u00f8rn,&#8221; fort\u00e6ller han.<\/p>\n<p>S\u00e5 har han jo b\u00e5de v\u00e6ret i gang med noget praktisk, haft kvalitetstid med sine b\u00f8rn og slappet lidt af.<\/p>\n<p>Om aftenen kan han godt lide at sidde i sofaen og se nyhederne i fjernsynet.<\/p>\n<p>&#8220;21 S\u00f8ndag &#8211; s\u00e5dan noget seri\u00f8st fjernsyn, s\u00e5 jeg kan blive opdateret p\u00e5, hvad der sker ude i verden. Det kan jeg godt lide,&#8221; siger Kristian Gubi Glintborg.<\/p>\n<p>&#8220;Det er nok s\u00e5dan den perfekte s\u00f8ndag er for mig &#8211; eller s\u00e5dan, den ofte er. Og det kan jeg nu egentlig meget godt lide,&#8221; siger han.<\/p>\n<p><em>Artiklen her er skrevet af Laura Tang, der g\u00e5r i 9. klasse p\u00e5 Blidstrup Efterskole. I Uge 46 var hun i praktik p\u00e5 KunMors og producerede foruden denne artikel ogs\u00e5 <a href=\"https:\/\/kunmedierne.dk\/mors\/erik-toft-glad-for-sin-debut\/\" target=\"_blank\" rel=\"noopener noreferrer\">dette telefoninterview<\/a> med Mors-Thy H\u00e5ndbolds Erik Toft, <a href=\"https:\/\/kunmedierne.dk\/mors\/det-er-jo-hele-deres-livsvaerk-der-er-vaek\/\" target=\"_blank\" rel=\"noopener noreferrer\">denne voxpop<\/a> i Nyk\u00f8bings g\u00e5gade, <a href=\"https:\/\/kunmedierne.dk\/mors\/kan-man-gaa-paa-efterskole-i-et-samfund-med-corona\/\" target=\"_blank\" rel=\"noopener noreferrer\">denne klumme<\/a> om livet som efterskoleelev og <a href=\"https:\/\/kunmedierne.dk\/mors\/god-soendag-familie-fodbold-og-alt-det-andet\/\" target=\"_blank\" rel=\"noopener noreferrer\">dette interview<\/a> i et tidligere afsnit af serien om, hvad der g\u00f8r en s\u00f8ndag god.<\/em><\/p>\n<p><a href=\"https:\/\/vognmand-filtenborg.dk\/\"><img loading=\"lazy\" decoding=\"async\" class=\"alignright size-full wp-image-35525\" src=\"https:\/\/kunmedierne.dk\/mors\/wp-content\/uploads\/2020\/11\/ho1.jpg\" alt=\"\" width=\"1400\" height=\"125\" srcset=\"https:\/\/kunmedierne.dk\/mors\/wp-content\/uploads\/2020\/11\/ho1.jpg 1400w, https:\/\/kunmedierne.dk\/mors\/wp-content\/uploads\/2020\/11\/ho1-300x27.jpg 300w, https:\/\/kunmedierne.dk\/mors\/wp-content\/uploads\/2020\/11\/ho1-1024x91.jpg 1024w, https:\/\/kunmedierne.dk\/mors\/wp-content\/uploads\/2020\/11\/ho1-768x69.jpg 768w, https:\/\/kunmedierne.dk\/mors\/wp-content\/uploads\/2020\/11\/ho1-600x54.jpg 600w\" sizes=\"auto, (max-width: 1400px) 100vw, 1400px\" \/><\/a><\/p>\n<blockquote>\n<h2>GOD S\u00d8NDAG<\/h2>\n<h4>Denne artikel er en del af serien om, hvad der g\u00f8r s\u00f8ndagen god. Den udkommer ikke med nye afsnit hver eneste s\u00f8ndag, men n\u00e5r den g\u00f8r, er det altid om s\u00f8ndagen.<\/h4>\n<h4>Vi har tidligere spurgt om den gode s\u00f8ndag for <a href=\"https:\/\/kunmedierne.dk\/mors\/god-soendag-familie-fodbold-og-alt-det-andet\/\" target=\"_blank\" rel=\"noopener noreferrer\">Lene Svenningsen<\/a>, <a href=\"https:\/\/kunmedierne.dk\/mors\/fra-tankstationen-til-tribunen-klaus-poulsens-soendag\/\" target=\"_blank\" rel=\"noopener noreferrer\">Klaus Poulsen<\/a>,\u00a0<a href=\"https:\/\/kunmedierne.dk\/mors\/paa-en-god-soendag-er-der-fuld-knald-paa-fodbold-hos-karin-pedersen\/\" target=\"_blank\" rel=\"noopener noreferrer\">Karin Pedersen<\/a>,\u00a0<a href=\"https:\/\/kunmedierne.dk\/mors\/kamp-mcdonalds-og-adam-sandler-jens-bedste-soendag\/\" target=\"_blank\" rel=\"noopener noreferrer\">Jens Dahlgaard<\/a>,\u00a0<a href=\"https:\/\/kunmedierne.dk\/mors\/jann-soendergaards-opskrift-paa-den-gode-soendag\/\" target=\"_blank\" rel=\"noopener noreferrer\">Jann S\u00f8ndergaard<\/a>,\u00a0<a href=\"https:\/\/kunmedierne.dk\/mors\/god-soendag-vi-skal-huske-at-komme-ned-i-gear\/\" target=\"_blank\" rel=\"noopener noreferrer\">Leif Toft<\/a>\u00a0og\u00a0<a href=\"https:\/\/kunmedierne.dk\/mors\/borgmesterens-gode-soendag-ud-og-maerke-naturen\/\">Hans Ejner Bertelsen<\/a>.<\/h4>\n<\/blockquote>\n","protected":false},"excerpt":{"rendered":"<p>Af Laura Tang, erhvervspraktikant fra Blidstrup Efterskole BLIDSTRUP: Den perfekte s\u00f8ndag for Kristen Gubi Glintborg, forstander p\u00e5 Blidstrup Efterskole, skal helst starte ud med en stille og rolig morgen. &#8220;Jeg vil gerne spise morgenmad med hele familien,&#8221; siger han. Efter den afslappede morgen vil han gerne ud og lave noget praktisk. Det kunne for eksempel [&hellip;]<\/p>\n","protected":false},"author":747,"featured_media":35593,"comment_status":"open","ping_status":"open","sticky":false,"template":"","format":"standard","meta":{"_acf_changed":false,"footnotes":""},"categories":[51],"tags":[170],"class_list":["post-35592","post","type-post","status-publish","format-standard","has-post-thumbnail","hentry","category-lokalt","tag-uddannelse"],"acf":[],"yoast_head":"<!-- This site is optimized with the Yoast SEO plugin v26.8 - https:\/\/yoast.com\/product\/yoast-seo-wordpress\/ -->\n<title>God s\u00f8ndag: Praktisk arbejde og kvalitetstid - Mors<\/title>\n<meta name=\"robots\" content=\"index, follow, max-snippet:-1, max-image-preview:large, max-video-preview:-1\" \/>\n<link rel=\"canonical\" href=\"https:\/\/kunmedierne.dk\/mors\/god-soendag-praktisk-arbejde-og-kvalitetstid\/\" \/>\n<meta property=\"og:locale\" content=\"da_DK\" \/>\n<meta property=\"og:type\" content=\"article\" \/>\n<meta property=\"og:title\" content=\"God s\u00f8ndag: Praktisk arbejde og kvalitetstid - Mors\" \/>\n<meta property=\"og:description\" content=\"Af Laura Tang, erhvervspraktikant fra Blidstrup Efterskole BLIDSTRUP: Den perfekte s\u00f8ndag for Kristen Gubi Glintborg, forstander p\u00e5 Blidstrup Efterskole, skal helst starte ud med en stille og rolig morgen. &#8220;Jeg vil gerne spise morgenmad med hele familien,&#8221; siger han. Efter den afslappede morgen vil han gerne ud og lave noget praktisk. Det kunne for eksempel [&hellip;]\" \/>\n<meta property=\"og:url\" content=\"https:\/\/kunmedierne.dk\/mors\/god-soendag-praktisk-arbejde-og-kvalitetstid\/\" \/>\n<meta property=\"og:site_name\" content=\"Mors\" \/>\n<meta property=\"article:published_time\" content=\"2020-11-22T08:44:51+00:00\" \/>\n<meta property=\"article:modified_time\" content=\"2024-08-12T11:43:52+00:00\" \/>\n<meta property=\"og:image\" content=\"https:\/\/kunmedierne.dk\/mors\/wp-content\/uploads\/2020\/11\/daen-van-beers.jpg\" \/>\n\t<meta property=\"og:image:width\" content=\"770\" \/>\n\t<meta property=\"og:image:height\" content=\"513\" \/>\n\t<meta property=\"og:image:type\" content=\"image\/jpeg\" \/>\n<meta name=\"author\" content=\"Redaktion\" \/>\n<meta name=\"twitter:card\" content=\"summary_large_image\" \/>\n<meta name=\"twitter:label1\" content=\"Skrevet af\" \/>\n\t<meta name=\"twitter:data1\" content=\"Redaktion\" \/>\n\t<meta name=\"twitter:label2\" content=\"Estimeret l\u00e6setid\" \/>\n\t<meta name=\"twitter:data2\" content=\"2 minutter\" \/>\n<script type=\"application\/ld+json\" class=\"yoast-schema-graph\">{\"@context\":\"https:\/\/schema.org\",\"@graph\":[{\"@type\":\"Article\",\"@id\":\"https:\/\/kunmedierne.dk\/mors\/god-soendag-praktisk-arbejde-og-kvalitetstid\/#article\",\"isPartOf\":{\"@id\":\"https:\/\/kunmedierne.dk\/mors\/god-soendag-praktisk-arbejde-og-kvalitetstid\/\"},\"author\":{\"name\":\"Redaktion\",\"@id\":\"https:\/\/kunmedierne.dk\/mors\/#\/schema\/person\/23238f24c03ec888fff51102de5a585f\"},\"headline\":\"God s\u00f8ndag: Praktisk arbejde og kvalitetstid\",\"datePublished\":\"2020-11-22T08:44:51+00:00\",\"dateModified\":\"2024-08-12T11:43:52+00:00\",\"mainEntityOfPage\":{\"@id\":\"https:\/\/kunmedierne.dk\/mors\/god-soendag-praktisk-arbejde-og-kvalitetstid\/\"},\"wordCount\":323,\"commentCount\":0,\"publisher\":{\"@id\":\"https:\/\/kunmedierne.dk\/mors\/#organization\"},\"image\":{\"@id\":\"https:\/\/kunmedierne.dk\/mors\/god-soendag-praktisk-arbejde-og-kvalitetstid\/#primaryimage\"},\"thumbnailUrl\":\"https:\/\/kunmedierne.dk\/mors\/wp-content\/uploads\/2020\/11\/daen-van-beers.jpg\",\"keywords\":[\"Skoler og uddannelse\"],\"articleSection\":[\"Lokalt\"],\"inLanguage\":\"da-DK\",\"potentialAction\":[{\"@type\":\"CommentAction\",\"name\":\"Comment\",\"target\":[\"https:\/\/kunmedierne.dk\/mors\/god-soendag-praktisk-arbejde-og-kvalitetstid\/#respond\"]}]},{\"@type\":\"WebPage\",\"@id\":\"https:\/\/kunmedierne.dk\/mors\/god-soendag-praktisk-arbejde-og-kvalitetstid\/\",\"url\":\"https:\/\/kunmedierne.dk\/mors\/god-soendag-praktisk-arbejde-og-kvalitetstid\/\",\"name\":\"God s\u00f8ndag: Praktisk arbejde og kvalitetstid - Mors\",\"isPartOf\":{\"@id\":\"https:\/\/kunmedierne.dk\/mors\/#website\"},\"primaryImageOfPage\":{\"@id\":\"https:\/\/kunmedierne.dk\/mors\/god-soendag-praktisk-arbejde-og-kvalitetstid\/#primaryimage\"},\"image\":{\"@id\":\"https:\/\/kunmedierne.dk\/mors\/god-soendag-praktisk-arbejde-og-kvalitetstid\/#primaryimage\"},\"thumbnailUrl\":\"https:\/\/kunmedierne.dk\/mors\/wp-content\/uploads\/2020\/11\/daen-van-beers.jpg\",\"datePublished\":\"2020-11-22T08:44:51+00:00\",\"dateModified\":\"2024-08-12T11:43:52+00:00\",\"breadcrumb\":{\"@id\":\"https:\/\/kunmedierne.dk\/mors\/god-soendag-praktisk-arbejde-og-kvalitetstid\/#breadcrumb\"},\"inLanguage\":\"da-DK\",\"potentialAction\":[{\"@type\":\"ReadAction\",\"target\":[\"https:\/\/kunmedierne.dk\/mors\/god-soendag-praktisk-arbejde-og-kvalitetstid\/\"]}]},{\"@type\":\"ImageObject\",\"inLanguage\":\"da-DK\",\"@id\":\"https:\/\/kunmedierne.dk\/mors\/god-soendag-praktisk-arbejde-og-kvalitetstid\/#primaryimage\",\"url\":\"https:\/\/kunmedierne.dk\/mors\/wp-content\/uploads\/2020\/11\/daen-van-beers.jpg\",\"contentUrl\":\"https:\/\/kunmedierne.dk\/mors\/wp-content\/uploads\/2020\/11\/daen-van-beers.jpg\",\"width\":770,\"height\":513,\"caption\":\"Kristen Gubi Glintborgs gode s\u00f8ndag begynder med god morgenmad. M\u00e5ske som denne? Modelfoto: Daen van Beers\/Unsplash\"},{\"@type\":\"BreadcrumbList\",\"@id\":\"https:\/\/kunmedierne.dk\/mors\/god-soendag-praktisk-arbejde-og-kvalitetstid\/#breadcrumb\",\"itemListElement\":[{\"@type\":\"ListItem\",\"position\":1,\"name\":\"Hjem\",\"item\":\"https:\/\/kunmedierne.dk\/mors\/\"},{\"@type\":\"ListItem\",\"position\":2,\"name\":\"God s\u00f8ndag: Praktisk arbejde og kvalitetstid\"}]},{\"@type\":\"WebSite\",\"@id\":\"https:\/\/kunmedierne.dk\/mors\/#website\",\"url\":\"https:\/\/kunmedierne.dk\/mors\/\",\"name\":\"Mors\",\"description\":\"et netmedie med journalistik om livet p\u00e5 Mors\",\"publisher\":{\"@id\":\"https:\/\/kunmedierne.dk\/mors\/#organization\"},\"potentialAction\":[{\"@type\":\"SearchAction\",\"target\":{\"@type\":\"EntryPoint\",\"urlTemplate\":\"https:\/\/kunmedierne.dk\/mors\/?s={search_term_string}\"},\"query-input\":{\"@type\":\"PropertyValueSpecification\",\"valueRequired\":true,\"valueName\":\"search_term_string\"}}],\"inLanguage\":\"da-DK\"},{\"@type\":\"Organization\",\"@id\":\"https:\/\/kunmedierne.dk\/mors\/#organization\",\"name\":\"Mors\",\"url\":\"https:\/\/kunmedierne.dk\/mors\/\",\"logo\":{\"@type\":\"ImageObject\",\"inLanguage\":\"da-DK\",\"@id\":\"https:\/\/kunmedierne.dk\/mors\/#\/schema\/logo\/image\/\",\"url\":\"https:\/\/kunmedierne.dk\/mors\/wp-content\/uploads\/2024\/08\/kunmors-logo.svg\",\"contentUrl\":\"https:\/\/kunmedierne.dk\/mors\/wp-content\/uploads\/2024\/08\/kunmors-logo.svg\",\"caption\":\"Mors\"},\"image\":{\"@id\":\"https:\/\/kunmedierne.dk\/mors\/#\/schema\/logo\/image\/\"}},{\"@type\":\"Person\",\"@id\":\"https:\/\/kunmedierne.dk\/mors\/#\/schema\/person\/23238f24c03ec888fff51102de5a585f\",\"name\":\"Redaktion\",\"image\":{\"@type\":\"ImageObject\",\"inLanguage\":\"da-DK\",\"@id\":\"https:\/\/kunmedierne.dk\/mors\/#\/schema\/person\/image\/\",\"url\":\"https:\/\/secure.gravatar.com\/avatar\/690249c43fd60787b97b93384a212aafd43f4087384fe866ff6bcd15574fdf55?s=96&d=mm&r=g\",\"contentUrl\":\"https:\/\/secure.gravatar.com\/avatar\/690249c43fd60787b97b93384a212aafd43f4087384fe866ff6bcd15574fdf55?s=96&d=mm&r=g\",\"caption\":\"Redaktion\"},\"url\":\"https:\/\/kunmedierne.dk\/mors\/author\/redaktion\/\"}]}<\/script>\n<!-- \/ Yoast SEO plugin. -->","yoast_head_json":{"title":"God s\u00f8ndag: Praktisk arbejde og kvalitetstid - Mors","robots":{"index":"index","follow":"follow","max-snippet":"max-snippet:-1","max-image-preview":"max-image-preview:large","max-video-preview":"max-video-preview:-1"},"canonical":"https:\/\/kunmedierne.dk\/mors\/god-soendag-praktisk-arbejde-og-kvalitetstid\/","og_locale":"da_DK","og_type":"article","og_title":"God s\u00f8ndag: Praktisk arbejde og kvalitetstid - Mors","og_description":"Af Laura Tang, erhvervspraktikant fra Blidstrup Efterskole BLIDSTRUP: Den perfekte s\u00f8ndag for Kristen Gubi Glintborg, forstander p\u00e5 Blidstrup Efterskole, skal helst starte ud med en stille og rolig morgen. &#8220;Jeg vil gerne spise morgenmad med hele familien,&#8221; siger han. Efter den afslappede morgen vil han gerne ud og lave noget praktisk. Det kunne for eksempel [&hellip;]","og_url":"https:\/\/kunmedierne.dk\/mors\/god-soendag-praktisk-arbejde-og-kvalitetstid\/","og_site_name":"Mors","article_published_time":"2020-11-22T08:44:51+00:00","article_modified_time":"2024-08-12T11:43:52+00:00","og_image":[{"width":770,"height":513,"url":"https:\/\/kunmedierne.dk\/mors\/wp-content\/uploads\/2020\/11\/daen-van-beers.jpg","type":"image\/jpeg"}],"author":"Redaktion","twitter_card":"summary_large_image","twitter_misc":{"Skrevet af":"Redaktion","Estimeret l\u00e6setid":"2 minutter"},"schema":{"@context":"https:\/\/schema.org","@graph":[{"@type":"Article","@id":"https:\/\/kunmedierne.dk\/mors\/god-soendag-praktisk-arbejde-og-kvalitetstid\/#article","isPartOf":{"@id":"https:\/\/kunmedierne.dk\/mors\/god-soendag-praktisk-arbejde-og-kvalitetstid\/"},"author":{"name":"Redaktion","@id":"https:\/\/kunmedierne.dk\/mors\/#\/schema\/person\/23238f24c03ec888fff51102de5a585f"},"headline":"God s\u00f8ndag: Praktisk arbejde og kvalitetstid","datePublished":"2020-11-22T08:44:51+00:00","dateModified":"2024-08-12T11:43:52+00:00","mainEntityOfPage":{"@id":"https:\/\/kunmedierne.dk\/mors\/god-soendag-praktisk-arbejde-og-kvalitetstid\/"},"wordCount":323,"commentCount":0,"publisher":{"@id":"https:\/\/kunmedierne.dk\/mors\/#organization"},"image":{"@id":"https:\/\/kunmedierne.dk\/mors\/god-soendag-praktisk-arbejde-og-kvalitetstid\/#primaryimage"},"thumbnailUrl":"https:\/\/kunmedierne.dk\/mors\/wp-content\/uploads\/2020\/11\/daen-van-beers.jpg","keywords":["Skoler og uddannelse"],"articleSection":["Lokalt"],"inLanguage":"da-DK","potentialAction":[{"@type":"CommentAction","name":"Comment","target":["https:\/\/kunmedierne.dk\/mors\/god-soendag-praktisk-arbejde-og-kvalitetstid\/#respond"]}]},{"@type":"WebPage","@id":"https:\/\/kunmedierne.dk\/mors\/god-soendag-praktisk-arbejde-og-kvalitetstid\/","url":"https:\/\/kunmedierne.dk\/mors\/god-soendag-praktisk-arbejde-og-kvalitetstid\/","name":"God s\u00f8ndag: Praktisk arbejde og kvalitetstid - Mors","isPartOf":{"@id":"https:\/\/kunmedierne.dk\/mors\/#website"},"primaryImageOfPage":{"@id":"https:\/\/kunmedierne.dk\/mors\/god-soendag-praktisk-arbejde-og-kvalitetstid\/#primaryimage"},"image":{"@id":"https:\/\/kunmedierne.dk\/mors\/god-soendag-praktisk-arbejde-og-kvalitetstid\/#primaryimage"},"thumbnailUrl":"https:\/\/kunmedierne.dk\/mors\/wp-content\/uploads\/2020\/11\/daen-van-beers.jpg","datePublished":"2020-11-22T08:44:51+00:00","dateModified":"2024-08-12T11:43:52+00:00","breadcrumb":{"@id":"https:\/\/kunmedierne.dk\/mors\/god-soendag-praktisk-arbejde-og-kvalitetstid\/#breadcrumb"},"inLanguage":"da-DK","potentialAction":[{"@type":"ReadAction","target":["https:\/\/kunmedierne.dk\/mors\/god-soendag-praktisk-arbejde-og-kvalitetstid\/"]}]},{"@type":"ImageObject","inLanguage":"da-DK","@id":"https:\/\/kunmedierne.dk\/mors\/god-soendag-praktisk-arbejde-og-kvalitetstid\/#primaryimage","url":"https:\/\/kunmedierne.dk\/mors\/wp-content\/uploads\/2020\/11\/daen-van-beers.jpg","contentUrl":"https:\/\/kunmedierne.dk\/mors\/wp-content\/uploads\/2020\/11\/daen-van-beers.jpg","width":770,"height":513,"caption":"Kristen Gubi Glintborgs gode s\u00f8ndag begynder med god morgenmad. M\u00e5ske som denne? Modelfoto: Daen van Beers\/Unsplash"},{"@type":"BreadcrumbList","@id":"https:\/\/kunmedierne.dk\/mors\/god-soendag-praktisk-arbejde-og-kvalitetstid\/#breadcrumb","itemListElement":[{"@type":"ListItem","position":1,"name":"Hjem","item":"https:\/\/kunmedierne.dk\/mors\/"},{"@type":"ListItem","position":2,"name":"God s\u00f8ndag: Praktisk arbejde og kvalitetstid"}]},{"@type":"WebSite","@id":"https:\/\/kunmedierne.dk\/mors\/#website","url":"https:\/\/kunmedierne.dk\/mors\/","name":"Mors","description":"et netmedie med journalistik om livet p\u00e5 Mors","publisher":{"@id":"https:\/\/kunmedierne.dk\/mors\/#organization"},"potentialAction":[{"@type":"SearchAction","target":{"@type":"EntryPoint","urlTemplate":"https:\/\/kunmedierne.dk\/mors\/?s={search_term_string}"},"query-input":{"@type":"PropertyValueSpecification","valueRequired":true,"valueName":"search_term_string"}}],"inLanguage":"da-DK"},{"@type":"Organization","@id":"https:\/\/kunmedierne.dk\/mors\/#organization","name":"Mors","url":"https:\/\/kunmedierne.dk\/mors\/","logo":{"@type":"ImageObject","inLanguage":"da-DK","@id":"https:\/\/kunmedierne.dk\/mors\/#\/schema\/logo\/image\/","url":"https:\/\/kunmedierne.dk\/mors\/wp-content\/uploads\/2024\/08\/kunmors-logo.svg","contentUrl":"https:\/\/kunmedierne.dk\/mors\/wp-content\/uploads\/2024\/08\/kunmors-logo.svg","caption":"Mors"},"image":{"@id":"https:\/\/kunmedierne.dk\/mors\/#\/schema\/logo\/image\/"}},{"@type":"Person","@id":"https:\/\/kunmedierne.dk\/mors\/#\/schema\/person\/23238f24c03ec888fff51102de5a585f","name":"Redaktion","image":{"@type":"ImageObject","inLanguage":"da-DK","@id":"https:\/\/kunmedierne.dk\/mors\/#\/schema\/person\/image\/","url":"https:\/\/secure.gravatar.com\/avatar\/690249c43fd60787b97b93384a212aafd43f4087384fe866ff6bcd15574fdf55?s=96&d=mm&r=g","contentUrl":"https:\/\/secure.gravatar.com\/avatar\/690249c43fd60787b97b93384a212aafd43f4087384fe866ff6bcd15574fdf55?s=96&d=mm&r=g","caption":"Redaktion"},"url":"https:\/\/kunmedierne.dk\/mors\/author\/redaktion\/"}]}},"_links":{"self":[{"href":"https:\/\/kunmedierne.dk\/mors\/wp-json\/wp\/v2\/posts\/35592","targetHints":{"allow":["GET"]}}],"collection":[{"href":"https:\/\/kunmedierne.dk\/mors\/wp-json\/wp\/v2\/posts"}],"about":[{"href":"https:\/\/kunmedierne.dk\/mors\/wp-json\/wp\/v2\/types\/post"}],"author":[{"embeddable":true,"href":"https:\/\/kunmedierne.dk\/mors\/wp-json\/wp\/v2\/users\/747"}],"replies":[{"embeddable":true,"href":"https:\/\/kunmedierne.dk\/mors\/wp-json\/wp\/v2\/comments?post=35592"}],"version-history":[{"count":4,"href":"https:\/\/kunmedierne.dk\/mors\/wp-json\/wp\/v2\/posts\/35592\/revisions"}],"predecessor-version":[{"id":95226,"href":"https:\/\/kunmedierne.dk\/mors\/wp-json\/wp\/v2\/posts\/35592\/revisions\/95226"}],"wp:featuredmedia":[{"embeddable":true,"href":"https:\/\/kunmedierne.dk\/mors\/wp-json\/wp\/v2\/media\/35593"}],"wp:attachment":[{"href":"https:\/\/kunmedierne.dk\/mors\/wp-json\/wp\/v2\/media?parent=35592"}],"wp:term":[{"taxonomy":"category","embeddable":true,"href":"https:\/\/kunmedierne.dk\/mors\/wp-json\/wp\/v2\/categories?post=35592"},{"taxonomy":"post_tag","embeddable":true,"href":"https:\/\/kunmedierne.dk\/mors\/wp-json\/wp\/v2\/tags?post=35592"}],"curies":[{"name":"wp","href":"https:\/\/api.w.org\/{rel}","templated":true}]}}