{"id":35533,"date":"2020-11-20T12:10:28","date_gmt":"2020-11-20T11:10:28","guid":{"rendered":"https:\/\/kunmedierne.dk\/mors\/?p=35533"},"modified":"2024-08-12T13:43:52","modified_gmt":"2024-08-12T11:43:52","slug":"borgmester-med-opfordring-til-morsingboerne","status":"publish","type":"post","link":"https:\/\/kunmedierne.dk\/mors\/borgmester-med-opfordring-til-morsingboerne\/","title":{"rendered":"Borgmester med opfordring til morsingboerne"},"content":{"rendered":"<p><strong>MORS<\/strong>: &#8220;Det er en s\u00e6rlig tid, vi lever i. Det er ogs\u00e5 en sv\u00e6r tid.&#8221;<\/p>\n<p>S\u00e5dan begynder borgmester Hans Ejner Bertelsen (V) en tale, Mors\u00f8 Kommune i dag har uploadet p\u00e5 sin Facebook-side.<\/p>\n<p>Her g\u00f8r han status p\u00e5 en coronasituation, der har udviklet sig s\u00e5 sk\u00e6vt for Mors, at kommunen nu er <a href=\"https:\/\/kunmedierne.dk\/mors-er-nu-haardest-ramt-af-alle-kommuner-i-nordjylland\/\" target=\"_blank\" rel=\"noopener noreferrer\">h\u00e5rdest ramt af alle<\/a> i Nordjylland.<\/p>\n<p>&#8220;I en lang periode har vi p\u00e5 Mors kunnet holde coronaen nogenlunde fra d\u00f8ren. Desv\u00e6rre har den sneget sig indenfor og er ved at bide sig fast,&#8221; siger Hans Ejner Bertelsen.<\/p>\n<p>Han gennemg\u00e5r i sin tale, hvordan udviklingen har f\u00e5et indflydelse for b\u00e5de plejecentre, skoler, b\u00f8rnehaver og virksomheder.<\/p>\n<p>&#8220;Kort sagt: Den er her, den er helt t\u00e6t p\u00e5, og det skal vi alle sammen g\u00f8re noget ved,&#8221; siger Hans Ejner Bertelsen.<\/p>\n<p><a href=\"https:\/\/www.fmspks.dk\/\"><img loading=\"lazy\" decoding=\"async\" class=\"alignright size-full wp-image-35528\" src=\"https:\/\/kunmedierne.dk\/mors\/wp-content\/uploads\/2020\/11\/ho4.jpg\" alt=\"\" width=\"1400\" height=\"125\" srcset=\"https:\/\/kunmedierne.dk\/mors\/wp-content\/uploads\/2020\/11\/ho4.jpg 1400w, https:\/\/kunmedierne.dk\/mors\/wp-content\/uploads\/2020\/11\/ho4-300x27.jpg 300w, https:\/\/kunmedierne.dk\/mors\/wp-content\/uploads\/2020\/11\/ho4-1024x91.jpg 1024w, https:\/\/kunmedierne.dk\/mors\/wp-content\/uploads\/2020\/11\/ho4-768x69.jpg 768w, https:\/\/kunmedierne.dk\/mors\/wp-content\/uploads\/2020\/11\/ho4-600x54.jpg 600w\" sizes=\"auto, (max-width: 1400px) 100vw, 1400px\" \/><\/a>Han opfordrer derfor til generel forsigtighed og hj\u00e6lp fra den enkelte i forhold til at d\u00e6mme op for pandemiens indtog p\u00e5 Mors.<\/p>\n<p>&#8220;Det, vi har brug for nu, er, at vi alle er lidt ekstra opm\u00e6rksomme p\u00e5 at f\u00f8lge retningslinjerne fra sundhedsmyndighederne. Vi skal ikke pege fingre, men selv tage ansvar. Ansvar for ikke at smitte andre, og ansvar for, at smitten ikke forts\u00e6tter med at sprede sig p\u00e5 Mors,&#8221; siger borgmesteren, der slutter med, at det ikke er nogen skam at f\u00e5 corona.<\/p>\n<p>&#8220;Men det er en skam, hvis vi ikke hj\u00e6lper hinanden med at undg\u00e5 det,&#8221; siger han.<\/p>\n<p>Du kan se hele Hans Ejner Bertelsens tale <a href=\"https:\/\/www.facebook.com\/180768838604525\/videos\/165078585308677\" target=\"_blank\" rel=\"noopener noreferrer\">her<\/a>.<\/p>\n","protected":false},"excerpt":{"rendered":"<p>MORS: &#8220;Det er en s\u00e6rlig tid, vi lever i. Det er ogs\u00e5 en sv\u00e6r tid.&#8221; S\u00e5dan begynder borgmester Hans Ejner Bertelsen (V) en tale, Mors\u00f8 Kommune i dag har uploadet p\u00e5 sin Facebook-side. Her g\u00f8r han status p\u00e5 en coronasituation, der har udviklet sig s\u00e5 sk\u00e6vt for Mors, at kommunen nu er h\u00e5rdest ramt af [&hellip;]<\/p>\n","protected":false},"author":8,"featured_media":35534,"comment_status":"open","ping_status":"open","sticky":false,"template":"","format":"standard","meta":{"_acf_changed":false,"footnotes":""},"categories":[51],"tags":[167],"class_list":["post-35533","post","type-post","status-publish","format-standard","has-post-thumbnail","hentry","category-lokalt","tag-politik"],"acf":[],"yoast_head":"<!-- This site is optimized with the Yoast SEO plugin v26.8 - https:\/\/yoast.com\/product\/yoast-seo-wordpress\/ -->\n<title>Borgmester med opfordring til morsingboerne - Mors<\/title>\n<meta name=\"robots\" content=\"index, follow, max-snippet:-1, max-image-preview:large, max-video-preview:-1\" \/>\n<link rel=\"canonical\" href=\"https:\/\/kunmedierne.dk\/mors\/borgmester-med-opfordring-til-morsingboerne\/\" \/>\n<meta property=\"og:locale\" content=\"da_DK\" \/>\n<meta property=\"og:type\" content=\"article\" \/>\n<meta property=\"og:title\" content=\"Borgmester med opfordring til morsingboerne - Mors\" \/>\n<meta property=\"og:description\" content=\"MORS: &#8220;Det er en s\u00e6rlig tid, vi lever i. Det er ogs\u00e5 en sv\u00e6r tid.&#8221; S\u00e5dan begynder borgmester Hans Ejner Bertelsen (V) en tale, Mors\u00f8 Kommune i dag har uploadet p\u00e5 sin Facebook-side. Her g\u00f8r han status p\u00e5 en coronasituation, der har udviklet sig s\u00e5 sk\u00e6vt for Mors, at kommunen nu er h\u00e5rdest ramt af [&hellip;]\" \/>\n<meta property=\"og:url\" content=\"https:\/\/kunmedierne.dk\/mors\/borgmester-med-opfordring-til-morsingboerne\/\" \/>\n<meta property=\"og:site_name\" content=\"Mors\" \/>\n<meta property=\"article:published_time\" content=\"2020-11-20T11:10:28+00:00\" \/>\n<meta property=\"article:modified_time\" content=\"2024-08-12T11:43:52+00:00\" \/>\n<meta property=\"og:image\" content=\"https:\/\/kunmedierne.dk\/mors\/wp-content\/uploads\/2020\/11\/borgmestertale.jpg\" \/>\n\t<meta property=\"og:image:width\" content=\"770\" \/>\n\t<meta property=\"og:image:height\" content=\"513\" \/>\n\t<meta property=\"og:image:type\" content=\"image\/jpeg\" \/>\n<meta name=\"author\" content=\"David H\u00f8jmark\" \/>\n<meta name=\"twitter:card\" content=\"summary_large_image\" \/>\n<meta name=\"twitter:label1\" content=\"Skrevet af\" \/>\n\t<meta name=\"twitter:data1\" content=\"David H\u00f8jmark\" \/>\n\t<meta name=\"twitter:label2\" content=\"Estimeret l\u00e6setid\" \/>\n\t<meta name=\"twitter:data2\" content=\"1 minut\" \/>\n<script type=\"application\/ld+json\" class=\"yoast-schema-graph\">{\"@context\":\"https:\/\/schema.org\",\"@graph\":[{\"@type\":\"Article\",\"@id\":\"https:\/\/kunmedierne.dk\/mors\/borgmester-med-opfordring-til-morsingboerne\/#article\",\"isPartOf\":{\"@id\":\"https:\/\/kunmedierne.dk\/mors\/borgmester-med-opfordring-til-morsingboerne\/\"},\"author\":{\"name\":\"David H\u00f8jmark\",\"@id\":\"https:\/\/kunmedierne.dk\/mors\/#\/schema\/person\/5fe23251bf1d0abbcdc6f7896579d548\"},\"headline\":\"Borgmester med opfordring til morsingboerne\",\"datePublished\":\"2020-11-20T11:10:28+00:00\",\"dateModified\":\"2024-08-12T11:43:52+00:00\",\"mainEntityOfPage\":{\"@id\":\"https:\/\/kunmedierne.dk\/mors\/borgmester-med-opfordring-til-morsingboerne\/\"},\"wordCount\":263,\"commentCount\":0,\"publisher\":{\"@id\":\"https:\/\/kunmedierne.dk\/mors\/#organization\"},\"image\":{\"@id\":\"https:\/\/kunmedierne.dk\/mors\/borgmester-med-opfordring-til-morsingboerne\/#primaryimage\"},\"thumbnailUrl\":\"https:\/\/kunmedierne.dk\/mors\/wp-content\/uploads\/2020\/11\/borgmestertale.jpg\",\"keywords\":[\"Politik\"],\"articleSection\":[\"Lokalt\"],\"inLanguage\":\"da-DK\",\"potentialAction\":[{\"@type\":\"CommentAction\",\"name\":\"Comment\",\"target\":[\"https:\/\/kunmedierne.dk\/mors\/borgmester-med-opfordring-til-morsingboerne\/#respond\"]}]},{\"@type\":\"WebPage\",\"@id\":\"https:\/\/kunmedierne.dk\/mors\/borgmester-med-opfordring-til-morsingboerne\/\",\"url\":\"https:\/\/kunmedierne.dk\/mors\/borgmester-med-opfordring-til-morsingboerne\/\",\"name\":\"Borgmester med opfordring til morsingboerne - Mors\",\"isPartOf\":{\"@id\":\"https:\/\/kunmedierne.dk\/mors\/#website\"},\"primaryImageOfPage\":{\"@id\":\"https:\/\/kunmedierne.dk\/mors\/borgmester-med-opfordring-til-morsingboerne\/#primaryimage\"},\"image\":{\"@id\":\"https:\/\/kunmedierne.dk\/mors\/borgmester-med-opfordring-til-morsingboerne\/#primaryimage\"},\"thumbnailUrl\":\"https:\/\/kunmedierne.dk\/mors\/wp-content\/uploads\/2020\/11\/borgmestertale.jpg\",\"datePublished\":\"2020-11-20T11:10:28+00:00\",\"dateModified\":\"2024-08-12T11:43:52+00:00\",\"breadcrumb\":{\"@id\":\"https:\/\/kunmedierne.dk\/mors\/borgmester-med-opfordring-til-morsingboerne\/#breadcrumb\"},\"inLanguage\":\"da-DK\",\"potentialAction\":[{\"@type\":\"ReadAction\",\"target\":[\"https:\/\/kunmedierne.dk\/mors\/borgmester-med-opfordring-til-morsingboerne\/\"]}]},{\"@type\":\"ImageObject\",\"inLanguage\":\"da-DK\",\"@id\":\"https:\/\/kunmedierne.dk\/mors\/borgmester-med-opfordring-til-morsingboerne\/#primaryimage\",\"url\":\"https:\/\/kunmedierne.dk\/mors\/wp-content\/uploads\/2020\/11\/borgmestertale.jpg\",\"contentUrl\":\"https:\/\/kunmedierne.dk\/mors\/wp-content\/uploads\/2020\/11\/borgmestertale.jpg\",\"width\":770,\"height\":513,\"caption\":\"Screendump fra videotalen af borgmester Hans Ejner Bertelsen (V).\"},{\"@type\":\"BreadcrumbList\",\"@id\":\"https:\/\/kunmedierne.dk\/mors\/borgmester-med-opfordring-til-morsingboerne\/#breadcrumb\",\"itemListElement\":[{\"@type\":\"ListItem\",\"position\":1,\"name\":\"Hjem\",\"item\":\"https:\/\/kunmedierne.dk\/mors\/\"},{\"@type\":\"ListItem\",\"position\":2,\"name\":\"Borgmester med opfordring til morsingboerne\"}]},{\"@type\":\"WebSite\",\"@id\":\"https:\/\/kunmedierne.dk\/mors\/#website\",\"url\":\"https:\/\/kunmedierne.dk\/mors\/\",\"name\":\"Mors\",\"description\":\"et netmedie med journalistik om livet p\u00e5 Mors\",\"publisher\":{\"@id\":\"https:\/\/kunmedierne.dk\/mors\/#organization\"},\"potentialAction\":[{\"@type\":\"SearchAction\",\"target\":{\"@type\":\"EntryPoint\",\"urlTemplate\":\"https:\/\/kunmedierne.dk\/mors\/?s={search_term_string}\"},\"query-input\":{\"@type\":\"PropertyValueSpecification\",\"valueRequired\":true,\"valueName\":\"search_term_string\"}}],\"inLanguage\":\"da-DK\"},{\"@type\":\"Organization\",\"@id\":\"https:\/\/kunmedierne.dk\/mors\/#organization\",\"name\":\"Mors\",\"url\":\"https:\/\/kunmedierne.dk\/mors\/\",\"logo\":{\"@type\":\"ImageObject\",\"inLanguage\":\"da-DK\",\"@id\":\"https:\/\/kunmedierne.dk\/mors\/#\/schema\/logo\/image\/\",\"url\":\"https:\/\/kunmedierne.dk\/mors\/wp-content\/uploads\/2024\/08\/kunmors-logo.svg\",\"contentUrl\":\"https:\/\/kunmedierne.dk\/mors\/wp-content\/uploads\/2024\/08\/kunmors-logo.svg\",\"caption\":\"Mors\"},\"image\":{\"@id\":\"https:\/\/kunmedierne.dk\/mors\/#\/schema\/logo\/image\/\"}},{\"@type\":\"Person\",\"@id\":\"https:\/\/kunmedierne.dk\/mors\/#\/schema\/person\/5fe23251bf1d0abbcdc6f7896579d548\",\"name\":\"David H\u00f8jmark\",\"image\":{\"@type\":\"ImageObject\",\"inLanguage\":\"da-DK\",\"@id\":\"https:\/\/kunmedierne.dk\/mors\/#\/schema\/person\/image\/\",\"url\":\"https:\/\/secure.gravatar.com\/avatar\/4315d6fb9ef244d729989f5f90268eb08d5bf8a3d84402f595fa194bb35784fd?s=96&d=mm&r=g\",\"contentUrl\":\"https:\/\/secure.gravatar.com\/avatar\/4315d6fb9ef244d729989f5f90268eb08d5bf8a3d84402f595fa194bb35784fd?s=96&d=mm&r=g\",\"caption\":\"David H\u00f8jmark\"},\"sameAs\":[\"https:\/\/www.kunmedierne.dk\"],\"url\":\"https:\/\/kunmedierne.dk\/mors\/author\/david\/\"}]}<\/script>\n<!-- \/ Yoast SEO plugin. -->","yoast_head_json":{"title":"Borgmester med opfordring til morsingboerne - Mors","robots":{"index":"index","follow":"follow","max-snippet":"max-snippet:-1","max-image-preview":"max-image-preview:large","max-video-preview":"max-video-preview:-1"},"canonical":"https:\/\/kunmedierne.dk\/mors\/borgmester-med-opfordring-til-morsingboerne\/","og_locale":"da_DK","og_type":"article","og_title":"Borgmester med opfordring til morsingboerne - Mors","og_description":"MORS: &#8220;Det er en s\u00e6rlig tid, vi lever i. Det er ogs\u00e5 en sv\u00e6r tid.&#8221; S\u00e5dan begynder borgmester Hans Ejner Bertelsen (V) en tale, Mors\u00f8 Kommune i dag har uploadet p\u00e5 sin Facebook-side. Her g\u00f8r han status p\u00e5 en coronasituation, der har udviklet sig s\u00e5 sk\u00e6vt for Mors, at kommunen nu er h\u00e5rdest ramt af [&hellip;]","og_url":"https:\/\/kunmedierne.dk\/mors\/borgmester-med-opfordring-til-morsingboerne\/","og_site_name":"Mors","article_published_time":"2020-11-20T11:10:28+00:00","article_modified_time":"2024-08-12T11:43:52+00:00","og_image":[{"width":770,"height":513,"url":"https:\/\/kunmedierne.dk\/mors\/wp-content\/uploads\/2020\/11\/borgmestertale.jpg","type":"image\/jpeg"}],"author":"David H\u00f8jmark","twitter_card":"summary_large_image","twitter_misc":{"Skrevet af":"David H\u00f8jmark","Estimeret l\u00e6setid":"1 minut"},"schema":{"@context":"https:\/\/schema.org","@graph":[{"@type":"Article","@id":"https:\/\/kunmedierne.dk\/mors\/borgmester-med-opfordring-til-morsingboerne\/#article","isPartOf":{"@id":"https:\/\/kunmedierne.dk\/mors\/borgmester-med-opfordring-til-morsingboerne\/"},"author":{"name":"David H\u00f8jmark","@id":"https:\/\/kunmedierne.dk\/mors\/#\/schema\/person\/5fe23251bf1d0abbcdc6f7896579d548"},"headline":"Borgmester med opfordring til morsingboerne","datePublished":"2020-11-20T11:10:28+00:00","dateModified":"2024-08-12T11:43:52+00:00","mainEntityOfPage":{"@id":"https:\/\/kunmedierne.dk\/mors\/borgmester-med-opfordring-til-morsingboerne\/"},"wordCount":263,"commentCount":0,"publisher":{"@id":"https:\/\/kunmedierne.dk\/mors\/#organization"},"image":{"@id":"https:\/\/kunmedierne.dk\/mors\/borgmester-med-opfordring-til-morsingboerne\/#primaryimage"},"thumbnailUrl":"https:\/\/kunmedierne.dk\/mors\/wp-content\/uploads\/2020\/11\/borgmestertale.jpg","keywords":["Politik"],"articleSection":["Lokalt"],"inLanguage":"da-DK","potentialAction":[{"@type":"CommentAction","name":"Comment","target":["https:\/\/kunmedierne.dk\/mors\/borgmester-med-opfordring-til-morsingboerne\/#respond"]}]},{"@type":"WebPage","@id":"https:\/\/kunmedierne.dk\/mors\/borgmester-med-opfordring-til-morsingboerne\/","url":"https:\/\/kunmedierne.dk\/mors\/borgmester-med-opfordring-til-morsingboerne\/","name":"Borgmester med opfordring til morsingboerne - Mors","isPartOf":{"@id":"https:\/\/kunmedierne.dk\/mors\/#website"},"primaryImageOfPage":{"@id":"https:\/\/kunmedierne.dk\/mors\/borgmester-med-opfordring-til-morsingboerne\/#primaryimage"},"image":{"@id":"https:\/\/kunmedierne.dk\/mors\/borgmester-med-opfordring-til-morsingboerne\/#primaryimage"},"thumbnailUrl":"https:\/\/kunmedierne.dk\/mors\/wp-content\/uploads\/2020\/11\/borgmestertale.jpg","datePublished":"2020-11-20T11:10:28+00:00","dateModified":"2024-08-12T11:43:52+00:00","breadcrumb":{"@id":"https:\/\/kunmedierne.dk\/mors\/borgmester-med-opfordring-til-morsingboerne\/#breadcrumb"},"inLanguage":"da-DK","potentialAction":[{"@type":"ReadAction","target":["https:\/\/kunmedierne.dk\/mors\/borgmester-med-opfordring-til-morsingboerne\/"]}]},{"@type":"ImageObject","inLanguage":"da-DK","@id":"https:\/\/kunmedierne.dk\/mors\/borgmester-med-opfordring-til-morsingboerne\/#primaryimage","url":"https:\/\/kunmedierne.dk\/mors\/wp-content\/uploads\/2020\/11\/borgmestertale.jpg","contentUrl":"https:\/\/kunmedierne.dk\/mors\/wp-content\/uploads\/2020\/11\/borgmestertale.jpg","width":770,"height":513,"caption":"Screendump fra videotalen af borgmester Hans Ejner Bertelsen (V)."},{"@type":"BreadcrumbList","@id":"https:\/\/kunmedierne.dk\/mors\/borgmester-med-opfordring-til-morsingboerne\/#breadcrumb","itemListElement":[{"@type":"ListItem","position":1,"name":"Hjem","item":"https:\/\/kunmedierne.dk\/mors\/"},{"@type":"ListItem","position":2,"name":"Borgmester med opfordring til morsingboerne"}]},{"@type":"WebSite","@id":"https:\/\/kunmedierne.dk\/mors\/#website","url":"https:\/\/kunmedierne.dk\/mors\/","name":"Mors","description":"et netmedie med journalistik om livet p\u00e5 Mors","publisher":{"@id":"https:\/\/kunmedierne.dk\/mors\/#organization"},"potentialAction":[{"@type":"SearchAction","target":{"@type":"EntryPoint","urlTemplate":"https:\/\/kunmedierne.dk\/mors\/?s={search_term_string}"},"query-input":{"@type":"PropertyValueSpecification","valueRequired":true,"valueName":"search_term_string"}}],"inLanguage":"da-DK"},{"@type":"Organization","@id":"https:\/\/kunmedierne.dk\/mors\/#organization","name":"Mors","url":"https:\/\/kunmedierne.dk\/mors\/","logo":{"@type":"ImageObject","inLanguage":"da-DK","@id":"https:\/\/kunmedierne.dk\/mors\/#\/schema\/logo\/image\/","url":"https:\/\/kunmedierne.dk\/mors\/wp-content\/uploads\/2024\/08\/kunmors-logo.svg","contentUrl":"https:\/\/kunmedierne.dk\/mors\/wp-content\/uploads\/2024\/08\/kunmors-logo.svg","caption":"Mors"},"image":{"@id":"https:\/\/kunmedierne.dk\/mors\/#\/schema\/logo\/image\/"}},{"@type":"Person","@id":"https:\/\/kunmedierne.dk\/mors\/#\/schema\/person\/5fe23251bf1d0abbcdc6f7896579d548","name":"David H\u00f8jmark","image":{"@type":"ImageObject","inLanguage":"da-DK","@id":"https:\/\/kunmedierne.dk\/mors\/#\/schema\/person\/image\/","url":"https:\/\/secure.gravatar.com\/avatar\/4315d6fb9ef244d729989f5f90268eb08d5bf8a3d84402f595fa194bb35784fd?s=96&d=mm&r=g","contentUrl":"https:\/\/secure.gravatar.com\/avatar\/4315d6fb9ef244d729989f5f90268eb08d5bf8a3d84402f595fa194bb35784fd?s=96&d=mm&r=g","caption":"David H\u00f8jmark"},"sameAs":["https:\/\/www.kunmedierne.dk"],"url":"https:\/\/kunmedierne.dk\/mors\/author\/david\/"}]}},"_links":{"self":[{"href":"https:\/\/kunmedierne.dk\/mors\/wp-json\/wp\/v2\/posts\/35533","targetHints":{"allow":["GET"]}}],"collection":[{"href":"https:\/\/kunmedierne.dk\/mors\/wp-json\/wp\/v2\/posts"}],"about":[{"href":"https:\/\/kunmedierne.dk\/mors\/wp-json\/wp\/v2\/types\/post"}],"author":[{"embeddable":true,"href":"https:\/\/kunmedierne.dk\/mors\/wp-json\/wp\/v2\/users\/8"}],"replies":[{"embeddable":true,"href":"https:\/\/kunmedierne.dk\/mors\/wp-json\/wp\/v2\/comments?post=35533"}],"version-history":[{"count":2,"href":"https:\/\/kunmedierne.dk\/mors\/wp-json\/wp\/v2\/posts\/35533\/revisions"}],"predecessor-version":[{"id":35553,"href":"https:\/\/kunmedierne.dk\/mors\/wp-json\/wp\/v2\/posts\/35533\/revisions\/35553"}],"wp:featuredmedia":[{"embeddable":true,"href":"https:\/\/kunmedierne.dk\/mors\/wp-json\/wp\/v2\/media\/35534"}],"wp:attachment":[{"href":"https:\/\/kunmedierne.dk\/mors\/wp-json\/wp\/v2\/media?parent=35533"}],"wp:term":[{"taxonomy":"category","embeddable":true,"href":"https:\/\/kunmedierne.dk\/mors\/wp-json\/wp\/v2\/categories?post=35533"},{"taxonomy":"post_tag","embeddable":true,"href":"https:\/\/kunmedierne.dk\/mors\/wp-json\/wp\/v2\/tags?post=35533"}],"curies":[{"name":"wp","href":"https:\/\/api.w.org\/{rel}","templated":true}]}}