{"id":35470,"date":"2020-11-19T11:45:56","date_gmt":"2020-11-19T10:45:56","guid":{"rendered":"https:\/\/kunmedierne.dk\/mors\/?p=35470"},"modified":"2024-08-12T13:43:53","modified_gmt":"2024-08-12T11:43:53","slug":"nic-denmark-ansaetter-projekt-koordinator-intern-saelger","status":"publish","type":"post","link":"https:\/\/kunmedierne.dk\/mors\/nic-denmark-ansaetter-projekt-koordinator-intern-saelger\/","title":{"rendered":"NIC Denmark ans\u00e6tter Projekt koordinator\/Intern s\u00e6lger"},"content":{"rendered":"<p style=\"text-align: center;\"><em>Fra NIC Denmark har vi modtaget:<\/em><\/p>\n<hr \/>\n<p><strong>GLYNG\u00d8RE<\/strong>: Henrik B\u00e6kkedal er pr. 1. november ansat som Projekt koordinator\/Intern s\u00e6lger hos NIC Denmark, hvor han vil varetage opf\u00f8lgning p\u00e5 nye mulige projekter samt projekter hvorp\u00e5 der er afgivet tilbud. Derudover vil han fungere som intern s\u00e6lger og have den daglige kontakt med vores kunder.<\/p>\n<p>Henrik er bosiddende p\u00e5 Mors, og har tidligere arbejdet som Sales Manager hos Skamol A\/S, hvor han har erfaring med mange lignende opgaver, som dem vi har i salgsteamet hos NIC Denmark. Han er vant til at have daglig kundekontakt, lave ops\u00f8gende salg samt arbejde med tilbudsgivning osv.<\/p>\n<p>Kombinationen af alt dette g\u00f8r vi er sikre p\u00e5 han bliver en rigtig god medspiller p\u00e5 NIC Denmark Teamet.<\/p>\n<p>NIC Denmark er glade for at byde Henrik velkommen til vores team.<\/p>\n<p><a href=\"http:\/\/www.limfjordsteatret.dk\/#front\"><img loading=\"lazy\" decoding=\"async\" class=\"alignright size-full wp-image-8967\" src=\"https:\/\/kunmedierne.dk\/mors\/wp-content\/uploads\/2020\/02\/limfjordsteatret-generel-annonce.jpg\" alt=\"\" width=\"1400\" height=\"125\" srcset=\"https:\/\/kunmedierne.dk\/mors\/wp-content\/uploads\/2020\/02\/limfjordsteatret-generel-annonce.jpg 1400w, https:\/\/kunmedierne.dk\/mors\/wp-content\/uploads\/2020\/02\/limfjordsteatret-generel-annonce-300x27.jpg 300w, https:\/\/kunmedierne.dk\/mors\/wp-content\/uploads\/2020\/02\/limfjordsteatret-generel-annonce-768x69.jpg 768w, https:\/\/kunmedierne.dk\/mors\/wp-content\/uploads\/2020\/02\/limfjordsteatret-generel-annonce-1024x91.jpg 1024w, https:\/\/kunmedierne.dk\/mors\/wp-content\/uploads\/2020\/02\/limfjordsteatret-generel-annonce-600x54.jpg 600w\" sizes=\"auto, (max-width: 1400px) 100vw, 1400px\" \/><\/a><\/p>\n<hr \/>\n<p><em>Har du eller din virksomhed bidrag til navnesiden p\u00e5 KunMors. Send en e-mail til os p\u00e5: navne@kunmedierne.dk\/mors<\/em><\/p>\n","protected":false},"excerpt":{"rendered":"<p>Fra NIC Denmark har vi modtaget: GLYNG\u00d8RE: Henrik B\u00e6kkedal er pr. 1. november ansat som Projekt koordinator\/Intern s\u00e6lger hos NIC Denmark, hvor han vil varetage opf\u00f8lgning p\u00e5 nye mulige projekter samt projekter hvorp\u00e5 der er afgivet tilbud. Derudover vil han fungere som intern s\u00e6lger og have den daglige kontakt med vores kunder. Henrik er bosiddende [&hellip;]<\/p>\n","protected":false},"author":264,"featured_media":35471,"comment_status":"open","ping_status":"open","sticky":false,"template":"","format":"standard","meta":{"_acf_changed":false,"footnotes":""},"categories":[52],"tags":[159],"class_list":["post-35470","post","type-post","status-publish","format-standard","has-post-thumbnail","hentry","category-navne","tag-erhverv"],"acf":[],"yoast_head":"<!-- This site is optimized with the Yoast SEO plugin v26.8 - https:\/\/yoast.com\/product\/yoast-seo-wordpress\/ -->\n<title>NIC Denmark ans\u00e6tter Projekt koordinator\/Intern s\u00e6lger - Mors<\/title>\n<meta name=\"robots\" content=\"index, follow, max-snippet:-1, max-image-preview:large, max-video-preview:-1\" \/>\n<link rel=\"canonical\" href=\"https:\/\/kunmedierne.dk\/mors\/nic-denmark-ansaetter-projekt-koordinator-intern-saelger\/\" \/>\n<meta property=\"og:locale\" content=\"da_DK\" \/>\n<meta property=\"og:type\" content=\"article\" \/>\n<meta property=\"og:title\" content=\"NIC Denmark ans\u00e6tter Projekt koordinator\/Intern s\u00e6lger - Mors\" \/>\n<meta property=\"og:description\" content=\"Fra NIC Denmark har vi modtaget: GLYNG\u00d8RE: Henrik B\u00e6kkedal er pr. 1. november ansat som Projekt koordinator\/Intern s\u00e6lger hos NIC Denmark, hvor han vil varetage opf\u00f8lgning p\u00e5 nye mulige projekter samt projekter hvorp\u00e5 der er afgivet tilbud. Derudover vil han fungere som intern s\u00e6lger og have den daglige kontakt med vores kunder. Henrik er bosiddende [&hellip;]\" \/>\n<meta property=\"og:url\" content=\"https:\/\/kunmedierne.dk\/mors\/nic-denmark-ansaetter-projekt-koordinator-intern-saelger\/\" \/>\n<meta property=\"og:site_name\" content=\"Mors\" \/>\n<meta property=\"article:published_time\" content=\"2020-11-19T10:45:56+00:00\" \/>\n<meta property=\"article:modified_time\" content=\"2024-08-12T11:43:53+00:00\" \/>\n<meta property=\"og:image\" content=\"https:\/\/kunmedierne.dk\/mors\/wp-content\/uploads\/2020\/11\/Henrik_kopi-778x583-1.jpg\" \/>\n\t<meta property=\"og:image:width\" content=\"770\" \/>\n\t<meta property=\"og:image:height\" content=\"513\" \/>\n\t<meta property=\"og:image:type\" content=\"image\/jpeg\" \/>\n<meta name=\"author\" content=\"Navne\" \/>\n<meta name=\"twitter:card\" content=\"summary_large_image\" \/>\n<meta name=\"twitter:label1\" content=\"Skrevet af\" \/>\n\t<meta name=\"twitter:data1\" content=\"Navne\" \/>\n\t<meta name=\"twitter:label2\" content=\"Estimeret l\u00e6setid\" \/>\n\t<meta name=\"twitter:data2\" content=\"1 minut\" \/>\n<script type=\"application\/ld+json\" class=\"yoast-schema-graph\">{\"@context\":\"https:\/\/schema.org\",\"@graph\":[{\"@type\":\"Article\",\"@id\":\"https:\/\/kunmedierne.dk\/mors\/nic-denmark-ansaetter-projekt-koordinator-intern-saelger\/#article\",\"isPartOf\":{\"@id\":\"https:\/\/kunmedierne.dk\/mors\/nic-denmark-ansaetter-projekt-koordinator-intern-saelger\/\"},\"author\":{\"name\":\"Navne\",\"@id\":\"https:\/\/kunmedierne.dk\/mors\/#\/schema\/person\/f084885f8161963bb583d8604763a6b7\"},\"headline\":\"NIC Denmark ans\u00e6tter Projekt koordinator\/Intern s\u00e6lger\",\"datePublished\":\"2020-11-19T10:45:56+00:00\",\"dateModified\":\"2024-08-12T11:43:53+00:00\",\"mainEntityOfPage\":{\"@id\":\"https:\/\/kunmedierne.dk\/mors\/nic-denmark-ansaetter-projekt-koordinator-intern-saelger\/\"},\"wordCount\":168,\"commentCount\":0,\"publisher\":{\"@id\":\"https:\/\/kunmedierne.dk\/mors\/#organization\"},\"image\":{\"@id\":\"https:\/\/kunmedierne.dk\/mors\/nic-denmark-ansaetter-projekt-koordinator-intern-saelger\/#primaryimage\"},\"thumbnailUrl\":\"https:\/\/kunmedierne.dk\/mors\/wp-content\/uploads\/2020\/11\/Henrik_kopi-778x583-1.jpg\",\"keywords\":[\"Erhverv\"],\"articleSection\":[\"Navne\"],\"inLanguage\":\"da-DK\",\"potentialAction\":[{\"@type\":\"CommentAction\",\"name\":\"Comment\",\"target\":[\"https:\/\/kunmedierne.dk\/mors\/nic-denmark-ansaetter-projekt-koordinator-intern-saelger\/#respond\"]}]},{\"@type\":\"WebPage\",\"@id\":\"https:\/\/kunmedierne.dk\/mors\/nic-denmark-ansaetter-projekt-koordinator-intern-saelger\/\",\"url\":\"https:\/\/kunmedierne.dk\/mors\/nic-denmark-ansaetter-projekt-koordinator-intern-saelger\/\",\"name\":\"NIC Denmark ans\u00e6tter Projekt koordinator\/Intern s\u00e6lger - Mors\",\"isPartOf\":{\"@id\":\"https:\/\/kunmedierne.dk\/mors\/#website\"},\"primaryImageOfPage\":{\"@id\":\"https:\/\/kunmedierne.dk\/mors\/nic-denmark-ansaetter-projekt-koordinator-intern-saelger\/#primaryimage\"},\"image\":{\"@id\":\"https:\/\/kunmedierne.dk\/mors\/nic-denmark-ansaetter-projekt-koordinator-intern-saelger\/#primaryimage\"},\"thumbnailUrl\":\"https:\/\/kunmedierne.dk\/mors\/wp-content\/uploads\/2020\/11\/Henrik_kopi-778x583-1.jpg\",\"datePublished\":\"2020-11-19T10:45:56+00:00\",\"dateModified\":\"2024-08-12T11:43:53+00:00\",\"breadcrumb\":{\"@id\":\"https:\/\/kunmedierne.dk\/mors\/nic-denmark-ansaetter-projekt-koordinator-intern-saelger\/#breadcrumb\"},\"inLanguage\":\"da-DK\",\"potentialAction\":[{\"@type\":\"ReadAction\",\"target\":[\"https:\/\/kunmedierne.dk\/mors\/nic-denmark-ansaetter-projekt-koordinator-intern-saelger\/\"]}]},{\"@type\":\"ImageObject\",\"inLanguage\":\"da-DK\",\"@id\":\"https:\/\/kunmedierne.dk\/mors\/nic-denmark-ansaetter-projekt-koordinator-intern-saelger\/#primaryimage\",\"url\":\"https:\/\/kunmedierne.dk\/mors\/wp-content\/uploads\/2020\/11\/Henrik_kopi-778x583-1.jpg\",\"contentUrl\":\"https:\/\/kunmedierne.dk\/mors\/wp-content\/uploads\/2020\/11\/Henrik_kopi-778x583-1.jpg\",\"width\":770,\"height\":513,\"caption\":\"Henrik B\u00e6kkedal. Foto: NIC Denmark\"},{\"@type\":\"BreadcrumbList\",\"@id\":\"https:\/\/kunmedierne.dk\/mors\/nic-denmark-ansaetter-projekt-koordinator-intern-saelger\/#breadcrumb\",\"itemListElement\":[{\"@type\":\"ListItem\",\"position\":1,\"name\":\"Hjem\",\"item\":\"https:\/\/kunmedierne.dk\/mors\/\"},{\"@type\":\"ListItem\",\"position\":2,\"name\":\"NIC Denmark ans\u00e6tter Projekt koordinator\/Intern s\u00e6lger\"}]},{\"@type\":\"WebSite\",\"@id\":\"https:\/\/kunmedierne.dk\/mors\/#website\",\"url\":\"https:\/\/kunmedierne.dk\/mors\/\",\"name\":\"Mors\",\"description\":\"et netmedie med journalistik om livet p\u00e5 Mors\",\"publisher\":{\"@id\":\"https:\/\/kunmedierne.dk\/mors\/#organization\"},\"potentialAction\":[{\"@type\":\"SearchAction\",\"target\":{\"@type\":\"EntryPoint\",\"urlTemplate\":\"https:\/\/kunmedierne.dk\/mors\/?s={search_term_string}\"},\"query-input\":{\"@type\":\"PropertyValueSpecification\",\"valueRequired\":true,\"valueName\":\"search_term_string\"}}],\"inLanguage\":\"da-DK\"},{\"@type\":\"Organization\",\"@id\":\"https:\/\/kunmedierne.dk\/mors\/#organization\",\"name\":\"Mors\",\"url\":\"https:\/\/kunmedierne.dk\/mors\/\",\"logo\":{\"@type\":\"ImageObject\",\"inLanguage\":\"da-DK\",\"@id\":\"https:\/\/kunmedierne.dk\/mors\/#\/schema\/logo\/image\/\",\"url\":\"https:\/\/kunmedierne.dk\/mors\/wp-content\/uploads\/2024\/08\/kunmors-logo.svg\",\"contentUrl\":\"https:\/\/kunmedierne.dk\/mors\/wp-content\/uploads\/2024\/08\/kunmors-logo.svg\",\"caption\":\"Mors\"},\"image\":{\"@id\":\"https:\/\/kunmedierne.dk\/mors\/#\/schema\/logo\/image\/\"}},{\"@type\":\"Person\",\"@id\":\"https:\/\/kunmedierne.dk\/mors\/#\/schema\/person\/f084885f8161963bb583d8604763a6b7\",\"name\":\"Navne\",\"image\":{\"@type\":\"ImageObject\",\"inLanguage\":\"da-DK\",\"@id\":\"https:\/\/kunmedierne.dk\/mors\/#\/schema\/person\/image\/\",\"url\":\"https:\/\/secure.gravatar.com\/avatar\/6f0953307eaee87813e8e3c90223d5589b093e56e7cc66b5575f901f7b5868a5?s=96&d=mm&r=g\",\"contentUrl\":\"https:\/\/secure.gravatar.com\/avatar\/6f0953307eaee87813e8e3c90223d5589b093e56e7cc66b5575f901f7b5868a5?s=96&d=mm&r=g\",\"caption\":\"Navne\"},\"url\":\"https:\/\/kunmedierne.dk\/mors\/author\/navne\/\"}]}<\/script>\n<!-- \/ Yoast SEO plugin. -->","yoast_head_json":{"title":"NIC Denmark ans\u00e6tter Projekt koordinator\/Intern s\u00e6lger - Mors","robots":{"index":"index","follow":"follow","max-snippet":"max-snippet:-1","max-image-preview":"max-image-preview:large","max-video-preview":"max-video-preview:-1"},"canonical":"https:\/\/kunmedierne.dk\/mors\/nic-denmark-ansaetter-projekt-koordinator-intern-saelger\/","og_locale":"da_DK","og_type":"article","og_title":"NIC Denmark ans\u00e6tter Projekt koordinator\/Intern s\u00e6lger - Mors","og_description":"Fra NIC Denmark har vi modtaget: GLYNG\u00d8RE: Henrik B\u00e6kkedal er pr. 1. november ansat som Projekt koordinator\/Intern s\u00e6lger hos NIC Denmark, hvor han vil varetage opf\u00f8lgning p\u00e5 nye mulige projekter samt projekter hvorp\u00e5 der er afgivet tilbud. Derudover vil han fungere som intern s\u00e6lger og have den daglige kontakt med vores kunder. Henrik er bosiddende [&hellip;]","og_url":"https:\/\/kunmedierne.dk\/mors\/nic-denmark-ansaetter-projekt-koordinator-intern-saelger\/","og_site_name":"Mors","article_published_time":"2020-11-19T10:45:56+00:00","article_modified_time":"2024-08-12T11:43:53+00:00","og_image":[{"width":770,"height":513,"url":"https:\/\/kunmedierne.dk\/mors\/wp-content\/uploads\/2020\/11\/Henrik_kopi-778x583-1.jpg","type":"image\/jpeg"}],"author":"Navne","twitter_card":"summary_large_image","twitter_misc":{"Skrevet af":"Navne","Estimeret l\u00e6setid":"1 minut"},"schema":{"@context":"https:\/\/schema.org","@graph":[{"@type":"Article","@id":"https:\/\/kunmedierne.dk\/mors\/nic-denmark-ansaetter-projekt-koordinator-intern-saelger\/#article","isPartOf":{"@id":"https:\/\/kunmedierne.dk\/mors\/nic-denmark-ansaetter-projekt-koordinator-intern-saelger\/"},"author":{"name":"Navne","@id":"https:\/\/kunmedierne.dk\/mors\/#\/schema\/person\/f084885f8161963bb583d8604763a6b7"},"headline":"NIC Denmark ans\u00e6tter Projekt koordinator\/Intern s\u00e6lger","datePublished":"2020-11-19T10:45:56+00:00","dateModified":"2024-08-12T11:43:53+00:00","mainEntityOfPage":{"@id":"https:\/\/kunmedierne.dk\/mors\/nic-denmark-ansaetter-projekt-koordinator-intern-saelger\/"},"wordCount":168,"commentCount":0,"publisher":{"@id":"https:\/\/kunmedierne.dk\/mors\/#organization"},"image":{"@id":"https:\/\/kunmedierne.dk\/mors\/nic-denmark-ansaetter-projekt-koordinator-intern-saelger\/#primaryimage"},"thumbnailUrl":"https:\/\/kunmedierne.dk\/mors\/wp-content\/uploads\/2020\/11\/Henrik_kopi-778x583-1.jpg","keywords":["Erhverv"],"articleSection":["Navne"],"inLanguage":"da-DK","potentialAction":[{"@type":"CommentAction","name":"Comment","target":["https:\/\/kunmedierne.dk\/mors\/nic-denmark-ansaetter-projekt-koordinator-intern-saelger\/#respond"]}]},{"@type":"WebPage","@id":"https:\/\/kunmedierne.dk\/mors\/nic-denmark-ansaetter-projekt-koordinator-intern-saelger\/","url":"https:\/\/kunmedierne.dk\/mors\/nic-denmark-ansaetter-projekt-koordinator-intern-saelger\/","name":"NIC Denmark ans\u00e6tter Projekt koordinator\/Intern s\u00e6lger - Mors","isPartOf":{"@id":"https:\/\/kunmedierne.dk\/mors\/#website"},"primaryImageOfPage":{"@id":"https:\/\/kunmedierne.dk\/mors\/nic-denmark-ansaetter-projekt-koordinator-intern-saelger\/#primaryimage"},"image":{"@id":"https:\/\/kunmedierne.dk\/mors\/nic-denmark-ansaetter-projekt-koordinator-intern-saelger\/#primaryimage"},"thumbnailUrl":"https:\/\/kunmedierne.dk\/mors\/wp-content\/uploads\/2020\/11\/Henrik_kopi-778x583-1.jpg","datePublished":"2020-11-19T10:45:56+00:00","dateModified":"2024-08-12T11:43:53+00:00","breadcrumb":{"@id":"https:\/\/kunmedierne.dk\/mors\/nic-denmark-ansaetter-projekt-koordinator-intern-saelger\/#breadcrumb"},"inLanguage":"da-DK","potentialAction":[{"@type":"ReadAction","target":["https:\/\/kunmedierne.dk\/mors\/nic-denmark-ansaetter-projekt-koordinator-intern-saelger\/"]}]},{"@type":"ImageObject","inLanguage":"da-DK","@id":"https:\/\/kunmedierne.dk\/mors\/nic-denmark-ansaetter-projekt-koordinator-intern-saelger\/#primaryimage","url":"https:\/\/kunmedierne.dk\/mors\/wp-content\/uploads\/2020\/11\/Henrik_kopi-778x583-1.jpg","contentUrl":"https:\/\/kunmedierne.dk\/mors\/wp-content\/uploads\/2020\/11\/Henrik_kopi-778x583-1.jpg","width":770,"height":513,"caption":"Henrik B\u00e6kkedal. Foto: NIC Denmark"},{"@type":"BreadcrumbList","@id":"https:\/\/kunmedierne.dk\/mors\/nic-denmark-ansaetter-projekt-koordinator-intern-saelger\/#breadcrumb","itemListElement":[{"@type":"ListItem","position":1,"name":"Hjem","item":"https:\/\/kunmedierne.dk\/mors\/"},{"@type":"ListItem","position":2,"name":"NIC Denmark ans\u00e6tter Projekt koordinator\/Intern s\u00e6lger"}]},{"@type":"WebSite","@id":"https:\/\/kunmedierne.dk\/mors\/#website","url":"https:\/\/kunmedierne.dk\/mors\/","name":"Mors","description":"et netmedie med journalistik om livet p\u00e5 Mors","publisher":{"@id":"https:\/\/kunmedierne.dk\/mors\/#organization"},"potentialAction":[{"@type":"SearchAction","target":{"@type":"EntryPoint","urlTemplate":"https:\/\/kunmedierne.dk\/mors\/?s={search_term_string}"},"query-input":{"@type":"PropertyValueSpecification","valueRequired":true,"valueName":"search_term_string"}}],"inLanguage":"da-DK"},{"@type":"Organization","@id":"https:\/\/kunmedierne.dk\/mors\/#organization","name":"Mors","url":"https:\/\/kunmedierne.dk\/mors\/","logo":{"@type":"ImageObject","inLanguage":"da-DK","@id":"https:\/\/kunmedierne.dk\/mors\/#\/schema\/logo\/image\/","url":"https:\/\/kunmedierne.dk\/mors\/wp-content\/uploads\/2024\/08\/kunmors-logo.svg","contentUrl":"https:\/\/kunmedierne.dk\/mors\/wp-content\/uploads\/2024\/08\/kunmors-logo.svg","caption":"Mors"},"image":{"@id":"https:\/\/kunmedierne.dk\/mors\/#\/schema\/logo\/image\/"}},{"@type":"Person","@id":"https:\/\/kunmedierne.dk\/mors\/#\/schema\/person\/f084885f8161963bb583d8604763a6b7","name":"Navne","image":{"@type":"ImageObject","inLanguage":"da-DK","@id":"https:\/\/kunmedierne.dk\/mors\/#\/schema\/person\/image\/","url":"https:\/\/secure.gravatar.com\/avatar\/6f0953307eaee87813e8e3c90223d5589b093e56e7cc66b5575f901f7b5868a5?s=96&d=mm&r=g","contentUrl":"https:\/\/secure.gravatar.com\/avatar\/6f0953307eaee87813e8e3c90223d5589b093e56e7cc66b5575f901f7b5868a5?s=96&d=mm&r=g","caption":"Navne"},"url":"https:\/\/kunmedierne.dk\/mors\/author\/navne\/"}]}},"_links":{"self":[{"href":"https:\/\/kunmedierne.dk\/mors\/wp-json\/wp\/v2\/posts\/35470","targetHints":{"allow":["GET"]}}],"collection":[{"href":"https:\/\/kunmedierne.dk\/mors\/wp-json\/wp\/v2\/posts"}],"about":[{"href":"https:\/\/kunmedierne.dk\/mors\/wp-json\/wp\/v2\/types\/post"}],"author":[{"embeddable":true,"href":"https:\/\/kunmedierne.dk\/mors\/wp-json\/wp\/v2\/users\/264"}],"replies":[{"embeddable":true,"href":"https:\/\/kunmedierne.dk\/mors\/wp-json\/wp\/v2\/comments?post=35470"}],"version-history":[{"count":2,"href":"https:\/\/kunmedierne.dk\/mors\/wp-json\/wp\/v2\/posts\/35470\/revisions"}],"predecessor-version":[{"id":35473,"href":"https:\/\/kunmedierne.dk\/mors\/wp-json\/wp\/v2\/posts\/35470\/revisions\/35473"}],"wp:featuredmedia":[{"embeddable":true,"href":"https:\/\/kunmedierne.dk\/mors\/wp-json\/wp\/v2\/media\/35471"}],"wp:attachment":[{"href":"https:\/\/kunmedierne.dk\/mors\/wp-json\/wp\/v2\/media?parent=35470"}],"wp:term":[{"taxonomy":"category","embeddable":true,"href":"https:\/\/kunmedierne.dk\/mors\/wp-json\/wp\/v2\/categories?post=35470"},{"taxonomy":"post_tag","embeddable":true,"href":"https:\/\/kunmedierne.dk\/mors\/wp-json\/wp\/v2\/tags?post=35470"}],"curies":[{"name":"wp","href":"https:\/\/api.w.org\/{rel}","templated":true}]}}