{"id":35370,"date":"2020-11-17T18:12:42","date_gmt":"2020-11-17T17:12:42","guid":{"rendered":"https:\/\/kunmedierne.dk\/mors\/?p=35370"},"modified":"2024-08-12T13:43:53","modified_gmt":"2024-08-12T11:43:53","slug":"skoledirektoer-derfor-lukker-vi-haardt-ned","status":"publish","type":"post","link":"https:\/\/kunmedierne.dk\/mors\/skoledirektoer-derfor-lukker-vi-haardt-ned\/","title":{"rendered":"Skoledirekt\u00f8r: &#8211; Derfor lukker vi h\u00e5rdt ned"},"content":{"rendered":"<p><strong>NYK\u00d8BING<\/strong>: Rettidig omhu for at d\u00e6mme op for corona &#8211; eller en un\u00f8dvendig overreaktion?<\/p>\n<p>Det er sp\u00f8rgsm\u00e5let til Mors\u00f8 Kommune, efter at hele overbygningen p\u00e5 Dueholmskolen i dag blev sendt hjem. I en pressemeddelelse, som kommunen sendte ud <a href=\"https:\/\/kunmedierne.dk\/mors\/stigende-smitte-blandt-unge-og-relation-til-mink-bag-hjemsendelse-af-de-aeldste-elever\/\" target=\"_blank\" rel=\"noopener noreferrer\">f\u00f8rst p\u00e5 eftermiddagen<\/a>, blev stigende smittetryk, minkrelaterede smittek\u00e6der og et forsigtighedsprincip angivet som forklaring p\u00e5 den store beslutning.<\/p>\n<p>Men siden er KunMors blevet kontaktet af flere for\u00e6ldre med to forskellige budskaber.<\/p>\n<p>Det ene: At hjemsendelsen af de mange elever og l\u00e6rere er en overreaktion, n\u00e5r faktum er, at der i l\u00f8bet af den seneste uge kun er to registrerede smittede mellem 10 og 19 \u00e5r p\u00e5 Mors.<\/p>\n<p>Det andet: At hele situationen skyldes en piratfest i weekenden, som efter sigende op imod 30 elever p\u00e5 overbygningen deltog i.<\/p>\n<p>Torben Gregersen, direkt\u00f8r for B\u00f8rn og Kultur i Mors\u00f8 Kommune, kan uden problemer s\u00e6tte sig ind, hvorfor nogle for\u00e6ldre ser beslutningen som en overreaktion.<\/p>\n<p>&#8220;Det kan jeg sagtens forst\u00e5. Og som direkt\u00f8r p\u00e5 omr\u00e5det har det heller ikke v\u00e6ret nogen nem dag. Det har ikke v\u00e6ret nemt at tage en beslutning om at sende 506 elever og 42 l\u00e6rere hjem,&#8221; understreger han.<\/p>\n<p>&#8220;Men sammen med Styrelsen for Patientsikkerhed har vi vurderet, at det er en n\u00f8dvendig beslutning. Og det har vi, fordi i mods\u00e6tning til tidligere, hvor der har v\u00e6ret smittede elever, har vi ikke styr p\u00e5 smittek\u00e6derne denne gang. Det er der flere \u00e5rsager til, og en af \u00e5rsagerne er, at det er foreg\u00e5et hen over weekenden, hvor vi som skole og kommune jo ikke 100 procent sikkert kan redeg\u00f8re for elevernes f\u00e6rden. Derfor kan vi ikke med sikkerhed melde tilbage til Styrelsen for Patientsikkerhed, hvordan smittek\u00e6derne har set ud,&#8221; siger Torben Gregersen.<\/p>\n<p>Efter mange m\u00e5neder, hvor Mors n\u00e6rmest lignede \u00f8, som var behageligt ude af trit med en coronaramt befolkning, er tallene p\u00e5 det seneste \u00e6ndret drastisk. <a href=\"https:\/\/kunmedierne.dk\/mors\/stor-stigning-i-smittetrykket-paa-mors-nu-er-kun-thisted-haardere-ramt-i-nordjylland\/\" target=\"_blank\" rel=\"noopener noreferrer\">Dagens opdatering<\/a> fra Statens Serum Institut viser, at Mors\u00f8 Kommune nu er n\u00e6sth\u00e5rdest ramt i Region Nordjylland &#8211; kun overg\u00e5et af Thisted Kommune.<\/p>\n<p><a href=\"https:\/\/vognmand-filtenborg.dk\/\"><img loading=\"lazy\" decoding=\"async\" class=\"alignright size-full wp-image-9136\" src=\"https:\/\/kunmedierne.dk\/mors\/wp-content\/uploads\/2020\/02\/vognmand-filtenborg.jpg\" alt=\"\" width=\"1400\" height=\"125\" srcset=\"https:\/\/kunmedierne.dk\/mors\/wp-content\/uploads\/2020\/02\/vognmand-filtenborg.jpg 1400w, https:\/\/kunmedierne.dk\/mors\/wp-content\/uploads\/2020\/02\/vognmand-filtenborg-300x27.jpg 300w, https:\/\/kunmedierne.dk\/mors\/wp-content\/uploads\/2020\/02\/vognmand-filtenborg-768x69.jpg 768w, https:\/\/kunmedierne.dk\/mors\/wp-content\/uploads\/2020\/02\/vognmand-filtenborg-1024x91.jpg 1024w, https:\/\/kunmedierne.dk\/mors\/wp-content\/uploads\/2020\/02\/vognmand-filtenborg-600x54.jpg 600w\" sizes=\"auto, (max-width: 1400px) 100vw, 1400px\" \/><\/a>Den udvikling spiller ogs\u00e5 ind i beslutningen om at sende overbygningen hjem, fort\u00e6ller Torben Gregersen.<\/p>\n<p>&#8220;Sammenholdt med det meget h\u00f8je smittetryk i Mors\u00f8 Kommune bliver det en forsigtighedsbeslutning, vi tager sammen med Styrelsen for Patientsikkerhed, at nu lukker vi h\u00e5rdt ned. Vi f\u00e5r alle testet p\u00e5 fredag, og med negative testsvar hen over weekenden kan de forh\u00e5bentlig alle vende tilbage p\u00e5 mandag,&#8221; siger han.<\/p>\n<p>&nbsp;<\/p>\n<p><strong>Udtryk for en alvorlig situation<\/strong><\/p>\n<p>En del af de mange elever, der nu er hjemsendt, var efter sigende samlet til en fest i weekenden &#8211; imod de g\u00e6ldende anbefalinger om at undg\u00e5 den slags.<\/p>\n<p>Torben Gregersen understreger, at han ikke \u00f8nsker at udskamme hverken unge eller for\u00e6ldre. Men p\u00e5 det generelle plan opfordrer skoledirekt\u00f8ren til ekstra opm\u00e6rksomhed i den kommende tid &#8211; ikke mindst, fordi smittetallene p\u00e5 Mors lige nu g\u00e5r i \u00e9n forkert retning.<\/p>\n<p>Og hjemsendelsen af den samlede overbygning er et udtryk for netop det, p\u00e5peger han.<\/p>\n<p>&#8220;Det er klart, at s\u00e5dan en voldsom beslutning ogs\u00e5 bliver et billede p\u00e5, at det er en alvorlig situation, vi st\u00e5r i. Derfor bliver det ogs\u00e5 vigtigt for mig og os at sige, at vi er n\u00f8dt til lige at st\u00e5 sammen &#8211; b\u00e5de de unge og for\u00e6ldrene &#8211; om, at vi begr\u00e6nser de sociale aktiviteter i en periode, s\u00e5 vi kan f\u00e5 styr p\u00e5 det her,&#8221; siger han.<\/p>\n","protected":false},"excerpt":{"rendered":"<p>NYK\u00d8BING: Rettidig omhu for at d\u00e6mme op for corona &#8211; eller en un\u00f8dvendig overreaktion? Det er sp\u00f8rgsm\u00e5let til Mors\u00f8 Kommune, efter at hele overbygningen p\u00e5 Dueholmskolen i dag blev sendt hjem. I en pressemeddelelse, som kommunen sendte ud f\u00f8rst p\u00e5 eftermiddagen, blev stigende smittetryk, minkrelaterede smittek\u00e6der og et forsigtighedsprincip angivet som forklaring p\u00e5 den store [&hellip;]<\/p>\n","protected":false},"author":8,"featured_media":32411,"comment_status":"open","ping_status":"open","sticky":false,"template":"","format":"standard","meta":{"_acf_changed":false,"footnotes":""},"categories":[51],"tags":[170],"class_list":["post-35370","post","type-post","status-publish","format-standard","has-post-thumbnail","hentry","category-lokalt","tag-uddannelse"],"acf":[],"yoast_head":"<!-- This site is optimized with the Yoast SEO plugin v26.8 - https:\/\/yoast.com\/product\/yoast-seo-wordpress\/ -->\n<title>Skoledirekt\u00f8r: - Derfor lukker vi h\u00e5rdt ned - Mors<\/title>\n<meta name=\"robots\" content=\"index, follow, max-snippet:-1, max-image-preview:large, max-video-preview:-1\" \/>\n<link rel=\"canonical\" href=\"https:\/\/kunmedierne.dk\/mors\/skoledirektoer-derfor-lukker-vi-haardt-ned\/\" \/>\n<meta property=\"og:locale\" content=\"da_DK\" \/>\n<meta property=\"og:type\" content=\"article\" \/>\n<meta property=\"og:title\" content=\"Skoledirekt\u00f8r: - Derfor lukker vi h\u00e5rdt ned - Mors\" \/>\n<meta property=\"og:description\" content=\"NYK\u00d8BING: Rettidig omhu for at d\u00e6mme op for corona &#8211; eller en un\u00f8dvendig overreaktion? Det er sp\u00f8rgsm\u00e5let til Mors\u00f8 Kommune, efter at hele overbygningen p\u00e5 Dueholmskolen i dag blev sendt hjem. I en pressemeddelelse, som kommunen sendte ud f\u00f8rst p\u00e5 eftermiddagen, blev stigende smittetryk, minkrelaterede smittek\u00e6der og et forsigtighedsprincip angivet som forklaring p\u00e5 den store [&hellip;]\" \/>\n<meta property=\"og:url\" content=\"https:\/\/kunmedierne.dk\/mors\/skoledirektoer-derfor-lukker-vi-haardt-ned\/\" \/>\n<meta property=\"og:site_name\" content=\"Mors\" \/>\n<meta property=\"article:published_time\" content=\"2020-11-17T17:12:42+00:00\" \/>\n<meta property=\"article:modified_time\" content=\"2024-08-12T11:43:53+00:00\" \/>\n<meta property=\"og:image\" content=\"https:\/\/kunmedierne.dk\/mors\/wp-content\/uploads\/2020\/09\/200529-dueholmskolen2.jpg\" \/>\n\t<meta property=\"og:image:width\" content=\"770\" \/>\n\t<meta property=\"og:image:height\" content=\"513\" \/>\n\t<meta property=\"og:image:type\" content=\"image\/jpeg\" \/>\n<meta name=\"author\" content=\"David H\u00f8jmark\" \/>\n<meta name=\"twitter:card\" content=\"summary_large_image\" \/>\n<meta name=\"twitter:label1\" content=\"Skrevet af\" \/>\n\t<meta name=\"twitter:data1\" content=\"David H\u00f8jmark\" \/>\n\t<meta name=\"twitter:label2\" content=\"Estimeret l\u00e6setid\" \/>\n\t<meta name=\"twitter:data2\" content=\"3 minutter\" \/>\n<script type=\"application\/ld+json\" class=\"yoast-schema-graph\">{\"@context\":\"https:\/\/schema.org\",\"@graph\":[{\"@type\":\"Article\",\"@id\":\"https:\/\/kunmedierne.dk\/mors\/skoledirektoer-derfor-lukker-vi-haardt-ned\/#article\",\"isPartOf\":{\"@id\":\"https:\/\/kunmedierne.dk\/mors\/skoledirektoer-derfor-lukker-vi-haardt-ned\/\"},\"author\":{\"name\":\"David H\u00f8jmark\",\"@id\":\"https:\/\/kunmedierne.dk\/mors\/#\/schema\/person\/5fe23251bf1d0abbcdc6f7896579d548\"},\"headline\":\"Skoledirekt\u00f8r: &#8211; Derfor lukker vi h\u00e5rdt ned\",\"datePublished\":\"2020-11-17T17:12:42+00:00\",\"dateModified\":\"2024-08-12T11:43:53+00:00\",\"mainEntityOfPage\":{\"@id\":\"https:\/\/kunmedierne.dk\/mors\/skoledirektoer-derfor-lukker-vi-haardt-ned\/\"},\"wordCount\":603,\"commentCount\":0,\"publisher\":{\"@id\":\"https:\/\/kunmedierne.dk\/mors\/#organization\"},\"image\":{\"@id\":\"https:\/\/kunmedierne.dk\/mors\/skoledirektoer-derfor-lukker-vi-haardt-ned\/#primaryimage\"},\"thumbnailUrl\":\"https:\/\/kunmedierne.dk\/mors\/wp-content\/uploads\/2020\/09\/200529-dueholmskolen2.jpg\",\"keywords\":[\"Skoler og uddannelse\"],\"articleSection\":[\"Lokalt\"],\"inLanguage\":\"da-DK\",\"potentialAction\":[{\"@type\":\"CommentAction\",\"name\":\"Comment\",\"target\":[\"https:\/\/kunmedierne.dk\/mors\/skoledirektoer-derfor-lukker-vi-haardt-ned\/#respond\"]}]},{\"@type\":\"WebPage\",\"@id\":\"https:\/\/kunmedierne.dk\/mors\/skoledirektoer-derfor-lukker-vi-haardt-ned\/\",\"url\":\"https:\/\/kunmedierne.dk\/mors\/skoledirektoer-derfor-lukker-vi-haardt-ned\/\",\"name\":\"Skoledirekt\u00f8r: - Derfor lukker vi h\u00e5rdt ned - Mors\",\"isPartOf\":{\"@id\":\"https:\/\/kunmedierne.dk\/mors\/#website\"},\"primaryImageOfPage\":{\"@id\":\"https:\/\/kunmedierne.dk\/mors\/skoledirektoer-derfor-lukker-vi-haardt-ned\/#primaryimage\"},\"image\":{\"@id\":\"https:\/\/kunmedierne.dk\/mors\/skoledirektoer-derfor-lukker-vi-haardt-ned\/#primaryimage\"},\"thumbnailUrl\":\"https:\/\/kunmedierne.dk\/mors\/wp-content\/uploads\/2020\/09\/200529-dueholmskolen2.jpg\",\"datePublished\":\"2020-11-17T17:12:42+00:00\",\"dateModified\":\"2024-08-12T11:43:53+00:00\",\"breadcrumb\":{\"@id\":\"https:\/\/kunmedierne.dk\/mors\/skoledirektoer-derfor-lukker-vi-haardt-ned\/#breadcrumb\"},\"inLanguage\":\"da-DK\",\"potentialAction\":[{\"@type\":\"ReadAction\",\"target\":[\"https:\/\/kunmedierne.dk\/mors\/skoledirektoer-derfor-lukker-vi-haardt-ned\/\"]}]},{\"@type\":\"ImageObject\",\"inLanguage\":\"da-DK\",\"@id\":\"https:\/\/kunmedierne.dk\/mors\/skoledirektoer-derfor-lukker-vi-haardt-ned\/#primaryimage\",\"url\":\"https:\/\/kunmedierne.dk\/mors\/wp-content\/uploads\/2020\/09\/200529-dueholmskolen2.jpg\",\"contentUrl\":\"https:\/\/kunmedierne.dk\/mors\/wp-content\/uploads\/2020\/09\/200529-dueholmskolen2.jpg\",\"width\":770,\"height\":513,\"caption\":\"Dueholmskolen. Foto: David H\u00f8jmark\"},{\"@type\":\"BreadcrumbList\",\"@id\":\"https:\/\/kunmedierne.dk\/mors\/skoledirektoer-derfor-lukker-vi-haardt-ned\/#breadcrumb\",\"itemListElement\":[{\"@type\":\"ListItem\",\"position\":1,\"name\":\"Hjem\",\"item\":\"https:\/\/kunmedierne.dk\/mors\/\"},{\"@type\":\"ListItem\",\"position\":2,\"name\":\"Skoledirekt\u00f8r: &#8211; Derfor lukker vi h\u00e5rdt ned\"}]},{\"@type\":\"WebSite\",\"@id\":\"https:\/\/kunmedierne.dk\/mors\/#website\",\"url\":\"https:\/\/kunmedierne.dk\/mors\/\",\"name\":\"Mors\",\"description\":\"et netmedie med journalistik om livet p\u00e5 Mors\",\"publisher\":{\"@id\":\"https:\/\/kunmedierne.dk\/mors\/#organization\"},\"potentialAction\":[{\"@type\":\"SearchAction\",\"target\":{\"@type\":\"EntryPoint\",\"urlTemplate\":\"https:\/\/kunmedierne.dk\/mors\/?s={search_term_string}\"},\"query-input\":{\"@type\":\"PropertyValueSpecification\",\"valueRequired\":true,\"valueName\":\"search_term_string\"}}],\"inLanguage\":\"da-DK\"},{\"@type\":\"Organization\",\"@id\":\"https:\/\/kunmedierne.dk\/mors\/#organization\",\"name\":\"Mors\",\"url\":\"https:\/\/kunmedierne.dk\/mors\/\",\"logo\":{\"@type\":\"ImageObject\",\"inLanguage\":\"da-DK\",\"@id\":\"https:\/\/kunmedierne.dk\/mors\/#\/schema\/logo\/image\/\",\"url\":\"https:\/\/kunmedierne.dk\/mors\/wp-content\/uploads\/2024\/08\/kunmors-logo.svg\",\"contentUrl\":\"https:\/\/kunmedierne.dk\/mors\/wp-content\/uploads\/2024\/08\/kunmors-logo.svg\",\"caption\":\"Mors\"},\"image\":{\"@id\":\"https:\/\/kunmedierne.dk\/mors\/#\/schema\/logo\/image\/\"}},{\"@type\":\"Person\",\"@id\":\"https:\/\/kunmedierne.dk\/mors\/#\/schema\/person\/5fe23251bf1d0abbcdc6f7896579d548\",\"name\":\"David H\u00f8jmark\",\"image\":{\"@type\":\"ImageObject\",\"inLanguage\":\"da-DK\",\"@id\":\"https:\/\/kunmedierne.dk\/mors\/#\/schema\/person\/image\/\",\"url\":\"https:\/\/secure.gravatar.com\/avatar\/4315d6fb9ef244d729989f5f90268eb08d5bf8a3d84402f595fa194bb35784fd?s=96&d=mm&r=g\",\"contentUrl\":\"https:\/\/secure.gravatar.com\/avatar\/4315d6fb9ef244d729989f5f90268eb08d5bf8a3d84402f595fa194bb35784fd?s=96&d=mm&r=g\",\"caption\":\"David H\u00f8jmark\"},\"sameAs\":[\"https:\/\/www.kunmedierne.dk\"],\"url\":\"https:\/\/kunmedierne.dk\/mors\/author\/david\/\"}]}<\/script>\n<!-- \/ Yoast SEO plugin. -->","yoast_head_json":{"title":"Skoledirekt\u00f8r: - Derfor lukker vi h\u00e5rdt ned - Mors","robots":{"index":"index","follow":"follow","max-snippet":"max-snippet:-1","max-image-preview":"max-image-preview:large","max-video-preview":"max-video-preview:-1"},"canonical":"https:\/\/kunmedierne.dk\/mors\/skoledirektoer-derfor-lukker-vi-haardt-ned\/","og_locale":"da_DK","og_type":"article","og_title":"Skoledirekt\u00f8r: - Derfor lukker vi h\u00e5rdt ned - Mors","og_description":"NYK\u00d8BING: Rettidig omhu for at d\u00e6mme op for corona &#8211; eller en un\u00f8dvendig overreaktion? Det er sp\u00f8rgsm\u00e5let til Mors\u00f8 Kommune, efter at hele overbygningen p\u00e5 Dueholmskolen i dag blev sendt hjem. I en pressemeddelelse, som kommunen sendte ud f\u00f8rst p\u00e5 eftermiddagen, blev stigende smittetryk, minkrelaterede smittek\u00e6der og et forsigtighedsprincip angivet som forklaring p\u00e5 den store [&hellip;]","og_url":"https:\/\/kunmedierne.dk\/mors\/skoledirektoer-derfor-lukker-vi-haardt-ned\/","og_site_name":"Mors","article_published_time":"2020-11-17T17:12:42+00:00","article_modified_time":"2024-08-12T11:43:53+00:00","og_image":[{"width":770,"height":513,"url":"https:\/\/kunmedierne.dk\/mors\/wp-content\/uploads\/2020\/09\/200529-dueholmskolen2.jpg","type":"image\/jpeg"}],"author":"David H\u00f8jmark","twitter_card":"summary_large_image","twitter_misc":{"Skrevet af":"David H\u00f8jmark","Estimeret l\u00e6setid":"3 minutter"},"schema":{"@context":"https:\/\/schema.org","@graph":[{"@type":"Article","@id":"https:\/\/kunmedierne.dk\/mors\/skoledirektoer-derfor-lukker-vi-haardt-ned\/#article","isPartOf":{"@id":"https:\/\/kunmedierne.dk\/mors\/skoledirektoer-derfor-lukker-vi-haardt-ned\/"},"author":{"name":"David H\u00f8jmark","@id":"https:\/\/kunmedierne.dk\/mors\/#\/schema\/person\/5fe23251bf1d0abbcdc6f7896579d548"},"headline":"Skoledirekt\u00f8r: &#8211; Derfor lukker vi h\u00e5rdt ned","datePublished":"2020-11-17T17:12:42+00:00","dateModified":"2024-08-12T11:43:53+00:00","mainEntityOfPage":{"@id":"https:\/\/kunmedierne.dk\/mors\/skoledirektoer-derfor-lukker-vi-haardt-ned\/"},"wordCount":603,"commentCount":0,"publisher":{"@id":"https:\/\/kunmedierne.dk\/mors\/#organization"},"image":{"@id":"https:\/\/kunmedierne.dk\/mors\/skoledirektoer-derfor-lukker-vi-haardt-ned\/#primaryimage"},"thumbnailUrl":"https:\/\/kunmedierne.dk\/mors\/wp-content\/uploads\/2020\/09\/200529-dueholmskolen2.jpg","keywords":["Skoler og uddannelse"],"articleSection":["Lokalt"],"inLanguage":"da-DK","potentialAction":[{"@type":"CommentAction","name":"Comment","target":["https:\/\/kunmedierne.dk\/mors\/skoledirektoer-derfor-lukker-vi-haardt-ned\/#respond"]}]},{"@type":"WebPage","@id":"https:\/\/kunmedierne.dk\/mors\/skoledirektoer-derfor-lukker-vi-haardt-ned\/","url":"https:\/\/kunmedierne.dk\/mors\/skoledirektoer-derfor-lukker-vi-haardt-ned\/","name":"Skoledirekt\u00f8r: - Derfor lukker vi h\u00e5rdt ned - Mors","isPartOf":{"@id":"https:\/\/kunmedierne.dk\/mors\/#website"},"primaryImageOfPage":{"@id":"https:\/\/kunmedierne.dk\/mors\/skoledirektoer-derfor-lukker-vi-haardt-ned\/#primaryimage"},"image":{"@id":"https:\/\/kunmedierne.dk\/mors\/skoledirektoer-derfor-lukker-vi-haardt-ned\/#primaryimage"},"thumbnailUrl":"https:\/\/kunmedierne.dk\/mors\/wp-content\/uploads\/2020\/09\/200529-dueholmskolen2.jpg","datePublished":"2020-11-17T17:12:42+00:00","dateModified":"2024-08-12T11:43:53+00:00","breadcrumb":{"@id":"https:\/\/kunmedierne.dk\/mors\/skoledirektoer-derfor-lukker-vi-haardt-ned\/#breadcrumb"},"inLanguage":"da-DK","potentialAction":[{"@type":"ReadAction","target":["https:\/\/kunmedierne.dk\/mors\/skoledirektoer-derfor-lukker-vi-haardt-ned\/"]}]},{"@type":"ImageObject","inLanguage":"da-DK","@id":"https:\/\/kunmedierne.dk\/mors\/skoledirektoer-derfor-lukker-vi-haardt-ned\/#primaryimage","url":"https:\/\/kunmedierne.dk\/mors\/wp-content\/uploads\/2020\/09\/200529-dueholmskolen2.jpg","contentUrl":"https:\/\/kunmedierne.dk\/mors\/wp-content\/uploads\/2020\/09\/200529-dueholmskolen2.jpg","width":770,"height":513,"caption":"Dueholmskolen. Foto: David H\u00f8jmark"},{"@type":"BreadcrumbList","@id":"https:\/\/kunmedierne.dk\/mors\/skoledirektoer-derfor-lukker-vi-haardt-ned\/#breadcrumb","itemListElement":[{"@type":"ListItem","position":1,"name":"Hjem","item":"https:\/\/kunmedierne.dk\/mors\/"},{"@type":"ListItem","position":2,"name":"Skoledirekt\u00f8r: &#8211; Derfor lukker vi h\u00e5rdt ned"}]},{"@type":"WebSite","@id":"https:\/\/kunmedierne.dk\/mors\/#website","url":"https:\/\/kunmedierne.dk\/mors\/","name":"Mors","description":"et netmedie med journalistik om livet p\u00e5 Mors","publisher":{"@id":"https:\/\/kunmedierne.dk\/mors\/#organization"},"potentialAction":[{"@type":"SearchAction","target":{"@type":"EntryPoint","urlTemplate":"https:\/\/kunmedierne.dk\/mors\/?s={search_term_string}"},"query-input":{"@type":"PropertyValueSpecification","valueRequired":true,"valueName":"search_term_string"}}],"inLanguage":"da-DK"},{"@type":"Organization","@id":"https:\/\/kunmedierne.dk\/mors\/#organization","name":"Mors","url":"https:\/\/kunmedierne.dk\/mors\/","logo":{"@type":"ImageObject","inLanguage":"da-DK","@id":"https:\/\/kunmedierne.dk\/mors\/#\/schema\/logo\/image\/","url":"https:\/\/kunmedierne.dk\/mors\/wp-content\/uploads\/2024\/08\/kunmors-logo.svg","contentUrl":"https:\/\/kunmedierne.dk\/mors\/wp-content\/uploads\/2024\/08\/kunmors-logo.svg","caption":"Mors"},"image":{"@id":"https:\/\/kunmedierne.dk\/mors\/#\/schema\/logo\/image\/"}},{"@type":"Person","@id":"https:\/\/kunmedierne.dk\/mors\/#\/schema\/person\/5fe23251bf1d0abbcdc6f7896579d548","name":"David H\u00f8jmark","image":{"@type":"ImageObject","inLanguage":"da-DK","@id":"https:\/\/kunmedierne.dk\/mors\/#\/schema\/person\/image\/","url":"https:\/\/secure.gravatar.com\/avatar\/4315d6fb9ef244d729989f5f90268eb08d5bf8a3d84402f595fa194bb35784fd?s=96&d=mm&r=g","contentUrl":"https:\/\/secure.gravatar.com\/avatar\/4315d6fb9ef244d729989f5f90268eb08d5bf8a3d84402f595fa194bb35784fd?s=96&d=mm&r=g","caption":"David H\u00f8jmark"},"sameAs":["https:\/\/www.kunmedierne.dk"],"url":"https:\/\/kunmedierne.dk\/mors\/author\/david\/"}]}},"_links":{"self":[{"href":"https:\/\/kunmedierne.dk\/mors\/wp-json\/wp\/v2\/posts\/35370","targetHints":{"allow":["GET"]}}],"collection":[{"href":"https:\/\/kunmedierne.dk\/mors\/wp-json\/wp\/v2\/posts"}],"about":[{"href":"https:\/\/kunmedierne.dk\/mors\/wp-json\/wp\/v2\/types\/post"}],"author":[{"embeddable":true,"href":"https:\/\/kunmedierne.dk\/mors\/wp-json\/wp\/v2\/users\/8"}],"replies":[{"embeddable":true,"href":"https:\/\/kunmedierne.dk\/mors\/wp-json\/wp\/v2\/comments?post=35370"}],"version-history":[{"count":5,"href":"https:\/\/kunmedierne.dk\/mors\/wp-json\/wp\/v2\/posts\/35370\/revisions"}],"predecessor-version":[{"id":35383,"href":"https:\/\/kunmedierne.dk\/mors\/wp-json\/wp\/v2\/posts\/35370\/revisions\/35383"}],"wp:featuredmedia":[{"embeddable":true,"href":"https:\/\/kunmedierne.dk\/mors\/wp-json\/wp\/v2\/media\/32411"}],"wp:attachment":[{"href":"https:\/\/kunmedierne.dk\/mors\/wp-json\/wp\/v2\/media?parent=35370"}],"wp:term":[{"taxonomy":"category","embeddable":true,"href":"https:\/\/kunmedierne.dk\/mors\/wp-json\/wp\/v2\/categories?post=35370"},{"taxonomy":"post_tag","embeddable":true,"href":"https:\/\/kunmedierne.dk\/mors\/wp-json\/wp\/v2\/tags?post=35370"}],"curies":[{"name":"wp","href":"https:\/\/api.w.org\/{rel}","templated":true}]}}