{"id":3498,"date":"2020-01-22T16:18:20","date_gmt":"2020-01-22T15:18:20","guid":{"rendered":"https:\/\/kunmedierne.dk\/mors\/?p=3498"},"modified":"2024-08-12T14:07:44","modified_gmt":"2024-08-12T12:07:44","slug":"kulturmoede-2020-inviterer-deltagere","status":"publish","type":"post","link":"https:\/\/kunmedierne.dk\/mors\/kulturmoede-2020-inviterer-deltagere\/","title":{"rendered":"Kulturm\u00f8de 2020 inviterer deltagere"},"content":{"rendered":"<p><strong>MORS<\/strong>: Syv m\u00e5neder inden tre dage sp\u00e6kket med kultur er arrang\u00f8rerne s\u00e5 sm\u00e5t i gang med programmet.<\/p>\n<p>Kulturm\u00f8det 2020, der lige som i 2019 f\u00e5r temaet &#8220;Culture Matters&#8221;, har inviteret deltagere fra hele landet til at bidrage.<\/p>\n<p>&#8220;Vil du gerne v\u00e6re med til at skabe \u00e5rets Kulturm\u00f8de, s\u00e5 er der fire enkle m\u00e5der at v\u00e6re med p\u00e5. Du kan sende os en ans\u00f8gning om at v\u00e6re med i programmet, leje en stand p\u00e5 Kulturm\u00f8det, indg\u00e5 i et partnerskab eller leje en scene,&#8221; skriver Kulturm\u00f8det p\u00e5 sin <a href=\"https:\/\/www.kulturmoedet.dk\/\" target=\"_blank\" rel=\"noopener noreferrer\">hjemmeside<\/a> og tilf\u00f8jer, at der bliver lagt stor v\u00e6gt p\u00e5, at alle, der vil bidrage med indhold til Kulturm\u00f8det, tager udgangspunkt i \u00e5rets temaspor og har grobund i kunst- og kulturlivet.<\/p>\n<p>Kulturm\u00f8det 2020 bliver nummer otte af sin slags. Det f\u00f8rste i 2013 samlede 6.000 deltagere. Siden har det udviklet sig til at v\u00e6re en af Danmarks st\u00f8rste kulturbegivenheder med 30.000 deltagere og 550 arrangementer fordelt p\u00e5 20 scener.<\/p>\n<p>Sidste frist for at sende en ans\u00f8gning om deltagelse i Kulturm\u00f8de 2020 er 11. marts.<\/p>\n<p>&nbsp;<\/p>\n","protected":false},"excerpt":{"rendered":"<p>MORS: Syv m\u00e5neder inden tre dage sp\u00e6kket med kultur er arrang\u00f8rerne s\u00e5 sm\u00e5t i gang med programmet. Kulturm\u00f8det 2020, der lige som i 2019 f\u00e5r temaet &#8220;Culture Matters&#8221;, har inviteret deltagere fra hele landet til at bidrage. &#8220;Vil du gerne v\u00e6re med til at skabe \u00e5rets Kulturm\u00f8de, s\u00e5 er der fire enkle m\u00e5der at v\u00e6re [&hellip;]<\/p>\n","protected":false},"author":8,"featured_media":3499,"comment_status":"open","ping_status":"open","sticky":false,"template":"","format":"standard","meta":{"_acf_changed":false,"footnotes":""},"categories":[49],"tags":[162],"class_list":["post-3498","post","type-post","status-publish","format-standard","has-post-thumbnail","hentry","category-kultur","tag-kulturmoedet"],"acf":[],"yoast_head":"<!-- This site is optimized with the Yoast SEO plugin v26.8 - https:\/\/yoast.com\/product\/yoast-seo-wordpress\/ -->\n<title>Kulturm\u00f8de 2020 inviterer deltagere - Mors<\/title>\n<meta name=\"robots\" content=\"index, follow, max-snippet:-1, max-image-preview:large, max-video-preview:-1\" \/>\n<link rel=\"canonical\" href=\"https:\/\/kunmedierne.dk\/mors\/kulturmoede-2020-inviterer-deltagere\/\" \/>\n<meta property=\"og:locale\" content=\"da_DK\" \/>\n<meta property=\"og:type\" content=\"article\" \/>\n<meta property=\"og:title\" content=\"Kulturm\u00f8de 2020 inviterer deltagere - Mors\" \/>\n<meta property=\"og:description\" content=\"MORS: Syv m\u00e5neder inden tre dage sp\u00e6kket med kultur er arrang\u00f8rerne s\u00e5 sm\u00e5t i gang med programmet. Kulturm\u00f8det 2020, der lige som i 2019 f\u00e5r temaet &#8220;Culture Matters&#8221;, har inviteret deltagere fra hele landet til at bidrage. &#8220;Vil du gerne v\u00e6re med til at skabe \u00e5rets Kulturm\u00f8de, s\u00e5 er der fire enkle m\u00e5der at v\u00e6re [&hellip;]\" \/>\n<meta property=\"og:url\" content=\"https:\/\/kunmedierne.dk\/mors\/kulturmoede-2020-inviterer-deltagere\/\" \/>\n<meta property=\"og:site_name\" content=\"Mors\" \/>\n<meta property=\"article:published_time\" content=\"2020-01-22T15:18:20+00:00\" \/>\n<meta property=\"article:modified_time\" content=\"2024-08-12T12:07:44+00:00\" \/>\n<meta property=\"og:image\" content=\"https:\/\/kunmedierne.dk\/mors\/wp-content\/uploads\/2020\/01\/200122-kulturm\u00f8de-2018-foto-per-bille.jpg\" \/>\n\t<meta property=\"og:image:width\" content=\"770\" \/>\n\t<meta property=\"og:image:height\" content=\"514\" \/>\n\t<meta property=\"og:image:type\" content=\"image\/jpeg\" \/>\n<meta name=\"author\" content=\"David H\u00f8jmark\" \/>\n<meta name=\"twitter:card\" content=\"summary_large_image\" \/>\n<meta name=\"twitter:label1\" content=\"Skrevet af\" \/>\n\t<meta name=\"twitter:data1\" content=\"David H\u00f8jmark\" \/>\n\t<meta name=\"twitter:label2\" content=\"Estimeret l\u00e6setid\" \/>\n\t<meta name=\"twitter:data2\" content=\"1 minut\" \/>\n<script type=\"application\/ld+json\" class=\"yoast-schema-graph\">{\"@context\":\"https:\/\/schema.org\",\"@graph\":[{\"@type\":\"Article\",\"@id\":\"https:\/\/kunmedierne.dk\/mors\/kulturmoede-2020-inviterer-deltagere\/#article\",\"isPartOf\":{\"@id\":\"https:\/\/kunmedierne.dk\/mors\/kulturmoede-2020-inviterer-deltagere\/\"},\"author\":{\"name\":\"David H\u00f8jmark\",\"@id\":\"https:\/\/kunmedierne.dk\/mors\/#\/schema\/person\/5fe23251bf1d0abbcdc6f7896579d548\"},\"headline\":\"Kulturm\u00f8de 2020 inviterer deltagere\",\"datePublished\":\"2020-01-22T15:18:20+00:00\",\"dateModified\":\"2024-08-12T12:07:44+00:00\",\"mainEntityOfPage\":{\"@id\":\"https:\/\/kunmedierne.dk\/mors\/kulturmoede-2020-inviterer-deltagere\/\"},\"wordCount\":188,\"commentCount\":0,\"publisher\":{\"@id\":\"https:\/\/kunmedierne.dk\/mors\/#organization\"},\"image\":{\"@id\":\"https:\/\/kunmedierne.dk\/mors\/kulturmoede-2020-inviterer-deltagere\/#primaryimage\"},\"thumbnailUrl\":\"https:\/\/kunmedierne.dk\/mors\/wp-content\/uploads\/2020\/01\/200122-kulturm\u00f8de-2018-foto-per-bille.jpg\",\"keywords\":[\"Kulturm\u00f8det\"],\"articleSection\":[\"Kultur\"],\"inLanguage\":\"da-DK\",\"potentialAction\":[{\"@type\":\"CommentAction\",\"name\":\"Comment\",\"target\":[\"https:\/\/kunmedierne.dk\/mors\/kulturmoede-2020-inviterer-deltagere\/#respond\"]}]},{\"@type\":\"WebPage\",\"@id\":\"https:\/\/kunmedierne.dk\/mors\/kulturmoede-2020-inviterer-deltagere\/\",\"url\":\"https:\/\/kunmedierne.dk\/mors\/kulturmoede-2020-inviterer-deltagere\/\",\"name\":\"Kulturm\u00f8de 2020 inviterer deltagere - Mors\",\"isPartOf\":{\"@id\":\"https:\/\/kunmedierne.dk\/mors\/#website\"},\"primaryImageOfPage\":{\"@id\":\"https:\/\/kunmedierne.dk\/mors\/kulturmoede-2020-inviterer-deltagere\/#primaryimage\"},\"image\":{\"@id\":\"https:\/\/kunmedierne.dk\/mors\/kulturmoede-2020-inviterer-deltagere\/#primaryimage\"},\"thumbnailUrl\":\"https:\/\/kunmedierne.dk\/mors\/wp-content\/uploads\/2020\/01\/200122-kulturm\u00f8de-2018-foto-per-bille.jpg\",\"datePublished\":\"2020-01-22T15:18:20+00:00\",\"dateModified\":\"2024-08-12T12:07:44+00:00\",\"breadcrumb\":{\"@id\":\"https:\/\/kunmedierne.dk\/mors\/kulturmoede-2020-inviterer-deltagere\/#breadcrumb\"},\"inLanguage\":\"da-DK\",\"potentialAction\":[{\"@type\":\"ReadAction\",\"target\":[\"https:\/\/kunmedierne.dk\/mors\/kulturmoede-2020-inviterer-deltagere\/\"]}]},{\"@type\":\"ImageObject\",\"inLanguage\":\"da-DK\",\"@id\":\"https:\/\/kunmedierne.dk\/mors\/kulturmoede-2020-inviterer-deltagere\/#primaryimage\",\"url\":\"https:\/\/kunmedierne.dk\/mors\/wp-content\/uploads\/2020\/01\/200122-kulturm\u00f8de-2018-foto-per-bille.jpg\",\"contentUrl\":\"https:\/\/kunmedierne.dk\/mors\/wp-content\/uploads\/2020\/01\/200122-kulturm\u00f8de-2018-foto-per-bille.jpg\",\"width\":770,\"height\":514,\"caption\":\"Fra Kulturm\u00f8de 2018. Foto: Per Bille\"},{\"@type\":\"BreadcrumbList\",\"@id\":\"https:\/\/kunmedierne.dk\/mors\/kulturmoede-2020-inviterer-deltagere\/#breadcrumb\",\"itemListElement\":[{\"@type\":\"ListItem\",\"position\":1,\"name\":\"Hjem\",\"item\":\"https:\/\/kunmedierne.dk\/mors\/\"},{\"@type\":\"ListItem\",\"position\":2,\"name\":\"Kulturm\u00f8de 2020 inviterer deltagere\"}]},{\"@type\":\"WebSite\",\"@id\":\"https:\/\/kunmedierne.dk\/mors\/#website\",\"url\":\"https:\/\/kunmedierne.dk\/mors\/\",\"name\":\"Mors\",\"description\":\"et netmedie med journalistik om livet p\u00e5 Mors\",\"publisher\":{\"@id\":\"https:\/\/kunmedierne.dk\/mors\/#organization\"},\"potentialAction\":[{\"@type\":\"SearchAction\",\"target\":{\"@type\":\"EntryPoint\",\"urlTemplate\":\"https:\/\/kunmedierne.dk\/mors\/?s={search_term_string}\"},\"query-input\":{\"@type\":\"PropertyValueSpecification\",\"valueRequired\":true,\"valueName\":\"search_term_string\"}}],\"inLanguage\":\"da-DK\"},{\"@type\":\"Organization\",\"@id\":\"https:\/\/kunmedierne.dk\/mors\/#organization\",\"name\":\"Mors\",\"url\":\"https:\/\/kunmedierne.dk\/mors\/\",\"logo\":{\"@type\":\"ImageObject\",\"inLanguage\":\"da-DK\",\"@id\":\"https:\/\/kunmedierne.dk\/mors\/#\/schema\/logo\/image\/\",\"url\":\"https:\/\/kunmedierne.dk\/mors\/wp-content\/uploads\/2024\/08\/kunmors-logo.svg\",\"contentUrl\":\"https:\/\/kunmedierne.dk\/mors\/wp-content\/uploads\/2024\/08\/kunmors-logo.svg\",\"caption\":\"Mors\"},\"image\":{\"@id\":\"https:\/\/kunmedierne.dk\/mors\/#\/schema\/logo\/image\/\"}},{\"@type\":\"Person\",\"@id\":\"https:\/\/kunmedierne.dk\/mors\/#\/schema\/person\/5fe23251bf1d0abbcdc6f7896579d548\",\"name\":\"David H\u00f8jmark\",\"image\":{\"@type\":\"ImageObject\",\"inLanguage\":\"da-DK\",\"@id\":\"https:\/\/kunmedierne.dk\/mors\/#\/schema\/person\/image\/\",\"url\":\"https:\/\/secure.gravatar.com\/avatar\/4315d6fb9ef244d729989f5f90268eb08d5bf8a3d84402f595fa194bb35784fd?s=96&d=mm&r=g\",\"contentUrl\":\"https:\/\/secure.gravatar.com\/avatar\/4315d6fb9ef244d729989f5f90268eb08d5bf8a3d84402f595fa194bb35784fd?s=96&d=mm&r=g\",\"caption\":\"David H\u00f8jmark\"},\"sameAs\":[\"https:\/\/www.kunmedierne.dk\"],\"url\":\"https:\/\/kunmedierne.dk\/mors\/author\/david\/\"}]}<\/script>\n<!-- \/ Yoast SEO plugin. -->","yoast_head_json":{"title":"Kulturm\u00f8de 2020 inviterer deltagere - Mors","robots":{"index":"index","follow":"follow","max-snippet":"max-snippet:-1","max-image-preview":"max-image-preview:large","max-video-preview":"max-video-preview:-1"},"canonical":"https:\/\/kunmedierne.dk\/mors\/kulturmoede-2020-inviterer-deltagere\/","og_locale":"da_DK","og_type":"article","og_title":"Kulturm\u00f8de 2020 inviterer deltagere - Mors","og_description":"MORS: Syv m\u00e5neder inden tre dage sp\u00e6kket med kultur er arrang\u00f8rerne s\u00e5 sm\u00e5t i gang med programmet. Kulturm\u00f8det 2020, der lige som i 2019 f\u00e5r temaet &#8220;Culture Matters&#8221;, har inviteret deltagere fra hele landet til at bidrage. &#8220;Vil du gerne v\u00e6re med til at skabe \u00e5rets Kulturm\u00f8de, s\u00e5 er der fire enkle m\u00e5der at v\u00e6re [&hellip;]","og_url":"https:\/\/kunmedierne.dk\/mors\/kulturmoede-2020-inviterer-deltagere\/","og_site_name":"Mors","article_published_time":"2020-01-22T15:18:20+00:00","article_modified_time":"2024-08-12T12:07:44+00:00","og_image":[{"width":770,"height":514,"url":"https:\/\/kunmedierne.dk\/mors\/wp-content\/uploads\/2020\/01\/200122-kulturm\u00f8de-2018-foto-per-bille.jpg","type":"image\/jpeg"}],"author":"David H\u00f8jmark","twitter_card":"summary_large_image","twitter_misc":{"Skrevet af":"David H\u00f8jmark","Estimeret l\u00e6setid":"1 minut"},"schema":{"@context":"https:\/\/schema.org","@graph":[{"@type":"Article","@id":"https:\/\/kunmedierne.dk\/mors\/kulturmoede-2020-inviterer-deltagere\/#article","isPartOf":{"@id":"https:\/\/kunmedierne.dk\/mors\/kulturmoede-2020-inviterer-deltagere\/"},"author":{"name":"David H\u00f8jmark","@id":"https:\/\/kunmedierne.dk\/mors\/#\/schema\/person\/5fe23251bf1d0abbcdc6f7896579d548"},"headline":"Kulturm\u00f8de 2020 inviterer deltagere","datePublished":"2020-01-22T15:18:20+00:00","dateModified":"2024-08-12T12:07:44+00:00","mainEntityOfPage":{"@id":"https:\/\/kunmedierne.dk\/mors\/kulturmoede-2020-inviterer-deltagere\/"},"wordCount":188,"commentCount":0,"publisher":{"@id":"https:\/\/kunmedierne.dk\/mors\/#organization"},"image":{"@id":"https:\/\/kunmedierne.dk\/mors\/kulturmoede-2020-inviterer-deltagere\/#primaryimage"},"thumbnailUrl":"https:\/\/kunmedierne.dk\/mors\/wp-content\/uploads\/2020\/01\/200122-kulturm\u00f8de-2018-foto-per-bille.jpg","keywords":["Kulturm\u00f8det"],"articleSection":["Kultur"],"inLanguage":"da-DK","potentialAction":[{"@type":"CommentAction","name":"Comment","target":["https:\/\/kunmedierne.dk\/mors\/kulturmoede-2020-inviterer-deltagere\/#respond"]}]},{"@type":"WebPage","@id":"https:\/\/kunmedierne.dk\/mors\/kulturmoede-2020-inviterer-deltagere\/","url":"https:\/\/kunmedierne.dk\/mors\/kulturmoede-2020-inviterer-deltagere\/","name":"Kulturm\u00f8de 2020 inviterer deltagere - Mors","isPartOf":{"@id":"https:\/\/kunmedierne.dk\/mors\/#website"},"primaryImageOfPage":{"@id":"https:\/\/kunmedierne.dk\/mors\/kulturmoede-2020-inviterer-deltagere\/#primaryimage"},"image":{"@id":"https:\/\/kunmedierne.dk\/mors\/kulturmoede-2020-inviterer-deltagere\/#primaryimage"},"thumbnailUrl":"https:\/\/kunmedierne.dk\/mors\/wp-content\/uploads\/2020\/01\/200122-kulturm\u00f8de-2018-foto-per-bille.jpg","datePublished":"2020-01-22T15:18:20+00:00","dateModified":"2024-08-12T12:07:44+00:00","breadcrumb":{"@id":"https:\/\/kunmedierne.dk\/mors\/kulturmoede-2020-inviterer-deltagere\/#breadcrumb"},"inLanguage":"da-DK","potentialAction":[{"@type":"ReadAction","target":["https:\/\/kunmedierne.dk\/mors\/kulturmoede-2020-inviterer-deltagere\/"]}]},{"@type":"ImageObject","inLanguage":"da-DK","@id":"https:\/\/kunmedierne.dk\/mors\/kulturmoede-2020-inviterer-deltagere\/#primaryimage","url":"https:\/\/kunmedierne.dk\/mors\/wp-content\/uploads\/2020\/01\/200122-kulturm\u00f8de-2018-foto-per-bille.jpg","contentUrl":"https:\/\/kunmedierne.dk\/mors\/wp-content\/uploads\/2020\/01\/200122-kulturm\u00f8de-2018-foto-per-bille.jpg","width":770,"height":514,"caption":"Fra Kulturm\u00f8de 2018. Foto: Per Bille"},{"@type":"BreadcrumbList","@id":"https:\/\/kunmedierne.dk\/mors\/kulturmoede-2020-inviterer-deltagere\/#breadcrumb","itemListElement":[{"@type":"ListItem","position":1,"name":"Hjem","item":"https:\/\/kunmedierne.dk\/mors\/"},{"@type":"ListItem","position":2,"name":"Kulturm\u00f8de 2020 inviterer deltagere"}]},{"@type":"WebSite","@id":"https:\/\/kunmedierne.dk\/mors\/#website","url":"https:\/\/kunmedierne.dk\/mors\/","name":"Mors","description":"et netmedie med journalistik om livet p\u00e5 Mors","publisher":{"@id":"https:\/\/kunmedierne.dk\/mors\/#organization"},"potentialAction":[{"@type":"SearchAction","target":{"@type":"EntryPoint","urlTemplate":"https:\/\/kunmedierne.dk\/mors\/?s={search_term_string}"},"query-input":{"@type":"PropertyValueSpecification","valueRequired":true,"valueName":"search_term_string"}}],"inLanguage":"da-DK"},{"@type":"Organization","@id":"https:\/\/kunmedierne.dk\/mors\/#organization","name":"Mors","url":"https:\/\/kunmedierne.dk\/mors\/","logo":{"@type":"ImageObject","inLanguage":"da-DK","@id":"https:\/\/kunmedierne.dk\/mors\/#\/schema\/logo\/image\/","url":"https:\/\/kunmedierne.dk\/mors\/wp-content\/uploads\/2024\/08\/kunmors-logo.svg","contentUrl":"https:\/\/kunmedierne.dk\/mors\/wp-content\/uploads\/2024\/08\/kunmors-logo.svg","caption":"Mors"},"image":{"@id":"https:\/\/kunmedierne.dk\/mors\/#\/schema\/logo\/image\/"}},{"@type":"Person","@id":"https:\/\/kunmedierne.dk\/mors\/#\/schema\/person\/5fe23251bf1d0abbcdc6f7896579d548","name":"David H\u00f8jmark","image":{"@type":"ImageObject","inLanguage":"da-DK","@id":"https:\/\/kunmedierne.dk\/mors\/#\/schema\/person\/image\/","url":"https:\/\/secure.gravatar.com\/avatar\/4315d6fb9ef244d729989f5f90268eb08d5bf8a3d84402f595fa194bb35784fd?s=96&d=mm&r=g","contentUrl":"https:\/\/secure.gravatar.com\/avatar\/4315d6fb9ef244d729989f5f90268eb08d5bf8a3d84402f595fa194bb35784fd?s=96&d=mm&r=g","caption":"David H\u00f8jmark"},"sameAs":["https:\/\/www.kunmedierne.dk"],"url":"https:\/\/kunmedierne.dk\/mors\/author\/david\/"}]}},"_links":{"self":[{"href":"https:\/\/kunmedierne.dk\/mors\/wp-json\/wp\/v2\/posts\/3498","targetHints":{"allow":["GET"]}}],"collection":[{"href":"https:\/\/kunmedierne.dk\/mors\/wp-json\/wp\/v2\/posts"}],"about":[{"href":"https:\/\/kunmedierne.dk\/mors\/wp-json\/wp\/v2\/types\/post"}],"author":[{"embeddable":true,"href":"https:\/\/kunmedierne.dk\/mors\/wp-json\/wp\/v2\/users\/8"}],"replies":[{"embeddable":true,"href":"https:\/\/kunmedierne.dk\/mors\/wp-json\/wp\/v2\/comments?post=3498"}],"version-history":[{"count":1,"href":"https:\/\/kunmedierne.dk\/mors\/wp-json\/wp\/v2\/posts\/3498\/revisions"}],"predecessor-version":[{"id":3500,"href":"https:\/\/kunmedierne.dk\/mors\/wp-json\/wp\/v2\/posts\/3498\/revisions\/3500"}],"wp:featuredmedia":[{"embeddable":true,"href":"https:\/\/kunmedierne.dk\/mors\/wp-json\/wp\/v2\/media\/3499"}],"wp:attachment":[{"href":"https:\/\/kunmedierne.dk\/mors\/wp-json\/wp\/v2\/media?parent=3498"}],"wp:term":[{"taxonomy":"category","embeddable":true,"href":"https:\/\/kunmedierne.dk\/mors\/wp-json\/wp\/v2\/categories?post=3498"},{"taxonomy":"post_tag","embeddable":true,"href":"https:\/\/kunmedierne.dk\/mors\/wp-json\/wp\/v2\/tags?post=3498"}],"curies":[{"name":"wp","href":"https:\/\/api.w.org\/{rel}","templated":true}]}}