{"id":34329,"date":"2020-10-30T08:45:53","date_gmt":"2020-10-30T07:45:53","guid":{"rendered":"https:\/\/kunmedierne.dk\/mors\/?p=34329"},"modified":"2024-08-12T13:43:57","modified_gmt":"2024-08-12T11:43:57","slug":"aand-og-vid-under-covid","status":"publish","type":"post","link":"https:\/\/kunmedierne.dk\/mors\/aand-og-vid-under-covid\/","title":{"rendered":"\u00c5nd og vid under covid"},"content":{"rendered":"<p><em>Fra Tore M\u00fcller (S), formand b\u00f8rne- og kulturudvalget i Mors\u00f8 Kommune, har vi modtaget:<\/em><\/p>\n<hr \/>\n<p><strong>MORS<\/strong>: S\u00e5 kom der desv\u00e6rre nye stramninger. Og endnu engang skal vores samfund h\u00e5ndtere det, der umiddelbart og efterh\u00e5nden virker s\u00e5 uh\u00e5ndterbart. Alle som \u00e9n k\u00e6mper en kamp for at f\u00f8lge retningslinjer og sikkerhedsprincipper, med det form\u00e5l at holde pandemien i skak.<\/p>\n<p>Det er ikke nogen let \u00f8velse! Og det giver sig udslag i forst\u00e5elig frustration og sp\u00f8rgsm\u00e5l om hvorfor dit og hvorfor dat. Det er klart. Vores samfund har v\u00e6ret i en form for undtagelsestilstand siden marts. Vi har l\u00e6rt nye ord som \u201dtestcenter\u201d, \u201dalbuehilsen\u201d, \u201dsuperspreder\u201d, \u201dhjemmeisolation\u201d osv.<\/p>\n<p>Under hele denne seance, har Mors\u00f8 Kommunes ansatte knoklet for at styre igennem vores f\u00e6lles krise. Og det kr\u00e6ver alts\u00e5 vores dybeste respekt og anerkendelse.<\/p>\n<p>P\u00e5 det resortomr\u00e5de jeg sidder for bordenden for, har frontpersonalet i den grad leveret en enest\u00e5ende indsats. Dagtilbud, skoler, center for b\u00f8rn- og familier og kulturlivet, har leveret varen p\u00e5 et t\u00e5rnh\u00f8jt niveau. Det har de gjort med faglig stolthed og for at sikre at hvert et barn, ung og voksen har kunnet stole p\u00e5, at omsorg, trivsel og dannelse har v\u00e6ret i fuld fokus. Det kr\u00e6ver sin kvinde og sin mand at v\u00e6re placeret midt i det kaos, der skal s\u00f8rge for at skabe ro og balance p\u00e5 trods. Bare t\u00e6nk p\u00e5 hvor ekstremt dagligdagen, rutiner og strukturer er vendt p\u00e5 hovedet i vores daginstitutioner og skoler?<\/p>\n<p>Deres indsats betyder, at vores b\u00f8rn og unge har kunnet forts\u00e6tte trygt i de tilbud de er tilknyttet, i kraft af engagement og fagligt fokus i dagligdagen. Vores kulturinstitutioner har kunnet holde \u00e5bent og skabe indhold og oplevelser i form af kunst- og kultur. Prisv\u00e6rdigt i en sv\u00e6r tid, hvor vi om noget har brug for det som kunsten og kulturen giver os som mennesker, samfund \u2013 som kommune og \u00d8.<\/p>\n<p>Det er st\u00e6rkt og faktisk ogs\u00e5 r\u00f8rende. En kraftpr\u00e6station af format, der har betydet at vi fastholder fokus p\u00e5 at s\u00f8rge for at \u00e5nd og vid forsat pirres og underst\u00f8ttes. Og at vi dermed sammen fortsat giver hinanden plads til at v\u00e6re nysgerrige, videbeg\u00e6rlige og aktive medborgere.<\/p>\n<p>Tak til alle ansatte der knokler i frontlinjen for vores b\u00f8rn, unge og kulturlivet. Det v\u00e6rds\u00e6tter jeg mere end jeg kan udtrykke \u2013 s\u00e5 k\u00e6re morsingboer, ung som \u00e6ldre: N\u00e6ste gang i st\u00f8der p\u00e5 en af vores fantastiske ansatte, s\u00e5 lov mig at give et smil under mundbindet. Et opmuntrende ord. En dybf\u00f8lt tak eller en \u201dalbuehilsen\u201d, for deres store indsats. Det vil betyde mere end I aner.<\/p>\n<p>For dannelse danner, og danner en ny tid. Og det har vi brug for, med \u00e5nd og vid. \u00a0Det kr\u00e6ver at vi fastholder vores dygtige medarbejdere, uden de br\u00e6nder ud, nu det ser ud til at forts\u00e6tte en rum tid endnu.<\/p>\n<hr \/>\n<p><em>Har du et bidrag til den lokale debat? Send det til os p\u00e5 e-mail: debat@kunmedierne.dk\/mors. Husk at l\u00e6se korrektur inden afsendelse p\u00e5 indl\u00e6gget.<\/em><\/p>\n","protected":false},"excerpt":{"rendered":"<p>Fra Tore M\u00fcller (S), formand b\u00f8rne- og kulturudvalget i Mors\u00f8 Kommune, har vi modtaget: MORS: S\u00e5 kom der desv\u00e6rre nye stramninger. Og endnu engang skal vores samfund h\u00e5ndtere det, der umiddelbart og efterh\u00e5nden virker s\u00e5 uh\u00e5ndterbart. Alle som \u00e9n k\u00e6mper en kamp for at f\u00f8lge retningslinjer og sikkerhedsprincipper, med det form\u00e5l at holde pandemien i [&hellip;]<\/p>\n","protected":false},"author":11,"featured_media":30639,"comment_status":"open","ping_status":"open","sticky":false,"template":"","format":"standard","meta":{"_acf_changed":false,"footnotes":""},"categories":[56],"tags":[167,170],"class_list":["post-34329","post","type-post","status-publish","format-standard","has-post-thumbnail","hentry","category-debat","tag-politik","tag-uddannelse"],"acf":[],"yoast_head":"<!-- This site is optimized with the Yoast SEO plugin v26.8 - https:\/\/yoast.com\/product\/yoast-seo-wordpress\/ -->\n<title>\u00c5nd og vid under covid - Mors<\/title>\n<meta name=\"robots\" content=\"index, follow, max-snippet:-1, max-image-preview:large, max-video-preview:-1\" \/>\n<link rel=\"canonical\" href=\"https:\/\/kunmedierne.dk\/mors\/aand-og-vid-under-covid\/\" \/>\n<meta property=\"og:locale\" content=\"da_DK\" \/>\n<meta property=\"og:type\" content=\"article\" \/>\n<meta property=\"og:title\" content=\"\u00c5nd og vid under covid - Mors\" \/>\n<meta property=\"og:description\" content=\"Fra Tore M\u00fcller (S), formand b\u00f8rne- og kulturudvalget i Mors\u00f8 Kommune, har vi modtaget: MORS: S\u00e5 kom der desv\u00e6rre nye stramninger. Og endnu engang skal vores samfund h\u00e5ndtere det, der umiddelbart og efterh\u00e5nden virker s\u00e5 uh\u00e5ndterbart. Alle som \u00e9n k\u00e6mper en kamp for at f\u00f8lge retningslinjer og sikkerhedsprincipper, med det form\u00e5l at holde pandemien i [&hellip;]\" \/>\n<meta property=\"og:url\" content=\"https:\/\/kunmedierne.dk\/mors\/aand-og-vid-under-covid\/\" \/>\n<meta property=\"og:site_name\" content=\"Mors\" \/>\n<meta property=\"article:published_time\" content=\"2020-10-30T07:45:53+00:00\" \/>\n<meta property=\"article:modified_time\" content=\"2024-08-12T11:43:57+00:00\" \/>\n<meta property=\"og:image\" content=\"https:\/\/kunmedierne.dk\/mors\/wp-content\/uploads\/2020\/08\/0-tore-m\u00fcller.jpg\" \/>\n\t<meta property=\"og:image:width\" content=\"770\" \/>\n\t<meta property=\"og:image:height\" content=\"513\" \/>\n\t<meta property=\"og:image:type\" content=\"image\/jpeg\" \/>\n<meta name=\"author\" content=\"Debat\" \/>\n<meta name=\"twitter:card\" content=\"summary_large_image\" \/>\n<meta name=\"twitter:label1\" content=\"Skrevet af\" \/>\n\t<meta name=\"twitter:data1\" content=\"Debat\" \/>\n\t<meta name=\"twitter:label2\" content=\"Estimeret l\u00e6setid\" \/>\n\t<meta name=\"twitter:data2\" content=\"3 minutter\" \/>\n<script type=\"application\/ld+json\" class=\"yoast-schema-graph\">{\"@context\":\"https:\/\/schema.org\",\"@graph\":[{\"@type\":\"Article\",\"@id\":\"https:\/\/kunmedierne.dk\/mors\/aand-og-vid-under-covid\/#article\",\"isPartOf\":{\"@id\":\"https:\/\/kunmedierne.dk\/mors\/aand-og-vid-under-covid\/\"},\"author\":{\"name\":\"Debat\",\"@id\":\"https:\/\/kunmedierne.dk\/mors\/#\/schema\/person\/84c1391bce0b43b9bb3a49736bc0ad78\"},\"headline\":\"\u00c5nd og vid under covid\",\"datePublished\":\"2020-10-30T07:45:53+00:00\",\"dateModified\":\"2024-08-12T11:43:57+00:00\",\"mainEntityOfPage\":{\"@id\":\"https:\/\/kunmedierne.dk\/mors\/aand-og-vid-under-covid\/\"},\"wordCount\":540,\"commentCount\":0,\"publisher\":{\"@id\":\"https:\/\/kunmedierne.dk\/mors\/#organization\"},\"image\":{\"@id\":\"https:\/\/kunmedierne.dk\/mors\/aand-og-vid-under-covid\/#primaryimage\"},\"thumbnailUrl\":\"https:\/\/kunmedierne.dk\/mors\/wp-content\/uploads\/2020\/08\/0-tore-m\u00fcller.jpg\",\"keywords\":[\"Politik\",\"Skoler og uddannelse\"],\"articleSection\":[\"Debat\"],\"inLanguage\":\"da-DK\",\"potentialAction\":[{\"@type\":\"CommentAction\",\"name\":\"Comment\",\"target\":[\"https:\/\/kunmedierne.dk\/mors\/aand-og-vid-under-covid\/#respond\"]}]},{\"@type\":\"WebPage\",\"@id\":\"https:\/\/kunmedierne.dk\/mors\/aand-og-vid-under-covid\/\",\"url\":\"https:\/\/kunmedierne.dk\/mors\/aand-og-vid-under-covid\/\",\"name\":\"\u00c5nd og vid under covid - Mors\",\"isPartOf\":{\"@id\":\"https:\/\/kunmedierne.dk\/mors\/#website\"},\"primaryImageOfPage\":{\"@id\":\"https:\/\/kunmedierne.dk\/mors\/aand-og-vid-under-covid\/#primaryimage\"},\"image\":{\"@id\":\"https:\/\/kunmedierne.dk\/mors\/aand-og-vid-under-covid\/#primaryimage\"},\"thumbnailUrl\":\"https:\/\/kunmedierne.dk\/mors\/wp-content\/uploads\/2020\/08\/0-tore-m\u00fcller.jpg\",\"datePublished\":\"2020-10-30T07:45:53+00:00\",\"dateModified\":\"2024-08-12T11:43:57+00:00\",\"breadcrumb\":{\"@id\":\"https:\/\/kunmedierne.dk\/mors\/aand-og-vid-under-covid\/#breadcrumb\"},\"inLanguage\":\"da-DK\",\"potentialAction\":[{\"@type\":\"ReadAction\",\"target\":[\"https:\/\/kunmedierne.dk\/mors\/aand-og-vid-under-covid\/\"]}]},{\"@type\":\"ImageObject\",\"inLanguage\":\"da-DK\",\"@id\":\"https:\/\/kunmedierne.dk\/mors\/aand-og-vid-under-covid\/#primaryimage\",\"url\":\"https:\/\/kunmedierne.dk\/mors\/wp-content\/uploads\/2020\/08\/0-tore-m\u00fcller.jpg\",\"contentUrl\":\"https:\/\/kunmedierne.dk\/mors\/wp-content\/uploads\/2020\/08\/0-tore-m\u00fcller.jpg\",\"width\":770,\"height\":513,\"caption\":\"Tore M\u00fcller. Foto: Lars Horn\/Baghuset.\"},{\"@type\":\"BreadcrumbList\",\"@id\":\"https:\/\/kunmedierne.dk\/mors\/aand-og-vid-under-covid\/#breadcrumb\",\"itemListElement\":[{\"@type\":\"ListItem\",\"position\":1,\"name\":\"Hjem\",\"item\":\"https:\/\/kunmedierne.dk\/mors\/\"},{\"@type\":\"ListItem\",\"position\":2,\"name\":\"\u00c5nd og vid under covid\"}]},{\"@type\":\"WebSite\",\"@id\":\"https:\/\/kunmedierne.dk\/mors\/#website\",\"url\":\"https:\/\/kunmedierne.dk\/mors\/\",\"name\":\"Mors\",\"description\":\"et netmedie med journalistik om livet p\u00e5 Mors\",\"publisher\":{\"@id\":\"https:\/\/kunmedierne.dk\/mors\/#organization\"},\"potentialAction\":[{\"@type\":\"SearchAction\",\"target\":{\"@type\":\"EntryPoint\",\"urlTemplate\":\"https:\/\/kunmedierne.dk\/mors\/?s={search_term_string}\"},\"query-input\":{\"@type\":\"PropertyValueSpecification\",\"valueRequired\":true,\"valueName\":\"search_term_string\"}}],\"inLanguage\":\"da-DK\"},{\"@type\":\"Organization\",\"@id\":\"https:\/\/kunmedierne.dk\/mors\/#organization\",\"name\":\"Mors\",\"url\":\"https:\/\/kunmedierne.dk\/mors\/\",\"logo\":{\"@type\":\"ImageObject\",\"inLanguage\":\"da-DK\",\"@id\":\"https:\/\/kunmedierne.dk\/mors\/#\/schema\/logo\/image\/\",\"url\":\"https:\/\/kunmedierne.dk\/mors\/wp-content\/uploads\/2024\/08\/kunmors-logo.svg\",\"contentUrl\":\"https:\/\/kunmedierne.dk\/mors\/wp-content\/uploads\/2024\/08\/kunmors-logo.svg\",\"caption\":\"Mors\"},\"image\":{\"@id\":\"https:\/\/kunmedierne.dk\/mors\/#\/schema\/logo\/image\/\"}},{\"@type\":\"Person\",\"@id\":\"https:\/\/kunmedierne.dk\/mors\/#\/schema\/person\/84c1391bce0b43b9bb3a49736bc0ad78\",\"name\":\"Debat\",\"image\":{\"@type\":\"ImageObject\",\"inLanguage\":\"da-DK\",\"@id\":\"https:\/\/kunmedierne.dk\/mors\/#\/schema\/person\/image\/\",\"url\":\"https:\/\/secure.gravatar.com\/avatar\/b0fb2e221d618f7c65162ab0d49c7e8a0b580c871ca03af90e42b47b4150654c?s=96&d=mm&r=g\",\"contentUrl\":\"https:\/\/secure.gravatar.com\/avatar\/b0fb2e221d618f7c65162ab0d49c7e8a0b580c871ca03af90e42b47b4150654c?s=96&d=mm&r=g\",\"caption\":\"Debat\"},\"url\":\"https:\/\/kunmedierne.dk\/mors\/author\/debat\/\"}]}<\/script>\n<!-- \/ Yoast SEO plugin. -->","yoast_head_json":{"title":"\u00c5nd og vid under covid - Mors","robots":{"index":"index","follow":"follow","max-snippet":"max-snippet:-1","max-image-preview":"max-image-preview:large","max-video-preview":"max-video-preview:-1"},"canonical":"https:\/\/kunmedierne.dk\/mors\/aand-og-vid-under-covid\/","og_locale":"da_DK","og_type":"article","og_title":"\u00c5nd og vid under covid - Mors","og_description":"Fra Tore M\u00fcller (S), formand b\u00f8rne- og kulturudvalget i Mors\u00f8 Kommune, har vi modtaget: MORS: S\u00e5 kom der desv\u00e6rre nye stramninger. Og endnu engang skal vores samfund h\u00e5ndtere det, der umiddelbart og efterh\u00e5nden virker s\u00e5 uh\u00e5ndterbart. Alle som \u00e9n k\u00e6mper en kamp for at f\u00f8lge retningslinjer og sikkerhedsprincipper, med det form\u00e5l at holde pandemien i [&hellip;]","og_url":"https:\/\/kunmedierne.dk\/mors\/aand-og-vid-under-covid\/","og_site_name":"Mors","article_published_time":"2020-10-30T07:45:53+00:00","article_modified_time":"2024-08-12T11:43:57+00:00","og_image":[{"width":770,"height":513,"url":"https:\/\/kunmedierne.dk\/mors\/wp-content\/uploads\/2020\/08\/0-tore-m\u00fcller.jpg","type":"image\/jpeg"}],"author":"Debat","twitter_card":"summary_large_image","twitter_misc":{"Skrevet af":"Debat","Estimeret l\u00e6setid":"3 minutter"},"schema":{"@context":"https:\/\/schema.org","@graph":[{"@type":"Article","@id":"https:\/\/kunmedierne.dk\/mors\/aand-og-vid-under-covid\/#article","isPartOf":{"@id":"https:\/\/kunmedierne.dk\/mors\/aand-og-vid-under-covid\/"},"author":{"name":"Debat","@id":"https:\/\/kunmedierne.dk\/mors\/#\/schema\/person\/84c1391bce0b43b9bb3a49736bc0ad78"},"headline":"\u00c5nd og vid under covid","datePublished":"2020-10-30T07:45:53+00:00","dateModified":"2024-08-12T11:43:57+00:00","mainEntityOfPage":{"@id":"https:\/\/kunmedierne.dk\/mors\/aand-og-vid-under-covid\/"},"wordCount":540,"commentCount":0,"publisher":{"@id":"https:\/\/kunmedierne.dk\/mors\/#organization"},"image":{"@id":"https:\/\/kunmedierne.dk\/mors\/aand-og-vid-under-covid\/#primaryimage"},"thumbnailUrl":"https:\/\/kunmedierne.dk\/mors\/wp-content\/uploads\/2020\/08\/0-tore-m\u00fcller.jpg","keywords":["Politik","Skoler og uddannelse"],"articleSection":["Debat"],"inLanguage":"da-DK","potentialAction":[{"@type":"CommentAction","name":"Comment","target":["https:\/\/kunmedierne.dk\/mors\/aand-og-vid-under-covid\/#respond"]}]},{"@type":"WebPage","@id":"https:\/\/kunmedierne.dk\/mors\/aand-og-vid-under-covid\/","url":"https:\/\/kunmedierne.dk\/mors\/aand-og-vid-under-covid\/","name":"\u00c5nd og vid under covid - Mors","isPartOf":{"@id":"https:\/\/kunmedierne.dk\/mors\/#website"},"primaryImageOfPage":{"@id":"https:\/\/kunmedierne.dk\/mors\/aand-og-vid-under-covid\/#primaryimage"},"image":{"@id":"https:\/\/kunmedierne.dk\/mors\/aand-og-vid-under-covid\/#primaryimage"},"thumbnailUrl":"https:\/\/kunmedierne.dk\/mors\/wp-content\/uploads\/2020\/08\/0-tore-m\u00fcller.jpg","datePublished":"2020-10-30T07:45:53+00:00","dateModified":"2024-08-12T11:43:57+00:00","breadcrumb":{"@id":"https:\/\/kunmedierne.dk\/mors\/aand-og-vid-under-covid\/#breadcrumb"},"inLanguage":"da-DK","potentialAction":[{"@type":"ReadAction","target":["https:\/\/kunmedierne.dk\/mors\/aand-og-vid-under-covid\/"]}]},{"@type":"ImageObject","inLanguage":"da-DK","@id":"https:\/\/kunmedierne.dk\/mors\/aand-og-vid-under-covid\/#primaryimage","url":"https:\/\/kunmedierne.dk\/mors\/wp-content\/uploads\/2020\/08\/0-tore-m\u00fcller.jpg","contentUrl":"https:\/\/kunmedierne.dk\/mors\/wp-content\/uploads\/2020\/08\/0-tore-m\u00fcller.jpg","width":770,"height":513,"caption":"Tore M\u00fcller. Foto: Lars Horn\/Baghuset."},{"@type":"BreadcrumbList","@id":"https:\/\/kunmedierne.dk\/mors\/aand-og-vid-under-covid\/#breadcrumb","itemListElement":[{"@type":"ListItem","position":1,"name":"Hjem","item":"https:\/\/kunmedierne.dk\/mors\/"},{"@type":"ListItem","position":2,"name":"\u00c5nd og vid under covid"}]},{"@type":"WebSite","@id":"https:\/\/kunmedierne.dk\/mors\/#website","url":"https:\/\/kunmedierne.dk\/mors\/","name":"Mors","description":"et netmedie med journalistik om livet p\u00e5 Mors","publisher":{"@id":"https:\/\/kunmedierne.dk\/mors\/#organization"},"potentialAction":[{"@type":"SearchAction","target":{"@type":"EntryPoint","urlTemplate":"https:\/\/kunmedierne.dk\/mors\/?s={search_term_string}"},"query-input":{"@type":"PropertyValueSpecification","valueRequired":true,"valueName":"search_term_string"}}],"inLanguage":"da-DK"},{"@type":"Organization","@id":"https:\/\/kunmedierne.dk\/mors\/#organization","name":"Mors","url":"https:\/\/kunmedierne.dk\/mors\/","logo":{"@type":"ImageObject","inLanguage":"da-DK","@id":"https:\/\/kunmedierne.dk\/mors\/#\/schema\/logo\/image\/","url":"https:\/\/kunmedierne.dk\/mors\/wp-content\/uploads\/2024\/08\/kunmors-logo.svg","contentUrl":"https:\/\/kunmedierne.dk\/mors\/wp-content\/uploads\/2024\/08\/kunmors-logo.svg","caption":"Mors"},"image":{"@id":"https:\/\/kunmedierne.dk\/mors\/#\/schema\/logo\/image\/"}},{"@type":"Person","@id":"https:\/\/kunmedierne.dk\/mors\/#\/schema\/person\/84c1391bce0b43b9bb3a49736bc0ad78","name":"Debat","image":{"@type":"ImageObject","inLanguage":"da-DK","@id":"https:\/\/kunmedierne.dk\/mors\/#\/schema\/person\/image\/","url":"https:\/\/secure.gravatar.com\/avatar\/b0fb2e221d618f7c65162ab0d49c7e8a0b580c871ca03af90e42b47b4150654c?s=96&d=mm&r=g","contentUrl":"https:\/\/secure.gravatar.com\/avatar\/b0fb2e221d618f7c65162ab0d49c7e8a0b580c871ca03af90e42b47b4150654c?s=96&d=mm&r=g","caption":"Debat"},"url":"https:\/\/kunmedierne.dk\/mors\/author\/debat\/"}]}},"_links":{"self":[{"href":"https:\/\/kunmedierne.dk\/mors\/wp-json\/wp\/v2\/posts\/34329","targetHints":{"allow":["GET"]}}],"collection":[{"href":"https:\/\/kunmedierne.dk\/mors\/wp-json\/wp\/v2\/posts"}],"about":[{"href":"https:\/\/kunmedierne.dk\/mors\/wp-json\/wp\/v2\/types\/post"}],"author":[{"embeddable":true,"href":"https:\/\/kunmedierne.dk\/mors\/wp-json\/wp\/v2\/users\/11"}],"replies":[{"embeddable":true,"href":"https:\/\/kunmedierne.dk\/mors\/wp-json\/wp\/v2\/comments?post=34329"}],"version-history":[{"count":2,"href":"https:\/\/kunmedierne.dk\/mors\/wp-json\/wp\/v2\/posts\/34329\/revisions"}],"predecessor-version":[{"id":34331,"href":"https:\/\/kunmedierne.dk\/mors\/wp-json\/wp\/v2\/posts\/34329\/revisions\/34331"}],"wp:featuredmedia":[{"embeddable":true,"href":"https:\/\/kunmedierne.dk\/mors\/wp-json\/wp\/v2\/media\/30639"}],"wp:attachment":[{"href":"https:\/\/kunmedierne.dk\/mors\/wp-json\/wp\/v2\/media?parent=34329"}],"wp:term":[{"taxonomy":"category","embeddable":true,"href":"https:\/\/kunmedierne.dk\/mors\/wp-json\/wp\/v2\/categories?post=34329"},{"taxonomy":"post_tag","embeddable":true,"href":"https:\/\/kunmedierne.dk\/mors\/wp-json\/wp\/v2\/tags?post=34329"}],"curies":[{"name":"wp","href":"https:\/\/api.w.org\/{rel}","templated":true}]}}