{"id":3372,"date":"2020-01-26T22:44:35","date_gmt":"2020-01-26T21:44:35","guid":{"rendered":"https:\/\/kunmedierne.dk\/mors\/?p=3372"},"modified":"2024-08-12T14:07:43","modified_gmt":"2024-08-12T12:07:43","slug":"hele-nationens-noerd-kommer-til-mors","status":"publish","type":"post","link":"https:\/\/kunmedierne.dk\/mors\/hele-nationens-noerd-kommer-til-mors\/","title":{"rendered":"Hele nationens n\u00f8rd kommer til Mors"},"content":{"rendered":"<p><strong>NYK\u00d8BING<\/strong>: Han er kendt for begejstring for gadgets og n\u00f8rdede viden om nye opfindelser til hverdagen, n\u00e5r han i DR-programmet So Ein Ding tager temperaturen p\u00e5 nutidens og fremtidens trends.<\/p>\n<p>Og nu kommer han til Mors. 21. marts holder Nikolaj Sonne foredrag i Teatersalen p\u00e5 Limfjordsvej i Nyk\u00f8bing. Og arrang\u00f8rerne fra JCI Mors ser frem til at invitere resten af \u00f8en med.<\/p>\n<p>&#8220;Vi har valgt at \u00e5bne d\u00f8rene til foredraget med Nikolaj Sonne, s\u00e5 endnu flere kan f\u00e5 et indblik i gadgetekspertens store viden om, hvordan fremtiden er forbundet, og samtidig blive inspireret til at g\u00f8re arbejdsdagen smartere,&#8221; fort\u00e6ller kongresdirekt\u00f8r Charlotte Overgaard fra JCI Mors.<\/p>\n<p>&#8220;Vi skal h\u00f8re om alt fra droner til digitale assistenter og kunstig intelligens. Vi f\u00e5r s\u00e5ledes et sp\u00e6ndende kig i krystalkuglen, n\u00e5r Nikolaj fort\u00e6ller om teknologiens udvikling og betydning for vores fremtid. Det bliver leveret i \u00f8jenh\u00f8jde og p\u00e5 en letforst\u00e5elig m\u00e5de, s\u00e5 alle uanset teknisk niveau kan v\u00e6re med,&#8221; tilf\u00f8jer hun.<\/p>\n<div id=\"attachment_3374\" style=\"width: 310px\" class=\"wp-caption alignright\"><img loading=\"lazy\" decoding=\"async\" aria-describedby=\"caption-attachment-3374\" class=\"size-medium wp-image-3374\" src=\"https:\/\/kunmedierne.dk\/mors\/wp-content\/uploads\/2020\/01\/200126-Charlotte-Overgaard-Clausen-pressefoto-300x169.jpg\" alt=\"\" width=\"300\" height=\"169\" srcset=\"https:\/\/kunmedierne.dk\/mors\/wp-content\/uploads\/2020\/01\/200126-Charlotte-Overgaard-Clausen-pressefoto-300x169.jpg 300w, https:\/\/kunmedierne.dk\/mors\/wp-content\/uploads\/2020\/01\/200126-Charlotte-Overgaard-Clausen-pressefoto-768x432.jpg 768w, https:\/\/kunmedierne.dk\/mors\/wp-content\/uploads\/2020\/01\/200126-Charlotte-Overgaard-Clausen-pressefoto-600x337.jpg 600w, https:\/\/kunmedierne.dk\/mors\/wp-content\/uploads\/2020\/01\/200126-Charlotte-Overgaard-Clausen-pressefoto.jpg 770w\" sizes=\"auto, (max-width: 300px) 100vw, 300px\" \/><p id=\"caption-attachment-3374\" class=\"wp-caption-text\">Charlotte Overgaard Clausen.<\/p><\/div>\n<p><strong>For de ressourcest\u00e6rke<br \/>\n<\/strong>JCI Mors er den lokale afdeling af <span style=\"display: inline !important; float: none; background-color: #ffffff; color: #111111; font-family: 'Open Sans',sans-serif; font-size: 100%; font-style: normal; font-variant: normal; font-weight: 400; letter-spacing: normal; orphans: 3; text-align: left; text-decoration: none; text-indent: 0px; text-transform: none; -webkit-text-stroke-width: 0px; white-space: normal; widows: 3; word-spacing: 0px;\">Junior Chamber International &#8211; et internationalt netv\u00e6rk med flere end 175.000 medlemmer i mere end 100 lande for ressourcest\u00e6rke og ambiti\u00f8se mennesker mellem 18 og 40 \u00e5r. Og bes\u00f8get fra Nikolaj Sonne skal ses i det lys, at de lokale JCI&#8217;ere med temaet &#8220;Size Matters&#8221; i dagene 21.-22. marts er v\u00e6rt for den \u00e5rlige for\u00e5rskongres for medlemmer i hele landet.<\/span><\/p>\n<p>&#8220;Vi vil gerne modbevise id\u00e9en om, at n\u00e5r noget er stort, s\u00e5 er det automatisk godt. Derfor har vi inviteret Nikolaj Sonne til at kickstarte vores kongres med et indblik i, hvad det betyder, n\u00e5r teknologien ikke blot bliver mindre, men n\u00e6rmest usynlig og integreret i alting \u2013 snart ogs\u00e5 i mennesker,&#8221; siger Charlotte Overgaard.<\/p>\n<p>Efter foredraget er der mulighed for at spise tapas og netv\u00e6rke med de \u00f8vrige deltagere.<\/p>\n","protected":false},"excerpt":{"rendered":"<p>NYK\u00d8BING: Han er kendt for begejstring for gadgets og n\u00f8rdede viden om nye opfindelser til hverdagen, n\u00e5r han i DR-programmet So Ein Ding tager temperaturen p\u00e5 nutidens og fremtidens trends. Og nu kommer han til Mors. 21. marts holder Nikolaj Sonne foredrag i Teatersalen p\u00e5 Limfjordsvej i Nyk\u00f8bing. Og arrang\u00f8rerne fra JCI Mors ser frem [&hellip;]<\/p>\n","protected":false},"author":8,"featured_media":3373,"comment_status":"open","ping_status":"open","sticky":false,"template":"","format":"standard","meta":{"_acf_changed":false,"footnotes":""},"categories":[51],"tags":[],"class_list":["post-3372","post","type-post","status-publish","format-standard","has-post-thumbnail","hentry","category-lokalt"],"acf":[],"yoast_head":"<!-- This site is optimized with the Yoast SEO plugin v26.8 - https:\/\/yoast.com\/product\/yoast-seo-wordpress\/ -->\n<title>Hele nationens n\u00f8rd kommer til Mors - Mors<\/title>\n<meta name=\"robots\" content=\"index, follow, max-snippet:-1, max-image-preview:large, max-video-preview:-1\" \/>\n<link rel=\"canonical\" href=\"https:\/\/kunmedierne.dk\/mors\/hele-nationens-noerd-kommer-til-mors\/\" \/>\n<meta property=\"og:locale\" content=\"da_DK\" \/>\n<meta property=\"og:type\" content=\"article\" \/>\n<meta property=\"og:title\" content=\"Hele nationens n\u00f8rd kommer til Mors - Mors\" \/>\n<meta property=\"og:description\" content=\"NYK\u00d8BING: Han er kendt for begejstring for gadgets og n\u00f8rdede viden om nye opfindelser til hverdagen, n\u00e5r han i DR-programmet So Ein Ding tager temperaturen p\u00e5 nutidens og fremtidens trends. Og nu kommer han til Mors. 21. marts holder Nikolaj Sonne foredrag i Teatersalen p\u00e5 Limfjordsvej i Nyk\u00f8bing. Og arrang\u00f8rerne fra JCI Mors ser frem [&hellip;]\" \/>\n<meta property=\"og:url\" content=\"https:\/\/kunmedierne.dk\/mors\/hele-nationens-noerd-kommer-til-mors\/\" \/>\n<meta property=\"og:site_name\" content=\"Mors\" \/>\n<meta property=\"article:published_time\" content=\"2020-01-26T21:44:35+00:00\" \/>\n<meta property=\"article:modified_time\" content=\"2024-08-12T12:07:43+00:00\" \/>\n<meta property=\"og:image\" content=\"https:\/\/kunmedierne.dk\/mors\/wp-content\/uploads\/2020\/01\/200126-Nikolaj-Sonne-pressefoto.jpg\" \/>\n\t<meta property=\"og:image:width\" content=\"770\" \/>\n\t<meta property=\"og:image:height\" content=\"578\" \/>\n\t<meta property=\"og:image:type\" content=\"image\/jpeg\" \/>\n<meta name=\"author\" content=\"David H\u00f8jmark\" \/>\n<meta name=\"twitter:card\" content=\"summary_large_image\" \/>\n<meta name=\"twitter:label1\" content=\"Skrevet af\" \/>\n\t<meta name=\"twitter:data1\" content=\"David H\u00f8jmark\" \/>\n\t<meta name=\"twitter:label2\" content=\"Estimeret l\u00e6setid\" \/>\n\t<meta name=\"twitter:data2\" content=\"2 minutter\" \/>\n<script type=\"application\/ld+json\" class=\"yoast-schema-graph\">{\"@context\":\"https:\/\/schema.org\",\"@graph\":[{\"@type\":\"Article\",\"@id\":\"https:\/\/kunmedierne.dk\/mors\/hele-nationens-noerd-kommer-til-mors\/#article\",\"isPartOf\":{\"@id\":\"https:\/\/kunmedierne.dk\/mors\/hele-nationens-noerd-kommer-til-mors\/\"},\"author\":{\"name\":\"David H\u00f8jmark\",\"@id\":\"https:\/\/kunmedierne.dk\/mors\/#\/schema\/person\/5fe23251bf1d0abbcdc6f7896579d548\"},\"headline\":\"Hele nationens n\u00f8rd kommer til Mors\",\"datePublished\":\"2020-01-26T21:44:35+00:00\",\"dateModified\":\"2024-08-12T12:07:43+00:00\",\"mainEntityOfPage\":{\"@id\":\"https:\/\/kunmedierne.dk\/mors\/hele-nationens-noerd-kommer-til-mors\/\"},\"wordCount\":341,\"commentCount\":0,\"publisher\":{\"@id\":\"https:\/\/kunmedierne.dk\/mors\/#organization\"},\"image\":{\"@id\":\"https:\/\/kunmedierne.dk\/mors\/hele-nationens-noerd-kommer-til-mors\/#primaryimage\"},\"thumbnailUrl\":\"https:\/\/kunmedierne.dk\/mors\/wp-content\/uploads\/2020\/01\/200126-Nikolaj-Sonne-pressefoto.jpg\",\"articleSection\":[\"Lokalt\"],\"inLanguage\":\"da-DK\",\"potentialAction\":[{\"@type\":\"CommentAction\",\"name\":\"Comment\",\"target\":[\"https:\/\/kunmedierne.dk\/mors\/hele-nationens-noerd-kommer-til-mors\/#respond\"]}]},{\"@type\":\"WebPage\",\"@id\":\"https:\/\/kunmedierne.dk\/mors\/hele-nationens-noerd-kommer-til-mors\/\",\"url\":\"https:\/\/kunmedierne.dk\/mors\/hele-nationens-noerd-kommer-til-mors\/\",\"name\":\"Hele nationens n\u00f8rd kommer til Mors - Mors\",\"isPartOf\":{\"@id\":\"https:\/\/kunmedierne.dk\/mors\/#website\"},\"primaryImageOfPage\":{\"@id\":\"https:\/\/kunmedierne.dk\/mors\/hele-nationens-noerd-kommer-til-mors\/#primaryimage\"},\"image\":{\"@id\":\"https:\/\/kunmedierne.dk\/mors\/hele-nationens-noerd-kommer-til-mors\/#primaryimage\"},\"thumbnailUrl\":\"https:\/\/kunmedierne.dk\/mors\/wp-content\/uploads\/2020\/01\/200126-Nikolaj-Sonne-pressefoto.jpg\",\"datePublished\":\"2020-01-26T21:44:35+00:00\",\"dateModified\":\"2024-08-12T12:07:43+00:00\",\"breadcrumb\":{\"@id\":\"https:\/\/kunmedierne.dk\/mors\/hele-nationens-noerd-kommer-til-mors\/#breadcrumb\"},\"inLanguage\":\"da-DK\",\"potentialAction\":[{\"@type\":\"ReadAction\",\"target\":[\"https:\/\/kunmedierne.dk\/mors\/hele-nationens-noerd-kommer-til-mors\/\"]}]},{\"@type\":\"ImageObject\",\"inLanguage\":\"da-DK\",\"@id\":\"https:\/\/kunmedierne.dk\/mors\/hele-nationens-noerd-kommer-til-mors\/#primaryimage\",\"url\":\"https:\/\/kunmedierne.dk\/mors\/wp-content\/uploads\/2020\/01\/200126-Nikolaj-Sonne-pressefoto.jpg\",\"contentUrl\":\"https:\/\/kunmedierne.dk\/mors\/wp-content\/uploads\/2020\/01\/200126-Nikolaj-Sonne-pressefoto.jpg\",\"width\":770,\"height\":578,\"caption\":\"Nikolaj Sonne. Pressefoto\"},{\"@type\":\"BreadcrumbList\",\"@id\":\"https:\/\/kunmedierne.dk\/mors\/hele-nationens-noerd-kommer-til-mors\/#breadcrumb\",\"itemListElement\":[{\"@type\":\"ListItem\",\"position\":1,\"name\":\"Hjem\",\"item\":\"https:\/\/kunmedierne.dk\/mors\/\"},{\"@type\":\"ListItem\",\"position\":2,\"name\":\"Hele nationens n\u00f8rd kommer til Mors\"}]},{\"@type\":\"WebSite\",\"@id\":\"https:\/\/kunmedierne.dk\/mors\/#website\",\"url\":\"https:\/\/kunmedierne.dk\/mors\/\",\"name\":\"Mors\",\"description\":\"et netmedie med journalistik om livet p\u00e5 Mors\",\"publisher\":{\"@id\":\"https:\/\/kunmedierne.dk\/mors\/#organization\"},\"potentialAction\":[{\"@type\":\"SearchAction\",\"target\":{\"@type\":\"EntryPoint\",\"urlTemplate\":\"https:\/\/kunmedierne.dk\/mors\/?s={search_term_string}\"},\"query-input\":{\"@type\":\"PropertyValueSpecification\",\"valueRequired\":true,\"valueName\":\"search_term_string\"}}],\"inLanguage\":\"da-DK\"},{\"@type\":\"Organization\",\"@id\":\"https:\/\/kunmedierne.dk\/mors\/#organization\",\"name\":\"Mors\",\"url\":\"https:\/\/kunmedierne.dk\/mors\/\",\"logo\":{\"@type\":\"ImageObject\",\"inLanguage\":\"da-DK\",\"@id\":\"https:\/\/kunmedierne.dk\/mors\/#\/schema\/logo\/image\/\",\"url\":\"https:\/\/kunmedierne.dk\/mors\/wp-content\/uploads\/2024\/08\/kunmors-logo.svg\",\"contentUrl\":\"https:\/\/kunmedierne.dk\/mors\/wp-content\/uploads\/2024\/08\/kunmors-logo.svg\",\"caption\":\"Mors\"},\"image\":{\"@id\":\"https:\/\/kunmedierne.dk\/mors\/#\/schema\/logo\/image\/\"}},{\"@type\":\"Person\",\"@id\":\"https:\/\/kunmedierne.dk\/mors\/#\/schema\/person\/5fe23251bf1d0abbcdc6f7896579d548\",\"name\":\"David H\u00f8jmark\",\"image\":{\"@type\":\"ImageObject\",\"inLanguage\":\"da-DK\",\"@id\":\"https:\/\/kunmedierne.dk\/mors\/#\/schema\/person\/image\/\",\"url\":\"https:\/\/secure.gravatar.com\/avatar\/4315d6fb9ef244d729989f5f90268eb08d5bf8a3d84402f595fa194bb35784fd?s=96&d=mm&r=g\",\"contentUrl\":\"https:\/\/secure.gravatar.com\/avatar\/4315d6fb9ef244d729989f5f90268eb08d5bf8a3d84402f595fa194bb35784fd?s=96&d=mm&r=g\",\"caption\":\"David H\u00f8jmark\"},\"sameAs\":[\"https:\/\/www.kunmedierne.dk\"],\"url\":\"https:\/\/kunmedierne.dk\/mors\/author\/david\/\"}]}<\/script>\n<!-- \/ Yoast SEO plugin. -->","yoast_head_json":{"title":"Hele nationens n\u00f8rd kommer til Mors - Mors","robots":{"index":"index","follow":"follow","max-snippet":"max-snippet:-1","max-image-preview":"max-image-preview:large","max-video-preview":"max-video-preview:-1"},"canonical":"https:\/\/kunmedierne.dk\/mors\/hele-nationens-noerd-kommer-til-mors\/","og_locale":"da_DK","og_type":"article","og_title":"Hele nationens n\u00f8rd kommer til Mors - Mors","og_description":"NYK\u00d8BING: Han er kendt for begejstring for gadgets og n\u00f8rdede viden om nye opfindelser til hverdagen, n\u00e5r han i DR-programmet So Ein Ding tager temperaturen p\u00e5 nutidens og fremtidens trends. Og nu kommer han til Mors. 21. marts holder Nikolaj Sonne foredrag i Teatersalen p\u00e5 Limfjordsvej i Nyk\u00f8bing. Og arrang\u00f8rerne fra JCI Mors ser frem [&hellip;]","og_url":"https:\/\/kunmedierne.dk\/mors\/hele-nationens-noerd-kommer-til-mors\/","og_site_name":"Mors","article_published_time":"2020-01-26T21:44:35+00:00","article_modified_time":"2024-08-12T12:07:43+00:00","og_image":[{"width":770,"height":578,"url":"https:\/\/kunmedierne.dk\/mors\/wp-content\/uploads\/2020\/01\/200126-Nikolaj-Sonne-pressefoto.jpg","type":"image\/jpeg"}],"author":"David H\u00f8jmark","twitter_card":"summary_large_image","twitter_misc":{"Skrevet af":"David H\u00f8jmark","Estimeret l\u00e6setid":"2 minutter"},"schema":{"@context":"https:\/\/schema.org","@graph":[{"@type":"Article","@id":"https:\/\/kunmedierne.dk\/mors\/hele-nationens-noerd-kommer-til-mors\/#article","isPartOf":{"@id":"https:\/\/kunmedierne.dk\/mors\/hele-nationens-noerd-kommer-til-mors\/"},"author":{"name":"David H\u00f8jmark","@id":"https:\/\/kunmedierne.dk\/mors\/#\/schema\/person\/5fe23251bf1d0abbcdc6f7896579d548"},"headline":"Hele nationens n\u00f8rd kommer til Mors","datePublished":"2020-01-26T21:44:35+00:00","dateModified":"2024-08-12T12:07:43+00:00","mainEntityOfPage":{"@id":"https:\/\/kunmedierne.dk\/mors\/hele-nationens-noerd-kommer-til-mors\/"},"wordCount":341,"commentCount":0,"publisher":{"@id":"https:\/\/kunmedierne.dk\/mors\/#organization"},"image":{"@id":"https:\/\/kunmedierne.dk\/mors\/hele-nationens-noerd-kommer-til-mors\/#primaryimage"},"thumbnailUrl":"https:\/\/kunmedierne.dk\/mors\/wp-content\/uploads\/2020\/01\/200126-Nikolaj-Sonne-pressefoto.jpg","articleSection":["Lokalt"],"inLanguage":"da-DK","potentialAction":[{"@type":"CommentAction","name":"Comment","target":["https:\/\/kunmedierne.dk\/mors\/hele-nationens-noerd-kommer-til-mors\/#respond"]}]},{"@type":"WebPage","@id":"https:\/\/kunmedierne.dk\/mors\/hele-nationens-noerd-kommer-til-mors\/","url":"https:\/\/kunmedierne.dk\/mors\/hele-nationens-noerd-kommer-til-mors\/","name":"Hele nationens n\u00f8rd kommer til Mors - Mors","isPartOf":{"@id":"https:\/\/kunmedierne.dk\/mors\/#website"},"primaryImageOfPage":{"@id":"https:\/\/kunmedierne.dk\/mors\/hele-nationens-noerd-kommer-til-mors\/#primaryimage"},"image":{"@id":"https:\/\/kunmedierne.dk\/mors\/hele-nationens-noerd-kommer-til-mors\/#primaryimage"},"thumbnailUrl":"https:\/\/kunmedierne.dk\/mors\/wp-content\/uploads\/2020\/01\/200126-Nikolaj-Sonne-pressefoto.jpg","datePublished":"2020-01-26T21:44:35+00:00","dateModified":"2024-08-12T12:07:43+00:00","breadcrumb":{"@id":"https:\/\/kunmedierne.dk\/mors\/hele-nationens-noerd-kommer-til-mors\/#breadcrumb"},"inLanguage":"da-DK","potentialAction":[{"@type":"ReadAction","target":["https:\/\/kunmedierne.dk\/mors\/hele-nationens-noerd-kommer-til-mors\/"]}]},{"@type":"ImageObject","inLanguage":"da-DK","@id":"https:\/\/kunmedierne.dk\/mors\/hele-nationens-noerd-kommer-til-mors\/#primaryimage","url":"https:\/\/kunmedierne.dk\/mors\/wp-content\/uploads\/2020\/01\/200126-Nikolaj-Sonne-pressefoto.jpg","contentUrl":"https:\/\/kunmedierne.dk\/mors\/wp-content\/uploads\/2020\/01\/200126-Nikolaj-Sonne-pressefoto.jpg","width":770,"height":578,"caption":"Nikolaj Sonne. Pressefoto"},{"@type":"BreadcrumbList","@id":"https:\/\/kunmedierne.dk\/mors\/hele-nationens-noerd-kommer-til-mors\/#breadcrumb","itemListElement":[{"@type":"ListItem","position":1,"name":"Hjem","item":"https:\/\/kunmedierne.dk\/mors\/"},{"@type":"ListItem","position":2,"name":"Hele nationens n\u00f8rd kommer til Mors"}]},{"@type":"WebSite","@id":"https:\/\/kunmedierne.dk\/mors\/#website","url":"https:\/\/kunmedierne.dk\/mors\/","name":"Mors","description":"et netmedie med journalistik om livet p\u00e5 Mors","publisher":{"@id":"https:\/\/kunmedierne.dk\/mors\/#organization"},"potentialAction":[{"@type":"SearchAction","target":{"@type":"EntryPoint","urlTemplate":"https:\/\/kunmedierne.dk\/mors\/?s={search_term_string}"},"query-input":{"@type":"PropertyValueSpecification","valueRequired":true,"valueName":"search_term_string"}}],"inLanguage":"da-DK"},{"@type":"Organization","@id":"https:\/\/kunmedierne.dk\/mors\/#organization","name":"Mors","url":"https:\/\/kunmedierne.dk\/mors\/","logo":{"@type":"ImageObject","inLanguage":"da-DK","@id":"https:\/\/kunmedierne.dk\/mors\/#\/schema\/logo\/image\/","url":"https:\/\/kunmedierne.dk\/mors\/wp-content\/uploads\/2024\/08\/kunmors-logo.svg","contentUrl":"https:\/\/kunmedierne.dk\/mors\/wp-content\/uploads\/2024\/08\/kunmors-logo.svg","caption":"Mors"},"image":{"@id":"https:\/\/kunmedierne.dk\/mors\/#\/schema\/logo\/image\/"}},{"@type":"Person","@id":"https:\/\/kunmedierne.dk\/mors\/#\/schema\/person\/5fe23251bf1d0abbcdc6f7896579d548","name":"David H\u00f8jmark","image":{"@type":"ImageObject","inLanguage":"da-DK","@id":"https:\/\/kunmedierne.dk\/mors\/#\/schema\/person\/image\/","url":"https:\/\/secure.gravatar.com\/avatar\/4315d6fb9ef244d729989f5f90268eb08d5bf8a3d84402f595fa194bb35784fd?s=96&d=mm&r=g","contentUrl":"https:\/\/secure.gravatar.com\/avatar\/4315d6fb9ef244d729989f5f90268eb08d5bf8a3d84402f595fa194bb35784fd?s=96&d=mm&r=g","caption":"David H\u00f8jmark"},"sameAs":["https:\/\/www.kunmedierne.dk"],"url":"https:\/\/kunmedierne.dk\/mors\/author\/david\/"}]}},"_links":{"self":[{"href":"https:\/\/kunmedierne.dk\/mors\/wp-json\/wp\/v2\/posts\/3372","targetHints":{"allow":["GET"]}}],"collection":[{"href":"https:\/\/kunmedierne.dk\/mors\/wp-json\/wp\/v2\/posts"}],"about":[{"href":"https:\/\/kunmedierne.dk\/mors\/wp-json\/wp\/v2\/types\/post"}],"author":[{"embeddable":true,"href":"https:\/\/kunmedierne.dk\/mors\/wp-json\/wp\/v2\/users\/8"}],"replies":[{"embeddable":true,"href":"https:\/\/kunmedierne.dk\/mors\/wp-json\/wp\/v2\/comments?post=3372"}],"version-history":[{"count":5,"href":"https:\/\/kunmedierne.dk\/mors\/wp-json\/wp\/v2\/posts\/3372\/revisions"}],"predecessor-version":[{"id":3379,"href":"https:\/\/kunmedierne.dk\/mors\/wp-json\/wp\/v2\/posts\/3372\/revisions\/3379"}],"wp:featuredmedia":[{"embeddable":true,"href":"https:\/\/kunmedierne.dk\/mors\/wp-json\/wp\/v2\/media\/3373"}],"wp:attachment":[{"href":"https:\/\/kunmedierne.dk\/mors\/wp-json\/wp\/v2\/media?parent=3372"}],"wp:term":[{"taxonomy":"category","embeddable":true,"href":"https:\/\/kunmedierne.dk\/mors\/wp-json\/wp\/v2\/categories?post=3372"},{"taxonomy":"post_tag","embeddable":true,"href":"https:\/\/kunmedierne.dk\/mors\/wp-json\/wp\/v2\/tags?post=3372"}],"curies":[{"name":"wp","href":"https:\/\/api.w.org\/{rel}","templated":true}]}}