{"id":33316,"date":"2020-10-12T13:02:45","date_gmt":"2020-10-12T11:02:45","guid":{"rendered":"https:\/\/kunmedierne.dk\/mors\/?p=33316"},"modified":"2024-08-12T13:44:02","modified_gmt":"2024-08-12T11:44:02","slug":"25-aars-reglen-ophaeves","status":"publish","type":"post","link":"https:\/\/kunmedierne.dk\/mors\/25-aars-reglen-ophaeves\/","title":{"rendered":"25 \u00e5rs-reglen oph\u00e6ves"},"content":{"rendered":"<p><em>Fra Tage Andersen og Lene Svenningsen, medlemmer af kommunalbestyrelsen for Venstre, har vi modtaget:<\/em><\/p>\n<hr \/>\n<p>Det skulle v\u00e6re s\u00e5 sundt at holde sig i gang, hvad enten man er barn eller voksen. Indtil nu har det dog ikke v\u00e6ret s\u00e6rligt fordelagtigt\u00a0for foreningerne, at voksne har dyrket motion i Mors\u00f8 Kommune. En ulempe ved 25 \u00e5rs reglen var, at en foreninger fik reduceret i lokaletilskuddet, alene fordi foreningerne fik flere medlemmer over 25 \u00e5r. Medlemmer som man ikke fik tilskud til. Der er s\u00e5ledes intet incitament for foreningerne til at igangs\u00e6tte nye aktiviteter for voksne.<strong>\u00a0<\/strong><\/p>\n<p>Det bliver der nu. Kommunalbestyrelsen vedtog tirsdag den 15.september 2020 at afskaffe 25 \u00e5rs-reglen, hvilket betyder, at kommunen nu yder tilskud til foreninger uanset aldersfordeling.<\/p>\n<p>Dog med nogle f\u00e5 undtagelser s\u00e5som Squash, Golf og Fitness. Det ER STORT, endda k\u00e6mpestort, at vi har godkendt en indstilling fra Folkeoplysningsudvalget, som vi begge to sidder i, at reglen nu er afskaffet. Vi har l\u00e6nge \u00f8nsket at fjerne reglen, men det er f\u00f8rst i denne valgperiode, at det har v\u00e6ret muligt at finde opbakning til det. Men det havde ikke kunnet lade sig g\u00f8re uden et flot stykke arbejde fra administrationen.<\/p>\n<p>Vi h\u00e5ber p\u00e5, at afskaffelsen af 25 \u00e5rs-reglen vil give foreningerne et st\u00f8rre incitament til at udvikle flere aktiviteter for alle aldersgrupper. Det vil medvirke til, at flere borgere vil motionere og dermed bliver sundere og f\u00e5 f\u00e6rre livstilssygdomme. Det kommer os alle til gavn i kommunen senere og tilbagebetales med sunde og aktive borgere.<\/p>\n<p>Som kommune skal vi ikke straffe foreningerne, men i stedet bakke op om\u00a0at have sunde og aktive borgere i alle aldersgrupper.<br \/>\nDet HER er et skulderklap til foreningerne og ikke mindst de Frivillige. Det gavner b\u00e5de folkeoplysning og folkesundheden.<\/p>\n<p>Tillykke til Mors, Tillykke til Foreningerne som hverdag yder et formidabelt stykke arbejde for b\u00f8rn -unge og voksne, Tillykke til de frivillige som er \u00d8ens DNA uden jer var vi alle ilde stedt og ikke det Mors vi elsker. Denne beslutning er et Skulderklap til Jer Alle.<\/p>\n<hr \/>\n<p><em>Har du et bidrag til den lokale debat? Send det til os p\u00e5 e-mail: debat@kunmedierne.dk\/mors. Husk at l\u00e6se korrektur inden afsendelse p\u00e5 indl\u00e6gget.<\/em><\/p>\n","protected":false},"excerpt":{"rendered":"<p>Fra Tage Andersen og Lene Svenningsen, medlemmer af kommunalbestyrelsen for Venstre, har vi modtaget: Det skulle v\u00e6re s\u00e5 sundt at holde sig i gang, hvad enten man er barn eller voksen. Indtil nu har det dog ikke v\u00e6ret s\u00e6rligt fordelagtigt\u00a0for foreningerne, at voksne har dyrket motion i Mors\u00f8 Kommune. En ulempe ved 25 \u00e5rs reglen [&hellip;]<\/p>\n","protected":false},"author":11,"featured_media":33317,"comment_status":"open","ping_status":"open","sticky":false,"template":"","format":"standard","meta":{"_acf_changed":false,"footnotes":""},"categories":[56],"tags":[167],"class_list":["post-33316","post","type-post","status-publish","format-standard","has-post-thumbnail","hentry","category-debat","tag-politik"],"acf":[],"yoast_head":"<!-- This site is optimized with the Yoast SEO plugin v26.8 - https:\/\/yoast.com\/product\/yoast-seo-wordpress\/ -->\n<title>25 \u00e5rs-reglen oph\u00e6ves - Mors<\/title>\n<meta name=\"robots\" content=\"index, follow, max-snippet:-1, max-image-preview:large, max-video-preview:-1\" \/>\n<link rel=\"canonical\" href=\"https:\/\/kunmedierne.dk\/mors\/25-aars-reglen-ophaeves\/\" \/>\n<meta property=\"og:locale\" content=\"da_DK\" \/>\n<meta property=\"og:type\" content=\"article\" \/>\n<meta property=\"og:title\" content=\"25 \u00e5rs-reglen oph\u00e6ves - Mors\" \/>\n<meta property=\"og:description\" content=\"Fra Tage Andersen og Lene Svenningsen, medlemmer af kommunalbestyrelsen for Venstre, har vi modtaget: Det skulle v\u00e6re s\u00e5 sundt at holde sig i gang, hvad enten man er barn eller voksen. Indtil nu har det dog ikke v\u00e6ret s\u00e6rligt fordelagtigt\u00a0for foreningerne, at voksne har dyrket motion i Mors\u00f8 Kommune. En ulempe ved 25 \u00e5rs reglen [&hellip;]\" \/>\n<meta property=\"og:url\" content=\"https:\/\/kunmedierne.dk\/mors\/25-aars-reglen-ophaeves\/\" \/>\n<meta property=\"og:site_name\" content=\"Mors\" \/>\n<meta property=\"article:published_time\" content=\"2020-10-12T11:02:45+00:00\" \/>\n<meta property=\"article:modified_time\" content=\"2024-08-12T11:44:02+00:00\" \/>\n<meta property=\"og:image\" content=\"https:\/\/kunmedierne.dk\/mors\/wp-content\/uploads\/2020\/10\/0-debat-andersen-svenningsen.jpg\" \/>\n\t<meta property=\"og:image:width\" content=\"770\" \/>\n\t<meta property=\"og:image:height\" content=\"513\" \/>\n\t<meta property=\"og:image:type\" content=\"image\/jpeg\" \/>\n<meta name=\"author\" content=\"Debat\" \/>\n<meta name=\"twitter:card\" content=\"summary_large_image\" \/>\n<meta name=\"twitter:label1\" content=\"Skrevet af\" \/>\n\t<meta name=\"twitter:data1\" content=\"Debat\" \/>\n\t<meta name=\"twitter:label2\" content=\"Estimeret l\u00e6setid\" \/>\n\t<meta name=\"twitter:data2\" content=\"2 minutter\" \/>\n<script type=\"application\/ld+json\" class=\"yoast-schema-graph\">{\"@context\":\"https:\/\/schema.org\",\"@graph\":[{\"@type\":\"Article\",\"@id\":\"https:\/\/kunmedierne.dk\/mors\/25-aars-reglen-ophaeves\/#article\",\"isPartOf\":{\"@id\":\"https:\/\/kunmedierne.dk\/mors\/25-aars-reglen-ophaeves\/\"},\"author\":{\"name\":\"Debat\",\"@id\":\"https:\/\/kunmedierne.dk\/mors\/#\/schema\/person\/84c1391bce0b43b9bb3a49736bc0ad78\"},\"headline\":\"25 \u00e5rs-reglen oph\u00e6ves\",\"datePublished\":\"2020-10-12T11:02:45+00:00\",\"dateModified\":\"2024-08-12T11:44:02+00:00\",\"mainEntityOfPage\":{\"@id\":\"https:\/\/kunmedierne.dk\/mors\/25-aars-reglen-ophaeves\/\"},\"wordCount\":376,\"commentCount\":0,\"publisher\":{\"@id\":\"https:\/\/kunmedierne.dk\/mors\/#organization\"},\"image\":{\"@id\":\"https:\/\/kunmedierne.dk\/mors\/25-aars-reglen-ophaeves\/#primaryimage\"},\"thumbnailUrl\":\"https:\/\/kunmedierne.dk\/mors\/wp-content\/uploads\/2020\/10\/0-debat-andersen-svenningsen.jpg\",\"keywords\":[\"Politik\"],\"articleSection\":[\"Debat\"],\"inLanguage\":\"da-DK\",\"potentialAction\":[{\"@type\":\"CommentAction\",\"name\":\"Comment\",\"target\":[\"https:\/\/kunmedierne.dk\/mors\/25-aars-reglen-ophaeves\/#respond\"]}]},{\"@type\":\"WebPage\",\"@id\":\"https:\/\/kunmedierne.dk\/mors\/25-aars-reglen-ophaeves\/\",\"url\":\"https:\/\/kunmedierne.dk\/mors\/25-aars-reglen-ophaeves\/\",\"name\":\"25 \u00e5rs-reglen oph\u00e6ves - Mors\",\"isPartOf\":{\"@id\":\"https:\/\/kunmedierne.dk\/mors\/#website\"},\"primaryImageOfPage\":{\"@id\":\"https:\/\/kunmedierne.dk\/mors\/25-aars-reglen-ophaeves\/#primaryimage\"},\"image\":{\"@id\":\"https:\/\/kunmedierne.dk\/mors\/25-aars-reglen-ophaeves\/#primaryimage\"},\"thumbnailUrl\":\"https:\/\/kunmedierne.dk\/mors\/wp-content\/uploads\/2020\/10\/0-debat-andersen-svenningsen.jpg\",\"datePublished\":\"2020-10-12T11:02:45+00:00\",\"dateModified\":\"2024-08-12T11:44:02+00:00\",\"breadcrumb\":{\"@id\":\"https:\/\/kunmedierne.dk\/mors\/25-aars-reglen-ophaeves\/#breadcrumb\"},\"inLanguage\":\"da-DK\",\"potentialAction\":[{\"@type\":\"ReadAction\",\"target\":[\"https:\/\/kunmedierne.dk\/mors\/25-aars-reglen-ophaeves\/\"]}]},{\"@type\":\"ImageObject\",\"inLanguage\":\"da-DK\",\"@id\":\"https:\/\/kunmedierne.dk\/mors\/25-aars-reglen-ophaeves\/#primaryimage\",\"url\":\"https:\/\/kunmedierne.dk\/mors\/wp-content\/uploads\/2020\/10\/0-debat-andersen-svenningsen.jpg\",\"contentUrl\":\"https:\/\/kunmedierne.dk\/mors\/wp-content\/uploads\/2020\/10\/0-debat-andersen-svenningsen.jpg\",\"width\":770,\"height\":513,\"caption\":\"Foto: Per Bech\/Mors\u00f8 Kommune\"},{\"@type\":\"BreadcrumbList\",\"@id\":\"https:\/\/kunmedierne.dk\/mors\/25-aars-reglen-ophaeves\/#breadcrumb\",\"itemListElement\":[{\"@type\":\"ListItem\",\"position\":1,\"name\":\"Hjem\",\"item\":\"https:\/\/kunmedierne.dk\/mors\/\"},{\"@type\":\"ListItem\",\"position\":2,\"name\":\"25 \u00e5rs-reglen oph\u00e6ves\"}]},{\"@type\":\"WebSite\",\"@id\":\"https:\/\/kunmedierne.dk\/mors\/#website\",\"url\":\"https:\/\/kunmedierne.dk\/mors\/\",\"name\":\"Mors\",\"description\":\"et netmedie med journalistik om livet p\u00e5 Mors\",\"publisher\":{\"@id\":\"https:\/\/kunmedierne.dk\/mors\/#organization\"},\"potentialAction\":[{\"@type\":\"SearchAction\",\"target\":{\"@type\":\"EntryPoint\",\"urlTemplate\":\"https:\/\/kunmedierne.dk\/mors\/?s={search_term_string}\"},\"query-input\":{\"@type\":\"PropertyValueSpecification\",\"valueRequired\":true,\"valueName\":\"search_term_string\"}}],\"inLanguage\":\"da-DK\"},{\"@type\":\"Organization\",\"@id\":\"https:\/\/kunmedierne.dk\/mors\/#organization\",\"name\":\"Mors\",\"url\":\"https:\/\/kunmedierne.dk\/mors\/\",\"logo\":{\"@type\":\"ImageObject\",\"inLanguage\":\"da-DK\",\"@id\":\"https:\/\/kunmedierne.dk\/mors\/#\/schema\/logo\/image\/\",\"url\":\"https:\/\/kunmedierne.dk\/mors\/wp-content\/uploads\/2024\/08\/kunmors-logo.svg\",\"contentUrl\":\"https:\/\/kunmedierne.dk\/mors\/wp-content\/uploads\/2024\/08\/kunmors-logo.svg\",\"caption\":\"Mors\"},\"image\":{\"@id\":\"https:\/\/kunmedierne.dk\/mors\/#\/schema\/logo\/image\/\"}},{\"@type\":\"Person\",\"@id\":\"https:\/\/kunmedierne.dk\/mors\/#\/schema\/person\/84c1391bce0b43b9bb3a49736bc0ad78\",\"name\":\"Debat\",\"image\":{\"@type\":\"ImageObject\",\"inLanguage\":\"da-DK\",\"@id\":\"https:\/\/kunmedierne.dk\/mors\/#\/schema\/person\/image\/\",\"url\":\"https:\/\/secure.gravatar.com\/avatar\/b0fb2e221d618f7c65162ab0d49c7e8a0b580c871ca03af90e42b47b4150654c?s=96&d=mm&r=g\",\"contentUrl\":\"https:\/\/secure.gravatar.com\/avatar\/b0fb2e221d618f7c65162ab0d49c7e8a0b580c871ca03af90e42b47b4150654c?s=96&d=mm&r=g\",\"caption\":\"Debat\"},\"url\":\"https:\/\/kunmedierne.dk\/mors\/author\/debat\/\"}]}<\/script>\n<!-- \/ Yoast SEO plugin. -->","yoast_head_json":{"title":"25 \u00e5rs-reglen oph\u00e6ves - Mors","robots":{"index":"index","follow":"follow","max-snippet":"max-snippet:-1","max-image-preview":"max-image-preview:large","max-video-preview":"max-video-preview:-1"},"canonical":"https:\/\/kunmedierne.dk\/mors\/25-aars-reglen-ophaeves\/","og_locale":"da_DK","og_type":"article","og_title":"25 \u00e5rs-reglen oph\u00e6ves - Mors","og_description":"Fra Tage Andersen og Lene Svenningsen, medlemmer af kommunalbestyrelsen for Venstre, har vi modtaget: Det skulle v\u00e6re s\u00e5 sundt at holde sig i gang, hvad enten man er barn eller voksen. Indtil nu har det dog ikke v\u00e6ret s\u00e6rligt fordelagtigt\u00a0for foreningerne, at voksne har dyrket motion i Mors\u00f8 Kommune. En ulempe ved 25 \u00e5rs reglen [&hellip;]","og_url":"https:\/\/kunmedierne.dk\/mors\/25-aars-reglen-ophaeves\/","og_site_name":"Mors","article_published_time":"2020-10-12T11:02:45+00:00","article_modified_time":"2024-08-12T11:44:02+00:00","og_image":[{"width":770,"height":513,"url":"https:\/\/kunmedierne.dk\/mors\/wp-content\/uploads\/2020\/10\/0-debat-andersen-svenningsen.jpg","type":"image\/jpeg"}],"author":"Debat","twitter_card":"summary_large_image","twitter_misc":{"Skrevet af":"Debat","Estimeret l\u00e6setid":"2 minutter"},"schema":{"@context":"https:\/\/schema.org","@graph":[{"@type":"Article","@id":"https:\/\/kunmedierne.dk\/mors\/25-aars-reglen-ophaeves\/#article","isPartOf":{"@id":"https:\/\/kunmedierne.dk\/mors\/25-aars-reglen-ophaeves\/"},"author":{"name":"Debat","@id":"https:\/\/kunmedierne.dk\/mors\/#\/schema\/person\/84c1391bce0b43b9bb3a49736bc0ad78"},"headline":"25 \u00e5rs-reglen oph\u00e6ves","datePublished":"2020-10-12T11:02:45+00:00","dateModified":"2024-08-12T11:44:02+00:00","mainEntityOfPage":{"@id":"https:\/\/kunmedierne.dk\/mors\/25-aars-reglen-ophaeves\/"},"wordCount":376,"commentCount":0,"publisher":{"@id":"https:\/\/kunmedierne.dk\/mors\/#organization"},"image":{"@id":"https:\/\/kunmedierne.dk\/mors\/25-aars-reglen-ophaeves\/#primaryimage"},"thumbnailUrl":"https:\/\/kunmedierne.dk\/mors\/wp-content\/uploads\/2020\/10\/0-debat-andersen-svenningsen.jpg","keywords":["Politik"],"articleSection":["Debat"],"inLanguage":"da-DK","potentialAction":[{"@type":"CommentAction","name":"Comment","target":["https:\/\/kunmedierne.dk\/mors\/25-aars-reglen-ophaeves\/#respond"]}]},{"@type":"WebPage","@id":"https:\/\/kunmedierne.dk\/mors\/25-aars-reglen-ophaeves\/","url":"https:\/\/kunmedierne.dk\/mors\/25-aars-reglen-ophaeves\/","name":"25 \u00e5rs-reglen oph\u00e6ves - Mors","isPartOf":{"@id":"https:\/\/kunmedierne.dk\/mors\/#website"},"primaryImageOfPage":{"@id":"https:\/\/kunmedierne.dk\/mors\/25-aars-reglen-ophaeves\/#primaryimage"},"image":{"@id":"https:\/\/kunmedierne.dk\/mors\/25-aars-reglen-ophaeves\/#primaryimage"},"thumbnailUrl":"https:\/\/kunmedierne.dk\/mors\/wp-content\/uploads\/2020\/10\/0-debat-andersen-svenningsen.jpg","datePublished":"2020-10-12T11:02:45+00:00","dateModified":"2024-08-12T11:44:02+00:00","breadcrumb":{"@id":"https:\/\/kunmedierne.dk\/mors\/25-aars-reglen-ophaeves\/#breadcrumb"},"inLanguage":"da-DK","potentialAction":[{"@type":"ReadAction","target":["https:\/\/kunmedierne.dk\/mors\/25-aars-reglen-ophaeves\/"]}]},{"@type":"ImageObject","inLanguage":"da-DK","@id":"https:\/\/kunmedierne.dk\/mors\/25-aars-reglen-ophaeves\/#primaryimage","url":"https:\/\/kunmedierne.dk\/mors\/wp-content\/uploads\/2020\/10\/0-debat-andersen-svenningsen.jpg","contentUrl":"https:\/\/kunmedierne.dk\/mors\/wp-content\/uploads\/2020\/10\/0-debat-andersen-svenningsen.jpg","width":770,"height":513,"caption":"Foto: Per Bech\/Mors\u00f8 Kommune"},{"@type":"BreadcrumbList","@id":"https:\/\/kunmedierne.dk\/mors\/25-aars-reglen-ophaeves\/#breadcrumb","itemListElement":[{"@type":"ListItem","position":1,"name":"Hjem","item":"https:\/\/kunmedierne.dk\/mors\/"},{"@type":"ListItem","position":2,"name":"25 \u00e5rs-reglen oph\u00e6ves"}]},{"@type":"WebSite","@id":"https:\/\/kunmedierne.dk\/mors\/#website","url":"https:\/\/kunmedierne.dk\/mors\/","name":"Mors","description":"et netmedie med journalistik om livet p\u00e5 Mors","publisher":{"@id":"https:\/\/kunmedierne.dk\/mors\/#organization"},"potentialAction":[{"@type":"SearchAction","target":{"@type":"EntryPoint","urlTemplate":"https:\/\/kunmedierne.dk\/mors\/?s={search_term_string}"},"query-input":{"@type":"PropertyValueSpecification","valueRequired":true,"valueName":"search_term_string"}}],"inLanguage":"da-DK"},{"@type":"Organization","@id":"https:\/\/kunmedierne.dk\/mors\/#organization","name":"Mors","url":"https:\/\/kunmedierne.dk\/mors\/","logo":{"@type":"ImageObject","inLanguage":"da-DK","@id":"https:\/\/kunmedierne.dk\/mors\/#\/schema\/logo\/image\/","url":"https:\/\/kunmedierne.dk\/mors\/wp-content\/uploads\/2024\/08\/kunmors-logo.svg","contentUrl":"https:\/\/kunmedierne.dk\/mors\/wp-content\/uploads\/2024\/08\/kunmors-logo.svg","caption":"Mors"},"image":{"@id":"https:\/\/kunmedierne.dk\/mors\/#\/schema\/logo\/image\/"}},{"@type":"Person","@id":"https:\/\/kunmedierne.dk\/mors\/#\/schema\/person\/84c1391bce0b43b9bb3a49736bc0ad78","name":"Debat","image":{"@type":"ImageObject","inLanguage":"da-DK","@id":"https:\/\/kunmedierne.dk\/mors\/#\/schema\/person\/image\/","url":"https:\/\/secure.gravatar.com\/avatar\/b0fb2e221d618f7c65162ab0d49c7e8a0b580c871ca03af90e42b47b4150654c?s=96&d=mm&r=g","contentUrl":"https:\/\/secure.gravatar.com\/avatar\/b0fb2e221d618f7c65162ab0d49c7e8a0b580c871ca03af90e42b47b4150654c?s=96&d=mm&r=g","caption":"Debat"},"url":"https:\/\/kunmedierne.dk\/mors\/author\/debat\/"}]}},"_links":{"self":[{"href":"https:\/\/kunmedierne.dk\/mors\/wp-json\/wp\/v2\/posts\/33316","targetHints":{"allow":["GET"]}}],"collection":[{"href":"https:\/\/kunmedierne.dk\/mors\/wp-json\/wp\/v2\/posts"}],"about":[{"href":"https:\/\/kunmedierne.dk\/mors\/wp-json\/wp\/v2\/types\/post"}],"author":[{"embeddable":true,"href":"https:\/\/kunmedierne.dk\/mors\/wp-json\/wp\/v2\/users\/11"}],"replies":[{"embeddable":true,"href":"https:\/\/kunmedierne.dk\/mors\/wp-json\/wp\/v2\/comments?post=33316"}],"version-history":[{"count":3,"href":"https:\/\/kunmedierne.dk\/mors\/wp-json\/wp\/v2\/posts\/33316\/revisions"}],"predecessor-version":[{"id":33320,"href":"https:\/\/kunmedierne.dk\/mors\/wp-json\/wp\/v2\/posts\/33316\/revisions\/33320"}],"wp:featuredmedia":[{"embeddable":true,"href":"https:\/\/kunmedierne.dk\/mors\/wp-json\/wp\/v2\/media\/33317"}],"wp:attachment":[{"href":"https:\/\/kunmedierne.dk\/mors\/wp-json\/wp\/v2\/media?parent=33316"}],"wp:term":[{"taxonomy":"category","embeddable":true,"href":"https:\/\/kunmedierne.dk\/mors\/wp-json\/wp\/v2\/categories?post=33316"},{"taxonomy":"post_tag","embeddable":true,"href":"https:\/\/kunmedierne.dk\/mors\/wp-json\/wp\/v2\/tags?post=33316"}],"curies":[{"name":"wp","href":"https:\/\/api.w.org\/{rel}","templated":true}]}}