{"id":33284,"date":"2020-10-11T18:51:29","date_gmt":"2020-10-11T16:51:29","guid":{"rendered":"https:\/\/kunmedierne.dk\/mors\/?p=33284"},"modified":"2024-08-12T13:44:02","modified_gmt":"2024-08-12T11:44:02","slug":"viggo-vangsgaard-overvejer-injuriesag","status":"publish","type":"post","link":"https:\/\/kunmedierne.dk\/mors\/viggo-vangsgaard-overvejer-injuriesag\/","title":{"rendered":"Viggo Vangsgaard overvejer injuriesag"},"content":{"rendered":"<p><strong>MORS<\/strong>: Det kan f\u00f8re til et retsligt efterspil, at viceborgmester Viggo Vangsgaard (SF) i weekenden er blevet beskyldt for seksuelle kr\u00e6nkelser.<\/p>\n<p><a href=\"https:\/\/kunmedierne.dk\/mors\/s-formand-viceborgmester-bag-seksuelle-kraenkelser\/\" target=\"_blank\" rel=\"noopener noreferrer\">L\u00f8rdag<\/a> sagde formanden for Socialdemokratiets partiforening i Nyk\u00f8bing, Svend Erik J\u00f8rgensen, til <a href=\"https:\/\/nordjyske.dk\/nyheder\/morsoe\/s-formand-viceborgmesters-exit-handlede-om-seksuelle-kraenkelser\/03826f3a-9b07-4e5e-a0f1-f24a17cd3d12\" target=\"_blank\" rel=\"noopener noreferrer\">Nordjyske Stiftstidende<\/a>, at det var p\u00e5 grund af en sag om seksuelle kr\u00e6nkelser mod dav\u00e6rende partikollega Pia Storm, at Viggo Vangsgaard i november 2019 pludseligt forlod sig parti.<\/p>\n<p>Pia Storm havde nemlig fortalt Svend Erik J\u00f8rgensen om sagen og om flere konkrete tilf\u00e6lde.<\/p>\n<p>&#8220;Viggo ben\u00e6gtede alt og truede med sagsanl\u00e6g for injurier. Han sagde, at det intet havde p\u00e5 sig, og at han ikke kunne huske eksemplerne. Jeg sagde til ham: Viggo, det her er alvorligt. Jeg giver dig valget mellem, at du selv melder dig ud af partiet og forlader byr\u00e5dsgruppen. Ellers indleder vi en eksklusion. S\u00e5 gik han med til at indg\u00e5 en aftale,&#8221; siger Svend Erik J\u00f8rgensen til avisen.<\/p>\n<p>S\u00f8ndag fort\u00e6ller Viggo Vangsgaard s\u00e5 til <a href=\"https:\/\/www.tvmidtvest.dk\/morsoe\/viceborgmester-anklages-sexchikane-nu-overvejer-han-en-injuriesag\" target=\"_blank\" rel=\"noopener noreferrer\">TV Midtvest<\/a>, at han ikke har l\u00e6st avisen, men at han ikke p\u00e5 nogen m\u00e5de kan nikke genkendende til beskyldningerne imod ham.<\/p>\n<p>&#8220;Derudover vil jeg nok overveje at snakke med en jurist p\u00e5 mandag og overveje en injuriesag. Derfor \u00f8nsker jeg faktisk ikke at udtale mig ret meget mere om sagen,&#8221; siger han.<\/p>\n<p>Nordjyske Stiftstidende fort\u00e6ller ogs\u00e5, at Viggo Vangsgaard og Pia Storm i oktober 2019 underskrev en aftale, der beskrev, at Pia Storm havde f\u00f8lt sig seksuelt kr\u00e6nket\/chikaneret af Viggo Vangsgaard &#8211; og at Viggo Vangsgaard skulle melde sig ud af partiet.<\/p>\n<p>&#8220;Jeg skrev ikke under p\u00e5, at jeg har godkendt de der chikanep\u00e5stande, hun kom med. Jeg skrev under p\u00e5, at vi skulle have ro i partiet,&#8221; siger Viggo Vangsgaard til TV Midtvest.<\/p>\n","protected":false},"excerpt":{"rendered":"<p>MORS: Det kan f\u00f8re til et retsligt efterspil, at viceborgmester Viggo Vangsgaard (SF) i weekenden er blevet beskyldt for seksuelle kr\u00e6nkelser. L\u00f8rdag sagde formanden for Socialdemokratiets partiforening i Nyk\u00f8bing, Svend Erik J\u00f8rgensen, til Nordjyske Stiftstidende, at det var p\u00e5 grund af en sag om seksuelle kr\u00e6nkelser mod dav\u00e6rende partikollega Pia Storm, at Viggo Vangsgaard i [&hellip;]<\/p>\n","protected":false},"author":8,"featured_media":11138,"comment_status":"open","ping_status":"open","sticky":false,"template":"","format":"standard","meta":{"_acf_changed":false,"footnotes":""},"categories":[51],"tags":[167],"class_list":["post-33284","post","type-post","status-publish","format-standard","has-post-thumbnail","hentry","category-lokalt","tag-politik"],"acf":[],"yoast_head":"<!-- This site is optimized with the Yoast SEO plugin v26.8 - https:\/\/yoast.com\/product\/yoast-seo-wordpress\/ -->\n<title>Viggo Vangsgaard overvejer injuriesag - Mors<\/title>\n<meta name=\"robots\" content=\"index, follow, max-snippet:-1, max-image-preview:large, max-video-preview:-1\" \/>\n<link rel=\"canonical\" href=\"https:\/\/kunmedierne.dk\/mors\/viggo-vangsgaard-overvejer-injuriesag\/\" \/>\n<meta property=\"og:locale\" content=\"da_DK\" \/>\n<meta property=\"og:type\" content=\"article\" \/>\n<meta property=\"og:title\" content=\"Viggo Vangsgaard overvejer injuriesag - Mors\" \/>\n<meta property=\"og:description\" content=\"MORS: Det kan f\u00f8re til et retsligt efterspil, at viceborgmester Viggo Vangsgaard (SF) i weekenden er blevet beskyldt for seksuelle kr\u00e6nkelser. L\u00f8rdag sagde formanden for Socialdemokratiets partiforening i Nyk\u00f8bing, Svend Erik J\u00f8rgensen, til Nordjyske Stiftstidende, at det var p\u00e5 grund af en sag om seksuelle kr\u00e6nkelser mod dav\u00e6rende partikollega Pia Storm, at Viggo Vangsgaard i [&hellip;]\" \/>\n<meta property=\"og:url\" content=\"https:\/\/kunmedierne.dk\/mors\/viggo-vangsgaard-overvejer-injuriesag\/\" \/>\n<meta property=\"og:site_name\" content=\"Mors\" \/>\n<meta property=\"article:published_time\" content=\"2020-10-11T16:51:29+00:00\" \/>\n<meta property=\"article:modified_time\" content=\"2024-08-12T11:44:02+00:00\" \/>\n<meta property=\"og:image\" content=\"https:\/\/kunmedierne.dk\/mors\/wp-content\/uploads\/2020\/03\/200304-viggo-vangsgaard-s.jpg\" \/>\n\t<meta property=\"og:image:width\" content=\"770\" \/>\n\t<meta property=\"og:image:height\" content=\"513\" \/>\n\t<meta property=\"og:image:type\" content=\"image\/jpeg\" \/>\n<meta name=\"author\" content=\"David H\u00f8jmark\" \/>\n<meta name=\"twitter:card\" content=\"summary_large_image\" \/>\n<meta name=\"twitter:label1\" content=\"Skrevet af\" \/>\n\t<meta name=\"twitter:data1\" content=\"David H\u00f8jmark\" \/>\n\t<meta name=\"twitter:label2\" content=\"Estimeret l\u00e6setid\" \/>\n\t<meta name=\"twitter:data2\" content=\"1 minut\" \/>\n<script type=\"application\/ld+json\" class=\"yoast-schema-graph\">{\"@context\":\"https:\/\/schema.org\",\"@graph\":[{\"@type\":\"Article\",\"@id\":\"https:\/\/kunmedierne.dk\/mors\/viggo-vangsgaard-overvejer-injuriesag\/#article\",\"isPartOf\":{\"@id\":\"https:\/\/kunmedierne.dk\/mors\/viggo-vangsgaard-overvejer-injuriesag\/\"},\"author\":{\"name\":\"David H\u00f8jmark\",\"@id\":\"https:\/\/kunmedierne.dk\/mors\/#\/schema\/person\/5fe23251bf1d0abbcdc6f7896579d548\"},\"headline\":\"Viggo Vangsgaard overvejer injuriesag\",\"datePublished\":\"2020-10-11T16:51:29+00:00\",\"dateModified\":\"2024-08-12T11:44:02+00:00\",\"mainEntityOfPage\":{\"@id\":\"https:\/\/kunmedierne.dk\/mors\/viggo-vangsgaard-overvejer-injuriesag\/\"},\"wordCount\":300,\"commentCount\":0,\"publisher\":{\"@id\":\"https:\/\/kunmedierne.dk\/mors\/#organization\"},\"image\":{\"@id\":\"https:\/\/kunmedierne.dk\/mors\/viggo-vangsgaard-overvejer-injuriesag\/#primaryimage\"},\"thumbnailUrl\":\"https:\/\/kunmedierne.dk\/mors\/wp-content\/uploads\/2020\/03\/200304-viggo-vangsgaard-s.jpg\",\"keywords\":[\"Politik\"],\"articleSection\":[\"Lokalt\"],\"inLanguage\":\"da-DK\",\"potentialAction\":[{\"@type\":\"CommentAction\",\"name\":\"Comment\",\"target\":[\"https:\/\/kunmedierne.dk\/mors\/viggo-vangsgaard-overvejer-injuriesag\/#respond\"]}]},{\"@type\":\"WebPage\",\"@id\":\"https:\/\/kunmedierne.dk\/mors\/viggo-vangsgaard-overvejer-injuriesag\/\",\"url\":\"https:\/\/kunmedierne.dk\/mors\/viggo-vangsgaard-overvejer-injuriesag\/\",\"name\":\"Viggo Vangsgaard overvejer injuriesag - Mors\",\"isPartOf\":{\"@id\":\"https:\/\/kunmedierne.dk\/mors\/#website\"},\"primaryImageOfPage\":{\"@id\":\"https:\/\/kunmedierne.dk\/mors\/viggo-vangsgaard-overvejer-injuriesag\/#primaryimage\"},\"image\":{\"@id\":\"https:\/\/kunmedierne.dk\/mors\/viggo-vangsgaard-overvejer-injuriesag\/#primaryimage\"},\"thumbnailUrl\":\"https:\/\/kunmedierne.dk\/mors\/wp-content\/uploads\/2020\/03\/200304-viggo-vangsgaard-s.jpg\",\"datePublished\":\"2020-10-11T16:51:29+00:00\",\"dateModified\":\"2024-08-12T11:44:02+00:00\",\"breadcrumb\":{\"@id\":\"https:\/\/kunmedierne.dk\/mors\/viggo-vangsgaard-overvejer-injuriesag\/#breadcrumb\"},\"inLanguage\":\"da-DK\",\"potentialAction\":[{\"@type\":\"ReadAction\",\"target\":[\"https:\/\/kunmedierne.dk\/mors\/viggo-vangsgaard-overvejer-injuriesag\/\"]}]},{\"@type\":\"ImageObject\",\"inLanguage\":\"da-DK\",\"@id\":\"https:\/\/kunmedierne.dk\/mors\/viggo-vangsgaard-overvejer-injuriesag\/#primaryimage\",\"url\":\"https:\/\/kunmedierne.dk\/mors\/wp-content\/uploads\/2020\/03\/200304-viggo-vangsgaard-s.jpg\",\"contentUrl\":\"https:\/\/kunmedierne.dk\/mors\/wp-content\/uploads\/2020\/03\/200304-viggo-vangsgaard-s.jpg\",\"width\":770,\"height\":513,\"caption\":\"Viggo Vangsgaard (SF). Foto: Per Bech\/Mors\u00f8 Kommune.\"},{\"@type\":\"BreadcrumbList\",\"@id\":\"https:\/\/kunmedierne.dk\/mors\/viggo-vangsgaard-overvejer-injuriesag\/#breadcrumb\",\"itemListElement\":[{\"@type\":\"ListItem\",\"position\":1,\"name\":\"Hjem\",\"item\":\"https:\/\/kunmedierne.dk\/mors\/\"},{\"@type\":\"ListItem\",\"position\":2,\"name\":\"Viggo Vangsgaard overvejer injuriesag\"}]},{\"@type\":\"WebSite\",\"@id\":\"https:\/\/kunmedierne.dk\/mors\/#website\",\"url\":\"https:\/\/kunmedierne.dk\/mors\/\",\"name\":\"Mors\",\"description\":\"et netmedie med journalistik om livet p\u00e5 Mors\",\"publisher\":{\"@id\":\"https:\/\/kunmedierne.dk\/mors\/#organization\"},\"potentialAction\":[{\"@type\":\"SearchAction\",\"target\":{\"@type\":\"EntryPoint\",\"urlTemplate\":\"https:\/\/kunmedierne.dk\/mors\/?s={search_term_string}\"},\"query-input\":{\"@type\":\"PropertyValueSpecification\",\"valueRequired\":true,\"valueName\":\"search_term_string\"}}],\"inLanguage\":\"da-DK\"},{\"@type\":\"Organization\",\"@id\":\"https:\/\/kunmedierne.dk\/mors\/#organization\",\"name\":\"Mors\",\"url\":\"https:\/\/kunmedierne.dk\/mors\/\",\"logo\":{\"@type\":\"ImageObject\",\"inLanguage\":\"da-DK\",\"@id\":\"https:\/\/kunmedierne.dk\/mors\/#\/schema\/logo\/image\/\",\"url\":\"https:\/\/kunmedierne.dk\/mors\/wp-content\/uploads\/2024\/08\/kunmors-logo.svg\",\"contentUrl\":\"https:\/\/kunmedierne.dk\/mors\/wp-content\/uploads\/2024\/08\/kunmors-logo.svg\",\"caption\":\"Mors\"},\"image\":{\"@id\":\"https:\/\/kunmedierne.dk\/mors\/#\/schema\/logo\/image\/\"}},{\"@type\":\"Person\",\"@id\":\"https:\/\/kunmedierne.dk\/mors\/#\/schema\/person\/5fe23251bf1d0abbcdc6f7896579d548\",\"name\":\"David H\u00f8jmark\",\"image\":{\"@type\":\"ImageObject\",\"inLanguage\":\"da-DK\",\"@id\":\"https:\/\/kunmedierne.dk\/mors\/#\/schema\/person\/image\/\",\"url\":\"https:\/\/secure.gravatar.com\/avatar\/4315d6fb9ef244d729989f5f90268eb08d5bf8a3d84402f595fa194bb35784fd?s=96&d=mm&r=g\",\"contentUrl\":\"https:\/\/secure.gravatar.com\/avatar\/4315d6fb9ef244d729989f5f90268eb08d5bf8a3d84402f595fa194bb35784fd?s=96&d=mm&r=g\",\"caption\":\"David H\u00f8jmark\"},\"sameAs\":[\"https:\/\/www.kunmedierne.dk\"],\"url\":\"https:\/\/kunmedierne.dk\/mors\/author\/david\/\"}]}<\/script>\n<!-- \/ Yoast SEO plugin. -->","yoast_head_json":{"title":"Viggo Vangsgaard overvejer injuriesag - Mors","robots":{"index":"index","follow":"follow","max-snippet":"max-snippet:-1","max-image-preview":"max-image-preview:large","max-video-preview":"max-video-preview:-1"},"canonical":"https:\/\/kunmedierne.dk\/mors\/viggo-vangsgaard-overvejer-injuriesag\/","og_locale":"da_DK","og_type":"article","og_title":"Viggo Vangsgaard overvejer injuriesag - Mors","og_description":"MORS: Det kan f\u00f8re til et retsligt efterspil, at viceborgmester Viggo Vangsgaard (SF) i weekenden er blevet beskyldt for seksuelle kr\u00e6nkelser. L\u00f8rdag sagde formanden for Socialdemokratiets partiforening i Nyk\u00f8bing, Svend Erik J\u00f8rgensen, til Nordjyske Stiftstidende, at det var p\u00e5 grund af en sag om seksuelle kr\u00e6nkelser mod dav\u00e6rende partikollega Pia Storm, at Viggo Vangsgaard i [&hellip;]","og_url":"https:\/\/kunmedierne.dk\/mors\/viggo-vangsgaard-overvejer-injuriesag\/","og_site_name":"Mors","article_published_time":"2020-10-11T16:51:29+00:00","article_modified_time":"2024-08-12T11:44:02+00:00","og_image":[{"width":770,"height":513,"url":"https:\/\/kunmedierne.dk\/mors\/wp-content\/uploads\/2020\/03\/200304-viggo-vangsgaard-s.jpg","type":"image\/jpeg"}],"author":"David H\u00f8jmark","twitter_card":"summary_large_image","twitter_misc":{"Skrevet af":"David H\u00f8jmark","Estimeret l\u00e6setid":"1 minut"},"schema":{"@context":"https:\/\/schema.org","@graph":[{"@type":"Article","@id":"https:\/\/kunmedierne.dk\/mors\/viggo-vangsgaard-overvejer-injuriesag\/#article","isPartOf":{"@id":"https:\/\/kunmedierne.dk\/mors\/viggo-vangsgaard-overvejer-injuriesag\/"},"author":{"name":"David H\u00f8jmark","@id":"https:\/\/kunmedierne.dk\/mors\/#\/schema\/person\/5fe23251bf1d0abbcdc6f7896579d548"},"headline":"Viggo Vangsgaard overvejer injuriesag","datePublished":"2020-10-11T16:51:29+00:00","dateModified":"2024-08-12T11:44:02+00:00","mainEntityOfPage":{"@id":"https:\/\/kunmedierne.dk\/mors\/viggo-vangsgaard-overvejer-injuriesag\/"},"wordCount":300,"commentCount":0,"publisher":{"@id":"https:\/\/kunmedierne.dk\/mors\/#organization"},"image":{"@id":"https:\/\/kunmedierne.dk\/mors\/viggo-vangsgaard-overvejer-injuriesag\/#primaryimage"},"thumbnailUrl":"https:\/\/kunmedierne.dk\/mors\/wp-content\/uploads\/2020\/03\/200304-viggo-vangsgaard-s.jpg","keywords":["Politik"],"articleSection":["Lokalt"],"inLanguage":"da-DK","potentialAction":[{"@type":"CommentAction","name":"Comment","target":["https:\/\/kunmedierne.dk\/mors\/viggo-vangsgaard-overvejer-injuriesag\/#respond"]}]},{"@type":"WebPage","@id":"https:\/\/kunmedierne.dk\/mors\/viggo-vangsgaard-overvejer-injuriesag\/","url":"https:\/\/kunmedierne.dk\/mors\/viggo-vangsgaard-overvejer-injuriesag\/","name":"Viggo Vangsgaard overvejer injuriesag - Mors","isPartOf":{"@id":"https:\/\/kunmedierne.dk\/mors\/#website"},"primaryImageOfPage":{"@id":"https:\/\/kunmedierne.dk\/mors\/viggo-vangsgaard-overvejer-injuriesag\/#primaryimage"},"image":{"@id":"https:\/\/kunmedierne.dk\/mors\/viggo-vangsgaard-overvejer-injuriesag\/#primaryimage"},"thumbnailUrl":"https:\/\/kunmedierne.dk\/mors\/wp-content\/uploads\/2020\/03\/200304-viggo-vangsgaard-s.jpg","datePublished":"2020-10-11T16:51:29+00:00","dateModified":"2024-08-12T11:44:02+00:00","breadcrumb":{"@id":"https:\/\/kunmedierne.dk\/mors\/viggo-vangsgaard-overvejer-injuriesag\/#breadcrumb"},"inLanguage":"da-DK","potentialAction":[{"@type":"ReadAction","target":["https:\/\/kunmedierne.dk\/mors\/viggo-vangsgaard-overvejer-injuriesag\/"]}]},{"@type":"ImageObject","inLanguage":"da-DK","@id":"https:\/\/kunmedierne.dk\/mors\/viggo-vangsgaard-overvejer-injuriesag\/#primaryimage","url":"https:\/\/kunmedierne.dk\/mors\/wp-content\/uploads\/2020\/03\/200304-viggo-vangsgaard-s.jpg","contentUrl":"https:\/\/kunmedierne.dk\/mors\/wp-content\/uploads\/2020\/03\/200304-viggo-vangsgaard-s.jpg","width":770,"height":513,"caption":"Viggo Vangsgaard (SF). Foto: Per Bech\/Mors\u00f8 Kommune."},{"@type":"BreadcrumbList","@id":"https:\/\/kunmedierne.dk\/mors\/viggo-vangsgaard-overvejer-injuriesag\/#breadcrumb","itemListElement":[{"@type":"ListItem","position":1,"name":"Hjem","item":"https:\/\/kunmedierne.dk\/mors\/"},{"@type":"ListItem","position":2,"name":"Viggo Vangsgaard overvejer injuriesag"}]},{"@type":"WebSite","@id":"https:\/\/kunmedierne.dk\/mors\/#website","url":"https:\/\/kunmedierne.dk\/mors\/","name":"Mors","description":"et netmedie med journalistik om livet p\u00e5 Mors","publisher":{"@id":"https:\/\/kunmedierne.dk\/mors\/#organization"},"potentialAction":[{"@type":"SearchAction","target":{"@type":"EntryPoint","urlTemplate":"https:\/\/kunmedierne.dk\/mors\/?s={search_term_string}"},"query-input":{"@type":"PropertyValueSpecification","valueRequired":true,"valueName":"search_term_string"}}],"inLanguage":"da-DK"},{"@type":"Organization","@id":"https:\/\/kunmedierne.dk\/mors\/#organization","name":"Mors","url":"https:\/\/kunmedierne.dk\/mors\/","logo":{"@type":"ImageObject","inLanguage":"da-DK","@id":"https:\/\/kunmedierne.dk\/mors\/#\/schema\/logo\/image\/","url":"https:\/\/kunmedierne.dk\/mors\/wp-content\/uploads\/2024\/08\/kunmors-logo.svg","contentUrl":"https:\/\/kunmedierne.dk\/mors\/wp-content\/uploads\/2024\/08\/kunmors-logo.svg","caption":"Mors"},"image":{"@id":"https:\/\/kunmedierne.dk\/mors\/#\/schema\/logo\/image\/"}},{"@type":"Person","@id":"https:\/\/kunmedierne.dk\/mors\/#\/schema\/person\/5fe23251bf1d0abbcdc6f7896579d548","name":"David H\u00f8jmark","image":{"@type":"ImageObject","inLanguage":"da-DK","@id":"https:\/\/kunmedierne.dk\/mors\/#\/schema\/person\/image\/","url":"https:\/\/secure.gravatar.com\/avatar\/4315d6fb9ef244d729989f5f90268eb08d5bf8a3d84402f595fa194bb35784fd?s=96&d=mm&r=g","contentUrl":"https:\/\/secure.gravatar.com\/avatar\/4315d6fb9ef244d729989f5f90268eb08d5bf8a3d84402f595fa194bb35784fd?s=96&d=mm&r=g","caption":"David H\u00f8jmark"},"sameAs":["https:\/\/www.kunmedierne.dk"],"url":"https:\/\/kunmedierne.dk\/mors\/author\/david\/"}]}},"_links":{"self":[{"href":"https:\/\/kunmedierne.dk\/mors\/wp-json\/wp\/v2\/posts\/33284","targetHints":{"allow":["GET"]}}],"collection":[{"href":"https:\/\/kunmedierne.dk\/mors\/wp-json\/wp\/v2\/posts"}],"about":[{"href":"https:\/\/kunmedierne.dk\/mors\/wp-json\/wp\/v2\/types\/post"}],"author":[{"embeddable":true,"href":"https:\/\/kunmedierne.dk\/mors\/wp-json\/wp\/v2\/users\/8"}],"replies":[{"embeddable":true,"href":"https:\/\/kunmedierne.dk\/mors\/wp-json\/wp\/v2\/comments?post=33284"}],"version-history":[{"count":1,"href":"https:\/\/kunmedierne.dk\/mors\/wp-json\/wp\/v2\/posts\/33284\/revisions"}],"predecessor-version":[{"id":33287,"href":"https:\/\/kunmedierne.dk\/mors\/wp-json\/wp\/v2\/posts\/33284\/revisions\/33287"}],"wp:featuredmedia":[{"embeddable":true,"href":"https:\/\/kunmedierne.dk\/mors\/wp-json\/wp\/v2\/media\/11138"}],"wp:attachment":[{"href":"https:\/\/kunmedierne.dk\/mors\/wp-json\/wp\/v2\/media?parent=33284"}],"wp:term":[{"taxonomy":"category","embeddable":true,"href":"https:\/\/kunmedierne.dk\/mors\/wp-json\/wp\/v2\/categories?post=33284"},{"taxonomy":"post_tag","embeddable":true,"href":"https:\/\/kunmedierne.dk\/mors\/wp-json\/wp\/v2\/tags?post=33284"}],"curies":[{"name":"wp","href":"https:\/\/api.w.org\/{rel}","templated":true}]}}