{"id":33150,"date":"2020-10-09T15:29:00","date_gmt":"2020-10-09T13:29:00","guid":{"rendered":"https:\/\/kunmedierne.dk\/mors\/?p=33150"},"modified":"2024-08-12T13:44:03","modified_gmt":"2024-08-12T11:44:03","slug":"elbiler-er-fremtidens-transportform","status":"publish","type":"post","link":"https:\/\/kunmedierne.dk\/mors\/elbiler-er-fremtidens-transportform\/","title":{"rendered":"&#8211; Elbiler er fremtidens transportform"},"content":{"rendered":"<p><em>Fra Lauge Larsen, medlem af regionsr\u00e5det for Socialdemokratiet, har vi modtaget:<\/em><\/p>\n<hr \/>\n<p><strong>NORDJYLLAND<\/strong>: Forleden vedtog Regionsr\u00e5det i Region Nordjylland, at investere 4,75 millioner i ladestandere til elbiler.<\/p>\n<p>Beslutningen skal ses i lyset af, at regionensr\u00e5det har til hensigt, at en stor del af alle regionens biler i de kommende \u00e5r skal udskiftes med elbiler. Det er faktisk en skels\u00e6ttende beslutning. Regionen har i alt 226 k\u00f8ret\u00f8jer.<\/p>\n<p>Bilerne vil blive udskiftet efterh\u00e5nden som de er modne til det, typisk n\u00e5r en leasingaftale udl\u00f8ber, eller n\u00e5r de har k\u00f8rt 200000 km.<\/p>\n<p>N\u00e5r det er en vigtig og klog beslutning skyldes det dels, at det er en vigtigt at begr\u00e6nse kuldioxid udslippet og dels, at det ikke l\u00e6ngere er en \u00f8konomisk belastning at bruge elbiler.<\/p>\n<p>Det er vigtigt, at regionen selv sk\u00e6rer s\u00e5 meget som muligt ned p\u00e5 kuldioxidudslippet, og det er ogs\u00e5 vigtigt, at man er rollemodel for andre, b\u00e5de offentlige institutioner og private.<\/p>\n<p>Der er mange fordomme om, at det b\u00e5de er b\u00f8vlet og dyrt at bruge elbiler.<\/p>\n<p>Det b\u00f8vlede afh\u00e6nger af ens k\u00f8rselsbehov. K\u00f8rer man mange km hver dag er en elbil nok\u00a0\u00a0ikke det fornuftige valg. Men mange elbiler kan nu klare omkring 450 km p\u00e5 en opladning. Stort set alle regionens biler har et k\u00f8rselsbehov under denne gr\u00e6nse.<\/p>\n<p>En elbil er alt andet lige dyrere i anskaffelse end en tilsvarende benzin- eller dieselbil.<\/p>\n<p>Men med de nuv\u00e6rende afgiftsregler p\u00e5 elbiler og afgifter p\u00e5 el som drivmiddel, vil der v\u00e6re en besparelse gennemsnitlig\u00a0\u00a0p\u00e5 hver af regionens k\u00f8ret\u00f8jer p\u00e5 2063 kr. pr \u00e5r. Det er beregnet ud fra Regionens k\u00f8rsel i egne biler i 2019.<\/p>\n<p>Det er jo ogs\u00e5 tankev\u00e6kkende, at verdens st\u00f8rste pumpefabrik, Grundfoss, i de kommende 5 \u00e5r vil oml\u00e6gge hele bilparken til elbiler. Det drejer sig om 2500 biler.<\/p>\n<p>Det er gl\u00e6deligt, at der for alvor er ved at komme gang i udbredelsen af elbiler. Men det er ogs\u00e5 n\u00f8dvendigt. Transportsektoren st\u00e5r for en p\u00e6n del af CO2 udledningen.<\/p>\n<p>N\u00e5r omstillingen allerede p\u00e5 nuv\u00e6rende tidspunkt er ved at v\u00e6re en god forretning, kan man kun v\u00e6re optimistisk med hensyn til omstillingen p\u00e5 dette omr\u00e5de.<\/p>\n<hr \/>\n<p><em>Har du et bidrag til den lokale debat? Send det til os p\u00e5 e-mail: debat@kunmedierne.dk\/mors. Husk at l\u00e6se korrektur inden afsendelse p\u00e5 indl\u00e6gget.<\/em><\/p>\n","protected":false},"excerpt":{"rendered":"<p>Fra Lauge Larsen, medlem af regionsr\u00e5det for Socialdemokratiet, har vi modtaget: NORDJYLLAND: Forleden vedtog Regionsr\u00e5det i Region Nordjylland, at investere 4,75 millioner i ladestandere til elbiler. Beslutningen skal ses i lyset af, at regionensr\u00e5det har til hensigt, at en stor del af alle regionens biler i de kommende \u00e5r skal udskiftes med elbiler. Det er [&hellip;]<\/p>\n","protected":false},"author":8,"featured_media":18765,"comment_status":"open","ping_status":"open","sticky":false,"template":"","format":"standard","meta":{"_acf_changed":false,"footnotes":""},"categories":[56],"tags":[167],"class_list":["post-33150","post","type-post","status-publish","format-standard","has-post-thumbnail","hentry","category-debat","tag-politik"],"acf":[],"yoast_head":"<!-- This site is optimized with the Yoast SEO plugin v26.8 - https:\/\/yoast.com\/product\/yoast-seo-wordpress\/ -->\n<title>- Elbiler er fremtidens transportform - Mors<\/title>\n<meta name=\"robots\" content=\"index, follow, max-snippet:-1, max-image-preview:large, max-video-preview:-1\" \/>\n<link rel=\"canonical\" href=\"https:\/\/kunmedierne.dk\/mors\/elbiler-er-fremtidens-transportform\/\" \/>\n<meta property=\"og:locale\" content=\"da_DK\" \/>\n<meta property=\"og:type\" content=\"article\" \/>\n<meta property=\"og:title\" content=\"- Elbiler er fremtidens transportform - Mors\" \/>\n<meta property=\"og:description\" content=\"Fra Lauge Larsen, medlem af regionsr\u00e5det for Socialdemokratiet, har vi modtaget: NORDJYLLAND: Forleden vedtog Regionsr\u00e5det i Region Nordjylland, at investere 4,75 millioner i ladestandere til elbiler. Beslutningen skal ses i lyset af, at regionensr\u00e5det har til hensigt, at en stor del af alle regionens biler i de kommende \u00e5r skal udskiftes med elbiler. Det er [&hellip;]\" \/>\n<meta property=\"og:url\" content=\"https:\/\/kunmedierne.dk\/mors\/elbiler-er-fremtidens-transportform\/\" \/>\n<meta property=\"og:site_name\" content=\"Mors\" \/>\n<meta property=\"article:published_time\" content=\"2020-10-09T13:29:00+00:00\" \/>\n<meta property=\"article:modified_time\" content=\"2024-08-12T11:44:03+00:00\" \/>\n<meta property=\"og:image\" content=\"https:\/\/kunmedierne.dk\/mors\/wp-content\/uploads\/2020\/04\/0-debat-lauge-larsen-region.jpg\" \/>\n\t<meta property=\"og:image:width\" content=\"770\" \/>\n\t<meta property=\"og:image:height\" content=\"513\" \/>\n\t<meta property=\"og:image:type\" content=\"image\/jpeg\" \/>\n<meta name=\"author\" content=\"David H\u00f8jmark\" \/>\n<meta name=\"twitter:card\" content=\"summary_large_image\" \/>\n<meta name=\"twitter:label1\" content=\"Skrevet af\" \/>\n\t<meta name=\"twitter:data1\" content=\"David H\u00f8jmark\" \/>\n\t<meta name=\"twitter:label2\" content=\"Estimeret l\u00e6setid\" \/>\n\t<meta name=\"twitter:data2\" content=\"2 minutter\" \/>\n<script type=\"application\/ld+json\" class=\"yoast-schema-graph\">{\"@context\":\"https:\/\/schema.org\",\"@graph\":[{\"@type\":\"Article\",\"@id\":\"https:\/\/kunmedierne.dk\/mors\/elbiler-er-fremtidens-transportform\/#article\",\"isPartOf\":{\"@id\":\"https:\/\/kunmedierne.dk\/mors\/elbiler-er-fremtidens-transportform\/\"},\"author\":{\"name\":\"David H\u00f8jmark\",\"@id\":\"https:\/\/kunmedierne.dk\/mors\/#\/schema\/person\/5fe23251bf1d0abbcdc6f7896579d548\"},\"headline\":\"&#8211; Elbiler er fremtidens transportform\",\"datePublished\":\"2020-10-09T13:29:00+00:00\",\"dateModified\":\"2024-08-12T11:44:03+00:00\",\"mainEntityOfPage\":{\"@id\":\"https:\/\/kunmedierne.dk\/mors\/elbiler-er-fremtidens-transportform\/\"},\"wordCount\":412,\"commentCount\":0,\"publisher\":{\"@id\":\"https:\/\/kunmedierne.dk\/mors\/#organization\"},\"image\":{\"@id\":\"https:\/\/kunmedierne.dk\/mors\/elbiler-er-fremtidens-transportform\/#primaryimage\"},\"thumbnailUrl\":\"https:\/\/kunmedierne.dk\/mors\/wp-content\/uploads\/2020\/04\/0-debat-lauge-larsen-region.jpg\",\"keywords\":[\"Politik\"],\"articleSection\":[\"Debat\"],\"inLanguage\":\"da-DK\",\"potentialAction\":[{\"@type\":\"CommentAction\",\"name\":\"Comment\",\"target\":[\"https:\/\/kunmedierne.dk\/mors\/elbiler-er-fremtidens-transportform\/#respond\"]}]},{\"@type\":\"WebPage\",\"@id\":\"https:\/\/kunmedierne.dk\/mors\/elbiler-er-fremtidens-transportform\/\",\"url\":\"https:\/\/kunmedierne.dk\/mors\/elbiler-er-fremtidens-transportform\/\",\"name\":\"- Elbiler er fremtidens transportform - Mors\",\"isPartOf\":{\"@id\":\"https:\/\/kunmedierne.dk\/mors\/#website\"},\"primaryImageOfPage\":{\"@id\":\"https:\/\/kunmedierne.dk\/mors\/elbiler-er-fremtidens-transportform\/#primaryimage\"},\"image\":{\"@id\":\"https:\/\/kunmedierne.dk\/mors\/elbiler-er-fremtidens-transportform\/#primaryimage\"},\"thumbnailUrl\":\"https:\/\/kunmedierne.dk\/mors\/wp-content\/uploads\/2020\/04\/0-debat-lauge-larsen-region.jpg\",\"datePublished\":\"2020-10-09T13:29:00+00:00\",\"dateModified\":\"2024-08-12T11:44:03+00:00\",\"breadcrumb\":{\"@id\":\"https:\/\/kunmedierne.dk\/mors\/elbiler-er-fremtidens-transportform\/#breadcrumb\"},\"inLanguage\":\"da-DK\",\"potentialAction\":[{\"@type\":\"ReadAction\",\"target\":[\"https:\/\/kunmedierne.dk\/mors\/elbiler-er-fremtidens-transportform\/\"]}]},{\"@type\":\"ImageObject\",\"inLanguage\":\"da-DK\",\"@id\":\"https:\/\/kunmedierne.dk\/mors\/elbiler-er-fremtidens-transportform\/#primaryimage\",\"url\":\"https:\/\/kunmedierne.dk\/mors\/wp-content\/uploads\/2020\/04\/0-debat-lauge-larsen-region.jpg\",\"contentUrl\":\"https:\/\/kunmedierne.dk\/mors\/wp-content\/uploads\/2020\/04\/0-debat-lauge-larsen-region.jpg\",\"width\":770,\"height\":513,\"caption\":\"Lauge Larsen (S). Foto: Region Nordjylland.\"},{\"@type\":\"BreadcrumbList\",\"@id\":\"https:\/\/kunmedierne.dk\/mors\/elbiler-er-fremtidens-transportform\/#breadcrumb\",\"itemListElement\":[{\"@type\":\"ListItem\",\"position\":1,\"name\":\"Hjem\",\"item\":\"https:\/\/kunmedierne.dk\/mors\/\"},{\"@type\":\"ListItem\",\"position\":2,\"name\":\"&#8211; Elbiler er fremtidens transportform\"}]},{\"@type\":\"WebSite\",\"@id\":\"https:\/\/kunmedierne.dk\/mors\/#website\",\"url\":\"https:\/\/kunmedierne.dk\/mors\/\",\"name\":\"Mors\",\"description\":\"et netmedie med journalistik om livet p\u00e5 Mors\",\"publisher\":{\"@id\":\"https:\/\/kunmedierne.dk\/mors\/#organization\"},\"potentialAction\":[{\"@type\":\"SearchAction\",\"target\":{\"@type\":\"EntryPoint\",\"urlTemplate\":\"https:\/\/kunmedierne.dk\/mors\/?s={search_term_string}\"},\"query-input\":{\"@type\":\"PropertyValueSpecification\",\"valueRequired\":true,\"valueName\":\"search_term_string\"}}],\"inLanguage\":\"da-DK\"},{\"@type\":\"Organization\",\"@id\":\"https:\/\/kunmedierne.dk\/mors\/#organization\",\"name\":\"Mors\",\"url\":\"https:\/\/kunmedierne.dk\/mors\/\",\"logo\":{\"@type\":\"ImageObject\",\"inLanguage\":\"da-DK\",\"@id\":\"https:\/\/kunmedierne.dk\/mors\/#\/schema\/logo\/image\/\",\"url\":\"https:\/\/kunmedierne.dk\/mors\/wp-content\/uploads\/2024\/08\/kunmors-logo.svg\",\"contentUrl\":\"https:\/\/kunmedierne.dk\/mors\/wp-content\/uploads\/2024\/08\/kunmors-logo.svg\",\"caption\":\"Mors\"},\"image\":{\"@id\":\"https:\/\/kunmedierne.dk\/mors\/#\/schema\/logo\/image\/\"}},{\"@type\":\"Person\",\"@id\":\"https:\/\/kunmedierne.dk\/mors\/#\/schema\/person\/5fe23251bf1d0abbcdc6f7896579d548\",\"name\":\"David H\u00f8jmark\",\"image\":{\"@type\":\"ImageObject\",\"inLanguage\":\"da-DK\",\"@id\":\"https:\/\/kunmedierne.dk\/mors\/#\/schema\/person\/image\/\",\"url\":\"https:\/\/secure.gravatar.com\/avatar\/4315d6fb9ef244d729989f5f90268eb08d5bf8a3d84402f595fa194bb35784fd?s=96&d=mm&r=g\",\"contentUrl\":\"https:\/\/secure.gravatar.com\/avatar\/4315d6fb9ef244d729989f5f90268eb08d5bf8a3d84402f595fa194bb35784fd?s=96&d=mm&r=g\",\"caption\":\"David H\u00f8jmark\"},\"sameAs\":[\"https:\/\/www.kunmedierne.dk\"],\"url\":\"https:\/\/kunmedierne.dk\/mors\/author\/david\/\"}]}<\/script>\n<!-- \/ Yoast SEO plugin. -->","yoast_head_json":{"title":"- Elbiler er fremtidens transportform - Mors","robots":{"index":"index","follow":"follow","max-snippet":"max-snippet:-1","max-image-preview":"max-image-preview:large","max-video-preview":"max-video-preview:-1"},"canonical":"https:\/\/kunmedierne.dk\/mors\/elbiler-er-fremtidens-transportform\/","og_locale":"da_DK","og_type":"article","og_title":"- Elbiler er fremtidens transportform - Mors","og_description":"Fra Lauge Larsen, medlem af regionsr\u00e5det for Socialdemokratiet, har vi modtaget: NORDJYLLAND: Forleden vedtog Regionsr\u00e5det i Region Nordjylland, at investere 4,75 millioner i ladestandere til elbiler. Beslutningen skal ses i lyset af, at regionensr\u00e5det har til hensigt, at en stor del af alle regionens biler i de kommende \u00e5r skal udskiftes med elbiler. Det er [&hellip;]","og_url":"https:\/\/kunmedierne.dk\/mors\/elbiler-er-fremtidens-transportform\/","og_site_name":"Mors","article_published_time":"2020-10-09T13:29:00+00:00","article_modified_time":"2024-08-12T11:44:03+00:00","og_image":[{"width":770,"height":513,"url":"https:\/\/kunmedierne.dk\/mors\/wp-content\/uploads\/2020\/04\/0-debat-lauge-larsen-region.jpg","type":"image\/jpeg"}],"author":"David H\u00f8jmark","twitter_card":"summary_large_image","twitter_misc":{"Skrevet af":"David H\u00f8jmark","Estimeret l\u00e6setid":"2 minutter"},"schema":{"@context":"https:\/\/schema.org","@graph":[{"@type":"Article","@id":"https:\/\/kunmedierne.dk\/mors\/elbiler-er-fremtidens-transportform\/#article","isPartOf":{"@id":"https:\/\/kunmedierne.dk\/mors\/elbiler-er-fremtidens-transportform\/"},"author":{"name":"David H\u00f8jmark","@id":"https:\/\/kunmedierne.dk\/mors\/#\/schema\/person\/5fe23251bf1d0abbcdc6f7896579d548"},"headline":"&#8211; Elbiler er fremtidens transportform","datePublished":"2020-10-09T13:29:00+00:00","dateModified":"2024-08-12T11:44:03+00:00","mainEntityOfPage":{"@id":"https:\/\/kunmedierne.dk\/mors\/elbiler-er-fremtidens-transportform\/"},"wordCount":412,"commentCount":0,"publisher":{"@id":"https:\/\/kunmedierne.dk\/mors\/#organization"},"image":{"@id":"https:\/\/kunmedierne.dk\/mors\/elbiler-er-fremtidens-transportform\/#primaryimage"},"thumbnailUrl":"https:\/\/kunmedierne.dk\/mors\/wp-content\/uploads\/2020\/04\/0-debat-lauge-larsen-region.jpg","keywords":["Politik"],"articleSection":["Debat"],"inLanguage":"da-DK","potentialAction":[{"@type":"CommentAction","name":"Comment","target":["https:\/\/kunmedierne.dk\/mors\/elbiler-er-fremtidens-transportform\/#respond"]}]},{"@type":"WebPage","@id":"https:\/\/kunmedierne.dk\/mors\/elbiler-er-fremtidens-transportform\/","url":"https:\/\/kunmedierne.dk\/mors\/elbiler-er-fremtidens-transportform\/","name":"- Elbiler er fremtidens transportform - Mors","isPartOf":{"@id":"https:\/\/kunmedierne.dk\/mors\/#website"},"primaryImageOfPage":{"@id":"https:\/\/kunmedierne.dk\/mors\/elbiler-er-fremtidens-transportform\/#primaryimage"},"image":{"@id":"https:\/\/kunmedierne.dk\/mors\/elbiler-er-fremtidens-transportform\/#primaryimage"},"thumbnailUrl":"https:\/\/kunmedierne.dk\/mors\/wp-content\/uploads\/2020\/04\/0-debat-lauge-larsen-region.jpg","datePublished":"2020-10-09T13:29:00+00:00","dateModified":"2024-08-12T11:44:03+00:00","breadcrumb":{"@id":"https:\/\/kunmedierne.dk\/mors\/elbiler-er-fremtidens-transportform\/#breadcrumb"},"inLanguage":"da-DK","potentialAction":[{"@type":"ReadAction","target":["https:\/\/kunmedierne.dk\/mors\/elbiler-er-fremtidens-transportform\/"]}]},{"@type":"ImageObject","inLanguage":"da-DK","@id":"https:\/\/kunmedierne.dk\/mors\/elbiler-er-fremtidens-transportform\/#primaryimage","url":"https:\/\/kunmedierne.dk\/mors\/wp-content\/uploads\/2020\/04\/0-debat-lauge-larsen-region.jpg","contentUrl":"https:\/\/kunmedierne.dk\/mors\/wp-content\/uploads\/2020\/04\/0-debat-lauge-larsen-region.jpg","width":770,"height":513,"caption":"Lauge Larsen (S). Foto: Region Nordjylland."},{"@type":"BreadcrumbList","@id":"https:\/\/kunmedierne.dk\/mors\/elbiler-er-fremtidens-transportform\/#breadcrumb","itemListElement":[{"@type":"ListItem","position":1,"name":"Hjem","item":"https:\/\/kunmedierne.dk\/mors\/"},{"@type":"ListItem","position":2,"name":"&#8211; Elbiler er fremtidens transportform"}]},{"@type":"WebSite","@id":"https:\/\/kunmedierne.dk\/mors\/#website","url":"https:\/\/kunmedierne.dk\/mors\/","name":"Mors","description":"et netmedie med journalistik om livet p\u00e5 Mors","publisher":{"@id":"https:\/\/kunmedierne.dk\/mors\/#organization"},"potentialAction":[{"@type":"SearchAction","target":{"@type":"EntryPoint","urlTemplate":"https:\/\/kunmedierne.dk\/mors\/?s={search_term_string}"},"query-input":{"@type":"PropertyValueSpecification","valueRequired":true,"valueName":"search_term_string"}}],"inLanguage":"da-DK"},{"@type":"Organization","@id":"https:\/\/kunmedierne.dk\/mors\/#organization","name":"Mors","url":"https:\/\/kunmedierne.dk\/mors\/","logo":{"@type":"ImageObject","inLanguage":"da-DK","@id":"https:\/\/kunmedierne.dk\/mors\/#\/schema\/logo\/image\/","url":"https:\/\/kunmedierne.dk\/mors\/wp-content\/uploads\/2024\/08\/kunmors-logo.svg","contentUrl":"https:\/\/kunmedierne.dk\/mors\/wp-content\/uploads\/2024\/08\/kunmors-logo.svg","caption":"Mors"},"image":{"@id":"https:\/\/kunmedierne.dk\/mors\/#\/schema\/logo\/image\/"}},{"@type":"Person","@id":"https:\/\/kunmedierne.dk\/mors\/#\/schema\/person\/5fe23251bf1d0abbcdc6f7896579d548","name":"David H\u00f8jmark","image":{"@type":"ImageObject","inLanguage":"da-DK","@id":"https:\/\/kunmedierne.dk\/mors\/#\/schema\/person\/image\/","url":"https:\/\/secure.gravatar.com\/avatar\/4315d6fb9ef244d729989f5f90268eb08d5bf8a3d84402f595fa194bb35784fd?s=96&d=mm&r=g","contentUrl":"https:\/\/secure.gravatar.com\/avatar\/4315d6fb9ef244d729989f5f90268eb08d5bf8a3d84402f595fa194bb35784fd?s=96&d=mm&r=g","caption":"David H\u00f8jmark"},"sameAs":["https:\/\/www.kunmedierne.dk"],"url":"https:\/\/kunmedierne.dk\/mors\/author\/david\/"}]}},"_links":{"self":[{"href":"https:\/\/kunmedierne.dk\/mors\/wp-json\/wp\/v2\/posts\/33150","targetHints":{"allow":["GET"]}}],"collection":[{"href":"https:\/\/kunmedierne.dk\/mors\/wp-json\/wp\/v2\/posts"}],"about":[{"href":"https:\/\/kunmedierne.dk\/mors\/wp-json\/wp\/v2\/types\/post"}],"author":[{"embeddable":true,"href":"https:\/\/kunmedierne.dk\/mors\/wp-json\/wp\/v2\/users\/8"}],"replies":[{"embeddable":true,"href":"https:\/\/kunmedierne.dk\/mors\/wp-json\/wp\/v2\/comments?post=33150"}],"version-history":[{"count":1,"href":"https:\/\/kunmedierne.dk\/mors\/wp-json\/wp\/v2\/posts\/33150\/revisions"}],"predecessor-version":[{"id":33151,"href":"https:\/\/kunmedierne.dk\/mors\/wp-json\/wp\/v2\/posts\/33150\/revisions\/33151"}],"wp:featuredmedia":[{"embeddable":true,"href":"https:\/\/kunmedierne.dk\/mors\/wp-json\/wp\/v2\/media\/18765"}],"wp:attachment":[{"href":"https:\/\/kunmedierne.dk\/mors\/wp-json\/wp\/v2\/media?parent=33150"}],"wp:term":[{"taxonomy":"category","embeddable":true,"href":"https:\/\/kunmedierne.dk\/mors\/wp-json\/wp\/v2\/categories?post=33150"},{"taxonomy":"post_tag","embeddable":true,"href":"https:\/\/kunmedierne.dk\/mors\/wp-json\/wp\/v2\/tags?post=33150"}],"curies":[{"name":"wp","href":"https:\/\/api.w.org\/{rel}","templated":true}]}}