{"id":32903,"date":"2020-10-05T12:15:58","date_gmt":"2020-10-05T10:15:58","guid":{"rendered":"https:\/\/kunmedierne.dk\/mors\/?p=32903"},"modified":"2024-08-12T13:44:04","modified_gmt":"2024-08-12T11:44:04","slug":"jeg-ved-ikke-om-det-er-sidste-chance-men","status":"publish","type":"post","link":"https:\/\/kunmedierne.dk\/mors\/jeg-ved-ikke-om-det-er-sidste-chance-men\/","title":{"rendered":"&#8211; Jeg ved ikke, om det er sidste chance, men&#8230;"},"content":{"rendered":"<p><strong>MORS<\/strong>: Der er lagt op til et brydetag om musikundervisningen p\u00e5 Mors &#8211; men et brydetag med en forudsigelig vinder.<\/p>\n<p>Tirsdag er Musikskolen p\u00e5 Mors p\u00e5 dagsordenen hos kommunalbestyrelsen. Her skal de 21 folkevalgte tage stilling til to mulige scenarier for skolens fremtid: At den forts\u00e6tter som selvejende institution med en ny to\u00e5rig og sk\u00e6rpet resultatkontrakt. Eller at den overg\u00e5r til kommunal musikskoletilbud med et advisory board til at r\u00e5dgive om driften af skolen.<\/p>\n<p>Jette Jepsen (RV) sendte s\u00f8ndag <a href=\"https:\/\/kunmedierne.dk\/mors\/musiksskolen-paa-mors-hvad-vil-venstre\/\" target=\"_blank\" rel=\"noopener noreferrer\">et debatindl\u00e6g<\/a> til KunMors, hvor hun indstillede, at \u00f8ens musikskole lige som i 95 af landets 98 kommuner bliver kommunalt drevet. Men sammen med socialdemokraterne Jens Dahlgaard og udvalgsformand Tore M\u00fcller er hun i mindretal i b\u00f8rne- og kulturudvalget, der ogs\u00e5 best\u00e5r af fire Venstre-folk: n\u00e6stformand Peter Lilleb\u00e6k, Lene Svenningsen, Tage Andersen og Klaus Hvidtfeldt Larsen.<\/p>\n<p>Venstre har som bekendt ogs\u00e5 absolut flertal i kommunalbestyrelsen, s\u00e5 der er lagt op til en beslutning om en musikskole som fortsat selvejende institution. If\u00f8lge Peter Lilleb\u00e6k handler det blandt andet om synet p\u00e5 foreningslivet generelt.<\/p>\n<p>&#8220;Vi hylder foreningskulturen, det er lidt vores DNA. Frivillige mennesker bruger kr\u00e6fter og tid p\u00e5 at f\u00e5 etableret en god musikskole til gavn for b\u00f8rn, unge og \u00e6ldre,&#8221; siger han.<\/p>\n<p>&nbsp;<\/p>\n<p><strong>Uro \u00e5rsag til mere kontakt<\/strong><\/p>\n<p>Musikskolen p\u00e5 Mors har igennem flere \u00e5r v\u00e6ret pr\u00e6get af en del uro &#8211; senest i marts, da skoleleder Peter Frost blev fyret. Peter Lilleb\u00e6k bekr\u00e6fter da ogs\u00e5, at \u00f8nsket om mere kommunal kontakt med musikskolen bunder i den uro, der har v\u00e6ret. Men han h\u00e5ber, at den indtil videre konstituerede leder Bent Hjort, der blev pr\u00e6senteret for <a href=\"https:\/\/kunmedierne.dk\/mors\/her-er-den-nye-leder-af-musikskolen-paa-mors\/\" target=\"_blank\" rel=\"noopener noreferrer\">et par uger siden<\/a>, kan v\u00e6re med til at skabe ro.<\/p>\n<p>Og s\u00e5 skal en sk\u00e6rpet resultatkontrakt med l\u00f8bende opf\u00f8lgning v\u00e6re med til at l\u00f8fte skolen ud af sine turbulente \u00e5r. Med andre ord: T\u00e6ttere kontakt mellem kommune og musikskole.<\/p>\n<p><em>Men hvorfor s\u00e5 ikke bare tage skridtet fuldt ud? I vil gerne tage skridt til, at kommunen er mere indover, men ikke tage hele skridtet?<\/em><\/p>\n<p>&#8220;Det er vigtigt, at en selvejende institution, der har k\u00f8rt i mange \u00e5r, ogs\u00e5 f\u00e5r en chance. Og det, der s\u00e5 skal fremg\u00e5 af s\u00e5dan en resultatkontrakt, skal v\u00e6re i et t\u00e6t samarbejde mellem os og musikskolen. Hvilke visioner og strategier, der skal ligge i det,&#8221; siger Peter Lilleb\u00e6k.<\/p>\n<p><em>Er vi ude i, at det er musikskolens sidste chance?<\/em><\/p>\n<p>&#8220;Jeg ved ikke, om det er sidste chance, men det er i hvert fald en chance mere. S\u00e5dan vil jeg godt sige det.&#8221;<\/p>\n<p>&nbsp;<\/p>\n<p><strong>Elevtallet skal op igen<\/strong><\/p>\n<p>Hvordan resultatkontrakten, som Mors\u00f8 Kommune og Musikskolen p\u00e5 Mors efter alt at d\u00f8mme kommer til at forholde sig til i de kommende \u00e5r, kommer til at se ud, er ikke p\u00e5 plads endnu. Men for en musikskole, hvis indt\u00e6gter p\u00e5 elevbetaling siden 2014 er faldet med 42 procent, er antallet af elever selvf\u00f8lgelig en v\u00e6sentlig faktor at m\u00e5le p\u00e5.<\/p>\n<p>&#8220;Ja, lige akkurat. Det er et sp\u00f8rgsm\u00e5l om at f\u00e5 elevantallet op igen. Og det er et sp\u00f8rgsm\u00e5l om ogs\u00e5 at g\u00f8re hinanden gode, og der tror jeg, det er vigtigt at have den t\u00e6tte dialog,&#8221; siger Peter Lilleb\u00e6k.<\/p>\n<p>Han uddyber, at det med &#8220;at g\u00f8re hinanden gode&#8221; handler om, at kommunen f\u00f8lger skolen t\u00e6t &#8211;\u00a0 og at den omvendt f\u00e5r noget for de penge, den bruger p\u00e5 at sikre tilbuddet.<\/p>\n<p>&#8220;Det er noget, vi f\u00f8lger n\u00f8je, for vores ide med det her er jo, at vi kan give det bedst mulige tilbud til musikskolens elever &#8211; og selvf\u00f8lgelig ogs\u00e5, at antallet af elever bliver noget h\u00f8jere,&#8221; siger Peter Lilleb\u00e6k.<\/p>\n<p>&nbsp;<\/p>\n<p><strong>Overrasker Venstre igen?<\/strong><\/p>\n<p>Mors\u00f8 Kommune er en af kun tre kommuner i Danmark, der bruger modellen med en selvejende musikskole. Og s\u00e5dan vil det ogs\u00e5 v\u00e6re i de kommende \u00e5r, med mindre Venstre i morgen stemmer sit eget udvalgsflertal ned &#8211; som det <a href=\"https:\/\/kunmedierne.dk\/mors\/venstreflertal-stemt-ned-i-sag-om-tagterrasse\/\" target=\"_blank\" rel=\"noopener noreferrer\">for nylig<\/a> skete i en beslutning om en naboh\u00f8ring p\u00e5 H\u00f8stvej i Nyk\u00f8bing.<\/p>\n<p>For n\u00e6stformanden i b\u00f8rne- og kulturudvalget er indstillingen dog klar: En selvst\u00e6ndig bestyrelse med tanker, ideer og visioner for musikskolen er vejen frem.<\/p>\n<p>&#8220;S\u00e5 f\u00f8lger vi resultatkontrakten n\u00f8je, n\u00e5r vi f\u00e5r planlagt, hvad der skal st\u00e5 i den. Og s\u00e5 kigger vi p\u00e5, hvordan det udvikler sig,&#8221; siger Peter Lilleb\u00e6k og fremh\u00e6ver frivilligheden i den nuv\u00e6rende struktur.<\/p>\n<p>&#8220;Hvis Musikskolen var kommet og havde sagt &#8216;Det her magter vi simpelthen ikke&#8217;, s\u00e5 havde vi haft en anden situation. Man skal ogs\u00e5 p\u00e5sk\u00f8nne det frivillige arbejde, der l\u00e6gges i det,&#8221; siger han.<\/p>\n<p>KunMors arbejder p\u00e5 en kommentar fra Tore M\u00fcller (S), udvalgsformand for b\u00f8rne- og kulturudvalget.<\/p>\n","protected":false},"excerpt":{"rendered":"<p>MORS: Der er lagt op til et brydetag om musikundervisningen p\u00e5 Mors &#8211; men et brydetag med en forudsigelig vinder. Tirsdag er Musikskolen p\u00e5 Mors p\u00e5 dagsordenen hos kommunalbestyrelsen. Her skal de 21 folkevalgte tage stilling til to mulige scenarier for skolens fremtid: At den forts\u00e6tter som selvejende institution med en ny to\u00e5rig og sk\u00e6rpet [&hellip;]<\/p>\n","protected":false},"author":8,"featured_media":32908,"comment_status":"open","ping_status":"open","sticky":false,"template":"","format":"standard","meta":{"_acf_changed":false,"footnotes":""},"categories":[49],"tags":[165,170],"class_list":["post-32903","post","type-post","status-publish","format-standard","has-post-thumbnail","hentry","category-kultur","tag-musik","tag-uddannelse"],"acf":[],"yoast_head":"<!-- This site is optimized with the Yoast SEO plugin v26.8 - https:\/\/yoast.com\/product\/yoast-seo-wordpress\/ -->\n<title>- Jeg ved ikke, om det er sidste chance, men... - Mors<\/title>\n<meta name=\"robots\" content=\"index, follow, max-snippet:-1, max-image-preview:large, max-video-preview:-1\" \/>\n<link rel=\"canonical\" href=\"https:\/\/kunmedierne.dk\/mors\/jeg-ved-ikke-om-det-er-sidste-chance-men\/\" \/>\n<meta property=\"og:locale\" content=\"da_DK\" \/>\n<meta property=\"og:type\" content=\"article\" \/>\n<meta property=\"og:title\" content=\"- Jeg ved ikke, om det er sidste chance, men... - Mors\" \/>\n<meta property=\"og:description\" content=\"MORS: Der er lagt op til et brydetag om musikundervisningen p\u00e5 Mors &#8211; men et brydetag med en forudsigelig vinder. Tirsdag er Musikskolen p\u00e5 Mors p\u00e5 dagsordenen hos kommunalbestyrelsen. Her skal de 21 folkevalgte tage stilling til to mulige scenarier for skolens fremtid: At den forts\u00e6tter som selvejende institution med en ny to\u00e5rig og sk\u00e6rpet [&hellip;]\" \/>\n<meta property=\"og:url\" content=\"https:\/\/kunmedierne.dk\/mors\/jeg-ved-ikke-om-det-er-sidste-chance-men\/\" \/>\n<meta property=\"og:site_name\" content=\"Mors\" \/>\n<meta property=\"article:published_time\" content=\"2020-10-05T10:15:58+00:00\" \/>\n<meta property=\"article:modified_time\" content=\"2024-08-12T11:44:04+00:00\" \/>\n<meta property=\"og:image\" content=\"https:\/\/kunmedierne.dk\/mors\/wp-content\/uploads\/2020\/10\/musikskole.jpg\" \/>\n\t<meta property=\"og:image:width\" content=\"770\" \/>\n\t<meta property=\"og:image:height\" content=\"513\" \/>\n\t<meta property=\"og:image:type\" content=\"image\/jpeg\" \/>\n<meta name=\"author\" content=\"David H\u00f8jmark\" \/>\n<meta name=\"twitter:card\" content=\"summary_large_image\" \/>\n<meta name=\"twitter:label1\" content=\"Skrevet af\" \/>\n\t<meta name=\"twitter:data1\" content=\"David H\u00f8jmark\" \/>\n\t<meta name=\"twitter:label2\" content=\"Estimeret l\u00e6setid\" \/>\n\t<meta name=\"twitter:data2\" content=\"4 minutter\" \/>\n<script type=\"application\/ld+json\" class=\"yoast-schema-graph\">{\"@context\":\"https:\/\/schema.org\",\"@graph\":[{\"@type\":\"Article\",\"@id\":\"https:\/\/kunmedierne.dk\/mors\/jeg-ved-ikke-om-det-er-sidste-chance-men\/#article\",\"isPartOf\":{\"@id\":\"https:\/\/kunmedierne.dk\/mors\/jeg-ved-ikke-om-det-er-sidste-chance-men\/\"},\"author\":{\"name\":\"David H\u00f8jmark\",\"@id\":\"https:\/\/kunmedierne.dk\/mors\/#\/schema\/person\/5fe23251bf1d0abbcdc6f7896579d548\"},\"headline\":\"&#8211; Jeg ved ikke, om det er sidste chance, men&#8230;\",\"datePublished\":\"2020-10-05T10:15:58+00:00\",\"dateModified\":\"2024-08-12T11:44:04+00:00\",\"mainEntityOfPage\":{\"@id\":\"https:\/\/kunmedierne.dk\/mors\/jeg-ved-ikke-om-det-er-sidste-chance-men\/\"},\"wordCount\":829,\"commentCount\":0,\"publisher\":{\"@id\":\"https:\/\/kunmedierne.dk\/mors\/#organization\"},\"image\":{\"@id\":\"https:\/\/kunmedierne.dk\/mors\/jeg-ved-ikke-om-det-er-sidste-chance-men\/#primaryimage\"},\"thumbnailUrl\":\"https:\/\/kunmedierne.dk\/mors\/wp-content\/uploads\/2020\/10\/musikskole.jpg\",\"keywords\":[\"Musik\",\"Skoler og uddannelse\"],\"articleSection\":[\"Kultur\"],\"inLanguage\":\"da-DK\",\"potentialAction\":[{\"@type\":\"CommentAction\",\"name\":\"Comment\",\"target\":[\"https:\/\/kunmedierne.dk\/mors\/jeg-ved-ikke-om-det-er-sidste-chance-men\/#respond\"]}]},{\"@type\":\"WebPage\",\"@id\":\"https:\/\/kunmedierne.dk\/mors\/jeg-ved-ikke-om-det-er-sidste-chance-men\/\",\"url\":\"https:\/\/kunmedierne.dk\/mors\/jeg-ved-ikke-om-det-er-sidste-chance-men\/\",\"name\":\"- Jeg ved ikke, om det er sidste chance, men... - Mors\",\"isPartOf\":{\"@id\":\"https:\/\/kunmedierne.dk\/mors\/#website\"},\"primaryImageOfPage\":{\"@id\":\"https:\/\/kunmedierne.dk\/mors\/jeg-ved-ikke-om-det-er-sidste-chance-men\/#primaryimage\"},\"image\":{\"@id\":\"https:\/\/kunmedierne.dk\/mors\/jeg-ved-ikke-om-det-er-sidste-chance-men\/#primaryimage\"},\"thumbnailUrl\":\"https:\/\/kunmedierne.dk\/mors\/wp-content\/uploads\/2020\/10\/musikskole.jpg\",\"datePublished\":\"2020-10-05T10:15:58+00:00\",\"dateModified\":\"2024-08-12T11:44:04+00:00\",\"breadcrumb\":{\"@id\":\"https:\/\/kunmedierne.dk\/mors\/jeg-ved-ikke-om-det-er-sidste-chance-men\/#breadcrumb\"},\"inLanguage\":\"da-DK\",\"potentialAction\":[{\"@type\":\"ReadAction\",\"target\":[\"https:\/\/kunmedierne.dk\/mors\/jeg-ved-ikke-om-det-er-sidste-chance-men\/\"]}]},{\"@type\":\"ImageObject\",\"inLanguage\":\"da-DK\",\"@id\":\"https:\/\/kunmedierne.dk\/mors\/jeg-ved-ikke-om-det-er-sidste-chance-men\/#primaryimage\",\"url\":\"https:\/\/kunmedierne.dk\/mors\/wp-content\/uploads\/2020\/10\/musikskole.jpg\",\"contentUrl\":\"https:\/\/kunmedierne.dk\/mors\/wp-content\/uploads\/2020\/10\/musikskole.jpg\",\"width\":770,\"height\":513,\"caption\":\"Modelfoto: Andrey Konstantinov\/Unsplash\"},{\"@type\":\"BreadcrumbList\",\"@id\":\"https:\/\/kunmedierne.dk\/mors\/jeg-ved-ikke-om-det-er-sidste-chance-men\/#breadcrumb\",\"itemListElement\":[{\"@type\":\"ListItem\",\"position\":1,\"name\":\"Hjem\",\"item\":\"https:\/\/kunmedierne.dk\/mors\/\"},{\"@type\":\"ListItem\",\"position\":2,\"name\":\"&#8211; Jeg ved ikke, om det er sidste chance, men&#8230;\"}]},{\"@type\":\"WebSite\",\"@id\":\"https:\/\/kunmedierne.dk\/mors\/#website\",\"url\":\"https:\/\/kunmedierne.dk\/mors\/\",\"name\":\"Mors\",\"description\":\"et netmedie med journalistik om livet p\u00e5 Mors\",\"publisher\":{\"@id\":\"https:\/\/kunmedierne.dk\/mors\/#organization\"},\"potentialAction\":[{\"@type\":\"SearchAction\",\"target\":{\"@type\":\"EntryPoint\",\"urlTemplate\":\"https:\/\/kunmedierne.dk\/mors\/?s={search_term_string}\"},\"query-input\":{\"@type\":\"PropertyValueSpecification\",\"valueRequired\":true,\"valueName\":\"search_term_string\"}}],\"inLanguage\":\"da-DK\"},{\"@type\":\"Organization\",\"@id\":\"https:\/\/kunmedierne.dk\/mors\/#organization\",\"name\":\"Mors\",\"url\":\"https:\/\/kunmedierne.dk\/mors\/\",\"logo\":{\"@type\":\"ImageObject\",\"inLanguage\":\"da-DK\",\"@id\":\"https:\/\/kunmedierne.dk\/mors\/#\/schema\/logo\/image\/\",\"url\":\"https:\/\/kunmedierne.dk\/mors\/wp-content\/uploads\/2024\/08\/kunmors-logo.svg\",\"contentUrl\":\"https:\/\/kunmedierne.dk\/mors\/wp-content\/uploads\/2024\/08\/kunmors-logo.svg\",\"caption\":\"Mors\"},\"image\":{\"@id\":\"https:\/\/kunmedierne.dk\/mors\/#\/schema\/logo\/image\/\"}},{\"@type\":\"Person\",\"@id\":\"https:\/\/kunmedierne.dk\/mors\/#\/schema\/person\/5fe23251bf1d0abbcdc6f7896579d548\",\"name\":\"David H\u00f8jmark\",\"image\":{\"@type\":\"ImageObject\",\"inLanguage\":\"da-DK\",\"@id\":\"https:\/\/kunmedierne.dk\/mors\/#\/schema\/person\/image\/\",\"url\":\"https:\/\/secure.gravatar.com\/avatar\/4315d6fb9ef244d729989f5f90268eb08d5bf8a3d84402f595fa194bb35784fd?s=96&d=mm&r=g\",\"contentUrl\":\"https:\/\/secure.gravatar.com\/avatar\/4315d6fb9ef244d729989f5f90268eb08d5bf8a3d84402f595fa194bb35784fd?s=96&d=mm&r=g\",\"caption\":\"David H\u00f8jmark\"},\"sameAs\":[\"https:\/\/www.kunmedierne.dk\"],\"url\":\"https:\/\/kunmedierne.dk\/mors\/author\/david\/\"}]}<\/script>\n<!-- \/ Yoast SEO plugin. -->","yoast_head_json":{"title":"- Jeg ved ikke, om det er sidste chance, men... - Mors","robots":{"index":"index","follow":"follow","max-snippet":"max-snippet:-1","max-image-preview":"max-image-preview:large","max-video-preview":"max-video-preview:-1"},"canonical":"https:\/\/kunmedierne.dk\/mors\/jeg-ved-ikke-om-det-er-sidste-chance-men\/","og_locale":"da_DK","og_type":"article","og_title":"- Jeg ved ikke, om det er sidste chance, men... - Mors","og_description":"MORS: Der er lagt op til et brydetag om musikundervisningen p\u00e5 Mors &#8211; men et brydetag med en forudsigelig vinder. Tirsdag er Musikskolen p\u00e5 Mors p\u00e5 dagsordenen hos kommunalbestyrelsen. Her skal de 21 folkevalgte tage stilling til to mulige scenarier for skolens fremtid: At den forts\u00e6tter som selvejende institution med en ny to\u00e5rig og sk\u00e6rpet [&hellip;]","og_url":"https:\/\/kunmedierne.dk\/mors\/jeg-ved-ikke-om-det-er-sidste-chance-men\/","og_site_name":"Mors","article_published_time":"2020-10-05T10:15:58+00:00","article_modified_time":"2024-08-12T11:44:04+00:00","og_image":[{"width":770,"height":513,"url":"https:\/\/kunmedierne.dk\/mors\/wp-content\/uploads\/2020\/10\/musikskole.jpg","type":"image\/jpeg"}],"author":"David H\u00f8jmark","twitter_card":"summary_large_image","twitter_misc":{"Skrevet af":"David H\u00f8jmark","Estimeret l\u00e6setid":"4 minutter"},"schema":{"@context":"https:\/\/schema.org","@graph":[{"@type":"Article","@id":"https:\/\/kunmedierne.dk\/mors\/jeg-ved-ikke-om-det-er-sidste-chance-men\/#article","isPartOf":{"@id":"https:\/\/kunmedierne.dk\/mors\/jeg-ved-ikke-om-det-er-sidste-chance-men\/"},"author":{"name":"David H\u00f8jmark","@id":"https:\/\/kunmedierne.dk\/mors\/#\/schema\/person\/5fe23251bf1d0abbcdc6f7896579d548"},"headline":"&#8211; Jeg ved ikke, om det er sidste chance, men&#8230;","datePublished":"2020-10-05T10:15:58+00:00","dateModified":"2024-08-12T11:44:04+00:00","mainEntityOfPage":{"@id":"https:\/\/kunmedierne.dk\/mors\/jeg-ved-ikke-om-det-er-sidste-chance-men\/"},"wordCount":829,"commentCount":0,"publisher":{"@id":"https:\/\/kunmedierne.dk\/mors\/#organization"},"image":{"@id":"https:\/\/kunmedierne.dk\/mors\/jeg-ved-ikke-om-det-er-sidste-chance-men\/#primaryimage"},"thumbnailUrl":"https:\/\/kunmedierne.dk\/mors\/wp-content\/uploads\/2020\/10\/musikskole.jpg","keywords":["Musik","Skoler og uddannelse"],"articleSection":["Kultur"],"inLanguage":"da-DK","potentialAction":[{"@type":"CommentAction","name":"Comment","target":["https:\/\/kunmedierne.dk\/mors\/jeg-ved-ikke-om-det-er-sidste-chance-men\/#respond"]}]},{"@type":"WebPage","@id":"https:\/\/kunmedierne.dk\/mors\/jeg-ved-ikke-om-det-er-sidste-chance-men\/","url":"https:\/\/kunmedierne.dk\/mors\/jeg-ved-ikke-om-det-er-sidste-chance-men\/","name":"- Jeg ved ikke, om det er sidste chance, men... - Mors","isPartOf":{"@id":"https:\/\/kunmedierne.dk\/mors\/#website"},"primaryImageOfPage":{"@id":"https:\/\/kunmedierne.dk\/mors\/jeg-ved-ikke-om-det-er-sidste-chance-men\/#primaryimage"},"image":{"@id":"https:\/\/kunmedierne.dk\/mors\/jeg-ved-ikke-om-det-er-sidste-chance-men\/#primaryimage"},"thumbnailUrl":"https:\/\/kunmedierne.dk\/mors\/wp-content\/uploads\/2020\/10\/musikskole.jpg","datePublished":"2020-10-05T10:15:58+00:00","dateModified":"2024-08-12T11:44:04+00:00","breadcrumb":{"@id":"https:\/\/kunmedierne.dk\/mors\/jeg-ved-ikke-om-det-er-sidste-chance-men\/#breadcrumb"},"inLanguage":"da-DK","potentialAction":[{"@type":"ReadAction","target":["https:\/\/kunmedierne.dk\/mors\/jeg-ved-ikke-om-det-er-sidste-chance-men\/"]}]},{"@type":"ImageObject","inLanguage":"da-DK","@id":"https:\/\/kunmedierne.dk\/mors\/jeg-ved-ikke-om-det-er-sidste-chance-men\/#primaryimage","url":"https:\/\/kunmedierne.dk\/mors\/wp-content\/uploads\/2020\/10\/musikskole.jpg","contentUrl":"https:\/\/kunmedierne.dk\/mors\/wp-content\/uploads\/2020\/10\/musikskole.jpg","width":770,"height":513,"caption":"Modelfoto: Andrey Konstantinov\/Unsplash"},{"@type":"BreadcrumbList","@id":"https:\/\/kunmedierne.dk\/mors\/jeg-ved-ikke-om-det-er-sidste-chance-men\/#breadcrumb","itemListElement":[{"@type":"ListItem","position":1,"name":"Hjem","item":"https:\/\/kunmedierne.dk\/mors\/"},{"@type":"ListItem","position":2,"name":"&#8211; Jeg ved ikke, om det er sidste chance, men&#8230;"}]},{"@type":"WebSite","@id":"https:\/\/kunmedierne.dk\/mors\/#website","url":"https:\/\/kunmedierne.dk\/mors\/","name":"Mors","description":"et netmedie med journalistik om livet p\u00e5 Mors","publisher":{"@id":"https:\/\/kunmedierne.dk\/mors\/#organization"},"potentialAction":[{"@type":"SearchAction","target":{"@type":"EntryPoint","urlTemplate":"https:\/\/kunmedierne.dk\/mors\/?s={search_term_string}"},"query-input":{"@type":"PropertyValueSpecification","valueRequired":true,"valueName":"search_term_string"}}],"inLanguage":"da-DK"},{"@type":"Organization","@id":"https:\/\/kunmedierne.dk\/mors\/#organization","name":"Mors","url":"https:\/\/kunmedierne.dk\/mors\/","logo":{"@type":"ImageObject","inLanguage":"da-DK","@id":"https:\/\/kunmedierne.dk\/mors\/#\/schema\/logo\/image\/","url":"https:\/\/kunmedierne.dk\/mors\/wp-content\/uploads\/2024\/08\/kunmors-logo.svg","contentUrl":"https:\/\/kunmedierne.dk\/mors\/wp-content\/uploads\/2024\/08\/kunmors-logo.svg","caption":"Mors"},"image":{"@id":"https:\/\/kunmedierne.dk\/mors\/#\/schema\/logo\/image\/"}},{"@type":"Person","@id":"https:\/\/kunmedierne.dk\/mors\/#\/schema\/person\/5fe23251bf1d0abbcdc6f7896579d548","name":"David H\u00f8jmark","image":{"@type":"ImageObject","inLanguage":"da-DK","@id":"https:\/\/kunmedierne.dk\/mors\/#\/schema\/person\/image\/","url":"https:\/\/secure.gravatar.com\/avatar\/4315d6fb9ef244d729989f5f90268eb08d5bf8a3d84402f595fa194bb35784fd?s=96&d=mm&r=g","contentUrl":"https:\/\/secure.gravatar.com\/avatar\/4315d6fb9ef244d729989f5f90268eb08d5bf8a3d84402f595fa194bb35784fd?s=96&d=mm&r=g","caption":"David H\u00f8jmark"},"sameAs":["https:\/\/www.kunmedierne.dk"],"url":"https:\/\/kunmedierne.dk\/mors\/author\/david\/"}]}},"_links":{"self":[{"href":"https:\/\/kunmedierne.dk\/mors\/wp-json\/wp\/v2\/posts\/32903","targetHints":{"allow":["GET"]}}],"collection":[{"href":"https:\/\/kunmedierne.dk\/mors\/wp-json\/wp\/v2\/posts"}],"about":[{"href":"https:\/\/kunmedierne.dk\/mors\/wp-json\/wp\/v2\/types\/post"}],"author":[{"embeddable":true,"href":"https:\/\/kunmedierne.dk\/mors\/wp-json\/wp\/v2\/users\/8"}],"replies":[{"embeddable":true,"href":"https:\/\/kunmedierne.dk\/mors\/wp-json\/wp\/v2\/comments?post=32903"}],"version-history":[{"count":4,"href":"https:\/\/kunmedierne.dk\/mors\/wp-json\/wp\/v2\/posts\/32903\/revisions"}],"predecessor-version":[{"id":32910,"href":"https:\/\/kunmedierne.dk\/mors\/wp-json\/wp\/v2\/posts\/32903\/revisions\/32910"}],"wp:featuredmedia":[{"embeddable":true,"href":"https:\/\/kunmedierne.dk\/mors\/wp-json\/wp\/v2\/media\/32908"}],"wp:attachment":[{"href":"https:\/\/kunmedierne.dk\/mors\/wp-json\/wp\/v2\/media?parent=32903"}],"wp:term":[{"taxonomy":"category","embeddable":true,"href":"https:\/\/kunmedierne.dk\/mors\/wp-json\/wp\/v2\/categories?post=32903"},{"taxonomy":"post_tag","embeddable":true,"href":"https:\/\/kunmedierne.dk\/mors\/wp-json\/wp\/v2\/tags?post=32903"}],"curies":[{"name":"wp","href":"https:\/\/api.w.org\/{rel}","templated":true}]}}