{"id":3191,"date":"2020-01-24T15:01:00","date_gmt":"2020-01-24T14:01:00","guid":{"rendered":"https:\/\/kunmedierne.dk\/mors\/?p=3191"},"modified":"2024-08-12T14:07:44","modified_gmt":"2024-08-12T12:07:44","slug":"vrede-over-nedlaegning-af-ikonisk-bygning","status":"publish","type":"post","link":"https:\/\/kunmedierne.dk\/mors\/vrede-over-nedlaegning-af-ikonisk-bygning\/","title":{"rendered":"Vrede over nedl\u00e6gning af ikonisk bygning"},"content":{"rendered":"<p><strong>NYK\u00d8BING<\/strong>: Bygningen er kendt og beundret af de fleste. For sin farve og arkitektur. Og for mange ogs\u00e5 for sin historie.<\/p>\n<p>Men snart er den fortid. Fredag satte Mors\u00f8 Kommune gang i nedrivningen af bygningen i Skolegade, der indtil efter\u00e5ret husede Limfjordsteatret. Det meldte kommunen ud p\u00e5 Facebook torsdag &#8211; og det var ikke lige popul\u00e6rt hos alle.<\/p>\n<p>&#8220;Hvad hulen er det da for en skammelig beslutning,&#8221; lyder en kommentar.<\/p>\n<p>&#8220;Forst\u00e5r absolut Ikke, I vil v\u00e6re det bekendt&#8230;.\u00d8V,&#8221; lyder en anden.<\/p>\n<p>En tredje uddyber formentlig de to afsenderes frustrationer:<\/p>\n<p>&#8220;Utroligt hvad I beslutter dernede p\u00e5 borgen. S\u00e5 flot et hus med sj\u00e6l og en fantastisk akustik i salen, som der ikke er mange steder af i Nyk\u00f8bing. Hvorfor ikke lave musikundervisning der??&#8221;<\/p>\n<p>Andre foresl\u00e5r, at bygningen i stedet bliver tildelt \u00d8rding Cirkusklub, mens flere fokuserer p\u00e5 det historiske aspekt.<\/p>\n<p>&#8220;S\u00e5 ryger endnu et stykke historie, mens der, over alt p\u00e5 \u00f8en, st\u00e5r offentlige, forladte bygninger og sk\u00e6mmer,&#8221; skriver en i sin kommentar. En anden supplerer med udgangspunkt i sine egne gymnastiktimer og tiden i Mors\u00f8 Pigegarde:<\/p>\n<p>&#8220;Det er sk\u00f8nne minder fra en smuk bygning, der bliver revet ned i morgen.&#8221;<\/p>\n<p>&nbsp;<\/p>\n<p><strong>Det vil v\u00e6re dyrt at lade bygningen st\u00e5<\/strong><\/p>\n<p>I f\u00f8rste omgang er bygningen sk\u00e6rmet af og bliver nu gjort klar til endelig nedrivning. Det sker dog f\u00f8rst i skolernes vinterferie, men at det sker, er der n\u00e6ppe tvivl om. Det var nemlig et bredt flertal i kommunalbestyrelsen, der i efter\u00e5ret tog beslutningen, og if\u00f8lge Tore M\u00fcller (S), formand for b\u00f8rne- og kulturudvalget i Mors\u00f8 Kommune og samtidig administrator i Limfjordsteatret, var det b\u00e5de dengang og nu den rigtige beslutning.<\/p>\n<p>Tanken om, at bygningen eksempelvis kunne bruges af M.C. Holms Skole, er s\u00e5ledes ikke realistisk, mener han.<\/p>\n<p>&#8220;Bygningens standard er meget ringe. Hvis man skulle lave det om til noget, der var brugbart for skolen, ville det kr\u00e6ve \u00e6ndringer,&#8221; siger han og uddyber, at selv med opdateringer ville det v\u00e6re sv\u00e6rt at indrette bygningen, s\u00e5 den kunne bruges til skoleform\u00e5l.<\/p>\n<p>&#8220;Det ville kr\u00e6ve en masse penge, det er jeg sikker p\u00e5,&#8221; siger han,<\/p>\n<p>Meiner N\u00f8rgaard (DF), formand for udvalget for teknik og milj\u00f8, er enig.<\/p>\n<p>&#8220;Jeg kan sandelig godt forst\u00e5, at nogen synes, det er vemodigt. Det er en bygning, der har v\u00e6ret her i mange \u00e5r, og den har et vist s\u00e6rpr\u00e6g. Mange har gode minder fra den, s\u00e5 jeg kan godt forst\u00e5, at folk er vemodige,&#8221; siger han, men tilf\u00f8jer, at der er fornuft i at fjerne den.<\/p>\n<p>&#8220;For det f\u00f8rste har byen f\u00e5et et flot og nyt teater. Og for det andet mangler M.C. Holms Skole udenomsplads. S\u00e5 det har v\u00e6ret planen hele tiden, at n\u00e5r Limfjordsteatret var flyttet, skulle det gamle teater v\u00e6ltes,&#8221; siger han.<\/p>\n<p>&nbsp;<\/p>\n<p><strong>Ingen chance for redning<\/strong><\/p>\n<p>Mors\u00f8 Kommune har tidligere m\u00e5tte opgive planer om at v\u00e6lte en ikonisk del af Nyk\u00f8bing, nemlig selve indgangsporten ved H\u00f8jbro. Her endte en planlagt nedrivning med at blive til en renovering. Og i Stoholm har aktive borgere p\u00e5 selve m\u00e5lstregen forhindret nedrivning af en gammel stationsbygning &#8211; alene ved at stille sig fysisk i vejen for nedrivningsfirmaet og derefter gennemtrumfe en ny beslutning.<\/p>\n<p>Meiner N\u00f8rgaard afviser dog, at den gamle teaterbygning i Nyk\u00f8bing undg\u00e5r at blive v\u00e6ltet.<\/p>\n<p>&#8220;Nej, for vi er g\u00e5et i gang med at rive den ned,&#8221; siger han.<\/p>\n<p>&#8220;Nogle gange er vi alts\u00e5 ogs\u00e5 n\u00f8dt til at skabe plads til fremtidig udvikling. Vi kan ikke sige, at alt skal v\u00e6re som for 100 \u00e5r siden,&#8221; siger han og p\u00e5peger, at nedrivningen af den bl\u00e5 bygning skaber en god sammenh\u00e6ng til det gr\u00f8nne omr\u00e5de ved Skomagerhuset.<\/p>\n<p>Samtidig g\u00f8r det tilv\u00e6relsen for de sm\u00e5 skoleb\u00f8rn p\u00e5 M.C. Holms Skole bedre, mener han.<\/p>\n<p>&#8220;Det er ogs\u00e5 vigtigt, at de f\u00e5r gode vilk\u00e5r,&#8221; siger Meiner N\u00f8raard.<\/p>\n","protected":false},"excerpt":{"rendered":"<p>NYK\u00d8BING: Bygningen er kendt og beundret af de fleste. For sin farve og arkitektur. Og for mange ogs\u00e5 for sin historie. Men snart er den fortid. Fredag satte Mors\u00f8 Kommune gang i nedrivningen af bygningen i Skolegade, der indtil efter\u00e5ret husede Limfjordsteatret. Det meldte kommunen ud p\u00e5 Facebook torsdag &#8211; og det var ikke lige [&hellip;]<\/p>\n","protected":false},"author":8,"featured_media":3221,"comment_status":"open","ping_status":"open","sticky":false,"template":"","format":"standard","meta":{"_acf_changed":false,"footnotes":""},"categories":[51],"tags":[],"class_list":["post-3191","post","type-post","status-publish","format-standard","has-post-thumbnail","hentry","category-lokalt"],"acf":[],"yoast_head":"<!-- This site is optimized with the Yoast SEO plugin v26.8 - https:\/\/yoast.com\/product\/yoast-seo-wordpress\/ -->\n<title>Vrede over nedl\u00e6gning af ikonisk bygning - Mors<\/title>\n<meta name=\"robots\" content=\"index, follow, max-snippet:-1, max-image-preview:large, max-video-preview:-1\" \/>\n<link rel=\"canonical\" href=\"https:\/\/kunmedierne.dk\/mors\/vrede-over-nedlaegning-af-ikonisk-bygning\/\" \/>\n<meta property=\"og:locale\" content=\"da_DK\" \/>\n<meta property=\"og:type\" content=\"article\" \/>\n<meta property=\"og:title\" content=\"Vrede over nedl\u00e6gning af ikonisk bygning - Mors\" \/>\n<meta property=\"og:description\" content=\"NYK\u00d8BING: Bygningen er kendt og beundret af de fleste. For sin farve og arkitektur. Og for mange ogs\u00e5 for sin historie. Men snart er den fortid. Fredag satte Mors\u00f8 Kommune gang i nedrivningen af bygningen i Skolegade, der indtil efter\u00e5ret husede Limfjordsteatret. Det meldte kommunen ud p\u00e5 Facebook torsdag &#8211; og det var ikke lige [&hellip;]\" \/>\n<meta property=\"og:url\" content=\"https:\/\/kunmedierne.dk\/mors\/vrede-over-nedlaegning-af-ikonisk-bygning\/\" \/>\n<meta property=\"og:site_name\" content=\"Mors\" \/>\n<meta property=\"article:published_time\" content=\"2020-01-24T14:01:00+00:00\" \/>\n<meta property=\"article:modified_time\" content=\"2024-08-12T12:07:44+00:00\" \/>\n<meta property=\"og:image\" content=\"https:\/\/kunmedierne.dk\/mors\/wp-content\/uploads\/2020\/01\/200124-limfjordsteatret-bl\u00e5-bygning.jpg\" \/>\n\t<meta property=\"og:image:width\" content=\"770\" \/>\n\t<meta property=\"og:image:height\" content=\"513\" \/>\n\t<meta property=\"og:image:type\" content=\"image\/jpeg\" \/>\n<meta name=\"author\" content=\"David H\u00f8jmark\" \/>\n<meta name=\"twitter:card\" content=\"summary_large_image\" \/>\n<meta name=\"twitter:label1\" content=\"Skrevet af\" \/>\n\t<meta name=\"twitter:data1\" content=\"David H\u00f8jmark\" \/>\n\t<meta name=\"twitter:label2\" content=\"Estimeret l\u00e6setid\" \/>\n\t<meta name=\"twitter:data2\" content=\"3 minutter\" \/>\n<script type=\"application\/ld+json\" class=\"yoast-schema-graph\">{\"@context\":\"https:\/\/schema.org\",\"@graph\":[{\"@type\":\"Article\",\"@id\":\"https:\/\/kunmedierne.dk\/mors\/vrede-over-nedlaegning-af-ikonisk-bygning\/#article\",\"isPartOf\":{\"@id\":\"https:\/\/kunmedierne.dk\/mors\/vrede-over-nedlaegning-af-ikonisk-bygning\/\"},\"author\":{\"name\":\"David H\u00f8jmark\",\"@id\":\"https:\/\/kunmedierne.dk\/mors\/#\/schema\/person\/5fe23251bf1d0abbcdc6f7896579d548\"},\"headline\":\"Vrede over nedl\u00e6gning af ikonisk bygning\",\"datePublished\":\"2020-01-24T14:01:00+00:00\",\"dateModified\":\"2024-08-12T12:07:44+00:00\",\"mainEntityOfPage\":{\"@id\":\"https:\/\/kunmedierne.dk\/mors\/vrede-over-nedlaegning-af-ikonisk-bygning\/\"},\"wordCount\":688,\"commentCount\":0,\"publisher\":{\"@id\":\"https:\/\/kunmedierne.dk\/mors\/#organization\"},\"image\":{\"@id\":\"https:\/\/kunmedierne.dk\/mors\/vrede-over-nedlaegning-af-ikonisk-bygning\/#primaryimage\"},\"thumbnailUrl\":\"https:\/\/kunmedierne.dk\/mors\/wp-content\/uploads\/2020\/01\/200124-limfjordsteatret-bl\u00e5-bygning.jpg\",\"articleSection\":[\"Lokalt\"],\"inLanguage\":\"da-DK\",\"potentialAction\":[{\"@type\":\"CommentAction\",\"name\":\"Comment\",\"target\":[\"https:\/\/kunmedierne.dk\/mors\/vrede-over-nedlaegning-af-ikonisk-bygning\/#respond\"]}]},{\"@type\":\"WebPage\",\"@id\":\"https:\/\/kunmedierne.dk\/mors\/vrede-over-nedlaegning-af-ikonisk-bygning\/\",\"url\":\"https:\/\/kunmedierne.dk\/mors\/vrede-over-nedlaegning-af-ikonisk-bygning\/\",\"name\":\"Vrede over nedl\u00e6gning af ikonisk bygning - Mors\",\"isPartOf\":{\"@id\":\"https:\/\/kunmedierne.dk\/mors\/#website\"},\"primaryImageOfPage\":{\"@id\":\"https:\/\/kunmedierne.dk\/mors\/vrede-over-nedlaegning-af-ikonisk-bygning\/#primaryimage\"},\"image\":{\"@id\":\"https:\/\/kunmedierne.dk\/mors\/vrede-over-nedlaegning-af-ikonisk-bygning\/#primaryimage\"},\"thumbnailUrl\":\"https:\/\/kunmedierne.dk\/mors\/wp-content\/uploads\/2020\/01\/200124-limfjordsteatret-bl\u00e5-bygning.jpg\",\"datePublished\":\"2020-01-24T14:01:00+00:00\",\"dateModified\":\"2024-08-12T12:07:44+00:00\",\"breadcrumb\":{\"@id\":\"https:\/\/kunmedierne.dk\/mors\/vrede-over-nedlaegning-af-ikonisk-bygning\/#breadcrumb\"},\"inLanguage\":\"da-DK\",\"potentialAction\":[{\"@type\":\"ReadAction\",\"target\":[\"https:\/\/kunmedierne.dk\/mors\/vrede-over-nedlaegning-af-ikonisk-bygning\/\"]}]},{\"@type\":\"ImageObject\",\"inLanguage\":\"da-DK\",\"@id\":\"https:\/\/kunmedierne.dk\/mors\/vrede-over-nedlaegning-af-ikonisk-bygning\/#primaryimage\",\"url\":\"https:\/\/kunmedierne.dk\/mors\/wp-content\/uploads\/2020\/01\/200124-limfjordsteatret-bl\u00e5-bygning.jpg\",\"contentUrl\":\"https:\/\/kunmedierne.dk\/mors\/wp-content\/uploads\/2020\/01\/200124-limfjordsteatret-bl\u00e5-bygning.jpg\",\"width\":770,\"height\":513,\"caption\":\"Denne bygning er snart fortid. Den endelige nedrivning sker i skolernes vinterferie. Foto: David H\u00f8jmark\"},{\"@type\":\"BreadcrumbList\",\"@id\":\"https:\/\/kunmedierne.dk\/mors\/vrede-over-nedlaegning-af-ikonisk-bygning\/#breadcrumb\",\"itemListElement\":[{\"@type\":\"ListItem\",\"position\":1,\"name\":\"Hjem\",\"item\":\"https:\/\/kunmedierne.dk\/mors\/\"},{\"@type\":\"ListItem\",\"position\":2,\"name\":\"Vrede over nedl\u00e6gning af ikonisk bygning\"}]},{\"@type\":\"WebSite\",\"@id\":\"https:\/\/kunmedierne.dk\/mors\/#website\",\"url\":\"https:\/\/kunmedierne.dk\/mors\/\",\"name\":\"Mors\",\"description\":\"et netmedie med journalistik om livet p\u00e5 Mors\",\"publisher\":{\"@id\":\"https:\/\/kunmedierne.dk\/mors\/#organization\"},\"potentialAction\":[{\"@type\":\"SearchAction\",\"target\":{\"@type\":\"EntryPoint\",\"urlTemplate\":\"https:\/\/kunmedierne.dk\/mors\/?s={search_term_string}\"},\"query-input\":{\"@type\":\"PropertyValueSpecification\",\"valueRequired\":true,\"valueName\":\"search_term_string\"}}],\"inLanguage\":\"da-DK\"},{\"@type\":\"Organization\",\"@id\":\"https:\/\/kunmedierne.dk\/mors\/#organization\",\"name\":\"Mors\",\"url\":\"https:\/\/kunmedierne.dk\/mors\/\",\"logo\":{\"@type\":\"ImageObject\",\"inLanguage\":\"da-DK\",\"@id\":\"https:\/\/kunmedierne.dk\/mors\/#\/schema\/logo\/image\/\",\"url\":\"https:\/\/kunmedierne.dk\/mors\/wp-content\/uploads\/2024\/08\/kunmors-logo.svg\",\"contentUrl\":\"https:\/\/kunmedierne.dk\/mors\/wp-content\/uploads\/2024\/08\/kunmors-logo.svg\",\"caption\":\"Mors\"},\"image\":{\"@id\":\"https:\/\/kunmedierne.dk\/mors\/#\/schema\/logo\/image\/\"}},{\"@type\":\"Person\",\"@id\":\"https:\/\/kunmedierne.dk\/mors\/#\/schema\/person\/5fe23251bf1d0abbcdc6f7896579d548\",\"name\":\"David H\u00f8jmark\",\"image\":{\"@type\":\"ImageObject\",\"inLanguage\":\"da-DK\",\"@id\":\"https:\/\/kunmedierne.dk\/mors\/#\/schema\/person\/image\/\",\"url\":\"https:\/\/secure.gravatar.com\/avatar\/4315d6fb9ef244d729989f5f90268eb08d5bf8a3d84402f595fa194bb35784fd?s=96&d=mm&r=g\",\"contentUrl\":\"https:\/\/secure.gravatar.com\/avatar\/4315d6fb9ef244d729989f5f90268eb08d5bf8a3d84402f595fa194bb35784fd?s=96&d=mm&r=g\",\"caption\":\"David H\u00f8jmark\"},\"sameAs\":[\"https:\/\/www.kunmedierne.dk\"],\"url\":\"https:\/\/kunmedierne.dk\/mors\/author\/david\/\"}]}<\/script>\n<!-- \/ Yoast SEO plugin. -->","yoast_head_json":{"title":"Vrede over nedl\u00e6gning af ikonisk bygning - Mors","robots":{"index":"index","follow":"follow","max-snippet":"max-snippet:-1","max-image-preview":"max-image-preview:large","max-video-preview":"max-video-preview:-1"},"canonical":"https:\/\/kunmedierne.dk\/mors\/vrede-over-nedlaegning-af-ikonisk-bygning\/","og_locale":"da_DK","og_type":"article","og_title":"Vrede over nedl\u00e6gning af ikonisk bygning - Mors","og_description":"NYK\u00d8BING: Bygningen er kendt og beundret af de fleste. For sin farve og arkitektur. Og for mange ogs\u00e5 for sin historie. Men snart er den fortid. Fredag satte Mors\u00f8 Kommune gang i nedrivningen af bygningen i Skolegade, der indtil efter\u00e5ret husede Limfjordsteatret. Det meldte kommunen ud p\u00e5 Facebook torsdag &#8211; og det var ikke lige [&hellip;]","og_url":"https:\/\/kunmedierne.dk\/mors\/vrede-over-nedlaegning-af-ikonisk-bygning\/","og_site_name":"Mors","article_published_time":"2020-01-24T14:01:00+00:00","article_modified_time":"2024-08-12T12:07:44+00:00","og_image":[{"width":770,"height":513,"url":"https:\/\/kunmedierne.dk\/mors\/wp-content\/uploads\/2020\/01\/200124-limfjordsteatret-bl\u00e5-bygning.jpg","type":"image\/jpeg"}],"author":"David H\u00f8jmark","twitter_card":"summary_large_image","twitter_misc":{"Skrevet af":"David H\u00f8jmark","Estimeret l\u00e6setid":"3 minutter"},"schema":{"@context":"https:\/\/schema.org","@graph":[{"@type":"Article","@id":"https:\/\/kunmedierne.dk\/mors\/vrede-over-nedlaegning-af-ikonisk-bygning\/#article","isPartOf":{"@id":"https:\/\/kunmedierne.dk\/mors\/vrede-over-nedlaegning-af-ikonisk-bygning\/"},"author":{"name":"David H\u00f8jmark","@id":"https:\/\/kunmedierne.dk\/mors\/#\/schema\/person\/5fe23251bf1d0abbcdc6f7896579d548"},"headline":"Vrede over nedl\u00e6gning af ikonisk bygning","datePublished":"2020-01-24T14:01:00+00:00","dateModified":"2024-08-12T12:07:44+00:00","mainEntityOfPage":{"@id":"https:\/\/kunmedierne.dk\/mors\/vrede-over-nedlaegning-af-ikonisk-bygning\/"},"wordCount":688,"commentCount":0,"publisher":{"@id":"https:\/\/kunmedierne.dk\/mors\/#organization"},"image":{"@id":"https:\/\/kunmedierne.dk\/mors\/vrede-over-nedlaegning-af-ikonisk-bygning\/#primaryimage"},"thumbnailUrl":"https:\/\/kunmedierne.dk\/mors\/wp-content\/uploads\/2020\/01\/200124-limfjordsteatret-bl\u00e5-bygning.jpg","articleSection":["Lokalt"],"inLanguage":"da-DK","potentialAction":[{"@type":"CommentAction","name":"Comment","target":["https:\/\/kunmedierne.dk\/mors\/vrede-over-nedlaegning-af-ikonisk-bygning\/#respond"]}]},{"@type":"WebPage","@id":"https:\/\/kunmedierne.dk\/mors\/vrede-over-nedlaegning-af-ikonisk-bygning\/","url":"https:\/\/kunmedierne.dk\/mors\/vrede-over-nedlaegning-af-ikonisk-bygning\/","name":"Vrede over nedl\u00e6gning af ikonisk bygning - Mors","isPartOf":{"@id":"https:\/\/kunmedierne.dk\/mors\/#website"},"primaryImageOfPage":{"@id":"https:\/\/kunmedierne.dk\/mors\/vrede-over-nedlaegning-af-ikonisk-bygning\/#primaryimage"},"image":{"@id":"https:\/\/kunmedierne.dk\/mors\/vrede-over-nedlaegning-af-ikonisk-bygning\/#primaryimage"},"thumbnailUrl":"https:\/\/kunmedierne.dk\/mors\/wp-content\/uploads\/2020\/01\/200124-limfjordsteatret-bl\u00e5-bygning.jpg","datePublished":"2020-01-24T14:01:00+00:00","dateModified":"2024-08-12T12:07:44+00:00","breadcrumb":{"@id":"https:\/\/kunmedierne.dk\/mors\/vrede-over-nedlaegning-af-ikonisk-bygning\/#breadcrumb"},"inLanguage":"da-DK","potentialAction":[{"@type":"ReadAction","target":["https:\/\/kunmedierne.dk\/mors\/vrede-over-nedlaegning-af-ikonisk-bygning\/"]}]},{"@type":"ImageObject","inLanguage":"da-DK","@id":"https:\/\/kunmedierne.dk\/mors\/vrede-over-nedlaegning-af-ikonisk-bygning\/#primaryimage","url":"https:\/\/kunmedierne.dk\/mors\/wp-content\/uploads\/2020\/01\/200124-limfjordsteatret-bl\u00e5-bygning.jpg","contentUrl":"https:\/\/kunmedierne.dk\/mors\/wp-content\/uploads\/2020\/01\/200124-limfjordsteatret-bl\u00e5-bygning.jpg","width":770,"height":513,"caption":"Denne bygning er snart fortid. Den endelige nedrivning sker i skolernes vinterferie. Foto: David H\u00f8jmark"},{"@type":"BreadcrumbList","@id":"https:\/\/kunmedierne.dk\/mors\/vrede-over-nedlaegning-af-ikonisk-bygning\/#breadcrumb","itemListElement":[{"@type":"ListItem","position":1,"name":"Hjem","item":"https:\/\/kunmedierne.dk\/mors\/"},{"@type":"ListItem","position":2,"name":"Vrede over nedl\u00e6gning af ikonisk bygning"}]},{"@type":"WebSite","@id":"https:\/\/kunmedierne.dk\/mors\/#website","url":"https:\/\/kunmedierne.dk\/mors\/","name":"Mors","description":"et netmedie med journalistik om livet p\u00e5 Mors","publisher":{"@id":"https:\/\/kunmedierne.dk\/mors\/#organization"},"potentialAction":[{"@type":"SearchAction","target":{"@type":"EntryPoint","urlTemplate":"https:\/\/kunmedierne.dk\/mors\/?s={search_term_string}"},"query-input":{"@type":"PropertyValueSpecification","valueRequired":true,"valueName":"search_term_string"}}],"inLanguage":"da-DK"},{"@type":"Organization","@id":"https:\/\/kunmedierne.dk\/mors\/#organization","name":"Mors","url":"https:\/\/kunmedierne.dk\/mors\/","logo":{"@type":"ImageObject","inLanguage":"da-DK","@id":"https:\/\/kunmedierne.dk\/mors\/#\/schema\/logo\/image\/","url":"https:\/\/kunmedierne.dk\/mors\/wp-content\/uploads\/2024\/08\/kunmors-logo.svg","contentUrl":"https:\/\/kunmedierne.dk\/mors\/wp-content\/uploads\/2024\/08\/kunmors-logo.svg","caption":"Mors"},"image":{"@id":"https:\/\/kunmedierne.dk\/mors\/#\/schema\/logo\/image\/"}},{"@type":"Person","@id":"https:\/\/kunmedierne.dk\/mors\/#\/schema\/person\/5fe23251bf1d0abbcdc6f7896579d548","name":"David H\u00f8jmark","image":{"@type":"ImageObject","inLanguage":"da-DK","@id":"https:\/\/kunmedierne.dk\/mors\/#\/schema\/person\/image\/","url":"https:\/\/secure.gravatar.com\/avatar\/4315d6fb9ef244d729989f5f90268eb08d5bf8a3d84402f595fa194bb35784fd?s=96&d=mm&r=g","contentUrl":"https:\/\/secure.gravatar.com\/avatar\/4315d6fb9ef244d729989f5f90268eb08d5bf8a3d84402f595fa194bb35784fd?s=96&d=mm&r=g","caption":"David H\u00f8jmark"},"sameAs":["https:\/\/www.kunmedierne.dk"],"url":"https:\/\/kunmedierne.dk\/mors\/author\/david\/"}]}},"_links":{"self":[{"href":"https:\/\/kunmedierne.dk\/mors\/wp-json\/wp\/v2\/posts\/3191","targetHints":{"allow":["GET"]}}],"collection":[{"href":"https:\/\/kunmedierne.dk\/mors\/wp-json\/wp\/v2\/posts"}],"about":[{"href":"https:\/\/kunmedierne.dk\/mors\/wp-json\/wp\/v2\/types\/post"}],"author":[{"embeddable":true,"href":"https:\/\/kunmedierne.dk\/mors\/wp-json\/wp\/v2\/users\/8"}],"replies":[{"embeddable":true,"href":"https:\/\/kunmedierne.dk\/mors\/wp-json\/wp\/v2\/comments?post=3191"}],"version-history":[{"count":6,"href":"https:\/\/kunmedierne.dk\/mors\/wp-json\/wp\/v2\/posts\/3191\/revisions"}],"predecessor-version":[{"id":3228,"href":"https:\/\/kunmedierne.dk\/mors\/wp-json\/wp\/v2\/posts\/3191\/revisions\/3228"}],"wp:featuredmedia":[{"embeddable":true,"href":"https:\/\/kunmedierne.dk\/mors\/wp-json\/wp\/v2\/media\/3221"}],"wp:attachment":[{"href":"https:\/\/kunmedierne.dk\/mors\/wp-json\/wp\/v2\/media?parent=3191"}],"wp:term":[{"taxonomy":"category","embeddable":true,"href":"https:\/\/kunmedierne.dk\/mors\/wp-json\/wp\/v2\/categories?post=3191"},{"taxonomy":"post_tag","embeddable":true,"href":"https:\/\/kunmedierne.dk\/mors\/wp-json\/wp\/v2\/tags?post=3191"}],"curies":[{"name":"wp","href":"https:\/\/api.w.org\/{rel}","templated":true}]}}