{"id":31853,"date":"2020-09-18T16:42:57","date_gmt":"2020-09-18T14:42:57","guid":{"rendered":"https:\/\/kunmedierne.dk\/mors\/?p=31853"},"modified":"2024-08-12T13:44:09","modified_gmt":"2024-08-12T11:44:09","slug":"fokus-paa-oerodde","status":"publish","type":"post","link":"https:\/\/kunmedierne.dk\/mors\/fokus-paa-oerodde\/","title":{"rendered":"Fokus p\u00e5 \u00d8rodde"},"content":{"rendered":"<p><em>Fra Hans Ejner Bertelsen (V), borgmester i Mors\u00f8 Kommune, har vi modtaget:<\/em><\/p>\n<hr \/>\n<p><strong>NYK\u00d8BING<\/strong>: S\u00e5 kom der atter fokus p\u00e5 \u00d8rodde, og det er dejligt, for omr\u00e5det er en usleben diamant, som rummer mange muligheder. Muligheder, vi i f\u00e6llesskab skal udnytte &#8211; vel at m\u00e6rke med omtanke.<\/p>\n<p>P\u00e5 baggrund af en artikel i Nordjyske 15. september er vi n\u00f8dt til at have lidt baggrund med, n\u00e5r emnet skal dr\u00f8ftes:<\/p>\n<p>Helt tilbage i 2010 blev der udarbejdet kommissorium med en helhedsplan for omr\u00e5det p\u00e5 \u00d8rodde omfattende campingpladsen, boldbanerne, anl\u00e6gget (delvis), vandrerhjemmet og badestranden efter n\u00e6rmere fastlagt afgr\u00e6nsning. Form\u00e5let var bl.a. at give campingpladsen og vandrerhjemmet bedre forretningsgrundlag, styrke det rekreative milj\u00f8\/tilbud b\u00e5de for borgere og turister. Samt at koordinere udflytningen af NIF til Dueholm Mark, nu kaldet Multiparken, for blot at n\u00e6vne nogle af \u00f8nskerne til form\u00e5let.<\/p>\n<p>Udflytningen af boldbanerne er kommet p\u00e5 plads. De \u00f8vrige \u00f8nsker til form\u00e5let venter stadig p\u00e5 at blive realiserede.<\/p>\n<p>Og kigger man i kommissoriets punkt vedr\u00f8rende budget, er der beregnet en udgift for udflytning af baner og en indt\u00e6gt p\u00e5 salg af et antal byggegrunde (den nuv\u00e6rende campingplads). Denne indt\u00e6gt skulle bl.a. v\u00e6re med til at finansiere oprettelsen af Multiparken i den sydlige del af Nyk\u00f8bing.<\/p>\n<p>Der er i kommunalbestyrelsen, som jeg oplever det, et \u00f8nske om at komme videre med planerne for \u00d8rodde. Omr\u00e5det er derfor optaget i kommuneplanen for den kommende planperiode. Og det er optaget som et udviklingsomr\u00e5de. F\u00e5r vi ikke det \u00f8nske opfyldt, er det eneste vi kan foretage os p\u00e5 \u00d8rodde at sl\u00e5 gr\u00e6sset. Og det er der i mine \u00f8jne ikke udvikling eller store fremtidsperspektiver i.<\/p>\n<p>Med henvisning til artiklen i Nordjyske kan man fristes til at sp\u00f8rge, om en enkelt journalist og et enkelt kommunalbestyrelsesmedlem skal lykkes med at skabe en stemning, hvor al udvikling er af det onde.<\/p>\n<p>Og man fristes ogs\u00e5 til at sp\u00f8rge, hvorn\u00e5r 80 opslag p\u00e5 Facebook er blevet til \u201dfolket\u201d?<\/p>\n<p>For Nordjyskes formodede beskedne oplag p\u00e5 Mors er 80 likes sikkert mange, men dog begr\u00e6nset i forhold til de godt 20.000 indbyggere her p\u00e5 Mors. Indbyggere, der i \u00f8vrigt alle vil blive taget med p\u00e5 r\u00e5d, inden den f\u00e6rdige plan for \u00d8rodde foreligger.<\/p>\n<p>Personligt har jeg ikke p\u00e5 noget tidspunkt m\u00f8dt nogen, der \u00f8nsker at bebygge hele \u00d8rodde. Men jeg har til geng\u00e6ld m\u00f8dt mange, der gerne vil udvikle p\u00e5 omr\u00e5det til f\u00e6lles gavn for hele Mors.<\/p>\n<p>Som det er n\u00e6vnt i kommissoriet tilbage fra 2010, s\u00e5 knytter tankerne om bebyggelse sig alene til den nuv\u00e6rende campingplads, og det giver da god mening, idet campingpladsen st\u00f8der direkte op til et boligomr\u00e5de. Attraktive grunde, der kan s\u00e6lges og v\u00e6re med til at sikre \u00f8get bos\u00e6tning, som vel ingen kan v\u00e6re modstandere af?<\/p>\n<p>Jeg vil ogs\u00e5 gerne sp\u00f8rge: Er det en kommunal opgave at eje en campingplads eller et vandrerhjem? Ville det ikke v\u00e6re en fornuftig \u00f8velse at unders\u00f8ge mulighederne i et evt. salg?<\/p>\n<p>Skal vi videre med udviklingen, og skal vi have mulighed for at flytte campingpladsen og udvikle p\u00e5 vandrerhjemmet, er det en betingelse, at vi i kommuneplanen f\u00e5r omr\u00e5det optaget som et udviklingsomr\u00e5de. Salg af grunde p\u00e5 den gamle campingplads, salg af arealer til en evt. ny campingplads og salg af vandrerhjemmet kunne give kommunen et \u00f8konomisk r\u00e5derum, der kunne bruges til yderligere udvikling af vores dejlige \u00f8.<\/p>\n<p>Jeg er ikke i tvivl om, at der vil v\u00e6re s\u00e5vel udefrakommende som lokale investorer, der vil v\u00e6re interesseret i at udvikle p\u00e5 et s\u00e5 unikt omr\u00e5de. T\u00e6t p\u00e5 byen \u2013 men stadig til gavn for <em>hele<\/em> Mors.<\/p>\n<p>F\u00e5r vi omr\u00e5det optaget som et udviklingsomr\u00e5de, giver det mulighed for, at vi kan igangs\u00e6tte arbejdet. Et arbejde, hvor der skal indhentes forslag og ideer. Jeg er sikker p\u00e5, at der er mange, der har lyst og evner til at t\u00e6nke b\u00e5de sp\u00e6ndende og kreative tanker for det helt unikke omr\u00e5de.<\/p>\n<p>Jeg synes ogs\u00e5, det skal n\u00e6vnes, at selv om Mors\u00f8 Kommune ikke har kunnet hente indt\u00e6gter fra \u00d8rodde, som det var tanken i kommissoriet, s\u00e5 er vi faktisk lykkedes med at investere et tocifret millionbel\u00f8b i Multiparken. Vel at m\u00e6rke samtidig med, at der er f\u00f8rt en ansvarlig \u00f8konomisk politik i Mors\u00f8 Kommune.<\/p>\n<p>I min verden handler det om at skabe gode vilk\u00e5r for os, der allerede bor her og samtidig sikre, at vi har noget godt at tilbyde tilflyttere. Det f\u00e5r vi alts\u00e5 ikke ved at nulstille udviklingen og frasige os alle muligheder og n\u00f8jes med at sl\u00e5 gr\u00e6sset p\u00e5 \u00d8rodde. Vi opn\u00e5r det ved at se p\u00e5 alle muligheder og i f\u00e6llesskab udnytte dem &#8211; med omtanke.<\/p>\n<p>Som n\u00e6vnt i indledningen ser jeg \u00d8rodde som en usleben diamant. Lad os i f\u00e6llesskab slibe den og gl\u00e6des over, at vi har muligheden. Lad os i f\u00e6llesskab sikre grundlaget for v\u00e6kst p\u00e5 Mors. V\u00e6kst, som skaber den velstand, der giver os r\u00e5d til velf\u00e6rd.<\/p>\n<hr \/>\n<p><em>Har du et bidrag til den lokale debat? Send det til os p\u00e5 e-mail: debat@kunmedierne.dk\/mors. Husk at l\u00e6se korrektur inden afsendelse p\u00e5 indl\u00e6gget.<\/em><\/p>\n","protected":false},"excerpt":{"rendered":"<p>Fra Hans Ejner Bertelsen (V), borgmester i Mors\u00f8 Kommune, har vi modtaget: NYK\u00d8BING: S\u00e5 kom der atter fokus p\u00e5 \u00d8rodde, og det er dejligt, for omr\u00e5det er en usleben diamant, som rummer mange muligheder. Muligheder, vi i f\u00e6llesskab skal udnytte &#8211; vel at m\u00e6rke med omtanke. P\u00e5 baggrund af en artikel i Nordjyske 15. september [&hellip;]<\/p>\n","protected":false},"author":11,"featured_media":13995,"comment_status":"open","ping_status":"open","sticky":false,"template":"","format":"standard","meta":{"_acf_changed":false,"footnotes":""},"categories":[56],"tags":[167],"class_list":["post-31853","post","type-post","status-publish","format-standard","has-post-thumbnail","hentry","category-debat","tag-politik"],"acf":[],"yoast_head":"<!-- This site is optimized with the Yoast SEO plugin v26.8 - https:\/\/yoast.com\/product\/yoast-seo-wordpress\/ -->\n<title>Fokus p\u00e5 \u00d8rodde - Mors<\/title>\n<meta name=\"robots\" content=\"index, follow, max-snippet:-1, max-image-preview:large, max-video-preview:-1\" \/>\n<link rel=\"canonical\" href=\"https:\/\/kunmedierne.dk\/mors\/fokus-paa-oerodde\/\" \/>\n<meta property=\"og:locale\" content=\"da_DK\" \/>\n<meta property=\"og:type\" content=\"article\" \/>\n<meta property=\"og:title\" content=\"Fokus p\u00e5 \u00d8rodde - Mors\" \/>\n<meta property=\"og:description\" content=\"Fra Hans Ejner Bertelsen (V), borgmester i Mors\u00f8 Kommune, har vi modtaget: NYK\u00d8BING: S\u00e5 kom der atter fokus p\u00e5 \u00d8rodde, og det er dejligt, for omr\u00e5det er en usleben diamant, som rummer mange muligheder. Muligheder, vi i f\u00e6llesskab skal udnytte &#8211; vel at m\u00e6rke med omtanke. P\u00e5 baggrund af en artikel i Nordjyske 15. september [&hellip;]\" \/>\n<meta property=\"og:url\" content=\"https:\/\/kunmedierne.dk\/mors\/fokus-paa-oerodde\/\" \/>\n<meta property=\"og:site_name\" content=\"Mors\" \/>\n<meta property=\"article:published_time\" content=\"2020-09-18T14:42:57+00:00\" \/>\n<meta property=\"article:modified_time\" content=\"2024-08-12T11:44:09+00:00\" \/>\n<meta property=\"og:image\" content=\"https:\/\/kunmedierne.dk\/mors\/wp-content\/uploads\/2020\/03\/200101-hans-ejner-bertelsen-V.jpg\" \/>\n\t<meta property=\"og:image:width\" content=\"770\" \/>\n\t<meta property=\"og:image:height\" content=\"513\" \/>\n\t<meta property=\"og:image:type\" content=\"image\/jpeg\" \/>\n<meta name=\"author\" content=\"Debat\" \/>\n<meta name=\"twitter:card\" content=\"summary_large_image\" \/>\n<meta name=\"twitter:label1\" content=\"Skrevet af\" \/>\n\t<meta name=\"twitter:data1\" content=\"Debat\" \/>\n\t<meta name=\"twitter:label2\" content=\"Estimeret l\u00e6setid\" \/>\n\t<meta name=\"twitter:data2\" content=\"5 minutter\" \/>\n<script type=\"application\/ld+json\" class=\"yoast-schema-graph\">{\"@context\":\"https:\/\/schema.org\",\"@graph\":[{\"@type\":\"Article\",\"@id\":\"https:\/\/kunmedierne.dk\/mors\/fokus-paa-oerodde\/#article\",\"isPartOf\":{\"@id\":\"https:\/\/kunmedierne.dk\/mors\/fokus-paa-oerodde\/\"},\"author\":{\"name\":\"Debat\",\"@id\":\"https:\/\/kunmedierne.dk\/mors\/#\/schema\/person\/84c1391bce0b43b9bb3a49736bc0ad78\"},\"headline\":\"Fokus p\u00e5 \u00d8rodde\",\"datePublished\":\"2020-09-18T14:42:57+00:00\",\"dateModified\":\"2024-08-12T11:44:09+00:00\",\"mainEntityOfPage\":{\"@id\":\"https:\/\/kunmedierne.dk\/mors\/fokus-paa-oerodde\/\"},\"wordCount\":908,\"commentCount\":0,\"publisher\":{\"@id\":\"https:\/\/kunmedierne.dk\/mors\/#organization\"},\"image\":{\"@id\":\"https:\/\/kunmedierne.dk\/mors\/fokus-paa-oerodde\/#primaryimage\"},\"thumbnailUrl\":\"https:\/\/kunmedierne.dk\/mors\/wp-content\/uploads\/2020\/03\/200101-hans-ejner-bertelsen-V.jpg\",\"keywords\":[\"Politik\"],\"articleSection\":[\"Debat\"],\"inLanguage\":\"da-DK\",\"potentialAction\":[{\"@type\":\"CommentAction\",\"name\":\"Comment\",\"target\":[\"https:\/\/kunmedierne.dk\/mors\/fokus-paa-oerodde\/#respond\"]}]},{\"@type\":\"WebPage\",\"@id\":\"https:\/\/kunmedierne.dk\/mors\/fokus-paa-oerodde\/\",\"url\":\"https:\/\/kunmedierne.dk\/mors\/fokus-paa-oerodde\/\",\"name\":\"Fokus p\u00e5 \u00d8rodde - Mors\",\"isPartOf\":{\"@id\":\"https:\/\/kunmedierne.dk\/mors\/#website\"},\"primaryImageOfPage\":{\"@id\":\"https:\/\/kunmedierne.dk\/mors\/fokus-paa-oerodde\/#primaryimage\"},\"image\":{\"@id\":\"https:\/\/kunmedierne.dk\/mors\/fokus-paa-oerodde\/#primaryimage\"},\"thumbnailUrl\":\"https:\/\/kunmedierne.dk\/mors\/wp-content\/uploads\/2020\/03\/200101-hans-ejner-bertelsen-V.jpg\",\"datePublished\":\"2020-09-18T14:42:57+00:00\",\"dateModified\":\"2024-08-12T11:44:09+00:00\",\"breadcrumb\":{\"@id\":\"https:\/\/kunmedierne.dk\/mors\/fokus-paa-oerodde\/#breadcrumb\"},\"inLanguage\":\"da-DK\",\"potentialAction\":[{\"@type\":\"ReadAction\",\"target\":[\"https:\/\/kunmedierne.dk\/mors\/fokus-paa-oerodde\/\"]}]},{\"@type\":\"ImageObject\",\"inLanguage\":\"da-DK\",\"@id\":\"https:\/\/kunmedierne.dk\/mors\/fokus-paa-oerodde\/#primaryimage\",\"url\":\"https:\/\/kunmedierne.dk\/mors\/wp-content\/uploads\/2020\/03\/200101-hans-ejner-bertelsen-V.jpg\",\"contentUrl\":\"https:\/\/kunmedierne.dk\/mors\/wp-content\/uploads\/2020\/03\/200101-hans-ejner-bertelsen-V.jpg\",\"width\":770,\"height\":513,\"caption\":\"Borgmester Hans Ejner Bertelsen (V). Foto: Per Bech\/Mors\u00f8 Kommune.\"},{\"@type\":\"BreadcrumbList\",\"@id\":\"https:\/\/kunmedierne.dk\/mors\/fokus-paa-oerodde\/#breadcrumb\",\"itemListElement\":[{\"@type\":\"ListItem\",\"position\":1,\"name\":\"Hjem\",\"item\":\"https:\/\/kunmedierne.dk\/mors\/\"},{\"@type\":\"ListItem\",\"position\":2,\"name\":\"Fokus p\u00e5 \u00d8rodde\"}]},{\"@type\":\"WebSite\",\"@id\":\"https:\/\/kunmedierne.dk\/mors\/#website\",\"url\":\"https:\/\/kunmedierne.dk\/mors\/\",\"name\":\"Mors\",\"description\":\"et netmedie med journalistik om livet p\u00e5 Mors\",\"publisher\":{\"@id\":\"https:\/\/kunmedierne.dk\/mors\/#organization\"},\"potentialAction\":[{\"@type\":\"SearchAction\",\"target\":{\"@type\":\"EntryPoint\",\"urlTemplate\":\"https:\/\/kunmedierne.dk\/mors\/?s={search_term_string}\"},\"query-input\":{\"@type\":\"PropertyValueSpecification\",\"valueRequired\":true,\"valueName\":\"search_term_string\"}}],\"inLanguage\":\"da-DK\"},{\"@type\":\"Organization\",\"@id\":\"https:\/\/kunmedierne.dk\/mors\/#organization\",\"name\":\"Mors\",\"url\":\"https:\/\/kunmedierne.dk\/mors\/\",\"logo\":{\"@type\":\"ImageObject\",\"inLanguage\":\"da-DK\",\"@id\":\"https:\/\/kunmedierne.dk\/mors\/#\/schema\/logo\/image\/\",\"url\":\"https:\/\/kunmedierne.dk\/mors\/wp-content\/uploads\/2024\/08\/kunmors-logo.svg\",\"contentUrl\":\"https:\/\/kunmedierne.dk\/mors\/wp-content\/uploads\/2024\/08\/kunmors-logo.svg\",\"caption\":\"Mors\"},\"image\":{\"@id\":\"https:\/\/kunmedierne.dk\/mors\/#\/schema\/logo\/image\/\"}},{\"@type\":\"Person\",\"@id\":\"https:\/\/kunmedierne.dk\/mors\/#\/schema\/person\/84c1391bce0b43b9bb3a49736bc0ad78\",\"name\":\"Debat\",\"image\":{\"@type\":\"ImageObject\",\"inLanguage\":\"da-DK\",\"@id\":\"https:\/\/kunmedierne.dk\/mors\/#\/schema\/person\/image\/\",\"url\":\"https:\/\/secure.gravatar.com\/avatar\/b0fb2e221d618f7c65162ab0d49c7e8a0b580c871ca03af90e42b47b4150654c?s=96&d=mm&r=g\",\"contentUrl\":\"https:\/\/secure.gravatar.com\/avatar\/b0fb2e221d618f7c65162ab0d49c7e8a0b580c871ca03af90e42b47b4150654c?s=96&d=mm&r=g\",\"caption\":\"Debat\"},\"url\":\"https:\/\/kunmedierne.dk\/mors\/author\/debat\/\"}]}<\/script>\n<!-- \/ Yoast SEO plugin. -->","yoast_head_json":{"title":"Fokus p\u00e5 \u00d8rodde - Mors","robots":{"index":"index","follow":"follow","max-snippet":"max-snippet:-1","max-image-preview":"max-image-preview:large","max-video-preview":"max-video-preview:-1"},"canonical":"https:\/\/kunmedierne.dk\/mors\/fokus-paa-oerodde\/","og_locale":"da_DK","og_type":"article","og_title":"Fokus p\u00e5 \u00d8rodde - Mors","og_description":"Fra Hans Ejner Bertelsen (V), borgmester i Mors\u00f8 Kommune, har vi modtaget: NYK\u00d8BING: S\u00e5 kom der atter fokus p\u00e5 \u00d8rodde, og det er dejligt, for omr\u00e5det er en usleben diamant, som rummer mange muligheder. Muligheder, vi i f\u00e6llesskab skal udnytte &#8211; vel at m\u00e6rke med omtanke. P\u00e5 baggrund af en artikel i Nordjyske 15. september [&hellip;]","og_url":"https:\/\/kunmedierne.dk\/mors\/fokus-paa-oerodde\/","og_site_name":"Mors","article_published_time":"2020-09-18T14:42:57+00:00","article_modified_time":"2024-08-12T11:44:09+00:00","og_image":[{"width":770,"height":513,"url":"https:\/\/kunmedierne.dk\/mors\/wp-content\/uploads\/2020\/03\/200101-hans-ejner-bertelsen-V.jpg","type":"image\/jpeg"}],"author":"Debat","twitter_card":"summary_large_image","twitter_misc":{"Skrevet af":"Debat","Estimeret l\u00e6setid":"5 minutter"},"schema":{"@context":"https:\/\/schema.org","@graph":[{"@type":"Article","@id":"https:\/\/kunmedierne.dk\/mors\/fokus-paa-oerodde\/#article","isPartOf":{"@id":"https:\/\/kunmedierne.dk\/mors\/fokus-paa-oerodde\/"},"author":{"name":"Debat","@id":"https:\/\/kunmedierne.dk\/mors\/#\/schema\/person\/84c1391bce0b43b9bb3a49736bc0ad78"},"headline":"Fokus p\u00e5 \u00d8rodde","datePublished":"2020-09-18T14:42:57+00:00","dateModified":"2024-08-12T11:44:09+00:00","mainEntityOfPage":{"@id":"https:\/\/kunmedierne.dk\/mors\/fokus-paa-oerodde\/"},"wordCount":908,"commentCount":0,"publisher":{"@id":"https:\/\/kunmedierne.dk\/mors\/#organization"},"image":{"@id":"https:\/\/kunmedierne.dk\/mors\/fokus-paa-oerodde\/#primaryimage"},"thumbnailUrl":"https:\/\/kunmedierne.dk\/mors\/wp-content\/uploads\/2020\/03\/200101-hans-ejner-bertelsen-V.jpg","keywords":["Politik"],"articleSection":["Debat"],"inLanguage":"da-DK","potentialAction":[{"@type":"CommentAction","name":"Comment","target":["https:\/\/kunmedierne.dk\/mors\/fokus-paa-oerodde\/#respond"]}]},{"@type":"WebPage","@id":"https:\/\/kunmedierne.dk\/mors\/fokus-paa-oerodde\/","url":"https:\/\/kunmedierne.dk\/mors\/fokus-paa-oerodde\/","name":"Fokus p\u00e5 \u00d8rodde - Mors","isPartOf":{"@id":"https:\/\/kunmedierne.dk\/mors\/#website"},"primaryImageOfPage":{"@id":"https:\/\/kunmedierne.dk\/mors\/fokus-paa-oerodde\/#primaryimage"},"image":{"@id":"https:\/\/kunmedierne.dk\/mors\/fokus-paa-oerodde\/#primaryimage"},"thumbnailUrl":"https:\/\/kunmedierne.dk\/mors\/wp-content\/uploads\/2020\/03\/200101-hans-ejner-bertelsen-V.jpg","datePublished":"2020-09-18T14:42:57+00:00","dateModified":"2024-08-12T11:44:09+00:00","breadcrumb":{"@id":"https:\/\/kunmedierne.dk\/mors\/fokus-paa-oerodde\/#breadcrumb"},"inLanguage":"da-DK","potentialAction":[{"@type":"ReadAction","target":["https:\/\/kunmedierne.dk\/mors\/fokus-paa-oerodde\/"]}]},{"@type":"ImageObject","inLanguage":"da-DK","@id":"https:\/\/kunmedierne.dk\/mors\/fokus-paa-oerodde\/#primaryimage","url":"https:\/\/kunmedierne.dk\/mors\/wp-content\/uploads\/2020\/03\/200101-hans-ejner-bertelsen-V.jpg","contentUrl":"https:\/\/kunmedierne.dk\/mors\/wp-content\/uploads\/2020\/03\/200101-hans-ejner-bertelsen-V.jpg","width":770,"height":513,"caption":"Borgmester Hans Ejner Bertelsen (V). Foto: Per Bech\/Mors\u00f8 Kommune."},{"@type":"BreadcrumbList","@id":"https:\/\/kunmedierne.dk\/mors\/fokus-paa-oerodde\/#breadcrumb","itemListElement":[{"@type":"ListItem","position":1,"name":"Hjem","item":"https:\/\/kunmedierne.dk\/mors\/"},{"@type":"ListItem","position":2,"name":"Fokus p\u00e5 \u00d8rodde"}]},{"@type":"WebSite","@id":"https:\/\/kunmedierne.dk\/mors\/#website","url":"https:\/\/kunmedierne.dk\/mors\/","name":"Mors","description":"et netmedie med journalistik om livet p\u00e5 Mors","publisher":{"@id":"https:\/\/kunmedierne.dk\/mors\/#organization"},"potentialAction":[{"@type":"SearchAction","target":{"@type":"EntryPoint","urlTemplate":"https:\/\/kunmedierne.dk\/mors\/?s={search_term_string}"},"query-input":{"@type":"PropertyValueSpecification","valueRequired":true,"valueName":"search_term_string"}}],"inLanguage":"da-DK"},{"@type":"Organization","@id":"https:\/\/kunmedierne.dk\/mors\/#organization","name":"Mors","url":"https:\/\/kunmedierne.dk\/mors\/","logo":{"@type":"ImageObject","inLanguage":"da-DK","@id":"https:\/\/kunmedierne.dk\/mors\/#\/schema\/logo\/image\/","url":"https:\/\/kunmedierne.dk\/mors\/wp-content\/uploads\/2024\/08\/kunmors-logo.svg","contentUrl":"https:\/\/kunmedierne.dk\/mors\/wp-content\/uploads\/2024\/08\/kunmors-logo.svg","caption":"Mors"},"image":{"@id":"https:\/\/kunmedierne.dk\/mors\/#\/schema\/logo\/image\/"}},{"@type":"Person","@id":"https:\/\/kunmedierne.dk\/mors\/#\/schema\/person\/84c1391bce0b43b9bb3a49736bc0ad78","name":"Debat","image":{"@type":"ImageObject","inLanguage":"da-DK","@id":"https:\/\/kunmedierne.dk\/mors\/#\/schema\/person\/image\/","url":"https:\/\/secure.gravatar.com\/avatar\/b0fb2e221d618f7c65162ab0d49c7e8a0b580c871ca03af90e42b47b4150654c?s=96&d=mm&r=g","contentUrl":"https:\/\/secure.gravatar.com\/avatar\/b0fb2e221d618f7c65162ab0d49c7e8a0b580c871ca03af90e42b47b4150654c?s=96&d=mm&r=g","caption":"Debat"},"url":"https:\/\/kunmedierne.dk\/mors\/author\/debat\/"}]}},"_links":{"self":[{"href":"https:\/\/kunmedierne.dk\/mors\/wp-json\/wp\/v2\/posts\/31853","targetHints":{"allow":["GET"]}}],"collection":[{"href":"https:\/\/kunmedierne.dk\/mors\/wp-json\/wp\/v2\/posts"}],"about":[{"href":"https:\/\/kunmedierne.dk\/mors\/wp-json\/wp\/v2\/types\/post"}],"author":[{"embeddable":true,"href":"https:\/\/kunmedierne.dk\/mors\/wp-json\/wp\/v2\/users\/11"}],"replies":[{"embeddable":true,"href":"https:\/\/kunmedierne.dk\/mors\/wp-json\/wp\/v2\/comments?post=31853"}],"version-history":[{"count":2,"href":"https:\/\/kunmedierne.dk\/mors\/wp-json\/wp\/v2\/posts\/31853\/revisions"}],"predecessor-version":[{"id":32998,"href":"https:\/\/kunmedierne.dk\/mors\/wp-json\/wp\/v2\/posts\/31853\/revisions\/32998"}],"wp:featuredmedia":[{"embeddable":true,"href":"https:\/\/kunmedierne.dk\/mors\/wp-json\/wp\/v2\/media\/13995"}],"wp:attachment":[{"href":"https:\/\/kunmedierne.dk\/mors\/wp-json\/wp\/v2\/media?parent=31853"}],"wp:term":[{"taxonomy":"category","embeddable":true,"href":"https:\/\/kunmedierne.dk\/mors\/wp-json\/wp\/v2\/categories?post=31853"},{"taxonomy":"post_tag","embeddable":true,"href":"https:\/\/kunmedierne.dk\/mors\/wp-json\/wp\/v2\/tags?post=31853"}],"curies":[{"name":"wp","href":"https:\/\/api.w.org\/{rel}","templated":true}]}}