{"id":31545,"date":"2020-09-13T13:26:14","date_gmt":"2020-09-13T11:26:14","guid":{"rendered":"https:\/\/kunmedierne.dk\/mors\/?p=31545"},"modified":"2024-08-12T13:44:10","modified_gmt":"2024-08-12T11:44:10","slug":"thisted-sygehus-har-behov-for-opgradering","status":"publish","type":"post","link":"https:\/\/kunmedierne.dk\/mors\/thisted-sygehus-har-behov-for-opgradering\/","title":{"rendered":"&#8211; Thisted Sygehus har behov for opgradering"},"content":{"rendered":"<p><em>Fra Peter Therkildsen (V), medlem af regionsr\u00e5det og forretningsudvalget, har vi modtaget:<\/em><\/p>\n<hr \/>\n<p dir=\"ltr\"><strong>THISTED<\/strong>: I de kommende dage foreg\u00e5r der budgetforhandlinger i Region Nordjylland.<\/p>\n<p dir=\"ltr\">Alt i sundhedsv\u00e6senet har i det seneste halve \u00e5r v\u00e6ret pr\u00e6get af situationen omkring COVID 19, men her i omr\u00e5det er vi ogs\u00e5 meget optaget af hvordan vi sikres den bedste l\u00e6gelige d\u00e6kning.<\/p>\n<p dir=\"ltr\">P\u00e5 sygehuset i Thisted mangler vi meget, og vi er godt klar over at vi ikke kan f\u00e5 alt lige nu.<\/p>\n<p dir=\"ltr\">I\u00a0Venstre er vi meget optaget af at kardiologien opgraderes, s\u00e5 patienter der er indlagte, kan f\u00e5 den bedste kardiologiske d\u00e6kning og behandling.<\/p>\n<p dir=\"ltr\">Derfor g\u00e5et vi til forhandlingerne med krav om at kardiologien opgraderes til at v\u00e6re d\u00e6kket i d\u00f8gnets 24 timer.<\/p>\n<p dir=\"ltr\">Generel er der ikke mangler p\u00e5 kardiologer i l\u00e6geverden, og vi m\u00e5 forlange at omr\u00e5det opgraderes i Thisted. Det vil give sikkerhed for indlagte patienter, og det vil v\u00e6re med til at g\u00f8re hospitalet endnu bedre.<\/p>\n<p dir=\"ltr\">Sluttelig vil jeg anf\u00f8re at det kirugiske akutomr\u00e5de stadig har vores st\u00f8rste bev\u00e5genhed, men organ kirurger er der mangel p\u00e5, det m\u00e5 vi tage til efterretning lige nu. Dog vil vi i Venstre k\u00e6mpe for genetableringen af tilbuddet.<\/p>\n<p dir=\"ltr\">Vi vil r\u00e5be op alle de steder hvor man kan g\u00f8re noget.<\/p>\n<div dir=\"ltr\">\n<hr \/>\n<p><em>Har du et bidrag til den lokale debat? Send det til os p\u00e5 e-mail: debat@kunmedierne.dk\/mors. Husk at l\u00e6se korrektur inden afsendelse p\u00e5 indl\u00e6gget.<\/em><\/p>\n<\/div>\n<div dir=\"ltr\"><\/div>\n<div dir=\"ltr\"><\/div>\n","protected":false},"excerpt":{"rendered":"<p>Fra Peter Therkildsen (V), medlem af regionsr\u00e5det og forretningsudvalget, har vi modtaget: THISTED: I de kommende dage foreg\u00e5r der budgetforhandlinger i Region Nordjylland. Alt i sundhedsv\u00e6senet har i det seneste halve \u00e5r v\u00e6ret pr\u00e6get af situationen omkring COVID 19, men her i omr\u00e5det er vi ogs\u00e5 meget optaget af hvordan vi sikres den bedste l\u00e6gelige [&hellip;]<\/p>\n","protected":false},"author":11,"featured_media":31549,"comment_status":"open","ping_status":"open","sticky":false,"template":"","format":"standard","meta":{"_acf_changed":false,"footnotes":""},"categories":[56],"tags":[167],"class_list":["post-31545","post","type-post","status-publish","format-standard","has-post-thumbnail","hentry","category-debat","tag-politik"],"acf":[],"yoast_head":"<!-- This site is optimized with the Yoast SEO plugin v26.8 - https:\/\/yoast.com\/product\/yoast-seo-wordpress\/ -->\n<title>- Thisted Sygehus har behov for opgradering - Mors<\/title>\n<meta name=\"robots\" content=\"index, follow, max-snippet:-1, max-image-preview:large, max-video-preview:-1\" \/>\n<link rel=\"canonical\" href=\"https:\/\/kunmedierne.dk\/mors\/thisted-sygehus-har-behov-for-opgradering\/\" \/>\n<meta property=\"og:locale\" content=\"da_DK\" \/>\n<meta property=\"og:type\" content=\"article\" \/>\n<meta property=\"og:title\" content=\"- Thisted Sygehus har behov for opgradering - Mors\" \/>\n<meta property=\"og:description\" content=\"Fra Peter Therkildsen (V), medlem af regionsr\u00e5det og forretningsudvalget, har vi modtaget: THISTED: I de kommende dage foreg\u00e5r der budgetforhandlinger i Region Nordjylland. Alt i sundhedsv\u00e6senet har i det seneste halve \u00e5r v\u00e6ret pr\u00e6get af situationen omkring COVID 19, men her i omr\u00e5det er vi ogs\u00e5 meget optaget af hvordan vi sikres den bedste l\u00e6gelige [&hellip;]\" \/>\n<meta property=\"og:url\" content=\"https:\/\/kunmedierne.dk\/mors\/thisted-sygehus-har-behov-for-opgradering\/\" \/>\n<meta property=\"og:site_name\" content=\"Mors\" \/>\n<meta property=\"article:published_time\" content=\"2020-09-13T11:26:14+00:00\" \/>\n<meta property=\"article:modified_time\" content=\"2024-08-12T11:44:10+00:00\" \/>\n<meta property=\"og:image\" content=\"https:\/\/kunmedierne.dk\/mors\/wp-content\/uploads\/2020\/09\/0-debat-peter-therkildsen-v.jpg\" \/>\n\t<meta property=\"og:image:width\" content=\"770\" \/>\n\t<meta property=\"og:image:height\" content=\"513\" \/>\n\t<meta property=\"og:image:type\" content=\"image\/jpeg\" \/>\n<meta name=\"author\" content=\"Debat\" \/>\n<meta name=\"twitter:card\" content=\"summary_large_image\" \/>\n<meta name=\"twitter:label1\" content=\"Skrevet af\" \/>\n\t<meta name=\"twitter:data1\" content=\"Debat\" \/>\n\t<meta name=\"twitter:label2\" content=\"Estimeret l\u00e6setid\" \/>\n\t<meta name=\"twitter:data2\" content=\"1 minut\" \/>\n<script type=\"application\/ld+json\" class=\"yoast-schema-graph\">{\"@context\":\"https:\/\/schema.org\",\"@graph\":[{\"@type\":\"Article\",\"@id\":\"https:\/\/kunmedierne.dk\/mors\/thisted-sygehus-har-behov-for-opgradering\/#article\",\"isPartOf\":{\"@id\":\"https:\/\/kunmedierne.dk\/mors\/thisted-sygehus-har-behov-for-opgradering\/\"},\"author\":{\"name\":\"Debat\",\"@id\":\"https:\/\/kunmedierne.dk\/mors\/#\/schema\/person\/84c1391bce0b43b9bb3a49736bc0ad78\"},\"headline\":\"&#8211; Thisted Sygehus har behov for opgradering\",\"datePublished\":\"2020-09-13T11:26:14+00:00\",\"dateModified\":\"2024-08-12T11:44:10+00:00\",\"mainEntityOfPage\":{\"@id\":\"https:\/\/kunmedierne.dk\/mors\/thisted-sygehus-har-behov-for-opgradering\/\"},\"wordCount\":261,\"commentCount\":0,\"publisher\":{\"@id\":\"https:\/\/kunmedierne.dk\/mors\/#organization\"},\"image\":{\"@id\":\"https:\/\/kunmedierne.dk\/mors\/thisted-sygehus-har-behov-for-opgradering\/#primaryimage\"},\"thumbnailUrl\":\"https:\/\/kunmedierne.dk\/mors\/wp-content\/uploads\/2020\/09\/0-debat-peter-therkildsen-v.jpg\",\"keywords\":[\"Politik\"],\"articleSection\":[\"Debat\"],\"inLanguage\":\"da-DK\",\"potentialAction\":[{\"@type\":\"CommentAction\",\"name\":\"Comment\",\"target\":[\"https:\/\/kunmedierne.dk\/mors\/thisted-sygehus-har-behov-for-opgradering\/#respond\"]}]},{\"@type\":\"WebPage\",\"@id\":\"https:\/\/kunmedierne.dk\/mors\/thisted-sygehus-har-behov-for-opgradering\/\",\"url\":\"https:\/\/kunmedierne.dk\/mors\/thisted-sygehus-har-behov-for-opgradering\/\",\"name\":\"- Thisted Sygehus har behov for opgradering - Mors\",\"isPartOf\":{\"@id\":\"https:\/\/kunmedierne.dk\/mors\/#website\"},\"primaryImageOfPage\":{\"@id\":\"https:\/\/kunmedierne.dk\/mors\/thisted-sygehus-har-behov-for-opgradering\/#primaryimage\"},\"image\":{\"@id\":\"https:\/\/kunmedierne.dk\/mors\/thisted-sygehus-har-behov-for-opgradering\/#primaryimage\"},\"thumbnailUrl\":\"https:\/\/kunmedierne.dk\/mors\/wp-content\/uploads\/2020\/09\/0-debat-peter-therkildsen-v.jpg\",\"datePublished\":\"2020-09-13T11:26:14+00:00\",\"dateModified\":\"2024-08-12T11:44:10+00:00\",\"breadcrumb\":{\"@id\":\"https:\/\/kunmedierne.dk\/mors\/thisted-sygehus-har-behov-for-opgradering\/#breadcrumb\"},\"inLanguage\":\"da-DK\",\"potentialAction\":[{\"@type\":\"ReadAction\",\"target\":[\"https:\/\/kunmedierne.dk\/mors\/thisted-sygehus-har-behov-for-opgradering\/\"]}]},{\"@type\":\"ImageObject\",\"inLanguage\":\"da-DK\",\"@id\":\"https:\/\/kunmedierne.dk\/mors\/thisted-sygehus-har-behov-for-opgradering\/#primaryimage\",\"url\":\"https:\/\/kunmedierne.dk\/mors\/wp-content\/uploads\/2020\/09\/0-debat-peter-therkildsen-v.jpg\",\"contentUrl\":\"https:\/\/kunmedierne.dk\/mors\/wp-content\/uploads\/2020\/09\/0-debat-peter-therkildsen-v.jpg\",\"width\":770,\"height\":513},{\"@type\":\"BreadcrumbList\",\"@id\":\"https:\/\/kunmedierne.dk\/mors\/thisted-sygehus-har-behov-for-opgradering\/#breadcrumb\",\"itemListElement\":[{\"@type\":\"ListItem\",\"position\":1,\"name\":\"Hjem\",\"item\":\"https:\/\/kunmedierne.dk\/mors\/\"},{\"@type\":\"ListItem\",\"position\":2,\"name\":\"&#8211; Thisted Sygehus har behov for opgradering\"}]},{\"@type\":\"WebSite\",\"@id\":\"https:\/\/kunmedierne.dk\/mors\/#website\",\"url\":\"https:\/\/kunmedierne.dk\/mors\/\",\"name\":\"Mors\",\"description\":\"et netmedie med journalistik om livet p\u00e5 Mors\",\"publisher\":{\"@id\":\"https:\/\/kunmedierne.dk\/mors\/#organization\"},\"potentialAction\":[{\"@type\":\"SearchAction\",\"target\":{\"@type\":\"EntryPoint\",\"urlTemplate\":\"https:\/\/kunmedierne.dk\/mors\/?s={search_term_string}\"},\"query-input\":{\"@type\":\"PropertyValueSpecification\",\"valueRequired\":true,\"valueName\":\"search_term_string\"}}],\"inLanguage\":\"da-DK\"},{\"@type\":\"Organization\",\"@id\":\"https:\/\/kunmedierne.dk\/mors\/#organization\",\"name\":\"Mors\",\"url\":\"https:\/\/kunmedierne.dk\/mors\/\",\"logo\":{\"@type\":\"ImageObject\",\"inLanguage\":\"da-DK\",\"@id\":\"https:\/\/kunmedierne.dk\/mors\/#\/schema\/logo\/image\/\",\"url\":\"https:\/\/kunmedierne.dk\/mors\/wp-content\/uploads\/2024\/08\/kunmors-logo.svg\",\"contentUrl\":\"https:\/\/kunmedierne.dk\/mors\/wp-content\/uploads\/2024\/08\/kunmors-logo.svg\",\"caption\":\"Mors\"},\"image\":{\"@id\":\"https:\/\/kunmedierne.dk\/mors\/#\/schema\/logo\/image\/\"}},{\"@type\":\"Person\",\"@id\":\"https:\/\/kunmedierne.dk\/mors\/#\/schema\/person\/84c1391bce0b43b9bb3a49736bc0ad78\",\"name\":\"Debat\",\"image\":{\"@type\":\"ImageObject\",\"inLanguage\":\"da-DK\",\"@id\":\"https:\/\/kunmedierne.dk\/mors\/#\/schema\/person\/image\/\",\"url\":\"https:\/\/secure.gravatar.com\/avatar\/b0fb2e221d618f7c65162ab0d49c7e8a0b580c871ca03af90e42b47b4150654c?s=96&d=mm&r=g\",\"contentUrl\":\"https:\/\/secure.gravatar.com\/avatar\/b0fb2e221d618f7c65162ab0d49c7e8a0b580c871ca03af90e42b47b4150654c?s=96&d=mm&r=g\",\"caption\":\"Debat\"},\"url\":\"https:\/\/kunmedierne.dk\/mors\/author\/debat\/\"}]}<\/script>\n<!-- \/ Yoast SEO plugin. -->","yoast_head_json":{"title":"- Thisted Sygehus har behov for opgradering - Mors","robots":{"index":"index","follow":"follow","max-snippet":"max-snippet:-1","max-image-preview":"max-image-preview:large","max-video-preview":"max-video-preview:-1"},"canonical":"https:\/\/kunmedierne.dk\/mors\/thisted-sygehus-har-behov-for-opgradering\/","og_locale":"da_DK","og_type":"article","og_title":"- Thisted Sygehus har behov for opgradering - Mors","og_description":"Fra Peter Therkildsen (V), medlem af regionsr\u00e5det og forretningsudvalget, har vi modtaget: THISTED: I de kommende dage foreg\u00e5r der budgetforhandlinger i Region Nordjylland. Alt i sundhedsv\u00e6senet har i det seneste halve \u00e5r v\u00e6ret pr\u00e6get af situationen omkring COVID 19, men her i omr\u00e5det er vi ogs\u00e5 meget optaget af hvordan vi sikres den bedste l\u00e6gelige [&hellip;]","og_url":"https:\/\/kunmedierne.dk\/mors\/thisted-sygehus-har-behov-for-opgradering\/","og_site_name":"Mors","article_published_time":"2020-09-13T11:26:14+00:00","article_modified_time":"2024-08-12T11:44:10+00:00","og_image":[{"width":770,"height":513,"url":"https:\/\/kunmedierne.dk\/mors\/wp-content\/uploads\/2020\/09\/0-debat-peter-therkildsen-v.jpg","type":"image\/jpeg"}],"author":"Debat","twitter_card":"summary_large_image","twitter_misc":{"Skrevet af":"Debat","Estimeret l\u00e6setid":"1 minut"},"schema":{"@context":"https:\/\/schema.org","@graph":[{"@type":"Article","@id":"https:\/\/kunmedierne.dk\/mors\/thisted-sygehus-har-behov-for-opgradering\/#article","isPartOf":{"@id":"https:\/\/kunmedierne.dk\/mors\/thisted-sygehus-har-behov-for-opgradering\/"},"author":{"name":"Debat","@id":"https:\/\/kunmedierne.dk\/mors\/#\/schema\/person\/84c1391bce0b43b9bb3a49736bc0ad78"},"headline":"&#8211; Thisted Sygehus har behov for opgradering","datePublished":"2020-09-13T11:26:14+00:00","dateModified":"2024-08-12T11:44:10+00:00","mainEntityOfPage":{"@id":"https:\/\/kunmedierne.dk\/mors\/thisted-sygehus-har-behov-for-opgradering\/"},"wordCount":261,"commentCount":0,"publisher":{"@id":"https:\/\/kunmedierne.dk\/mors\/#organization"},"image":{"@id":"https:\/\/kunmedierne.dk\/mors\/thisted-sygehus-har-behov-for-opgradering\/#primaryimage"},"thumbnailUrl":"https:\/\/kunmedierne.dk\/mors\/wp-content\/uploads\/2020\/09\/0-debat-peter-therkildsen-v.jpg","keywords":["Politik"],"articleSection":["Debat"],"inLanguage":"da-DK","potentialAction":[{"@type":"CommentAction","name":"Comment","target":["https:\/\/kunmedierne.dk\/mors\/thisted-sygehus-har-behov-for-opgradering\/#respond"]}]},{"@type":"WebPage","@id":"https:\/\/kunmedierne.dk\/mors\/thisted-sygehus-har-behov-for-opgradering\/","url":"https:\/\/kunmedierne.dk\/mors\/thisted-sygehus-har-behov-for-opgradering\/","name":"- Thisted Sygehus har behov for opgradering - Mors","isPartOf":{"@id":"https:\/\/kunmedierne.dk\/mors\/#website"},"primaryImageOfPage":{"@id":"https:\/\/kunmedierne.dk\/mors\/thisted-sygehus-har-behov-for-opgradering\/#primaryimage"},"image":{"@id":"https:\/\/kunmedierne.dk\/mors\/thisted-sygehus-har-behov-for-opgradering\/#primaryimage"},"thumbnailUrl":"https:\/\/kunmedierne.dk\/mors\/wp-content\/uploads\/2020\/09\/0-debat-peter-therkildsen-v.jpg","datePublished":"2020-09-13T11:26:14+00:00","dateModified":"2024-08-12T11:44:10+00:00","breadcrumb":{"@id":"https:\/\/kunmedierne.dk\/mors\/thisted-sygehus-har-behov-for-opgradering\/#breadcrumb"},"inLanguage":"da-DK","potentialAction":[{"@type":"ReadAction","target":["https:\/\/kunmedierne.dk\/mors\/thisted-sygehus-har-behov-for-opgradering\/"]}]},{"@type":"ImageObject","inLanguage":"da-DK","@id":"https:\/\/kunmedierne.dk\/mors\/thisted-sygehus-har-behov-for-opgradering\/#primaryimage","url":"https:\/\/kunmedierne.dk\/mors\/wp-content\/uploads\/2020\/09\/0-debat-peter-therkildsen-v.jpg","contentUrl":"https:\/\/kunmedierne.dk\/mors\/wp-content\/uploads\/2020\/09\/0-debat-peter-therkildsen-v.jpg","width":770,"height":513},{"@type":"BreadcrumbList","@id":"https:\/\/kunmedierne.dk\/mors\/thisted-sygehus-har-behov-for-opgradering\/#breadcrumb","itemListElement":[{"@type":"ListItem","position":1,"name":"Hjem","item":"https:\/\/kunmedierne.dk\/mors\/"},{"@type":"ListItem","position":2,"name":"&#8211; Thisted Sygehus har behov for opgradering"}]},{"@type":"WebSite","@id":"https:\/\/kunmedierne.dk\/mors\/#website","url":"https:\/\/kunmedierne.dk\/mors\/","name":"Mors","description":"et netmedie med journalistik om livet p\u00e5 Mors","publisher":{"@id":"https:\/\/kunmedierne.dk\/mors\/#organization"},"potentialAction":[{"@type":"SearchAction","target":{"@type":"EntryPoint","urlTemplate":"https:\/\/kunmedierne.dk\/mors\/?s={search_term_string}"},"query-input":{"@type":"PropertyValueSpecification","valueRequired":true,"valueName":"search_term_string"}}],"inLanguage":"da-DK"},{"@type":"Organization","@id":"https:\/\/kunmedierne.dk\/mors\/#organization","name":"Mors","url":"https:\/\/kunmedierne.dk\/mors\/","logo":{"@type":"ImageObject","inLanguage":"da-DK","@id":"https:\/\/kunmedierne.dk\/mors\/#\/schema\/logo\/image\/","url":"https:\/\/kunmedierne.dk\/mors\/wp-content\/uploads\/2024\/08\/kunmors-logo.svg","contentUrl":"https:\/\/kunmedierne.dk\/mors\/wp-content\/uploads\/2024\/08\/kunmors-logo.svg","caption":"Mors"},"image":{"@id":"https:\/\/kunmedierne.dk\/mors\/#\/schema\/logo\/image\/"}},{"@type":"Person","@id":"https:\/\/kunmedierne.dk\/mors\/#\/schema\/person\/84c1391bce0b43b9bb3a49736bc0ad78","name":"Debat","image":{"@type":"ImageObject","inLanguage":"da-DK","@id":"https:\/\/kunmedierne.dk\/mors\/#\/schema\/person\/image\/","url":"https:\/\/secure.gravatar.com\/avatar\/b0fb2e221d618f7c65162ab0d49c7e8a0b580c871ca03af90e42b47b4150654c?s=96&d=mm&r=g","contentUrl":"https:\/\/secure.gravatar.com\/avatar\/b0fb2e221d618f7c65162ab0d49c7e8a0b580c871ca03af90e42b47b4150654c?s=96&d=mm&r=g","caption":"Debat"},"url":"https:\/\/kunmedierne.dk\/mors\/author\/debat\/"}]}},"_links":{"self":[{"href":"https:\/\/kunmedierne.dk\/mors\/wp-json\/wp\/v2\/posts\/31545","targetHints":{"allow":["GET"]}}],"collection":[{"href":"https:\/\/kunmedierne.dk\/mors\/wp-json\/wp\/v2\/posts"}],"about":[{"href":"https:\/\/kunmedierne.dk\/mors\/wp-json\/wp\/v2\/types\/post"}],"author":[{"embeddable":true,"href":"https:\/\/kunmedierne.dk\/mors\/wp-json\/wp\/v2\/users\/11"}],"replies":[{"embeddable":true,"href":"https:\/\/kunmedierne.dk\/mors\/wp-json\/wp\/v2\/comments?post=31545"}],"version-history":[{"count":6,"href":"https:\/\/kunmedierne.dk\/mors\/wp-json\/wp\/v2\/posts\/31545\/revisions"}],"predecessor-version":[{"id":32999,"href":"https:\/\/kunmedierne.dk\/mors\/wp-json\/wp\/v2\/posts\/31545\/revisions\/32999"}],"wp:featuredmedia":[{"embeddable":true,"href":"https:\/\/kunmedierne.dk\/mors\/wp-json\/wp\/v2\/media\/31549"}],"wp:attachment":[{"href":"https:\/\/kunmedierne.dk\/mors\/wp-json\/wp\/v2\/media?parent=31545"}],"wp:term":[{"taxonomy":"category","embeddable":true,"href":"https:\/\/kunmedierne.dk\/mors\/wp-json\/wp\/v2\/categories?post=31545"},{"taxonomy":"post_tag","embeddable":true,"href":"https:\/\/kunmedierne.dk\/mors\/wp-json\/wp\/v2\/tags?post=31545"}],"curies":[{"name":"wp","href":"https:\/\/api.w.org\/{rel}","templated":true}]}}