{"id":31288,"date":"2020-09-09T18:07:39","date_gmt":"2020-09-09T16:07:39","guid":{"rendered":"https:\/\/kunmedierne.dk\/mors\/?p=31288"},"modified":"2024-08-12T13:44:11","modified_gmt":"2024-08-12T11:44:11","slug":"arbejdsgivere-skal-skabe-miljoeet-for-laerlinge","status":"publish","type":"post","link":"https:\/\/kunmedierne.dk\/mors\/arbejdsgivere-skal-skabe-miljoeet-for-laerlinge\/","title":{"rendered":"&#8211; Arbejdsgivere skal skabe milj\u00f8et for l\u00e6rlinge"},"content":{"rendered":"<p><em>Fra Lauge Larsen (S), medlem af regionsr\u00e5det for Nordjylland, har vi modtaget:<\/em><\/p>\n<hr \/>\n<p><strong>NORDJYLLAND<\/strong>: Det har v\u00e6ret ret besk\u00e6mmende at l\u00e6se om visse arbejdsgiveres modstand mod at tage l\u00e6rlinge ind. Man har kunnet l\u00e6se om arbejdsgivere, der udtaler, at de unge nu om dage er for b\u00f8vlede. Det sagde man ogs\u00e5 i det gamle Gr\u00e6kenland for mere end 4000 \u00e5r siden. S\u00e5 alt er ved det gamle.<\/p>\n<p>Der er ingen, der vil p\u00e5st\u00e5, at det n\u00f8dvendigvis ubetinget er let at have l\u00e6rlinge. Det er unge med meget forskellige baggrunde: evner, opdragelse, holdninger.<\/p>\n<p>Store dele af det danske erhvervsliv bygger p\u00e5 et fantastisk system med elever og l\u00e6rlinge. Her rekrutteres hvert \u00e5r mange tusinde nye h\u00e5ndv\u00e6rkere, sundhedspersonale, kontorfolk, bankfolk&#8230;.<\/p>\n<p>Danmark har et fantastisk godt uddannelsessystem til disse jobs. Mange lande ser meget misundelige p\u00e5 os.<\/p>\n<p>Men systemet bygger som n\u00e6vnt p\u00e5, at mange arbejdsgivere opretter l\u00e6re-eller elevpladser.<\/p>\n<p>De fleste arbejdsgiver p\u00e5tager sig opgaven og g\u00f8r et godt og stort arbejde. Men der er nogle, der ikke er solidariske og blot tager de f\u00e6rdiguddannede ind. Det er ikke i orden.<\/p>\n<p>Der kan v\u00e6re mange grunde til, at l\u00e6rlinge ikke f\u00f8ler sig til rette p\u00e5 arbejdspladsen. Der er et stort spring fra det frie ungdomsliv og til at begynde p\u00e5 en arbejdsplads, hvor man m\u00e5ske i frokostpausen mest taler om b\u00f8rneopdragelse, pensionsopsparing og ferieture. M\u00e5ske ikke det mest ophidsende for en 18-\u00e5rig.<\/p>\n<p>Det er vigtigt, at der skabes et milj\u00f8, hvor de unge trives. Selvf\u00f8lgelig ogs\u00e5 helst sammen med andre unge, man har f\u00e6lles interesser med.<\/p>\n<p>Stor ros til installat\u00f8r Michael Wulff i St\u00f8vring. Nordjyske fortalte forleden, hvordan han tager masser af l\u00e6rlinge ind.<\/p>\n<p>Det er selvf\u00f8lgelig en opgave for arbejdsgiveren at skabe et milj\u00f8, der kan tiltr\u00e6kke og fastholde de unge l\u00e6rlinge.<\/p>\n<p>Det indeb\u00e6rer ogs\u00e5, at man generelt tror p\u00e5 de unge og tror p\u00e5, at de fleste mennesker kan l\u00e6re det fag, de br\u00e6nder for.<\/p>\n<p>Ellers kommer vi for alvor til at mangle fagl\u00e6rt arbejdskraft.<\/p>\n<p>S\u00e5 er vi for alvor ilde stedt.<\/p>\n<hr \/>\n<p><em>Har du et bidrag til den lokale debat? Send det til os p\u00e5 e-mail: debat@kunmedierne.dk\/mors. Husk at l\u00e6se korrektur inden afsendelse p\u00e5 indl\u00e6gget, der ikke m\u00e5 overskride 6000 anslag.<\/em><\/p>\n","protected":false},"excerpt":{"rendered":"<p>Fra Lauge Larsen (S), medlem af regionsr\u00e5det for Nordjylland, har vi modtaget: NORDJYLLAND: Det har v\u00e6ret ret besk\u00e6mmende at l\u00e6se om visse arbejdsgiveres modstand mod at tage l\u00e6rlinge ind. Man har kunnet l\u00e6se om arbejdsgivere, der udtaler, at de unge nu om dage er for b\u00f8vlede. Det sagde man ogs\u00e5 i det gamle Gr\u00e6kenland for [&hellip;]<\/p>\n","protected":false},"author":8,"featured_media":18765,"comment_status":"open","ping_status":"open","sticky":false,"template":"","format":"standard","meta":{"_acf_changed":false,"footnotes":""},"categories":[56],"tags":[159,167,170],"class_list":["post-31288","post","type-post","status-publish","format-standard","has-post-thumbnail","hentry","category-debat","tag-erhverv","tag-politik","tag-uddannelse"],"acf":[],"yoast_head":"<!-- This site is optimized with the Yoast SEO plugin v26.8 - https:\/\/yoast.com\/product\/yoast-seo-wordpress\/ -->\n<title>- Arbejdsgivere skal skabe milj\u00f8et for l\u00e6rlinge - Mors<\/title>\n<meta name=\"robots\" content=\"index, follow, max-snippet:-1, max-image-preview:large, max-video-preview:-1\" \/>\n<link rel=\"canonical\" href=\"https:\/\/kunmedierne.dk\/mors\/arbejdsgivere-skal-skabe-miljoeet-for-laerlinge\/\" \/>\n<meta property=\"og:locale\" content=\"da_DK\" \/>\n<meta property=\"og:type\" content=\"article\" \/>\n<meta property=\"og:title\" content=\"- Arbejdsgivere skal skabe milj\u00f8et for l\u00e6rlinge - Mors\" \/>\n<meta property=\"og:description\" content=\"Fra Lauge Larsen (S), medlem af regionsr\u00e5det for Nordjylland, har vi modtaget: NORDJYLLAND: Det har v\u00e6ret ret besk\u00e6mmende at l\u00e6se om visse arbejdsgiveres modstand mod at tage l\u00e6rlinge ind. Man har kunnet l\u00e6se om arbejdsgivere, der udtaler, at de unge nu om dage er for b\u00f8vlede. Det sagde man ogs\u00e5 i det gamle Gr\u00e6kenland for [&hellip;]\" \/>\n<meta property=\"og:url\" content=\"https:\/\/kunmedierne.dk\/mors\/arbejdsgivere-skal-skabe-miljoeet-for-laerlinge\/\" \/>\n<meta property=\"og:site_name\" content=\"Mors\" \/>\n<meta property=\"article:published_time\" content=\"2020-09-09T16:07:39+00:00\" \/>\n<meta property=\"article:modified_time\" content=\"2024-08-12T11:44:11+00:00\" \/>\n<meta property=\"og:image\" content=\"https:\/\/kunmedierne.dk\/mors\/wp-content\/uploads\/2020\/04\/0-debat-lauge-larsen-region.jpg\" \/>\n\t<meta property=\"og:image:width\" content=\"770\" \/>\n\t<meta property=\"og:image:height\" content=\"513\" \/>\n\t<meta property=\"og:image:type\" content=\"image\/jpeg\" \/>\n<meta name=\"author\" content=\"David H\u00f8jmark\" \/>\n<meta name=\"twitter:card\" content=\"summary_large_image\" \/>\n<meta name=\"twitter:label1\" content=\"Skrevet af\" \/>\n\t<meta name=\"twitter:data1\" content=\"David H\u00f8jmark\" \/>\n\t<meta name=\"twitter:label2\" content=\"Estimeret l\u00e6setid\" \/>\n\t<meta name=\"twitter:data2\" content=\"2 minutter\" \/>\n<script type=\"application\/ld+json\" class=\"yoast-schema-graph\">{\"@context\":\"https:\/\/schema.org\",\"@graph\":[{\"@type\":\"Article\",\"@id\":\"https:\/\/kunmedierne.dk\/mors\/arbejdsgivere-skal-skabe-miljoeet-for-laerlinge\/#article\",\"isPartOf\":{\"@id\":\"https:\/\/kunmedierne.dk\/mors\/arbejdsgivere-skal-skabe-miljoeet-for-laerlinge\/\"},\"author\":{\"name\":\"David H\u00f8jmark\",\"@id\":\"https:\/\/kunmedierne.dk\/mors\/#\/schema\/person\/5fe23251bf1d0abbcdc6f7896579d548\"},\"headline\":\"&#8211; Arbejdsgivere skal skabe milj\u00f8et for l\u00e6rlinge\",\"datePublished\":\"2020-09-09T16:07:39+00:00\",\"dateModified\":\"2024-08-12T11:44:11+00:00\",\"mainEntityOfPage\":{\"@id\":\"https:\/\/kunmedierne.dk\/mors\/arbejdsgivere-skal-skabe-miljoeet-for-laerlinge\/\"},\"wordCount\":408,\"commentCount\":0,\"publisher\":{\"@id\":\"https:\/\/kunmedierne.dk\/mors\/#organization\"},\"image\":{\"@id\":\"https:\/\/kunmedierne.dk\/mors\/arbejdsgivere-skal-skabe-miljoeet-for-laerlinge\/#primaryimage\"},\"thumbnailUrl\":\"https:\/\/kunmedierne.dk\/mors\/wp-content\/uploads\/2020\/04\/0-debat-lauge-larsen-region.jpg\",\"keywords\":[\"Erhverv\",\"Politik\",\"Skoler og uddannelse\"],\"articleSection\":[\"Debat\"],\"inLanguage\":\"da-DK\",\"potentialAction\":[{\"@type\":\"CommentAction\",\"name\":\"Comment\",\"target\":[\"https:\/\/kunmedierne.dk\/mors\/arbejdsgivere-skal-skabe-miljoeet-for-laerlinge\/#respond\"]}]},{\"@type\":\"WebPage\",\"@id\":\"https:\/\/kunmedierne.dk\/mors\/arbejdsgivere-skal-skabe-miljoeet-for-laerlinge\/\",\"url\":\"https:\/\/kunmedierne.dk\/mors\/arbejdsgivere-skal-skabe-miljoeet-for-laerlinge\/\",\"name\":\"- Arbejdsgivere skal skabe milj\u00f8et for l\u00e6rlinge - Mors\",\"isPartOf\":{\"@id\":\"https:\/\/kunmedierne.dk\/mors\/#website\"},\"primaryImageOfPage\":{\"@id\":\"https:\/\/kunmedierne.dk\/mors\/arbejdsgivere-skal-skabe-miljoeet-for-laerlinge\/#primaryimage\"},\"image\":{\"@id\":\"https:\/\/kunmedierne.dk\/mors\/arbejdsgivere-skal-skabe-miljoeet-for-laerlinge\/#primaryimage\"},\"thumbnailUrl\":\"https:\/\/kunmedierne.dk\/mors\/wp-content\/uploads\/2020\/04\/0-debat-lauge-larsen-region.jpg\",\"datePublished\":\"2020-09-09T16:07:39+00:00\",\"dateModified\":\"2024-08-12T11:44:11+00:00\",\"breadcrumb\":{\"@id\":\"https:\/\/kunmedierne.dk\/mors\/arbejdsgivere-skal-skabe-miljoeet-for-laerlinge\/#breadcrumb\"},\"inLanguage\":\"da-DK\",\"potentialAction\":[{\"@type\":\"ReadAction\",\"target\":[\"https:\/\/kunmedierne.dk\/mors\/arbejdsgivere-skal-skabe-miljoeet-for-laerlinge\/\"]}]},{\"@type\":\"ImageObject\",\"inLanguage\":\"da-DK\",\"@id\":\"https:\/\/kunmedierne.dk\/mors\/arbejdsgivere-skal-skabe-miljoeet-for-laerlinge\/#primaryimage\",\"url\":\"https:\/\/kunmedierne.dk\/mors\/wp-content\/uploads\/2020\/04\/0-debat-lauge-larsen-region.jpg\",\"contentUrl\":\"https:\/\/kunmedierne.dk\/mors\/wp-content\/uploads\/2020\/04\/0-debat-lauge-larsen-region.jpg\",\"width\":770,\"height\":513,\"caption\":\"Lauge Larsen (S). Foto: Region Nordjylland.\"},{\"@type\":\"BreadcrumbList\",\"@id\":\"https:\/\/kunmedierne.dk\/mors\/arbejdsgivere-skal-skabe-miljoeet-for-laerlinge\/#breadcrumb\",\"itemListElement\":[{\"@type\":\"ListItem\",\"position\":1,\"name\":\"Hjem\",\"item\":\"https:\/\/kunmedierne.dk\/mors\/\"},{\"@type\":\"ListItem\",\"position\":2,\"name\":\"&#8211; Arbejdsgivere skal skabe milj\u00f8et for l\u00e6rlinge\"}]},{\"@type\":\"WebSite\",\"@id\":\"https:\/\/kunmedierne.dk\/mors\/#website\",\"url\":\"https:\/\/kunmedierne.dk\/mors\/\",\"name\":\"Mors\",\"description\":\"et netmedie med journalistik om livet p\u00e5 Mors\",\"publisher\":{\"@id\":\"https:\/\/kunmedierne.dk\/mors\/#organization\"},\"potentialAction\":[{\"@type\":\"SearchAction\",\"target\":{\"@type\":\"EntryPoint\",\"urlTemplate\":\"https:\/\/kunmedierne.dk\/mors\/?s={search_term_string}\"},\"query-input\":{\"@type\":\"PropertyValueSpecification\",\"valueRequired\":true,\"valueName\":\"search_term_string\"}}],\"inLanguage\":\"da-DK\"},{\"@type\":\"Organization\",\"@id\":\"https:\/\/kunmedierne.dk\/mors\/#organization\",\"name\":\"Mors\",\"url\":\"https:\/\/kunmedierne.dk\/mors\/\",\"logo\":{\"@type\":\"ImageObject\",\"inLanguage\":\"da-DK\",\"@id\":\"https:\/\/kunmedierne.dk\/mors\/#\/schema\/logo\/image\/\",\"url\":\"https:\/\/kunmedierne.dk\/mors\/wp-content\/uploads\/2024\/08\/kunmors-logo.svg\",\"contentUrl\":\"https:\/\/kunmedierne.dk\/mors\/wp-content\/uploads\/2024\/08\/kunmors-logo.svg\",\"caption\":\"Mors\"},\"image\":{\"@id\":\"https:\/\/kunmedierne.dk\/mors\/#\/schema\/logo\/image\/\"}},{\"@type\":\"Person\",\"@id\":\"https:\/\/kunmedierne.dk\/mors\/#\/schema\/person\/5fe23251bf1d0abbcdc6f7896579d548\",\"name\":\"David H\u00f8jmark\",\"image\":{\"@type\":\"ImageObject\",\"inLanguage\":\"da-DK\",\"@id\":\"https:\/\/kunmedierne.dk\/mors\/#\/schema\/person\/image\/\",\"url\":\"https:\/\/secure.gravatar.com\/avatar\/4315d6fb9ef244d729989f5f90268eb08d5bf8a3d84402f595fa194bb35784fd?s=96&d=mm&r=g\",\"contentUrl\":\"https:\/\/secure.gravatar.com\/avatar\/4315d6fb9ef244d729989f5f90268eb08d5bf8a3d84402f595fa194bb35784fd?s=96&d=mm&r=g\",\"caption\":\"David H\u00f8jmark\"},\"sameAs\":[\"https:\/\/www.kunmedierne.dk\"],\"url\":\"https:\/\/kunmedierne.dk\/mors\/author\/david\/\"}]}<\/script>\n<!-- \/ Yoast SEO plugin. -->","yoast_head_json":{"title":"- Arbejdsgivere skal skabe milj\u00f8et for l\u00e6rlinge - Mors","robots":{"index":"index","follow":"follow","max-snippet":"max-snippet:-1","max-image-preview":"max-image-preview:large","max-video-preview":"max-video-preview:-1"},"canonical":"https:\/\/kunmedierne.dk\/mors\/arbejdsgivere-skal-skabe-miljoeet-for-laerlinge\/","og_locale":"da_DK","og_type":"article","og_title":"- Arbejdsgivere skal skabe milj\u00f8et for l\u00e6rlinge - Mors","og_description":"Fra Lauge Larsen (S), medlem af regionsr\u00e5det for Nordjylland, har vi modtaget: NORDJYLLAND: Det har v\u00e6ret ret besk\u00e6mmende at l\u00e6se om visse arbejdsgiveres modstand mod at tage l\u00e6rlinge ind. Man har kunnet l\u00e6se om arbejdsgivere, der udtaler, at de unge nu om dage er for b\u00f8vlede. Det sagde man ogs\u00e5 i det gamle Gr\u00e6kenland for [&hellip;]","og_url":"https:\/\/kunmedierne.dk\/mors\/arbejdsgivere-skal-skabe-miljoeet-for-laerlinge\/","og_site_name":"Mors","article_published_time":"2020-09-09T16:07:39+00:00","article_modified_time":"2024-08-12T11:44:11+00:00","og_image":[{"width":770,"height":513,"url":"https:\/\/kunmedierne.dk\/mors\/wp-content\/uploads\/2020\/04\/0-debat-lauge-larsen-region.jpg","type":"image\/jpeg"}],"author":"David H\u00f8jmark","twitter_card":"summary_large_image","twitter_misc":{"Skrevet af":"David H\u00f8jmark","Estimeret l\u00e6setid":"2 minutter"},"schema":{"@context":"https:\/\/schema.org","@graph":[{"@type":"Article","@id":"https:\/\/kunmedierne.dk\/mors\/arbejdsgivere-skal-skabe-miljoeet-for-laerlinge\/#article","isPartOf":{"@id":"https:\/\/kunmedierne.dk\/mors\/arbejdsgivere-skal-skabe-miljoeet-for-laerlinge\/"},"author":{"name":"David H\u00f8jmark","@id":"https:\/\/kunmedierne.dk\/mors\/#\/schema\/person\/5fe23251bf1d0abbcdc6f7896579d548"},"headline":"&#8211; Arbejdsgivere skal skabe milj\u00f8et for l\u00e6rlinge","datePublished":"2020-09-09T16:07:39+00:00","dateModified":"2024-08-12T11:44:11+00:00","mainEntityOfPage":{"@id":"https:\/\/kunmedierne.dk\/mors\/arbejdsgivere-skal-skabe-miljoeet-for-laerlinge\/"},"wordCount":408,"commentCount":0,"publisher":{"@id":"https:\/\/kunmedierne.dk\/mors\/#organization"},"image":{"@id":"https:\/\/kunmedierne.dk\/mors\/arbejdsgivere-skal-skabe-miljoeet-for-laerlinge\/#primaryimage"},"thumbnailUrl":"https:\/\/kunmedierne.dk\/mors\/wp-content\/uploads\/2020\/04\/0-debat-lauge-larsen-region.jpg","keywords":["Erhverv","Politik","Skoler og uddannelse"],"articleSection":["Debat"],"inLanguage":"da-DK","potentialAction":[{"@type":"CommentAction","name":"Comment","target":["https:\/\/kunmedierne.dk\/mors\/arbejdsgivere-skal-skabe-miljoeet-for-laerlinge\/#respond"]}]},{"@type":"WebPage","@id":"https:\/\/kunmedierne.dk\/mors\/arbejdsgivere-skal-skabe-miljoeet-for-laerlinge\/","url":"https:\/\/kunmedierne.dk\/mors\/arbejdsgivere-skal-skabe-miljoeet-for-laerlinge\/","name":"- Arbejdsgivere skal skabe milj\u00f8et for l\u00e6rlinge - Mors","isPartOf":{"@id":"https:\/\/kunmedierne.dk\/mors\/#website"},"primaryImageOfPage":{"@id":"https:\/\/kunmedierne.dk\/mors\/arbejdsgivere-skal-skabe-miljoeet-for-laerlinge\/#primaryimage"},"image":{"@id":"https:\/\/kunmedierne.dk\/mors\/arbejdsgivere-skal-skabe-miljoeet-for-laerlinge\/#primaryimage"},"thumbnailUrl":"https:\/\/kunmedierne.dk\/mors\/wp-content\/uploads\/2020\/04\/0-debat-lauge-larsen-region.jpg","datePublished":"2020-09-09T16:07:39+00:00","dateModified":"2024-08-12T11:44:11+00:00","breadcrumb":{"@id":"https:\/\/kunmedierne.dk\/mors\/arbejdsgivere-skal-skabe-miljoeet-for-laerlinge\/#breadcrumb"},"inLanguage":"da-DK","potentialAction":[{"@type":"ReadAction","target":["https:\/\/kunmedierne.dk\/mors\/arbejdsgivere-skal-skabe-miljoeet-for-laerlinge\/"]}]},{"@type":"ImageObject","inLanguage":"da-DK","@id":"https:\/\/kunmedierne.dk\/mors\/arbejdsgivere-skal-skabe-miljoeet-for-laerlinge\/#primaryimage","url":"https:\/\/kunmedierne.dk\/mors\/wp-content\/uploads\/2020\/04\/0-debat-lauge-larsen-region.jpg","contentUrl":"https:\/\/kunmedierne.dk\/mors\/wp-content\/uploads\/2020\/04\/0-debat-lauge-larsen-region.jpg","width":770,"height":513,"caption":"Lauge Larsen (S). Foto: Region Nordjylland."},{"@type":"BreadcrumbList","@id":"https:\/\/kunmedierne.dk\/mors\/arbejdsgivere-skal-skabe-miljoeet-for-laerlinge\/#breadcrumb","itemListElement":[{"@type":"ListItem","position":1,"name":"Hjem","item":"https:\/\/kunmedierne.dk\/mors\/"},{"@type":"ListItem","position":2,"name":"&#8211; Arbejdsgivere skal skabe milj\u00f8et for l\u00e6rlinge"}]},{"@type":"WebSite","@id":"https:\/\/kunmedierne.dk\/mors\/#website","url":"https:\/\/kunmedierne.dk\/mors\/","name":"Mors","description":"et netmedie med journalistik om livet p\u00e5 Mors","publisher":{"@id":"https:\/\/kunmedierne.dk\/mors\/#organization"},"potentialAction":[{"@type":"SearchAction","target":{"@type":"EntryPoint","urlTemplate":"https:\/\/kunmedierne.dk\/mors\/?s={search_term_string}"},"query-input":{"@type":"PropertyValueSpecification","valueRequired":true,"valueName":"search_term_string"}}],"inLanguage":"da-DK"},{"@type":"Organization","@id":"https:\/\/kunmedierne.dk\/mors\/#organization","name":"Mors","url":"https:\/\/kunmedierne.dk\/mors\/","logo":{"@type":"ImageObject","inLanguage":"da-DK","@id":"https:\/\/kunmedierne.dk\/mors\/#\/schema\/logo\/image\/","url":"https:\/\/kunmedierne.dk\/mors\/wp-content\/uploads\/2024\/08\/kunmors-logo.svg","contentUrl":"https:\/\/kunmedierne.dk\/mors\/wp-content\/uploads\/2024\/08\/kunmors-logo.svg","caption":"Mors"},"image":{"@id":"https:\/\/kunmedierne.dk\/mors\/#\/schema\/logo\/image\/"}},{"@type":"Person","@id":"https:\/\/kunmedierne.dk\/mors\/#\/schema\/person\/5fe23251bf1d0abbcdc6f7896579d548","name":"David H\u00f8jmark","image":{"@type":"ImageObject","inLanguage":"da-DK","@id":"https:\/\/kunmedierne.dk\/mors\/#\/schema\/person\/image\/","url":"https:\/\/secure.gravatar.com\/avatar\/4315d6fb9ef244d729989f5f90268eb08d5bf8a3d84402f595fa194bb35784fd?s=96&d=mm&r=g","contentUrl":"https:\/\/secure.gravatar.com\/avatar\/4315d6fb9ef244d729989f5f90268eb08d5bf8a3d84402f595fa194bb35784fd?s=96&d=mm&r=g","caption":"David H\u00f8jmark"},"sameAs":["https:\/\/www.kunmedierne.dk"],"url":"https:\/\/kunmedierne.dk\/mors\/author\/david\/"}]}},"_links":{"self":[{"href":"https:\/\/kunmedierne.dk\/mors\/wp-json\/wp\/v2\/posts\/31288","targetHints":{"allow":["GET"]}}],"collection":[{"href":"https:\/\/kunmedierne.dk\/mors\/wp-json\/wp\/v2\/posts"}],"about":[{"href":"https:\/\/kunmedierne.dk\/mors\/wp-json\/wp\/v2\/types\/post"}],"author":[{"embeddable":true,"href":"https:\/\/kunmedierne.dk\/mors\/wp-json\/wp\/v2\/users\/8"}],"replies":[{"embeddable":true,"href":"https:\/\/kunmedierne.dk\/mors\/wp-json\/wp\/v2\/comments?post=31288"}],"version-history":[{"count":3,"href":"https:\/\/kunmedierne.dk\/mors\/wp-json\/wp\/v2\/posts\/31288\/revisions"}],"predecessor-version":[{"id":31854,"href":"https:\/\/kunmedierne.dk\/mors\/wp-json\/wp\/v2\/posts\/31288\/revisions\/31854"}],"wp:featuredmedia":[{"embeddable":true,"href":"https:\/\/kunmedierne.dk\/mors\/wp-json\/wp\/v2\/media\/18765"}],"wp:attachment":[{"href":"https:\/\/kunmedierne.dk\/mors\/wp-json\/wp\/v2\/media?parent=31288"}],"wp:term":[{"taxonomy":"category","embeddable":true,"href":"https:\/\/kunmedierne.dk\/mors\/wp-json\/wp\/v2\/categories?post=31288"},{"taxonomy":"post_tag","embeddable":true,"href":"https:\/\/kunmedierne.dk\/mors\/wp-json\/wp\/v2\/tags?post=31288"}],"curies":[{"name":"wp","href":"https:\/\/api.w.org\/{rel}","templated":true}]}}