{"id":30442,"date":"2020-08-28T11:00:06","date_gmt":"2020-08-28T09:00:06","guid":{"rendered":"https:\/\/kunmedierne.dk\/mors\/?p=30442"},"modified":"2024-08-12T13:44:14","modified_gmt":"2024-08-12T11:44:14","slug":"oesters-og-muslingepremieren-flyttes-til-2021","status":"publish","type":"post","link":"https:\/\/kunmedierne.dk\/mors\/oesters-og-muslingepremieren-flyttes-til-2021\/","title":{"rendered":"\u00d8sters- og muslingepremieren flyttes til 2021"},"content":{"rendered":"<p><strong>MORS<\/strong>: Champagnesabling og gastronomi i verdensklasse m\u00e5 vente til 2021. Det har coronaen nu endegyldigt s\u00f8rget for.<\/p>\n<p>\u00c5rets udgave af \u00f8sters- og muslingepremieren er nemlig flyttet til n\u00e6ste \u00e5r. Den skulle v\u00e6re afviklet i weekenden 9.-12. oktober, men Kokkeforeningen Danmark og Mors\u00f8 Kommune, der st\u00e5r bag arrangementet, har valgt at aflyse \u00e5rets store event.<\/p>\n<p>&#8220;Vi kan ikke forsvare at gennemf\u00f8re et arrangement, der tiltr\u00e6kker g\u00e6ster og deltagere fra hele landet, set i lyset af covid-19 situationen. Det vil v\u00e6re mangel p\u00e5 samfundssind at gennemf\u00f8re den her type arrangementer, og derfor aflyser vi arrangementet i \u00e5r og begynder allerede nu planl\u00e6gning af n\u00e6ste \u00e5rs arrangement, der finder sted i weekenden 15.-18. oktober 2021,&#8221; siger Hans Ejner Bertelsen (V), borgmester i Mors\u00f8 Kommune.<\/p>\n<p>Han bakkes op af restaurat\u00f8r Uffe Nielsen, pr\u00e6sident for Kokkeforeningen Danmark.<\/p>\n<p>&#8220;Det kan f\u00e5 alt\u00f8del\u00e6ggende konsekvenser for en kok eller en tjener at blive ramt af covid-19, blandt andet fordi sygdommen angriber smagsl\u00f8gene. Gennemf\u00f8rte vi arrangementet, og en deltager blev smittet, kan det med andre ord koste deltageren sit levebr\u00f8d i en periode. Mange deltagere ejer selv deres restauranter eller er k\u00f8kkenchefer. Bliver en eller flere smittet, kan en restaurant ganske enkelt risikere at blive lagt ned og i v\u00e6rste fald m\u00e5tte lukke, hvis man f\u00e5r covid-19 inden for d\u00f8rene,&#8221; p\u00e5peger Uffe Nielsen.<\/p>\n<p>&nbsp;<\/p>\n<p><strong>Folkefesten ville mangle<\/strong><\/p>\n<p>Konkurrenceansvarlig Anders Heegaard, der ogs\u00e5 er vicepr\u00e6sident i Kokkeforeningen Danmark,\u00a0 bakker fuldt ud op omkring beslutningen.<\/p>\n<p>&#8220;For s\u00e5vel Mors\u00f8 Kommune som for Kokkeforeningen Danmark v\u00e6gter deltagernes og publikums sikkerhed tungest. Herudover ville en mindre udgave af arrangementet slet ikke n\u00e5 det niveau, man som publikum er vant til. Folkefesten ville mangle, og den er en vigtig del af helhedsoplevelsen for s\u00e5vel deltagere som for publikum. Vi har ikke behov for at gennemf\u00f8re arrangementet af \u00f8konomiske \u00e5rsager, men s\u00e6tter deltagernes og g\u00e6sternes sikkerhed i h\u00f8js\u00e6det,&#8221; siger Anders Heegaard.<\/p>\n<p>Han oplyser, at de udtagne kokke og tjenere bakker fuldt ud op om beslutningen om at udskyde \u00f8sters- og muslingepremieren til n\u00e6ste \u00e5r. Og det gl\u00e6der Hans Ejner Bertelsen.<\/p>\n<p>&#8220;Vi er klar til at lave et arrangement i verdensklasse til n\u00e6ste \u00e5r, hvor vi h\u00e5ber, at situationen omkring covid-19 ser anderledes positiv ud end i dag,&#8221; siger han.<\/p>\n<p>\u00d8sters- og muslingepremieren best\u00e5r blandt andet af DM i \u00f8stersgastronomi, DM i \u00f8sters\u00e5bning og DM i champagnesabling samt en\u00a0tjenerkonkurrence.<\/p>\n","protected":false},"excerpt":{"rendered":"<p>MORS: Champagnesabling og gastronomi i verdensklasse m\u00e5 vente til 2021. Det har coronaen nu endegyldigt s\u00f8rget for. \u00c5rets udgave af \u00f8sters- og muslingepremieren er nemlig flyttet til n\u00e6ste \u00e5r. Den skulle v\u00e6re afviklet i weekenden 9.-12. oktober, men Kokkeforeningen Danmark og Mors\u00f8 Kommune, der st\u00e5r bag arrangementet, har valgt at aflyse \u00e5rets store event. &#8220;Vi [&hellip;]<\/p>\n","protected":false},"author":8,"featured_media":30443,"comment_status":"open","ping_status":"open","sticky":false,"template":"","format":"standard","meta":{"_acf_changed":false,"footnotes":""},"categories":[49],"tags":[169],"class_list":["post-30442","post","type-post","status-publish","format-standard","has-post-thumbnail","hentry","category-kultur","tag-skaldyr"],"acf":[],"yoast_head":"<!-- This site is optimized with the Yoast SEO plugin v26.8 - https:\/\/yoast.com\/product\/yoast-seo-wordpress\/ -->\n<title>\u00d8sters- og muslingepremieren flyttes til 2021 - Mors<\/title>\n<meta name=\"robots\" content=\"index, follow, max-snippet:-1, max-image-preview:large, max-video-preview:-1\" \/>\n<link rel=\"canonical\" href=\"https:\/\/kunmedierne.dk\/mors\/oesters-og-muslingepremieren-flyttes-til-2021\/\" \/>\n<meta property=\"og:locale\" content=\"da_DK\" \/>\n<meta property=\"og:type\" content=\"article\" \/>\n<meta property=\"og:title\" content=\"\u00d8sters- og muslingepremieren flyttes til 2021 - Mors\" \/>\n<meta property=\"og:description\" content=\"MORS: Champagnesabling og gastronomi i verdensklasse m\u00e5 vente til 2021. Det har coronaen nu endegyldigt s\u00f8rget for. \u00c5rets udgave af \u00f8sters- og muslingepremieren er nemlig flyttet til n\u00e6ste \u00e5r. Den skulle v\u00e6re afviklet i weekenden 9.-12. oktober, men Kokkeforeningen Danmark og Mors\u00f8 Kommune, der st\u00e5r bag arrangementet, har valgt at aflyse \u00e5rets store event. &#8220;Vi [&hellip;]\" \/>\n<meta property=\"og:url\" content=\"https:\/\/kunmedierne.dk\/mors\/oesters-og-muslingepremieren-flyttes-til-2021\/\" \/>\n<meta property=\"og:site_name\" content=\"Mors\" \/>\n<meta property=\"article:published_time\" content=\"2020-08-28T09:00:06+00:00\" \/>\n<meta property=\"article:modified_time\" content=\"2024-08-12T11:44:14+00:00\" \/>\n<meta property=\"og:image\" content=\"https:\/\/kunmedierne.dk\/mors\/wp-content\/uploads\/2020\/08\/1600px_COLOURBOX41484218.jpg\" \/>\n\t<meta property=\"og:image:width\" content=\"770\" \/>\n\t<meta property=\"og:image:height\" content=\"513\" \/>\n\t<meta property=\"og:image:type\" content=\"image\/jpeg\" \/>\n<meta name=\"author\" content=\"David H\u00f8jmark\" \/>\n<meta name=\"twitter:card\" content=\"summary_large_image\" \/>\n<meta name=\"twitter:label1\" content=\"Skrevet af\" \/>\n\t<meta name=\"twitter:data1\" content=\"David H\u00f8jmark\" \/>\n\t<meta name=\"twitter:label2\" content=\"Estimeret l\u00e6setid\" \/>\n\t<meta name=\"twitter:data2\" content=\"2 minutter\" \/>\n<script type=\"application\/ld+json\" class=\"yoast-schema-graph\">{\"@context\":\"https:\/\/schema.org\",\"@graph\":[{\"@type\":\"Article\",\"@id\":\"https:\/\/kunmedierne.dk\/mors\/oesters-og-muslingepremieren-flyttes-til-2021\/#article\",\"isPartOf\":{\"@id\":\"https:\/\/kunmedierne.dk\/mors\/oesters-og-muslingepremieren-flyttes-til-2021\/\"},\"author\":{\"name\":\"David H\u00f8jmark\",\"@id\":\"https:\/\/kunmedierne.dk\/mors\/#\/schema\/person\/5fe23251bf1d0abbcdc6f7896579d548\"},\"headline\":\"\u00d8sters- og muslingepremieren flyttes til 2021\",\"datePublished\":\"2020-08-28T09:00:06+00:00\",\"dateModified\":\"2024-08-12T11:44:14+00:00\",\"mainEntityOfPage\":{\"@id\":\"https:\/\/kunmedierne.dk\/mors\/oesters-og-muslingepremieren-flyttes-til-2021\/\"},\"wordCount\":425,\"commentCount\":0,\"publisher\":{\"@id\":\"https:\/\/kunmedierne.dk\/mors\/#organization\"},\"image\":{\"@id\":\"https:\/\/kunmedierne.dk\/mors\/oesters-og-muslingepremieren-flyttes-til-2021\/#primaryimage\"},\"thumbnailUrl\":\"https:\/\/kunmedierne.dk\/mors\/wp-content\/uploads\/2020\/08\/1600px_COLOURBOX41484218.jpg\",\"keywords\":[\"Skaldyr\"],\"articleSection\":[\"Kultur\"],\"inLanguage\":\"da-DK\",\"potentialAction\":[{\"@type\":\"CommentAction\",\"name\":\"Comment\",\"target\":[\"https:\/\/kunmedierne.dk\/mors\/oesters-og-muslingepremieren-flyttes-til-2021\/#respond\"]}]},{\"@type\":\"WebPage\",\"@id\":\"https:\/\/kunmedierne.dk\/mors\/oesters-og-muslingepremieren-flyttes-til-2021\/\",\"url\":\"https:\/\/kunmedierne.dk\/mors\/oesters-og-muslingepremieren-flyttes-til-2021\/\",\"name\":\"\u00d8sters- og muslingepremieren flyttes til 2021 - Mors\",\"isPartOf\":{\"@id\":\"https:\/\/kunmedierne.dk\/mors\/#website\"},\"primaryImageOfPage\":{\"@id\":\"https:\/\/kunmedierne.dk\/mors\/oesters-og-muslingepremieren-flyttes-til-2021\/#primaryimage\"},\"image\":{\"@id\":\"https:\/\/kunmedierne.dk\/mors\/oesters-og-muslingepremieren-flyttes-til-2021\/#primaryimage\"},\"thumbnailUrl\":\"https:\/\/kunmedierne.dk\/mors\/wp-content\/uploads\/2020\/08\/1600px_COLOURBOX41484218.jpg\",\"datePublished\":\"2020-08-28T09:00:06+00:00\",\"dateModified\":\"2024-08-12T11:44:14+00:00\",\"breadcrumb\":{\"@id\":\"https:\/\/kunmedierne.dk\/mors\/oesters-og-muslingepremieren-flyttes-til-2021\/#breadcrumb\"},\"inLanguage\":\"da-DK\",\"potentialAction\":[{\"@type\":\"ReadAction\",\"target\":[\"https:\/\/kunmedierne.dk\/mors\/oesters-og-muslingepremieren-flyttes-til-2021\/\"]}]},{\"@type\":\"ImageObject\",\"inLanguage\":\"da-DK\",\"@id\":\"https:\/\/kunmedierne.dk\/mors\/oesters-og-muslingepremieren-flyttes-til-2021\/#primaryimage\",\"url\":\"https:\/\/kunmedierne.dk\/mors\/wp-content\/uploads\/2020\/08\/1600px_COLOURBOX41484218.jpg\",\"contentUrl\":\"https:\/\/kunmedierne.dk\/mors\/wp-content\/uploads\/2020\/08\/1600px_COLOURBOX41484218.jpg\",\"width\":770,\"height\":513,\"caption\":\"Dette bliver der ikke noget af i Nyk\u00f8bing i \u00e5r. Pressefoto\"},{\"@type\":\"BreadcrumbList\",\"@id\":\"https:\/\/kunmedierne.dk\/mors\/oesters-og-muslingepremieren-flyttes-til-2021\/#breadcrumb\",\"itemListElement\":[{\"@type\":\"ListItem\",\"position\":1,\"name\":\"Hjem\",\"item\":\"https:\/\/kunmedierne.dk\/mors\/\"},{\"@type\":\"ListItem\",\"position\":2,\"name\":\"\u00d8sters- og muslingepremieren flyttes til 2021\"}]},{\"@type\":\"WebSite\",\"@id\":\"https:\/\/kunmedierne.dk\/mors\/#website\",\"url\":\"https:\/\/kunmedierne.dk\/mors\/\",\"name\":\"Mors\",\"description\":\"et netmedie med journalistik om livet p\u00e5 Mors\",\"publisher\":{\"@id\":\"https:\/\/kunmedierne.dk\/mors\/#organization\"},\"potentialAction\":[{\"@type\":\"SearchAction\",\"target\":{\"@type\":\"EntryPoint\",\"urlTemplate\":\"https:\/\/kunmedierne.dk\/mors\/?s={search_term_string}\"},\"query-input\":{\"@type\":\"PropertyValueSpecification\",\"valueRequired\":true,\"valueName\":\"search_term_string\"}}],\"inLanguage\":\"da-DK\"},{\"@type\":\"Organization\",\"@id\":\"https:\/\/kunmedierne.dk\/mors\/#organization\",\"name\":\"Mors\",\"url\":\"https:\/\/kunmedierne.dk\/mors\/\",\"logo\":{\"@type\":\"ImageObject\",\"inLanguage\":\"da-DK\",\"@id\":\"https:\/\/kunmedierne.dk\/mors\/#\/schema\/logo\/image\/\",\"url\":\"https:\/\/kunmedierne.dk\/mors\/wp-content\/uploads\/2024\/08\/kunmors-logo.svg\",\"contentUrl\":\"https:\/\/kunmedierne.dk\/mors\/wp-content\/uploads\/2024\/08\/kunmors-logo.svg\",\"caption\":\"Mors\"},\"image\":{\"@id\":\"https:\/\/kunmedierne.dk\/mors\/#\/schema\/logo\/image\/\"}},{\"@type\":\"Person\",\"@id\":\"https:\/\/kunmedierne.dk\/mors\/#\/schema\/person\/5fe23251bf1d0abbcdc6f7896579d548\",\"name\":\"David H\u00f8jmark\",\"image\":{\"@type\":\"ImageObject\",\"inLanguage\":\"da-DK\",\"@id\":\"https:\/\/kunmedierne.dk\/mors\/#\/schema\/person\/image\/\",\"url\":\"https:\/\/secure.gravatar.com\/avatar\/4315d6fb9ef244d729989f5f90268eb08d5bf8a3d84402f595fa194bb35784fd?s=96&d=mm&r=g\",\"contentUrl\":\"https:\/\/secure.gravatar.com\/avatar\/4315d6fb9ef244d729989f5f90268eb08d5bf8a3d84402f595fa194bb35784fd?s=96&d=mm&r=g\",\"caption\":\"David H\u00f8jmark\"},\"sameAs\":[\"https:\/\/www.kunmedierne.dk\"],\"url\":\"https:\/\/kunmedierne.dk\/mors\/author\/david\/\"}]}<\/script>\n<!-- \/ Yoast SEO plugin. -->","yoast_head_json":{"title":"\u00d8sters- og muslingepremieren flyttes til 2021 - Mors","robots":{"index":"index","follow":"follow","max-snippet":"max-snippet:-1","max-image-preview":"max-image-preview:large","max-video-preview":"max-video-preview:-1"},"canonical":"https:\/\/kunmedierne.dk\/mors\/oesters-og-muslingepremieren-flyttes-til-2021\/","og_locale":"da_DK","og_type":"article","og_title":"\u00d8sters- og muslingepremieren flyttes til 2021 - Mors","og_description":"MORS: Champagnesabling og gastronomi i verdensklasse m\u00e5 vente til 2021. Det har coronaen nu endegyldigt s\u00f8rget for. \u00c5rets udgave af \u00f8sters- og muslingepremieren er nemlig flyttet til n\u00e6ste \u00e5r. Den skulle v\u00e6re afviklet i weekenden 9.-12. oktober, men Kokkeforeningen Danmark og Mors\u00f8 Kommune, der st\u00e5r bag arrangementet, har valgt at aflyse \u00e5rets store event. &#8220;Vi [&hellip;]","og_url":"https:\/\/kunmedierne.dk\/mors\/oesters-og-muslingepremieren-flyttes-til-2021\/","og_site_name":"Mors","article_published_time":"2020-08-28T09:00:06+00:00","article_modified_time":"2024-08-12T11:44:14+00:00","og_image":[{"width":770,"height":513,"url":"https:\/\/kunmedierne.dk\/mors\/wp-content\/uploads\/2020\/08\/1600px_COLOURBOX41484218.jpg","type":"image\/jpeg"}],"author":"David H\u00f8jmark","twitter_card":"summary_large_image","twitter_misc":{"Skrevet af":"David H\u00f8jmark","Estimeret l\u00e6setid":"2 minutter"},"schema":{"@context":"https:\/\/schema.org","@graph":[{"@type":"Article","@id":"https:\/\/kunmedierne.dk\/mors\/oesters-og-muslingepremieren-flyttes-til-2021\/#article","isPartOf":{"@id":"https:\/\/kunmedierne.dk\/mors\/oesters-og-muslingepremieren-flyttes-til-2021\/"},"author":{"name":"David H\u00f8jmark","@id":"https:\/\/kunmedierne.dk\/mors\/#\/schema\/person\/5fe23251bf1d0abbcdc6f7896579d548"},"headline":"\u00d8sters- og muslingepremieren flyttes til 2021","datePublished":"2020-08-28T09:00:06+00:00","dateModified":"2024-08-12T11:44:14+00:00","mainEntityOfPage":{"@id":"https:\/\/kunmedierne.dk\/mors\/oesters-og-muslingepremieren-flyttes-til-2021\/"},"wordCount":425,"commentCount":0,"publisher":{"@id":"https:\/\/kunmedierne.dk\/mors\/#organization"},"image":{"@id":"https:\/\/kunmedierne.dk\/mors\/oesters-og-muslingepremieren-flyttes-til-2021\/#primaryimage"},"thumbnailUrl":"https:\/\/kunmedierne.dk\/mors\/wp-content\/uploads\/2020\/08\/1600px_COLOURBOX41484218.jpg","keywords":["Skaldyr"],"articleSection":["Kultur"],"inLanguage":"da-DK","potentialAction":[{"@type":"CommentAction","name":"Comment","target":["https:\/\/kunmedierne.dk\/mors\/oesters-og-muslingepremieren-flyttes-til-2021\/#respond"]}]},{"@type":"WebPage","@id":"https:\/\/kunmedierne.dk\/mors\/oesters-og-muslingepremieren-flyttes-til-2021\/","url":"https:\/\/kunmedierne.dk\/mors\/oesters-og-muslingepremieren-flyttes-til-2021\/","name":"\u00d8sters- og muslingepremieren flyttes til 2021 - Mors","isPartOf":{"@id":"https:\/\/kunmedierne.dk\/mors\/#website"},"primaryImageOfPage":{"@id":"https:\/\/kunmedierne.dk\/mors\/oesters-og-muslingepremieren-flyttes-til-2021\/#primaryimage"},"image":{"@id":"https:\/\/kunmedierne.dk\/mors\/oesters-og-muslingepremieren-flyttes-til-2021\/#primaryimage"},"thumbnailUrl":"https:\/\/kunmedierne.dk\/mors\/wp-content\/uploads\/2020\/08\/1600px_COLOURBOX41484218.jpg","datePublished":"2020-08-28T09:00:06+00:00","dateModified":"2024-08-12T11:44:14+00:00","breadcrumb":{"@id":"https:\/\/kunmedierne.dk\/mors\/oesters-og-muslingepremieren-flyttes-til-2021\/#breadcrumb"},"inLanguage":"da-DK","potentialAction":[{"@type":"ReadAction","target":["https:\/\/kunmedierne.dk\/mors\/oesters-og-muslingepremieren-flyttes-til-2021\/"]}]},{"@type":"ImageObject","inLanguage":"da-DK","@id":"https:\/\/kunmedierne.dk\/mors\/oesters-og-muslingepremieren-flyttes-til-2021\/#primaryimage","url":"https:\/\/kunmedierne.dk\/mors\/wp-content\/uploads\/2020\/08\/1600px_COLOURBOX41484218.jpg","contentUrl":"https:\/\/kunmedierne.dk\/mors\/wp-content\/uploads\/2020\/08\/1600px_COLOURBOX41484218.jpg","width":770,"height":513,"caption":"Dette bliver der ikke noget af i Nyk\u00f8bing i \u00e5r. Pressefoto"},{"@type":"BreadcrumbList","@id":"https:\/\/kunmedierne.dk\/mors\/oesters-og-muslingepremieren-flyttes-til-2021\/#breadcrumb","itemListElement":[{"@type":"ListItem","position":1,"name":"Hjem","item":"https:\/\/kunmedierne.dk\/mors\/"},{"@type":"ListItem","position":2,"name":"\u00d8sters- og muslingepremieren flyttes til 2021"}]},{"@type":"WebSite","@id":"https:\/\/kunmedierne.dk\/mors\/#website","url":"https:\/\/kunmedierne.dk\/mors\/","name":"Mors","description":"et netmedie med journalistik om livet p\u00e5 Mors","publisher":{"@id":"https:\/\/kunmedierne.dk\/mors\/#organization"},"potentialAction":[{"@type":"SearchAction","target":{"@type":"EntryPoint","urlTemplate":"https:\/\/kunmedierne.dk\/mors\/?s={search_term_string}"},"query-input":{"@type":"PropertyValueSpecification","valueRequired":true,"valueName":"search_term_string"}}],"inLanguage":"da-DK"},{"@type":"Organization","@id":"https:\/\/kunmedierne.dk\/mors\/#organization","name":"Mors","url":"https:\/\/kunmedierne.dk\/mors\/","logo":{"@type":"ImageObject","inLanguage":"da-DK","@id":"https:\/\/kunmedierne.dk\/mors\/#\/schema\/logo\/image\/","url":"https:\/\/kunmedierne.dk\/mors\/wp-content\/uploads\/2024\/08\/kunmors-logo.svg","contentUrl":"https:\/\/kunmedierne.dk\/mors\/wp-content\/uploads\/2024\/08\/kunmors-logo.svg","caption":"Mors"},"image":{"@id":"https:\/\/kunmedierne.dk\/mors\/#\/schema\/logo\/image\/"}},{"@type":"Person","@id":"https:\/\/kunmedierne.dk\/mors\/#\/schema\/person\/5fe23251bf1d0abbcdc6f7896579d548","name":"David H\u00f8jmark","image":{"@type":"ImageObject","inLanguage":"da-DK","@id":"https:\/\/kunmedierne.dk\/mors\/#\/schema\/person\/image\/","url":"https:\/\/secure.gravatar.com\/avatar\/4315d6fb9ef244d729989f5f90268eb08d5bf8a3d84402f595fa194bb35784fd?s=96&d=mm&r=g","contentUrl":"https:\/\/secure.gravatar.com\/avatar\/4315d6fb9ef244d729989f5f90268eb08d5bf8a3d84402f595fa194bb35784fd?s=96&d=mm&r=g","caption":"David H\u00f8jmark"},"sameAs":["https:\/\/www.kunmedierne.dk"],"url":"https:\/\/kunmedierne.dk\/mors\/author\/david\/"}]}},"_links":{"self":[{"href":"https:\/\/kunmedierne.dk\/mors\/wp-json\/wp\/v2\/posts\/30442","targetHints":{"allow":["GET"]}}],"collection":[{"href":"https:\/\/kunmedierne.dk\/mors\/wp-json\/wp\/v2\/posts"}],"about":[{"href":"https:\/\/kunmedierne.dk\/mors\/wp-json\/wp\/v2\/types\/post"}],"author":[{"embeddable":true,"href":"https:\/\/kunmedierne.dk\/mors\/wp-json\/wp\/v2\/users\/8"}],"replies":[{"embeddable":true,"href":"https:\/\/kunmedierne.dk\/mors\/wp-json\/wp\/v2\/comments?post=30442"}],"version-history":[{"count":1,"href":"https:\/\/kunmedierne.dk\/mors\/wp-json\/wp\/v2\/posts\/30442\/revisions"}],"predecessor-version":[{"id":30444,"href":"https:\/\/kunmedierne.dk\/mors\/wp-json\/wp\/v2\/posts\/30442\/revisions\/30444"}],"wp:featuredmedia":[{"embeddable":true,"href":"https:\/\/kunmedierne.dk\/mors\/wp-json\/wp\/v2\/media\/30443"}],"wp:attachment":[{"href":"https:\/\/kunmedierne.dk\/mors\/wp-json\/wp\/v2\/media?parent=30442"}],"wp:term":[{"taxonomy":"category","embeddable":true,"href":"https:\/\/kunmedierne.dk\/mors\/wp-json\/wp\/v2\/categories?post=30442"},{"taxonomy":"post_tag","embeddable":true,"href":"https:\/\/kunmedierne.dk\/mors\/wp-json\/wp\/v2\/tags?post=30442"}],"curies":[{"name":"wp","href":"https:\/\/api.w.org\/{rel}","templated":true}]}}