{"id":30404,"date":"2020-08-27T14:42:16","date_gmt":"2020-08-27T12:42:16","guid":{"rendered":"https:\/\/kunmedierne.dk\/mors\/?p=30404"},"modified":"2024-08-12T13:44:14","modified_gmt":"2024-08-12T11:44:14","slug":"mere-politi-paa-gaden-ikke-paa-kontoret","status":"publish","type":"post","link":"https:\/\/kunmedierne.dk\/mors\/mere-politi-paa-gaden-ikke-paa-kontoret\/","title":{"rendered":"Mere politi p\u00e5 gaden &#8211; ikke p\u00e5 kontoret"},"content":{"rendered":"<p><em>Fra Hans Ejner Bertelsen (V), borgmester i Mors\u00f8 Kommune, har vi modtaget:<\/em><\/p>\n<hr \/>\n<p><strong>MORS<\/strong>: Folketingets partier forhandler i disse dage regeringens udspil til en ny politireform. Reformforslaget har overskriften \u201dTrygheden f\u00f8rst\u201d.<\/p>\n<p>Det er positivt, at regeringen vil udvide politistyrken, ogs\u00e5 vest for Storeb\u00e6lt. Men det er alts\u00e5 ikke helt ligegyldigt, hvordan denne udvidelse udm\u00f8nter sig. N\u00e6rhed skaber nemlig ikke n\u00f8dvendigvis st\u00f8rre tryghed, hvis n\u00e6rheden blot betyder, at man s\u00e6tter flere politibetjente ind p\u00e5 kontorer, der s\u00e5 f\u00e5r udvidet deres \u00e5bningstid til 15 timer ugentligt.<\/p>\n<p>Det er ude i befolkningen \u2013 i vores gader og p\u00e5 vores landeveje \u2013 vi har brug for at se mere politi. Det er d\u00e9r, politiet skaber tryghed og d\u00e9r, politiet kan d\u00e6mme op for kriminalitet og uorden som den, vi f.eks. har set p\u00e5 Mors med gader\u00e6s hen over sommeren.<\/p>\n<p>P\u00e5 Mors opleves politiet desv\u00e6rre ikke som s\u00e6rlig n\u00e6rt. En helt ny unders\u00f8gelse i Nordjyske fort\u00e6ller, at 33 % af borgerne p\u00e5 Mors er utilfredse med politiets synlighed. Ingen andre steder i Nordjylland n\u00e5r utilfredsheden tilsvarende h\u00f8jder.<\/p>\n<p>Men der er en forklaring: Borgerne i Mors\u00f8 Kommune har i perioder m\u00e5ttet leve med responstider, der er dobbelt s\u00e5 h\u00f8je som gennemsnittet i Midt- og Vestjyllands politikreds. Her i 2020 er responstiden p\u00e5 19 minutter og 33 sekunder, 3 minutter l\u00e6ngere end i 2019.<\/p>\n<p>Og det er her, utrygheden skabes: P\u00e5 Mors ved vi aldrig, om vi skal vente i 5 eller i n\u00e6sten 20 minutter p\u00e5, at politiet n\u00e5r frem. Vi kan vist alle forestille os situationer, hvor det vil f\u00f8les som \u00e5r at vente 20 minutter p\u00e5 at f\u00e5 hj\u00e6lp af politiet.<\/p>\n<p>Derfor skal vi have flere patruljer fast stationeret i den nordlige del af politikredsen. Mors skal v\u00e6re rimeligt d\u00e6kket af politi d\u00f8gnet rundt. B\u00e5de af hensyn til den akutte og den pr\u00e6ventive indsats. Jeg har henvendt mig til nogle af de folketingsmedlemmer, der netop nu sidder og forhandler regeringens udspil og forelagt dem vores \u00f8nsker til et styrket lokalt politi. Og jeg r\u00f8ber ikke for meget ved at fort\u00e6lle, at politikerne blev noget forbl\u00f8ffede over de responstider, vi m\u00e5 leve med p\u00e5 Mors.<\/p>\n<p>For god ordens skyld: Dette er ikke en kritik af Midt- og Vestjyllands Politi, som vi i Mors\u00f8 Kommune har et fortrinligt samarbejde med. Vi ved, det ligger politiet p\u00e5 sinde at anvende ressourcerne s\u00e5 godt og d\u00e6kkende som muligt. Samtidig kan vi gl\u00e6de os over, at kriminaliteten er forholdsvis lav p\u00e5 Mors. Men det er trygheden alts\u00e5 ogs\u00e5, og mere synligt politi og m\u00e6rkbart lavere responstider er et rimeligt krav til en regering, som gerne vil g\u00f8re borgerne mere trygge.<\/p>\n<hr \/>\n<p><em>Har du et bidrag til den lokale debat? Send det til os p\u00e5 e-mail: debat@kunmedierne.dk\/mors. Husk at l\u00e6se korrektur inden afsendelse p\u00e5 indl\u00e6gget.<\/em><\/p>\n","protected":false},"excerpt":{"rendered":"<p>Fra Hans Ejner Bertelsen (V), borgmester i Mors\u00f8 Kommune, har vi modtaget: MORS: Folketingets partier forhandler i disse dage regeringens udspil til en ny politireform. Reformforslaget har overskriften \u201dTrygheden f\u00f8rst\u201d. Det er positivt, at regeringen vil udvide politistyrken, ogs\u00e5 vest for Storeb\u00e6lt. Men det er alts\u00e5 ikke helt ligegyldigt, hvordan denne udvidelse udm\u00f8nter sig. N\u00e6rhed [&hellip;]<\/p>\n","protected":false},"author":11,"featured_media":13995,"comment_status":"open","ping_status":"open","sticky":false,"template":"","format":"standard","meta":{"_acf_changed":false,"footnotes":""},"categories":[54,56],"tags":[167],"class_list":["post-30404","post","type-post","status-publish","format-standard","has-post-thumbnail","hentry","category-54","category-debat","tag-politik"],"acf":[],"yoast_head":"<!-- This site is optimized with the Yoast SEO plugin v26.8 - https:\/\/yoast.com\/product\/yoast-seo-wordpress\/ -->\n<title>Mere politi p\u00e5 gaden - ikke p\u00e5 kontoret - Mors<\/title>\n<meta name=\"robots\" content=\"index, follow, max-snippet:-1, max-image-preview:large, max-video-preview:-1\" \/>\n<link rel=\"canonical\" href=\"https:\/\/kunmedierne.dk\/mors\/mere-politi-paa-gaden-ikke-paa-kontoret\/\" \/>\n<meta property=\"og:locale\" content=\"da_DK\" \/>\n<meta property=\"og:type\" content=\"article\" \/>\n<meta property=\"og:title\" content=\"Mere politi p\u00e5 gaden - ikke p\u00e5 kontoret - Mors\" \/>\n<meta property=\"og:description\" content=\"Fra Hans Ejner Bertelsen (V), borgmester i Mors\u00f8 Kommune, har vi modtaget: MORS: Folketingets partier forhandler i disse dage regeringens udspil til en ny politireform. Reformforslaget har overskriften \u201dTrygheden f\u00f8rst\u201d. Det er positivt, at regeringen vil udvide politistyrken, ogs\u00e5 vest for Storeb\u00e6lt. Men det er alts\u00e5 ikke helt ligegyldigt, hvordan denne udvidelse udm\u00f8nter sig. N\u00e6rhed [&hellip;]\" \/>\n<meta property=\"og:url\" content=\"https:\/\/kunmedierne.dk\/mors\/mere-politi-paa-gaden-ikke-paa-kontoret\/\" \/>\n<meta property=\"og:site_name\" content=\"Mors\" \/>\n<meta property=\"article:published_time\" content=\"2020-08-27T12:42:16+00:00\" \/>\n<meta property=\"article:modified_time\" content=\"2024-08-12T11:44:14+00:00\" \/>\n<meta property=\"og:image\" content=\"https:\/\/kunmedierne.dk\/mors\/wp-content\/uploads\/2020\/03\/200101-hans-ejner-bertelsen-V.jpg\" \/>\n\t<meta property=\"og:image:width\" content=\"770\" \/>\n\t<meta property=\"og:image:height\" content=\"513\" \/>\n\t<meta property=\"og:image:type\" content=\"image\/jpeg\" \/>\n<meta name=\"author\" content=\"Debat\" \/>\n<meta name=\"twitter:card\" content=\"summary_large_image\" \/>\n<meta name=\"twitter:label1\" content=\"Skrevet af\" \/>\n\t<meta name=\"twitter:data1\" content=\"Debat\" \/>\n\t<meta name=\"twitter:label2\" content=\"Estimeret l\u00e6setid\" \/>\n\t<meta name=\"twitter:data2\" content=\"2 minutter\" \/>\n<script type=\"application\/ld+json\" class=\"yoast-schema-graph\">{\"@context\":\"https:\/\/schema.org\",\"@graph\":[{\"@type\":\"Article\",\"@id\":\"https:\/\/kunmedierne.dk\/mors\/mere-politi-paa-gaden-ikke-paa-kontoret\/#article\",\"isPartOf\":{\"@id\":\"https:\/\/kunmedierne.dk\/mors\/mere-politi-paa-gaden-ikke-paa-kontoret\/\"},\"author\":{\"name\":\"Debat\",\"@id\":\"https:\/\/kunmedierne.dk\/mors\/#\/schema\/person\/84c1391bce0b43b9bb3a49736bc0ad78\"},\"headline\":\"Mere politi p\u00e5 gaden &#8211; ikke p\u00e5 kontoret\",\"datePublished\":\"2020-08-27T12:42:16+00:00\",\"dateModified\":\"2024-08-12T11:44:14+00:00\",\"mainEntityOfPage\":{\"@id\":\"https:\/\/kunmedierne.dk\/mors\/mere-politi-paa-gaden-ikke-paa-kontoret\/\"},\"wordCount\":493,\"commentCount\":0,\"publisher\":{\"@id\":\"https:\/\/kunmedierne.dk\/mors\/#organization\"},\"image\":{\"@id\":\"https:\/\/kunmedierne.dk\/mors\/mere-politi-paa-gaden-ikke-paa-kontoret\/#primaryimage\"},\"thumbnailUrl\":\"https:\/\/kunmedierne.dk\/mors\/wp-content\/uploads\/2020\/03\/200101-hans-ejner-bertelsen-V.jpg\",\"keywords\":[\"Politik\"],\"articleSection\":[\"112\",\"Debat\"],\"inLanguage\":\"da-DK\",\"potentialAction\":[{\"@type\":\"CommentAction\",\"name\":\"Comment\",\"target\":[\"https:\/\/kunmedierne.dk\/mors\/mere-politi-paa-gaden-ikke-paa-kontoret\/#respond\"]}]},{\"@type\":\"WebPage\",\"@id\":\"https:\/\/kunmedierne.dk\/mors\/mere-politi-paa-gaden-ikke-paa-kontoret\/\",\"url\":\"https:\/\/kunmedierne.dk\/mors\/mere-politi-paa-gaden-ikke-paa-kontoret\/\",\"name\":\"Mere politi p\u00e5 gaden - ikke p\u00e5 kontoret - Mors\",\"isPartOf\":{\"@id\":\"https:\/\/kunmedierne.dk\/mors\/#website\"},\"primaryImageOfPage\":{\"@id\":\"https:\/\/kunmedierne.dk\/mors\/mere-politi-paa-gaden-ikke-paa-kontoret\/#primaryimage\"},\"image\":{\"@id\":\"https:\/\/kunmedierne.dk\/mors\/mere-politi-paa-gaden-ikke-paa-kontoret\/#primaryimage\"},\"thumbnailUrl\":\"https:\/\/kunmedierne.dk\/mors\/wp-content\/uploads\/2020\/03\/200101-hans-ejner-bertelsen-V.jpg\",\"datePublished\":\"2020-08-27T12:42:16+00:00\",\"dateModified\":\"2024-08-12T11:44:14+00:00\",\"breadcrumb\":{\"@id\":\"https:\/\/kunmedierne.dk\/mors\/mere-politi-paa-gaden-ikke-paa-kontoret\/#breadcrumb\"},\"inLanguage\":\"da-DK\",\"potentialAction\":[{\"@type\":\"ReadAction\",\"target\":[\"https:\/\/kunmedierne.dk\/mors\/mere-politi-paa-gaden-ikke-paa-kontoret\/\"]}]},{\"@type\":\"ImageObject\",\"inLanguage\":\"da-DK\",\"@id\":\"https:\/\/kunmedierne.dk\/mors\/mere-politi-paa-gaden-ikke-paa-kontoret\/#primaryimage\",\"url\":\"https:\/\/kunmedierne.dk\/mors\/wp-content\/uploads\/2020\/03\/200101-hans-ejner-bertelsen-V.jpg\",\"contentUrl\":\"https:\/\/kunmedierne.dk\/mors\/wp-content\/uploads\/2020\/03\/200101-hans-ejner-bertelsen-V.jpg\",\"width\":770,\"height\":513,\"caption\":\"Borgmester Hans Ejner Bertelsen (V). Foto: Per Bech\/Mors\u00f8 Kommune.\"},{\"@type\":\"BreadcrumbList\",\"@id\":\"https:\/\/kunmedierne.dk\/mors\/mere-politi-paa-gaden-ikke-paa-kontoret\/#breadcrumb\",\"itemListElement\":[{\"@type\":\"ListItem\",\"position\":1,\"name\":\"Hjem\",\"item\":\"https:\/\/kunmedierne.dk\/mors\/\"},{\"@type\":\"ListItem\",\"position\":2,\"name\":\"Mere politi p\u00e5 gaden &#8211; ikke p\u00e5 kontoret\"}]},{\"@type\":\"WebSite\",\"@id\":\"https:\/\/kunmedierne.dk\/mors\/#website\",\"url\":\"https:\/\/kunmedierne.dk\/mors\/\",\"name\":\"Mors\",\"description\":\"et netmedie med journalistik om livet p\u00e5 Mors\",\"publisher\":{\"@id\":\"https:\/\/kunmedierne.dk\/mors\/#organization\"},\"potentialAction\":[{\"@type\":\"SearchAction\",\"target\":{\"@type\":\"EntryPoint\",\"urlTemplate\":\"https:\/\/kunmedierne.dk\/mors\/?s={search_term_string}\"},\"query-input\":{\"@type\":\"PropertyValueSpecification\",\"valueRequired\":true,\"valueName\":\"search_term_string\"}}],\"inLanguage\":\"da-DK\"},{\"@type\":\"Organization\",\"@id\":\"https:\/\/kunmedierne.dk\/mors\/#organization\",\"name\":\"Mors\",\"url\":\"https:\/\/kunmedierne.dk\/mors\/\",\"logo\":{\"@type\":\"ImageObject\",\"inLanguage\":\"da-DK\",\"@id\":\"https:\/\/kunmedierne.dk\/mors\/#\/schema\/logo\/image\/\",\"url\":\"https:\/\/kunmedierne.dk\/mors\/wp-content\/uploads\/2024\/08\/kunmors-logo.svg\",\"contentUrl\":\"https:\/\/kunmedierne.dk\/mors\/wp-content\/uploads\/2024\/08\/kunmors-logo.svg\",\"caption\":\"Mors\"},\"image\":{\"@id\":\"https:\/\/kunmedierne.dk\/mors\/#\/schema\/logo\/image\/\"}},{\"@type\":\"Person\",\"@id\":\"https:\/\/kunmedierne.dk\/mors\/#\/schema\/person\/84c1391bce0b43b9bb3a49736bc0ad78\",\"name\":\"Debat\",\"image\":{\"@type\":\"ImageObject\",\"inLanguage\":\"da-DK\",\"@id\":\"https:\/\/kunmedierne.dk\/mors\/#\/schema\/person\/image\/\",\"url\":\"https:\/\/secure.gravatar.com\/avatar\/b0fb2e221d618f7c65162ab0d49c7e8a0b580c871ca03af90e42b47b4150654c?s=96&d=mm&r=g\",\"contentUrl\":\"https:\/\/secure.gravatar.com\/avatar\/b0fb2e221d618f7c65162ab0d49c7e8a0b580c871ca03af90e42b47b4150654c?s=96&d=mm&r=g\",\"caption\":\"Debat\"},\"url\":\"https:\/\/kunmedierne.dk\/mors\/author\/debat\/\"}]}<\/script>\n<!-- \/ Yoast SEO plugin. -->","yoast_head_json":{"title":"Mere politi p\u00e5 gaden - ikke p\u00e5 kontoret - Mors","robots":{"index":"index","follow":"follow","max-snippet":"max-snippet:-1","max-image-preview":"max-image-preview:large","max-video-preview":"max-video-preview:-1"},"canonical":"https:\/\/kunmedierne.dk\/mors\/mere-politi-paa-gaden-ikke-paa-kontoret\/","og_locale":"da_DK","og_type":"article","og_title":"Mere politi p\u00e5 gaden - ikke p\u00e5 kontoret - Mors","og_description":"Fra Hans Ejner Bertelsen (V), borgmester i Mors\u00f8 Kommune, har vi modtaget: MORS: Folketingets partier forhandler i disse dage regeringens udspil til en ny politireform. Reformforslaget har overskriften \u201dTrygheden f\u00f8rst\u201d. Det er positivt, at regeringen vil udvide politistyrken, ogs\u00e5 vest for Storeb\u00e6lt. Men det er alts\u00e5 ikke helt ligegyldigt, hvordan denne udvidelse udm\u00f8nter sig. N\u00e6rhed [&hellip;]","og_url":"https:\/\/kunmedierne.dk\/mors\/mere-politi-paa-gaden-ikke-paa-kontoret\/","og_site_name":"Mors","article_published_time":"2020-08-27T12:42:16+00:00","article_modified_time":"2024-08-12T11:44:14+00:00","og_image":[{"width":770,"height":513,"url":"https:\/\/kunmedierne.dk\/mors\/wp-content\/uploads\/2020\/03\/200101-hans-ejner-bertelsen-V.jpg","type":"image\/jpeg"}],"author":"Debat","twitter_card":"summary_large_image","twitter_misc":{"Skrevet af":"Debat","Estimeret l\u00e6setid":"2 minutter"},"schema":{"@context":"https:\/\/schema.org","@graph":[{"@type":"Article","@id":"https:\/\/kunmedierne.dk\/mors\/mere-politi-paa-gaden-ikke-paa-kontoret\/#article","isPartOf":{"@id":"https:\/\/kunmedierne.dk\/mors\/mere-politi-paa-gaden-ikke-paa-kontoret\/"},"author":{"name":"Debat","@id":"https:\/\/kunmedierne.dk\/mors\/#\/schema\/person\/84c1391bce0b43b9bb3a49736bc0ad78"},"headline":"Mere politi p\u00e5 gaden &#8211; ikke p\u00e5 kontoret","datePublished":"2020-08-27T12:42:16+00:00","dateModified":"2024-08-12T11:44:14+00:00","mainEntityOfPage":{"@id":"https:\/\/kunmedierne.dk\/mors\/mere-politi-paa-gaden-ikke-paa-kontoret\/"},"wordCount":493,"commentCount":0,"publisher":{"@id":"https:\/\/kunmedierne.dk\/mors\/#organization"},"image":{"@id":"https:\/\/kunmedierne.dk\/mors\/mere-politi-paa-gaden-ikke-paa-kontoret\/#primaryimage"},"thumbnailUrl":"https:\/\/kunmedierne.dk\/mors\/wp-content\/uploads\/2020\/03\/200101-hans-ejner-bertelsen-V.jpg","keywords":["Politik"],"articleSection":["112","Debat"],"inLanguage":"da-DK","potentialAction":[{"@type":"CommentAction","name":"Comment","target":["https:\/\/kunmedierne.dk\/mors\/mere-politi-paa-gaden-ikke-paa-kontoret\/#respond"]}]},{"@type":"WebPage","@id":"https:\/\/kunmedierne.dk\/mors\/mere-politi-paa-gaden-ikke-paa-kontoret\/","url":"https:\/\/kunmedierne.dk\/mors\/mere-politi-paa-gaden-ikke-paa-kontoret\/","name":"Mere politi p\u00e5 gaden - ikke p\u00e5 kontoret - Mors","isPartOf":{"@id":"https:\/\/kunmedierne.dk\/mors\/#website"},"primaryImageOfPage":{"@id":"https:\/\/kunmedierne.dk\/mors\/mere-politi-paa-gaden-ikke-paa-kontoret\/#primaryimage"},"image":{"@id":"https:\/\/kunmedierne.dk\/mors\/mere-politi-paa-gaden-ikke-paa-kontoret\/#primaryimage"},"thumbnailUrl":"https:\/\/kunmedierne.dk\/mors\/wp-content\/uploads\/2020\/03\/200101-hans-ejner-bertelsen-V.jpg","datePublished":"2020-08-27T12:42:16+00:00","dateModified":"2024-08-12T11:44:14+00:00","breadcrumb":{"@id":"https:\/\/kunmedierne.dk\/mors\/mere-politi-paa-gaden-ikke-paa-kontoret\/#breadcrumb"},"inLanguage":"da-DK","potentialAction":[{"@type":"ReadAction","target":["https:\/\/kunmedierne.dk\/mors\/mere-politi-paa-gaden-ikke-paa-kontoret\/"]}]},{"@type":"ImageObject","inLanguage":"da-DK","@id":"https:\/\/kunmedierne.dk\/mors\/mere-politi-paa-gaden-ikke-paa-kontoret\/#primaryimage","url":"https:\/\/kunmedierne.dk\/mors\/wp-content\/uploads\/2020\/03\/200101-hans-ejner-bertelsen-V.jpg","contentUrl":"https:\/\/kunmedierne.dk\/mors\/wp-content\/uploads\/2020\/03\/200101-hans-ejner-bertelsen-V.jpg","width":770,"height":513,"caption":"Borgmester Hans Ejner Bertelsen (V). Foto: Per Bech\/Mors\u00f8 Kommune."},{"@type":"BreadcrumbList","@id":"https:\/\/kunmedierne.dk\/mors\/mere-politi-paa-gaden-ikke-paa-kontoret\/#breadcrumb","itemListElement":[{"@type":"ListItem","position":1,"name":"Hjem","item":"https:\/\/kunmedierne.dk\/mors\/"},{"@type":"ListItem","position":2,"name":"Mere politi p\u00e5 gaden &#8211; ikke p\u00e5 kontoret"}]},{"@type":"WebSite","@id":"https:\/\/kunmedierne.dk\/mors\/#website","url":"https:\/\/kunmedierne.dk\/mors\/","name":"Mors","description":"et netmedie med journalistik om livet p\u00e5 Mors","publisher":{"@id":"https:\/\/kunmedierne.dk\/mors\/#organization"},"potentialAction":[{"@type":"SearchAction","target":{"@type":"EntryPoint","urlTemplate":"https:\/\/kunmedierne.dk\/mors\/?s={search_term_string}"},"query-input":{"@type":"PropertyValueSpecification","valueRequired":true,"valueName":"search_term_string"}}],"inLanguage":"da-DK"},{"@type":"Organization","@id":"https:\/\/kunmedierne.dk\/mors\/#organization","name":"Mors","url":"https:\/\/kunmedierne.dk\/mors\/","logo":{"@type":"ImageObject","inLanguage":"da-DK","@id":"https:\/\/kunmedierne.dk\/mors\/#\/schema\/logo\/image\/","url":"https:\/\/kunmedierne.dk\/mors\/wp-content\/uploads\/2024\/08\/kunmors-logo.svg","contentUrl":"https:\/\/kunmedierne.dk\/mors\/wp-content\/uploads\/2024\/08\/kunmors-logo.svg","caption":"Mors"},"image":{"@id":"https:\/\/kunmedierne.dk\/mors\/#\/schema\/logo\/image\/"}},{"@type":"Person","@id":"https:\/\/kunmedierne.dk\/mors\/#\/schema\/person\/84c1391bce0b43b9bb3a49736bc0ad78","name":"Debat","image":{"@type":"ImageObject","inLanguage":"da-DK","@id":"https:\/\/kunmedierne.dk\/mors\/#\/schema\/person\/image\/","url":"https:\/\/secure.gravatar.com\/avatar\/b0fb2e221d618f7c65162ab0d49c7e8a0b580c871ca03af90e42b47b4150654c?s=96&d=mm&r=g","contentUrl":"https:\/\/secure.gravatar.com\/avatar\/b0fb2e221d618f7c65162ab0d49c7e8a0b580c871ca03af90e42b47b4150654c?s=96&d=mm&r=g","caption":"Debat"},"url":"https:\/\/kunmedierne.dk\/mors\/author\/debat\/"}]}},"_links":{"self":[{"href":"https:\/\/kunmedierne.dk\/mors\/wp-json\/wp\/v2\/posts\/30404","targetHints":{"allow":["GET"]}}],"collection":[{"href":"https:\/\/kunmedierne.dk\/mors\/wp-json\/wp\/v2\/posts"}],"about":[{"href":"https:\/\/kunmedierne.dk\/mors\/wp-json\/wp\/v2\/types\/post"}],"author":[{"embeddable":true,"href":"https:\/\/kunmedierne.dk\/mors\/wp-json\/wp\/v2\/users\/11"}],"replies":[{"embeddable":true,"href":"https:\/\/kunmedierne.dk\/mors\/wp-json\/wp\/v2\/comments?post=30404"}],"version-history":[{"count":4,"href":"https:\/\/kunmedierne.dk\/mors\/wp-json\/wp\/v2\/posts\/30404\/revisions"}],"predecessor-version":[{"id":33000,"href":"https:\/\/kunmedierne.dk\/mors\/wp-json\/wp\/v2\/posts\/30404\/revisions\/33000"}],"wp:featuredmedia":[{"embeddable":true,"href":"https:\/\/kunmedierne.dk\/mors\/wp-json\/wp\/v2\/media\/13995"}],"wp:attachment":[{"href":"https:\/\/kunmedierne.dk\/mors\/wp-json\/wp\/v2\/media?parent=30404"}],"wp:term":[{"taxonomy":"category","embeddable":true,"href":"https:\/\/kunmedierne.dk\/mors\/wp-json\/wp\/v2\/categories?post=30404"},{"taxonomy":"post_tag","embeddable":true,"href":"https:\/\/kunmedierne.dk\/mors\/wp-json\/wp\/v2\/tags?post=30404"}],"curies":[{"name":"wp","href":"https:\/\/api.w.org\/{rel}","templated":true}]}}