{"id":30287,"date":"2020-08-25T12:57:34","date_gmt":"2020-08-25T10:57:34","guid":{"rendered":"https:\/\/kunmedierne.dk\/mors\/?p=30287"},"modified":"2024-08-12T13:44:15","modified_gmt":"2024-08-12T11:44:15","slug":"borgmester-kulturen-lader-sig-ikke-begraense","status":"publish","type":"post","link":"https:\/\/kunmedierne.dk\/mors\/borgmester-kulturen-lader-sig-ikke-begraense\/","title":{"rendered":"Borgmester: &#8211; Kulturen lader sig ikke begr\u00e6nse"},"content":{"rendered":"<p><strong>MORS<\/strong>: Den ottende udgave af Kulturm\u00f8det Mors blev markant anderledes end sine forg\u00e6ngere. Men stoltheden over v\u00e6rtskabet p\u00e5 Mors er den samme hos borgmester Hans Ejner Bertelsen (V).<\/p>\n<p>&#8220;Det har v\u00e6ret et sp\u00e6ndende Kulturm\u00f8de, som jeg er stolt over er lykkedes s\u00e5 flot. Jeg har naturligvis savnet fysisk at kunne v\u00e6re v\u00e6rt for de mange bes\u00f8gende p\u00e5 Mors. Til geng\u00e6ld har \u00e5rets digitale udgave vist os, at kulturen ikke lader sig begr\u00e6nse. Vi har f\u00e5et nye muligheder, vi har gen\u00e5bnet kultursamtalen, og vi er kommet i dialog med nye stemmer. Alt sammen erfaringer, som vi tager med videre, n\u00e5r vi igen f\u00e5r mulighed for at m\u00f8des p\u00e5 Mors,&#8221; siger Hans Ejner Bertelsen.<\/p>\n<p>Ogs\u00e5 regionr\u00e5dsformand Ulla Astman (S) er tilfreds med produktet. Hun gl\u00e6der sig over, at Kulturm\u00f8det blev afviklet p\u00e5 trods af coronakrisen.<\/p>\n<p>&#8220;Oven p\u00e5 et for\u00e5r fyldt med aflysninger, kriseh\u00e5ndtering og ting, der skulle udskydes, er jeg virkelig glad for, at det er lykkedes at afholde Kulturm\u00f8det digitalt. Jeg er imponeret over, at det igen er lykkedes at samle s\u00e5 mange mennesker omkring kulturen \u2013 b\u00e5de online i debatterne og i mindre forsamlinger ved streaming-arrangementer i hele landet. Det vidner om, hvor meget vi har brug for kunsten og kulturen \u2013 b\u00e5de som mennesker og som samfund,&#8221; siger hun.<\/p>\n<p>&#8220;Kulturm\u00f8det har i \u00e5r bevist, at samtalen og kunsten stadig kan inspirere og v\u00e6re n\u00e6rv\u00e6rende, selv om den opleves gennem en sk\u00e6rm,&#8221; siger Ulla Astman.<\/p>\n<blockquote>\n<h2>FAKTA<\/h2>\n<h4>Kulturm\u00f8det arrangeres af S\/I Kulturm\u00f8det i samarbejde med Mors\u00f8 Kommune og Region Nordjylland og st\u00f8ttes af Kulturministeriet og en r\u00e6kke fonde og sponsorer.<br \/>\nKulturm\u00f8det er gratis for alle.<br \/>\nKulturm\u00f8det afholdes i 2020 for ottende gang.<br \/>\nI 2019 deltog 30.000 i Kulturm\u00f8det p\u00e5 Mors.<br \/>\nI 2020 s\u00e5 15.000 med til det digitale Kulturm\u00f8det.<br \/>\n24 kulturinstitutioner i hele landet livestreamede programmet p\u00e5 storsk\u00e6rm.<br \/>\nKulturm\u00f8dets indhold kan stadig findes p\u00e5 hjemmesiden <a href=\"https:\/\/www.kulturmoedet.dk\/\" target=\"_blank\" rel=\"noopener noreferrer\">her<\/a>.<\/h4>\n<\/blockquote>\n","protected":false},"excerpt":{"rendered":"<p>MORS: Den ottende udgave af Kulturm\u00f8det Mors blev markant anderledes end sine forg\u00e6ngere. Men stoltheden over v\u00e6rtskabet p\u00e5 Mors er den samme hos borgmester Hans Ejner Bertelsen (V). &#8220;Det har v\u00e6ret et sp\u00e6ndende Kulturm\u00f8de, som jeg er stolt over er lykkedes s\u00e5 flot. Jeg har naturligvis savnet fysisk at kunne v\u00e6re v\u00e6rt for de mange [&hellip;]<\/p>\n","protected":false},"author":8,"featured_media":30288,"comment_status":"open","ping_status":"open","sticky":false,"template":"","format":"standard","meta":{"_acf_changed":false,"footnotes":""},"categories":[49],"tags":[162],"class_list":["post-30287","post","type-post","status-publish","format-standard","has-post-thumbnail","hentry","category-kultur","tag-kulturmoedet"],"acf":[],"yoast_head":"<!-- This site is optimized with the Yoast SEO plugin v26.8 - https:\/\/yoast.com\/product\/yoast-seo-wordpress\/ -->\n<title>Borgmester: - Kulturen lader sig ikke begr\u00e6nse - Mors<\/title>\n<meta name=\"robots\" content=\"index, follow, max-snippet:-1, max-image-preview:large, max-video-preview:-1\" \/>\n<link rel=\"canonical\" href=\"https:\/\/kunmedierne.dk\/mors\/borgmester-kulturen-lader-sig-ikke-begraense\/\" \/>\n<meta property=\"og:locale\" content=\"da_DK\" \/>\n<meta property=\"og:type\" content=\"article\" \/>\n<meta property=\"og:title\" content=\"Borgmester: - Kulturen lader sig ikke begr\u00e6nse - Mors\" \/>\n<meta property=\"og:description\" content=\"MORS: Den ottende udgave af Kulturm\u00f8det Mors blev markant anderledes end sine forg\u00e6ngere. Men stoltheden over v\u00e6rtskabet p\u00e5 Mors er den samme hos borgmester Hans Ejner Bertelsen (V). &#8220;Det har v\u00e6ret et sp\u00e6ndende Kulturm\u00f8de, som jeg er stolt over er lykkedes s\u00e5 flot. Jeg har naturligvis savnet fysisk at kunne v\u00e6re v\u00e6rt for de mange [&hellip;]\" \/>\n<meta property=\"og:url\" content=\"https:\/\/kunmedierne.dk\/mors\/borgmester-kulturen-lader-sig-ikke-begraense\/\" \/>\n<meta property=\"og:site_name\" content=\"Mors\" \/>\n<meta property=\"article:published_time\" content=\"2020-08-25T10:57:34+00:00\" \/>\n<meta property=\"article:modified_time\" content=\"2024-08-12T11:44:15+00:00\" \/>\n<meta property=\"og:image\" content=\"https:\/\/kunmedierne.dk\/mors\/wp-content\/uploads\/2020\/08\/kulturm\u00f8de.jpg\" \/>\n\t<meta property=\"og:image:width\" content=\"770\" \/>\n\t<meta property=\"og:image:height\" content=\"514\" \/>\n\t<meta property=\"og:image:type\" content=\"image\/jpeg\" \/>\n<meta name=\"author\" content=\"David H\u00f8jmark\" \/>\n<meta name=\"twitter:card\" content=\"summary_large_image\" \/>\n<meta name=\"twitter:label1\" content=\"Skrevet af\" \/>\n\t<meta name=\"twitter:data1\" content=\"David H\u00f8jmark\" \/>\n\t<meta name=\"twitter:label2\" content=\"Estimeret l\u00e6setid\" \/>\n\t<meta name=\"twitter:data2\" content=\"2 minutter\" \/>\n<script type=\"application\/ld+json\" class=\"yoast-schema-graph\">{\"@context\":\"https:\/\/schema.org\",\"@graph\":[{\"@type\":\"Article\",\"@id\":\"https:\/\/kunmedierne.dk\/mors\/borgmester-kulturen-lader-sig-ikke-begraense\/#article\",\"isPartOf\":{\"@id\":\"https:\/\/kunmedierne.dk\/mors\/borgmester-kulturen-lader-sig-ikke-begraense\/\"},\"author\":{\"name\":\"David H\u00f8jmark\",\"@id\":\"https:\/\/kunmedierne.dk\/mors\/#\/schema\/person\/5fe23251bf1d0abbcdc6f7896579d548\"},\"headline\":\"Borgmester: &#8211; Kulturen lader sig ikke begr\u00e6nse\",\"datePublished\":\"2020-08-25T10:57:34+00:00\",\"dateModified\":\"2024-08-12T11:44:15+00:00\",\"mainEntityOfPage\":{\"@id\":\"https:\/\/kunmedierne.dk\/mors\/borgmester-kulturen-lader-sig-ikke-begraense\/\"},\"wordCount\":345,\"commentCount\":0,\"publisher\":{\"@id\":\"https:\/\/kunmedierne.dk\/mors\/#organization\"},\"image\":{\"@id\":\"https:\/\/kunmedierne.dk\/mors\/borgmester-kulturen-lader-sig-ikke-begraense\/#primaryimage\"},\"thumbnailUrl\":\"https:\/\/kunmedierne.dk\/mors\/wp-content\/uploads\/2020\/08\/kulturm\u00f8de.jpg\",\"keywords\":[\"Kulturm\u00f8det\"],\"articleSection\":[\"Kultur\"],\"inLanguage\":\"da-DK\",\"potentialAction\":[{\"@type\":\"CommentAction\",\"name\":\"Comment\",\"target\":[\"https:\/\/kunmedierne.dk\/mors\/borgmester-kulturen-lader-sig-ikke-begraense\/#respond\"]}]},{\"@type\":\"WebPage\",\"@id\":\"https:\/\/kunmedierne.dk\/mors\/borgmester-kulturen-lader-sig-ikke-begraense\/\",\"url\":\"https:\/\/kunmedierne.dk\/mors\/borgmester-kulturen-lader-sig-ikke-begraense\/\",\"name\":\"Borgmester: - Kulturen lader sig ikke begr\u00e6nse - Mors\",\"isPartOf\":{\"@id\":\"https:\/\/kunmedierne.dk\/mors\/#website\"},\"primaryImageOfPage\":{\"@id\":\"https:\/\/kunmedierne.dk\/mors\/borgmester-kulturen-lader-sig-ikke-begraense\/#primaryimage\"},\"image\":{\"@id\":\"https:\/\/kunmedierne.dk\/mors\/borgmester-kulturen-lader-sig-ikke-begraense\/#primaryimage\"},\"thumbnailUrl\":\"https:\/\/kunmedierne.dk\/mors\/wp-content\/uploads\/2020\/08\/kulturm\u00f8de.jpg\",\"datePublished\":\"2020-08-25T10:57:34+00:00\",\"dateModified\":\"2024-08-12T11:44:15+00:00\",\"breadcrumb\":{\"@id\":\"https:\/\/kunmedierne.dk\/mors\/borgmester-kulturen-lader-sig-ikke-begraense\/#breadcrumb\"},\"inLanguage\":\"da-DK\",\"potentialAction\":[{\"@type\":\"ReadAction\",\"target\":[\"https:\/\/kunmedierne.dk\/mors\/borgmester-kulturen-lader-sig-ikke-begraense\/\"]}]},{\"@type\":\"ImageObject\",\"inLanguage\":\"da-DK\",\"@id\":\"https:\/\/kunmedierne.dk\/mors\/borgmester-kulturen-lader-sig-ikke-begraense\/#primaryimage\",\"url\":\"https:\/\/kunmedierne.dk\/mors\/wp-content\/uploads\/2020\/08\/kulturm\u00f8de.jpg\",\"contentUrl\":\"https:\/\/kunmedierne.dk\/mors\/wp-content\/uploads\/2020\/08\/kulturm\u00f8de.jpg\",\"width\":770,\"height\":514,\"caption\":\"Selv om Kulturm\u00f8det, som her i 2019, ikke blev en folkefest, er der politisk tilfredshed med produktet. Foto: Per Bille\"},{\"@type\":\"BreadcrumbList\",\"@id\":\"https:\/\/kunmedierne.dk\/mors\/borgmester-kulturen-lader-sig-ikke-begraense\/#breadcrumb\",\"itemListElement\":[{\"@type\":\"ListItem\",\"position\":1,\"name\":\"Hjem\",\"item\":\"https:\/\/kunmedierne.dk\/mors\/\"},{\"@type\":\"ListItem\",\"position\":2,\"name\":\"Borgmester: &#8211; Kulturen lader sig ikke begr\u00e6nse\"}]},{\"@type\":\"WebSite\",\"@id\":\"https:\/\/kunmedierne.dk\/mors\/#website\",\"url\":\"https:\/\/kunmedierne.dk\/mors\/\",\"name\":\"Mors\",\"description\":\"et netmedie med journalistik om livet p\u00e5 Mors\",\"publisher\":{\"@id\":\"https:\/\/kunmedierne.dk\/mors\/#organization\"},\"potentialAction\":[{\"@type\":\"SearchAction\",\"target\":{\"@type\":\"EntryPoint\",\"urlTemplate\":\"https:\/\/kunmedierne.dk\/mors\/?s={search_term_string}\"},\"query-input\":{\"@type\":\"PropertyValueSpecification\",\"valueRequired\":true,\"valueName\":\"search_term_string\"}}],\"inLanguage\":\"da-DK\"},{\"@type\":\"Organization\",\"@id\":\"https:\/\/kunmedierne.dk\/mors\/#organization\",\"name\":\"Mors\",\"url\":\"https:\/\/kunmedierne.dk\/mors\/\",\"logo\":{\"@type\":\"ImageObject\",\"inLanguage\":\"da-DK\",\"@id\":\"https:\/\/kunmedierne.dk\/mors\/#\/schema\/logo\/image\/\",\"url\":\"https:\/\/kunmedierne.dk\/mors\/wp-content\/uploads\/2024\/08\/kunmors-logo.svg\",\"contentUrl\":\"https:\/\/kunmedierne.dk\/mors\/wp-content\/uploads\/2024\/08\/kunmors-logo.svg\",\"caption\":\"Mors\"},\"image\":{\"@id\":\"https:\/\/kunmedierne.dk\/mors\/#\/schema\/logo\/image\/\"}},{\"@type\":\"Person\",\"@id\":\"https:\/\/kunmedierne.dk\/mors\/#\/schema\/person\/5fe23251bf1d0abbcdc6f7896579d548\",\"name\":\"David H\u00f8jmark\",\"image\":{\"@type\":\"ImageObject\",\"inLanguage\":\"da-DK\",\"@id\":\"https:\/\/kunmedierne.dk\/mors\/#\/schema\/person\/image\/\",\"url\":\"https:\/\/secure.gravatar.com\/avatar\/4315d6fb9ef244d729989f5f90268eb08d5bf8a3d84402f595fa194bb35784fd?s=96&d=mm&r=g\",\"contentUrl\":\"https:\/\/secure.gravatar.com\/avatar\/4315d6fb9ef244d729989f5f90268eb08d5bf8a3d84402f595fa194bb35784fd?s=96&d=mm&r=g\",\"caption\":\"David H\u00f8jmark\"},\"sameAs\":[\"https:\/\/www.kunmedierne.dk\"],\"url\":\"https:\/\/kunmedierne.dk\/mors\/author\/david\/\"}]}<\/script>\n<!-- \/ Yoast SEO plugin. -->","yoast_head_json":{"title":"Borgmester: - Kulturen lader sig ikke begr\u00e6nse - Mors","robots":{"index":"index","follow":"follow","max-snippet":"max-snippet:-1","max-image-preview":"max-image-preview:large","max-video-preview":"max-video-preview:-1"},"canonical":"https:\/\/kunmedierne.dk\/mors\/borgmester-kulturen-lader-sig-ikke-begraense\/","og_locale":"da_DK","og_type":"article","og_title":"Borgmester: - Kulturen lader sig ikke begr\u00e6nse - Mors","og_description":"MORS: Den ottende udgave af Kulturm\u00f8det Mors blev markant anderledes end sine forg\u00e6ngere. Men stoltheden over v\u00e6rtskabet p\u00e5 Mors er den samme hos borgmester Hans Ejner Bertelsen (V). &#8220;Det har v\u00e6ret et sp\u00e6ndende Kulturm\u00f8de, som jeg er stolt over er lykkedes s\u00e5 flot. Jeg har naturligvis savnet fysisk at kunne v\u00e6re v\u00e6rt for de mange [&hellip;]","og_url":"https:\/\/kunmedierne.dk\/mors\/borgmester-kulturen-lader-sig-ikke-begraense\/","og_site_name":"Mors","article_published_time":"2020-08-25T10:57:34+00:00","article_modified_time":"2024-08-12T11:44:15+00:00","og_image":[{"width":770,"height":514,"url":"https:\/\/kunmedierne.dk\/mors\/wp-content\/uploads\/2020\/08\/kulturm\u00f8de.jpg","type":"image\/jpeg"}],"author":"David H\u00f8jmark","twitter_card":"summary_large_image","twitter_misc":{"Skrevet af":"David H\u00f8jmark","Estimeret l\u00e6setid":"2 minutter"},"schema":{"@context":"https:\/\/schema.org","@graph":[{"@type":"Article","@id":"https:\/\/kunmedierne.dk\/mors\/borgmester-kulturen-lader-sig-ikke-begraense\/#article","isPartOf":{"@id":"https:\/\/kunmedierne.dk\/mors\/borgmester-kulturen-lader-sig-ikke-begraense\/"},"author":{"name":"David H\u00f8jmark","@id":"https:\/\/kunmedierne.dk\/mors\/#\/schema\/person\/5fe23251bf1d0abbcdc6f7896579d548"},"headline":"Borgmester: &#8211; Kulturen lader sig ikke begr\u00e6nse","datePublished":"2020-08-25T10:57:34+00:00","dateModified":"2024-08-12T11:44:15+00:00","mainEntityOfPage":{"@id":"https:\/\/kunmedierne.dk\/mors\/borgmester-kulturen-lader-sig-ikke-begraense\/"},"wordCount":345,"commentCount":0,"publisher":{"@id":"https:\/\/kunmedierne.dk\/mors\/#organization"},"image":{"@id":"https:\/\/kunmedierne.dk\/mors\/borgmester-kulturen-lader-sig-ikke-begraense\/#primaryimage"},"thumbnailUrl":"https:\/\/kunmedierne.dk\/mors\/wp-content\/uploads\/2020\/08\/kulturm\u00f8de.jpg","keywords":["Kulturm\u00f8det"],"articleSection":["Kultur"],"inLanguage":"da-DK","potentialAction":[{"@type":"CommentAction","name":"Comment","target":["https:\/\/kunmedierne.dk\/mors\/borgmester-kulturen-lader-sig-ikke-begraense\/#respond"]}]},{"@type":"WebPage","@id":"https:\/\/kunmedierne.dk\/mors\/borgmester-kulturen-lader-sig-ikke-begraense\/","url":"https:\/\/kunmedierne.dk\/mors\/borgmester-kulturen-lader-sig-ikke-begraense\/","name":"Borgmester: - Kulturen lader sig ikke begr\u00e6nse - Mors","isPartOf":{"@id":"https:\/\/kunmedierne.dk\/mors\/#website"},"primaryImageOfPage":{"@id":"https:\/\/kunmedierne.dk\/mors\/borgmester-kulturen-lader-sig-ikke-begraense\/#primaryimage"},"image":{"@id":"https:\/\/kunmedierne.dk\/mors\/borgmester-kulturen-lader-sig-ikke-begraense\/#primaryimage"},"thumbnailUrl":"https:\/\/kunmedierne.dk\/mors\/wp-content\/uploads\/2020\/08\/kulturm\u00f8de.jpg","datePublished":"2020-08-25T10:57:34+00:00","dateModified":"2024-08-12T11:44:15+00:00","breadcrumb":{"@id":"https:\/\/kunmedierne.dk\/mors\/borgmester-kulturen-lader-sig-ikke-begraense\/#breadcrumb"},"inLanguage":"da-DK","potentialAction":[{"@type":"ReadAction","target":["https:\/\/kunmedierne.dk\/mors\/borgmester-kulturen-lader-sig-ikke-begraense\/"]}]},{"@type":"ImageObject","inLanguage":"da-DK","@id":"https:\/\/kunmedierne.dk\/mors\/borgmester-kulturen-lader-sig-ikke-begraense\/#primaryimage","url":"https:\/\/kunmedierne.dk\/mors\/wp-content\/uploads\/2020\/08\/kulturm\u00f8de.jpg","contentUrl":"https:\/\/kunmedierne.dk\/mors\/wp-content\/uploads\/2020\/08\/kulturm\u00f8de.jpg","width":770,"height":514,"caption":"Selv om Kulturm\u00f8det, som her i 2019, ikke blev en folkefest, er der politisk tilfredshed med produktet. Foto: Per Bille"},{"@type":"BreadcrumbList","@id":"https:\/\/kunmedierne.dk\/mors\/borgmester-kulturen-lader-sig-ikke-begraense\/#breadcrumb","itemListElement":[{"@type":"ListItem","position":1,"name":"Hjem","item":"https:\/\/kunmedierne.dk\/mors\/"},{"@type":"ListItem","position":2,"name":"Borgmester: &#8211; Kulturen lader sig ikke begr\u00e6nse"}]},{"@type":"WebSite","@id":"https:\/\/kunmedierne.dk\/mors\/#website","url":"https:\/\/kunmedierne.dk\/mors\/","name":"Mors","description":"et netmedie med journalistik om livet p\u00e5 Mors","publisher":{"@id":"https:\/\/kunmedierne.dk\/mors\/#organization"},"potentialAction":[{"@type":"SearchAction","target":{"@type":"EntryPoint","urlTemplate":"https:\/\/kunmedierne.dk\/mors\/?s={search_term_string}"},"query-input":{"@type":"PropertyValueSpecification","valueRequired":true,"valueName":"search_term_string"}}],"inLanguage":"da-DK"},{"@type":"Organization","@id":"https:\/\/kunmedierne.dk\/mors\/#organization","name":"Mors","url":"https:\/\/kunmedierne.dk\/mors\/","logo":{"@type":"ImageObject","inLanguage":"da-DK","@id":"https:\/\/kunmedierne.dk\/mors\/#\/schema\/logo\/image\/","url":"https:\/\/kunmedierne.dk\/mors\/wp-content\/uploads\/2024\/08\/kunmors-logo.svg","contentUrl":"https:\/\/kunmedierne.dk\/mors\/wp-content\/uploads\/2024\/08\/kunmors-logo.svg","caption":"Mors"},"image":{"@id":"https:\/\/kunmedierne.dk\/mors\/#\/schema\/logo\/image\/"}},{"@type":"Person","@id":"https:\/\/kunmedierne.dk\/mors\/#\/schema\/person\/5fe23251bf1d0abbcdc6f7896579d548","name":"David H\u00f8jmark","image":{"@type":"ImageObject","inLanguage":"da-DK","@id":"https:\/\/kunmedierne.dk\/mors\/#\/schema\/person\/image\/","url":"https:\/\/secure.gravatar.com\/avatar\/4315d6fb9ef244d729989f5f90268eb08d5bf8a3d84402f595fa194bb35784fd?s=96&d=mm&r=g","contentUrl":"https:\/\/secure.gravatar.com\/avatar\/4315d6fb9ef244d729989f5f90268eb08d5bf8a3d84402f595fa194bb35784fd?s=96&d=mm&r=g","caption":"David H\u00f8jmark"},"sameAs":["https:\/\/www.kunmedierne.dk"],"url":"https:\/\/kunmedierne.dk\/mors\/author\/david\/"}]}},"_links":{"self":[{"href":"https:\/\/kunmedierne.dk\/mors\/wp-json\/wp\/v2\/posts\/30287","targetHints":{"allow":["GET"]}}],"collection":[{"href":"https:\/\/kunmedierne.dk\/mors\/wp-json\/wp\/v2\/posts"}],"about":[{"href":"https:\/\/kunmedierne.dk\/mors\/wp-json\/wp\/v2\/types\/post"}],"author":[{"embeddable":true,"href":"https:\/\/kunmedierne.dk\/mors\/wp-json\/wp\/v2\/users\/8"}],"replies":[{"embeddable":true,"href":"https:\/\/kunmedierne.dk\/mors\/wp-json\/wp\/v2\/comments?post=30287"}],"version-history":[{"count":1,"href":"https:\/\/kunmedierne.dk\/mors\/wp-json\/wp\/v2\/posts\/30287\/revisions"}],"predecessor-version":[{"id":30289,"href":"https:\/\/kunmedierne.dk\/mors\/wp-json\/wp\/v2\/posts\/30287\/revisions\/30289"}],"wp:featuredmedia":[{"embeddable":true,"href":"https:\/\/kunmedierne.dk\/mors\/wp-json\/wp\/v2\/media\/30288"}],"wp:attachment":[{"href":"https:\/\/kunmedierne.dk\/mors\/wp-json\/wp\/v2\/media?parent=30287"}],"wp:term":[{"taxonomy":"category","embeddable":true,"href":"https:\/\/kunmedierne.dk\/mors\/wp-json\/wp\/v2\/categories?post=30287"},{"taxonomy":"post_tag","embeddable":true,"href":"https:\/\/kunmedierne.dk\/mors\/wp-json\/wp\/v2\/tags?post=30287"}],"curies":[{"name":"wp","href":"https:\/\/api.w.org\/{rel}","templated":true}]}}