{"id":29929,"date":"2020-08-19T16:50:53","date_gmt":"2020-08-19T14:50:53","guid":{"rendered":"https:\/\/kunmedierne.dk\/mors\/?p=29929"},"modified":"2024-08-12T13:44:16","modified_gmt":"2024-08-12T11:44:16","slug":"erhvervsminister-foer-kulturmoedet-vi-har-fokus-paa-de-kreative-erhverv","status":"publish","type":"post","link":"https:\/\/kunmedierne.dk\/mors\/erhvervsminister-foer-kulturmoedet-vi-har-fokus-paa-de-kreative-erhverv\/","title":{"rendered":"Erhvervsminister f\u00f8r Kulturm\u00f8det: &#8211; Vi har fokus p\u00e5 de kreative erhverv"},"content":{"rendered":"<p><strong>MORS<\/strong>: Kulturm\u00f8det er lige om hj\u00f8rnet, og det samme et programpunkt med omr\u00e5dets lokale minister som hovedperson.<\/p>\n<p>Simon Kollerup (S), erhvervsminister opstillet i Thistedkredsen, deltager torsdag i en samtale om coronakrisen og kreativ v\u00e6kst. Det bliver med Ronni Hansen, direkt\u00f8r for sport, kultur og underholdning i kommunikationsbureauet Geelmuyden Kiese, og i opl\u00e6gget til samtalen bliver der sat fokus p\u00e5, om kulturen og de kreative partnerskaber m\u00e5 vente p\u00e5 bedre tider, eller om der er plads til kreativ v\u00e6kst i en krisetid.<\/p>\n<p class=\"v1MsoNormal\">&#8220;Det er klart, at coronakrisen har p\u00e5virket alle dele af vores samfund. Og vi er kommet rigtig langt med at hj\u00e6lpe b\u00e5de erhvervs- og kulturlivet godt igennem krisen og f\u00e5 sikret en solid genstart i takt med, at der gradvist bliver \u00e5bnet op i samfundet,&#8221; siger Simon Kollerup.<\/p>\n<p>&#8220;Og i den genstart har vi i Erhvervsministeriet ogs\u00e5 fokus p\u00e5 de sektorer, som rummer mange kreative erhverv, der ogs\u00e5 p\u00e5virker kulturlivet, som blandt andet oplevelses\u00f8konomi og mode. Men kulturlivet generelt er h\u00f8jt p\u00e5 dagsordenen i de her dage, hvor vi forhandler med Folketingets partier om den n\u00e6ste fase af gen\u00e5bningen,&#8221; tilf\u00f8jer han.<\/p>\n<p>Simon Kollerup, der som bekendt er thybo, gl\u00e6der sig til at deltage i den store begivenhed &#8211; ogs\u00e5 selv om den i \u00e5r er digital.<\/p>\n<p class=\"v1MsoListParagraph\">&#8220;Det er en forn\u00f8jelse at deltage i Kulturm\u00f8det Mors, som jo er en kulturel begivenhed, der ikke bare er lokal, men ogs\u00e5 national. Der er mange sp\u00e6ndende navne p\u00e5 plakaten og gode emner, som tages op. Det er en begivenhed, som vi godt kan v\u00e6re stolte af heroppe,&#8221; siger han.<\/p>\n","protected":false},"excerpt":{"rendered":"<p>MORS: Kulturm\u00f8det er lige om hj\u00f8rnet, og det samme et programpunkt med omr\u00e5dets lokale minister som hovedperson. Simon Kollerup (S), erhvervsminister opstillet i Thistedkredsen, deltager torsdag i en samtale om coronakrisen og kreativ v\u00e6kst. Det bliver med Ronni Hansen, direkt\u00f8r for sport, kultur og underholdning i kommunikationsbureauet Geelmuyden Kiese, og i opl\u00e6gget til samtalen bliver [&hellip;]<\/p>\n","protected":false},"author":8,"featured_media":29932,"comment_status":"open","ping_status":"open","sticky":false,"template":"","format":"standard","meta":{"_acf_changed":false,"footnotes":""},"categories":[49],"tags":[162],"class_list":["post-29929","post","type-post","status-publish","format-standard","has-post-thumbnail","hentry","category-kultur","tag-kulturmoedet"],"acf":[],"yoast_head":"<!-- This site is optimized with the Yoast SEO plugin v26.8 - https:\/\/yoast.com\/product\/yoast-seo-wordpress\/ -->\n<title>Erhvervsminister f\u00f8r Kulturm\u00f8det: - Vi har fokus p\u00e5 de kreative erhverv - Mors<\/title>\n<meta name=\"robots\" content=\"index, follow, max-snippet:-1, max-image-preview:large, max-video-preview:-1\" \/>\n<link rel=\"canonical\" href=\"https:\/\/kunmedierne.dk\/mors\/erhvervsminister-foer-kulturmoedet-vi-har-fokus-paa-de-kreative-erhverv\/\" \/>\n<meta property=\"og:locale\" content=\"da_DK\" \/>\n<meta property=\"og:type\" content=\"article\" \/>\n<meta property=\"og:title\" content=\"Erhvervsminister f\u00f8r Kulturm\u00f8det: - Vi har fokus p\u00e5 de kreative erhverv - Mors\" \/>\n<meta property=\"og:description\" content=\"MORS: Kulturm\u00f8det er lige om hj\u00f8rnet, og det samme et programpunkt med omr\u00e5dets lokale minister som hovedperson. Simon Kollerup (S), erhvervsminister opstillet i Thistedkredsen, deltager torsdag i en samtale om coronakrisen og kreativ v\u00e6kst. Det bliver med Ronni Hansen, direkt\u00f8r for sport, kultur og underholdning i kommunikationsbureauet Geelmuyden Kiese, og i opl\u00e6gget til samtalen bliver [&hellip;]\" \/>\n<meta property=\"og:url\" content=\"https:\/\/kunmedierne.dk\/mors\/erhvervsminister-foer-kulturmoedet-vi-har-fokus-paa-de-kreative-erhverv\/\" \/>\n<meta property=\"og:site_name\" content=\"Mors\" \/>\n<meta property=\"article:published_time\" content=\"2020-08-19T14:50:53+00:00\" \/>\n<meta property=\"article:modified_time\" content=\"2024-08-12T11:44:16+00:00\" \/>\n<meta property=\"og:image\" content=\"https:\/\/kunmedierne.dk\/mors\/wp-content\/uploads\/2020\/08\/simon-kollerup2b.jpg\" \/>\n\t<meta property=\"og:image:width\" content=\"770\" \/>\n\t<meta property=\"og:image:height\" content=\"513\" \/>\n\t<meta property=\"og:image:type\" content=\"image\/jpeg\" \/>\n<meta name=\"author\" content=\"David H\u00f8jmark\" \/>\n<meta name=\"twitter:card\" content=\"summary_large_image\" \/>\n<meta name=\"twitter:label1\" content=\"Skrevet af\" \/>\n\t<meta name=\"twitter:data1\" content=\"David H\u00f8jmark\" \/>\n\t<meta name=\"twitter:label2\" content=\"Estimeret l\u00e6setid\" \/>\n\t<meta name=\"twitter:data2\" content=\"1 minut\" \/>\n<script type=\"application\/ld+json\" class=\"yoast-schema-graph\">{\"@context\":\"https:\/\/schema.org\",\"@graph\":[{\"@type\":\"Article\",\"@id\":\"https:\/\/kunmedierne.dk\/mors\/erhvervsminister-foer-kulturmoedet-vi-har-fokus-paa-de-kreative-erhverv\/#article\",\"isPartOf\":{\"@id\":\"https:\/\/kunmedierne.dk\/mors\/erhvervsminister-foer-kulturmoedet-vi-har-fokus-paa-de-kreative-erhverv\/\"},\"author\":{\"name\":\"David H\u00f8jmark\",\"@id\":\"https:\/\/kunmedierne.dk\/mors\/#\/schema\/person\/5fe23251bf1d0abbcdc6f7896579d548\"},\"headline\":\"Erhvervsminister f\u00f8r Kulturm\u00f8det: &#8211; Vi har fokus p\u00e5 de kreative erhverv\",\"datePublished\":\"2020-08-19T14:50:53+00:00\",\"dateModified\":\"2024-08-12T11:44:16+00:00\",\"mainEntityOfPage\":{\"@id\":\"https:\/\/kunmedierne.dk\/mors\/erhvervsminister-foer-kulturmoedet-vi-har-fokus-paa-de-kreative-erhverv\/\"},\"wordCount\":291,\"commentCount\":0,\"publisher\":{\"@id\":\"https:\/\/kunmedierne.dk\/mors\/#organization\"},\"image\":{\"@id\":\"https:\/\/kunmedierne.dk\/mors\/erhvervsminister-foer-kulturmoedet-vi-har-fokus-paa-de-kreative-erhverv\/#primaryimage\"},\"thumbnailUrl\":\"https:\/\/kunmedierne.dk\/mors\/wp-content\/uploads\/2020\/08\/simon-kollerup2b.jpg\",\"keywords\":[\"Kulturm\u00f8det\"],\"articleSection\":[\"Kultur\"],\"inLanguage\":\"da-DK\",\"potentialAction\":[{\"@type\":\"CommentAction\",\"name\":\"Comment\",\"target\":[\"https:\/\/kunmedierne.dk\/mors\/erhvervsminister-foer-kulturmoedet-vi-har-fokus-paa-de-kreative-erhverv\/#respond\"]}]},{\"@type\":\"WebPage\",\"@id\":\"https:\/\/kunmedierne.dk\/mors\/erhvervsminister-foer-kulturmoedet-vi-har-fokus-paa-de-kreative-erhverv\/\",\"url\":\"https:\/\/kunmedierne.dk\/mors\/erhvervsminister-foer-kulturmoedet-vi-har-fokus-paa-de-kreative-erhverv\/\",\"name\":\"Erhvervsminister f\u00f8r Kulturm\u00f8det: - Vi har fokus p\u00e5 de kreative erhverv - Mors\",\"isPartOf\":{\"@id\":\"https:\/\/kunmedierne.dk\/mors\/#website\"},\"primaryImageOfPage\":{\"@id\":\"https:\/\/kunmedierne.dk\/mors\/erhvervsminister-foer-kulturmoedet-vi-har-fokus-paa-de-kreative-erhverv\/#primaryimage\"},\"image\":{\"@id\":\"https:\/\/kunmedierne.dk\/mors\/erhvervsminister-foer-kulturmoedet-vi-har-fokus-paa-de-kreative-erhverv\/#primaryimage\"},\"thumbnailUrl\":\"https:\/\/kunmedierne.dk\/mors\/wp-content\/uploads\/2020\/08\/simon-kollerup2b.jpg\",\"datePublished\":\"2020-08-19T14:50:53+00:00\",\"dateModified\":\"2024-08-12T11:44:16+00:00\",\"breadcrumb\":{\"@id\":\"https:\/\/kunmedierne.dk\/mors\/erhvervsminister-foer-kulturmoedet-vi-har-fokus-paa-de-kreative-erhverv\/#breadcrumb\"},\"inLanguage\":\"da-DK\",\"potentialAction\":[{\"@type\":\"ReadAction\",\"target\":[\"https:\/\/kunmedierne.dk\/mors\/erhvervsminister-foer-kulturmoedet-vi-har-fokus-paa-de-kreative-erhverv\/\"]}]},{\"@type\":\"ImageObject\",\"inLanguage\":\"da-DK\",\"@id\":\"https:\/\/kunmedierne.dk\/mors\/erhvervsminister-foer-kulturmoedet-vi-har-fokus-paa-de-kreative-erhverv\/#primaryimage\",\"url\":\"https:\/\/kunmedierne.dk\/mors\/wp-content\/uploads\/2020\/08\/simon-kollerup2b.jpg\",\"contentUrl\":\"https:\/\/kunmedierne.dk\/mors\/wp-content\/uploads\/2020\/08\/simon-kollerup2b.jpg\",\"width\":770,\"height\":513,\"caption\":\"Erhvervsminister Simon Kollerup (S). Foto: Keld Navntoft\"},{\"@type\":\"BreadcrumbList\",\"@id\":\"https:\/\/kunmedierne.dk\/mors\/erhvervsminister-foer-kulturmoedet-vi-har-fokus-paa-de-kreative-erhverv\/#breadcrumb\",\"itemListElement\":[{\"@type\":\"ListItem\",\"position\":1,\"name\":\"Hjem\",\"item\":\"https:\/\/kunmedierne.dk\/mors\/\"},{\"@type\":\"ListItem\",\"position\":2,\"name\":\"Erhvervsminister f\u00f8r Kulturm\u00f8det: &#8211; Vi har fokus p\u00e5 de kreative erhverv\"}]},{\"@type\":\"WebSite\",\"@id\":\"https:\/\/kunmedierne.dk\/mors\/#website\",\"url\":\"https:\/\/kunmedierne.dk\/mors\/\",\"name\":\"Mors\",\"description\":\"et netmedie med journalistik om livet p\u00e5 Mors\",\"publisher\":{\"@id\":\"https:\/\/kunmedierne.dk\/mors\/#organization\"},\"potentialAction\":[{\"@type\":\"SearchAction\",\"target\":{\"@type\":\"EntryPoint\",\"urlTemplate\":\"https:\/\/kunmedierne.dk\/mors\/?s={search_term_string}\"},\"query-input\":{\"@type\":\"PropertyValueSpecification\",\"valueRequired\":true,\"valueName\":\"search_term_string\"}}],\"inLanguage\":\"da-DK\"},{\"@type\":\"Organization\",\"@id\":\"https:\/\/kunmedierne.dk\/mors\/#organization\",\"name\":\"Mors\",\"url\":\"https:\/\/kunmedierne.dk\/mors\/\",\"logo\":{\"@type\":\"ImageObject\",\"inLanguage\":\"da-DK\",\"@id\":\"https:\/\/kunmedierne.dk\/mors\/#\/schema\/logo\/image\/\",\"url\":\"https:\/\/kunmedierne.dk\/mors\/wp-content\/uploads\/2024\/08\/kunmors-logo.svg\",\"contentUrl\":\"https:\/\/kunmedierne.dk\/mors\/wp-content\/uploads\/2024\/08\/kunmors-logo.svg\",\"caption\":\"Mors\"},\"image\":{\"@id\":\"https:\/\/kunmedierne.dk\/mors\/#\/schema\/logo\/image\/\"}},{\"@type\":\"Person\",\"@id\":\"https:\/\/kunmedierne.dk\/mors\/#\/schema\/person\/5fe23251bf1d0abbcdc6f7896579d548\",\"name\":\"David H\u00f8jmark\",\"image\":{\"@type\":\"ImageObject\",\"inLanguage\":\"da-DK\",\"@id\":\"https:\/\/kunmedierne.dk\/mors\/#\/schema\/person\/image\/\",\"url\":\"https:\/\/secure.gravatar.com\/avatar\/4315d6fb9ef244d729989f5f90268eb08d5bf8a3d84402f595fa194bb35784fd?s=96&d=mm&r=g\",\"contentUrl\":\"https:\/\/secure.gravatar.com\/avatar\/4315d6fb9ef244d729989f5f90268eb08d5bf8a3d84402f595fa194bb35784fd?s=96&d=mm&r=g\",\"caption\":\"David H\u00f8jmark\"},\"sameAs\":[\"https:\/\/www.kunmedierne.dk\"],\"url\":\"https:\/\/kunmedierne.dk\/mors\/author\/david\/\"}]}<\/script>\n<!-- \/ Yoast SEO plugin. -->","yoast_head_json":{"title":"Erhvervsminister f\u00f8r Kulturm\u00f8det: - Vi har fokus p\u00e5 de kreative erhverv - Mors","robots":{"index":"index","follow":"follow","max-snippet":"max-snippet:-1","max-image-preview":"max-image-preview:large","max-video-preview":"max-video-preview:-1"},"canonical":"https:\/\/kunmedierne.dk\/mors\/erhvervsminister-foer-kulturmoedet-vi-har-fokus-paa-de-kreative-erhverv\/","og_locale":"da_DK","og_type":"article","og_title":"Erhvervsminister f\u00f8r Kulturm\u00f8det: - Vi har fokus p\u00e5 de kreative erhverv - Mors","og_description":"MORS: Kulturm\u00f8det er lige om hj\u00f8rnet, og det samme et programpunkt med omr\u00e5dets lokale minister som hovedperson. Simon Kollerup (S), erhvervsminister opstillet i Thistedkredsen, deltager torsdag i en samtale om coronakrisen og kreativ v\u00e6kst. Det bliver med Ronni Hansen, direkt\u00f8r for sport, kultur og underholdning i kommunikationsbureauet Geelmuyden Kiese, og i opl\u00e6gget til samtalen bliver [&hellip;]","og_url":"https:\/\/kunmedierne.dk\/mors\/erhvervsminister-foer-kulturmoedet-vi-har-fokus-paa-de-kreative-erhverv\/","og_site_name":"Mors","article_published_time":"2020-08-19T14:50:53+00:00","article_modified_time":"2024-08-12T11:44:16+00:00","og_image":[{"width":770,"height":513,"url":"https:\/\/kunmedierne.dk\/mors\/wp-content\/uploads\/2020\/08\/simon-kollerup2b.jpg","type":"image\/jpeg"}],"author":"David H\u00f8jmark","twitter_card":"summary_large_image","twitter_misc":{"Skrevet af":"David H\u00f8jmark","Estimeret l\u00e6setid":"1 minut"},"schema":{"@context":"https:\/\/schema.org","@graph":[{"@type":"Article","@id":"https:\/\/kunmedierne.dk\/mors\/erhvervsminister-foer-kulturmoedet-vi-har-fokus-paa-de-kreative-erhverv\/#article","isPartOf":{"@id":"https:\/\/kunmedierne.dk\/mors\/erhvervsminister-foer-kulturmoedet-vi-har-fokus-paa-de-kreative-erhverv\/"},"author":{"name":"David H\u00f8jmark","@id":"https:\/\/kunmedierne.dk\/mors\/#\/schema\/person\/5fe23251bf1d0abbcdc6f7896579d548"},"headline":"Erhvervsminister f\u00f8r Kulturm\u00f8det: &#8211; Vi har fokus p\u00e5 de kreative erhverv","datePublished":"2020-08-19T14:50:53+00:00","dateModified":"2024-08-12T11:44:16+00:00","mainEntityOfPage":{"@id":"https:\/\/kunmedierne.dk\/mors\/erhvervsminister-foer-kulturmoedet-vi-har-fokus-paa-de-kreative-erhverv\/"},"wordCount":291,"commentCount":0,"publisher":{"@id":"https:\/\/kunmedierne.dk\/mors\/#organization"},"image":{"@id":"https:\/\/kunmedierne.dk\/mors\/erhvervsminister-foer-kulturmoedet-vi-har-fokus-paa-de-kreative-erhverv\/#primaryimage"},"thumbnailUrl":"https:\/\/kunmedierne.dk\/mors\/wp-content\/uploads\/2020\/08\/simon-kollerup2b.jpg","keywords":["Kulturm\u00f8det"],"articleSection":["Kultur"],"inLanguage":"da-DK","potentialAction":[{"@type":"CommentAction","name":"Comment","target":["https:\/\/kunmedierne.dk\/mors\/erhvervsminister-foer-kulturmoedet-vi-har-fokus-paa-de-kreative-erhverv\/#respond"]}]},{"@type":"WebPage","@id":"https:\/\/kunmedierne.dk\/mors\/erhvervsminister-foer-kulturmoedet-vi-har-fokus-paa-de-kreative-erhverv\/","url":"https:\/\/kunmedierne.dk\/mors\/erhvervsminister-foer-kulturmoedet-vi-har-fokus-paa-de-kreative-erhverv\/","name":"Erhvervsminister f\u00f8r Kulturm\u00f8det: - Vi har fokus p\u00e5 de kreative erhverv - Mors","isPartOf":{"@id":"https:\/\/kunmedierne.dk\/mors\/#website"},"primaryImageOfPage":{"@id":"https:\/\/kunmedierne.dk\/mors\/erhvervsminister-foer-kulturmoedet-vi-har-fokus-paa-de-kreative-erhverv\/#primaryimage"},"image":{"@id":"https:\/\/kunmedierne.dk\/mors\/erhvervsminister-foer-kulturmoedet-vi-har-fokus-paa-de-kreative-erhverv\/#primaryimage"},"thumbnailUrl":"https:\/\/kunmedierne.dk\/mors\/wp-content\/uploads\/2020\/08\/simon-kollerup2b.jpg","datePublished":"2020-08-19T14:50:53+00:00","dateModified":"2024-08-12T11:44:16+00:00","breadcrumb":{"@id":"https:\/\/kunmedierne.dk\/mors\/erhvervsminister-foer-kulturmoedet-vi-har-fokus-paa-de-kreative-erhverv\/#breadcrumb"},"inLanguage":"da-DK","potentialAction":[{"@type":"ReadAction","target":["https:\/\/kunmedierne.dk\/mors\/erhvervsminister-foer-kulturmoedet-vi-har-fokus-paa-de-kreative-erhverv\/"]}]},{"@type":"ImageObject","inLanguage":"da-DK","@id":"https:\/\/kunmedierne.dk\/mors\/erhvervsminister-foer-kulturmoedet-vi-har-fokus-paa-de-kreative-erhverv\/#primaryimage","url":"https:\/\/kunmedierne.dk\/mors\/wp-content\/uploads\/2020\/08\/simon-kollerup2b.jpg","contentUrl":"https:\/\/kunmedierne.dk\/mors\/wp-content\/uploads\/2020\/08\/simon-kollerup2b.jpg","width":770,"height":513,"caption":"Erhvervsminister Simon Kollerup (S). Foto: Keld Navntoft"},{"@type":"BreadcrumbList","@id":"https:\/\/kunmedierne.dk\/mors\/erhvervsminister-foer-kulturmoedet-vi-har-fokus-paa-de-kreative-erhverv\/#breadcrumb","itemListElement":[{"@type":"ListItem","position":1,"name":"Hjem","item":"https:\/\/kunmedierne.dk\/mors\/"},{"@type":"ListItem","position":2,"name":"Erhvervsminister f\u00f8r Kulturm\u00f8det: &#8211; Vi har fokus p\u00e5 de kreative erhverv"}]},{"@type":"WebSite","@id":"https:\/\/kunmedierne.dk\/mors\/#website","url":"https:\/\/kunmedierne.dk\/mors\/","name":"Mors","description":"et netmedie med journalistik om livet p\u00e5 Mors","publisher":{"@id":"https:\/\/kunmedierne.dk\/mors\/#organization"},"potentialAction":[{"@type":"SearchAction","target":{"@type":"EntryPoint","urlTemplate":"https:\/\/kunmedierne.dk\/mors\/?s={search_term_string}"},"query-input":{"@type":"PropertyValueSpecification","valueRequired":true,"valueName":"search_term_string"}}],"inLanguage":"da-DK"},{"@type":"Organization","@id":"https:\/\/kunmedierne.dk\/mors\/#organization","name":"Mors","url":"https:\/\/kunmedierne.dk\/mors\/","logo":{"@type":"ImageObject","inLanguage":"da-DK","@id":"https:\/\/kunmedierne.dk\/mors\/#\/schema\/logo\/image\/","url":"https:\/\/kunmedierne.dk\/mors\/wp-content\/uploads\/2024\/08\/kunmors-logo.svg","contentUrl":"https:\/\/kunmedierne.dk\/mors\/wp-content\/uploads\/2024\/08\/kunmors-logo.svg","caption":"Mors"},"image":{"@id":"https:\/\/kunmedierne.dk\/mors\/#\/schema\/logo\/image\/"}},{"@type":"Person","@id":"https:\/\/kunmedierne.dk\/mors\/#\/schema\/person\/5fe23251bf1d0abbcdc6f7896579d548","name":"David H\u00f8jmark","image":{"@type":"ImageObject","inLanguage":"da-DK","@id":"https:\/\/kunmedierne.dk\/mors\/#\/schema\/person\/image\/","url":"https:\/\/secure.gravatar.com\/avatar\/4315d6fb9ef244d729989f5f90268eb08d5bf8a3d84402f595fa194bb35784fd?s=96&d=mm&r=g","contentUrl":"https:\/\/secure.gravatar.com\/avatar\/4315d6fb9ef244d729989f5f90268eb08d5bf8a3d84402f595fa194bb35784fd?s=96&d=mm&r=g","caption":"David H\u00f8jmark"},"sameAs":["https:\/\/www.kunmedierne.dk"],"url":"https:\/\/kunmedierne.dk\/mors\/author\/david\/"}]}},"_links":{"self":[{"href":"https:\/\/kunmedierne.dk\/mors\/wp-json\/wp\/v2\/posts\/29929","targetHints":{"allow":["GET"]}}],"collection":[{"href":"https:\/\/kunmedierne.dk\/mors\/wp-json\/wp\/v2\/posts"}],"about":[{"href":"https:\/\/kunmedierne.dk\/mors\/wp-json\/wp\/v2\/types\/post"}],"author":[{"embeddable":true,"href":"https:\/\/kunmedierne.dk\/mors\/wp-json\/wp\/v2\/users\/8"}],"replies":[{"embeddable":true,"href":"https:\/\/kunmedierne.dk\/mors\/wp-json\/wp\/v2\/comments?post=29929"}],"version-history":[{"count":1,"href":"https:\/\/kunmedierne.dk\/mors\/wp-json\/wp\/v2\/posts\/29929\/revisions"}],"predecessor-version":[{"id":29933,"href":"https:\/\/kunmedierne.dk\/mors\/wp-json\/wp\/v2\/posts\/29929\/revisions\/29933"}],"wp:featuredmedia":[{"embeddable":true,"href":"https:\/\/kunmedierne.dk\/mors\/wp-json\/wp\/v2\/media\/29932"}],"wp:attachment":[{"href":"https:\/\/kunmedierne.dk\/mors\/wp-json\/wp\/v2\/media?parent=29929"}],"wp:term":[{"taxonomy":"category","embeddable":true,"href":"https:\/\/kunmedierne.dk\/mors\/wp-json\/wp\/v2\/categories?post=29929"},{"taxonomy":"post_tag","embeddable":true,"href":"https:\/\/kunmedierne.dk\/mors\/wp-json\/wp\/v2\/tags?post=29929"}],"curies":[{"name":"wp","href":"https:\/\/api.w.org\/{rel}","templated":true}]}}