{"id":29667,"date":"2020-08-15T20:42:41","date_gmt":"2020-08-15T18:42:41","guid":{"rendered":"https:\/\/kunmedierne.dk\/mors\/?p=29667"},"modified":"2024-08-12T13:44:17","modified_gmt":"2024-08-12T11:44:17","slug":"de-unge-sikrer-den-fysiske-udgave-af-kulturmoedet","status":"publish","type":"post","link":"https:\/\/kunmedierne.dk\/mors\/de-unge-sikrer-den-fysiske-udgave-af-kulturmoedet\/","title":{"rendered":"De unge sikrer den fysiske udgave af Kulturm\u00f8det"},"content":{"rendered":"<p><strong>NYK\u00d8BING<\/strong>: Kulturm\u00f8det i sin vante form bliver ikke til noget. Men p\u00e5 en m\u00e5de er det alligevel allerede i gang.<\/p>\n<p>Det s\u00f8rger Ung Kult for. Initiativet med lokale Malte Houe og Bertram Bailey i spidsen \u00e5bnede fredag Ung Kult Camp forud for Kulturm\u00f8det i n\u00e6ste uge og levede dermed op til ambitionen om en forening, der laver kulturelle projekter for unge og med unge.<\/p>\n<p>Og faktisk mere end det, viste det sig fredag, da op imod et halvt hundrede deltagere &#8211; herimellem ogs\u00e5 voksne og \u00e6ldre &#8211; i l\u00f8bet af aftenen lagde vejen forbi p\u00e5 Limfjordsvej for at bakke op om tiltaget eller bare f\u00e5 noget kultur i en live version.<\/p>\n<p>S\u00e5dan bliver \u00e5rets virtuelle version af Kulturm\u00f8det som bekendt ikke, og m\u00e5ske ogs\u00e5 derfor synes den lokale interesse for Ung Kult Camp at v\u00e6re ganske stor.<\/p>\n<p>Malte Houe h\u00e5ber selvf\u00f8lgelig, at det bliver ved.<\/p>\n<p>&#8220;Jeg tror og h\u00e5ber, at vi kan ramme nogle af de lokale, s\u00e5 det ikke kun bliver kulturfolk, der rejser hertil. Det m\u00e5 ogs\u00e5 gerne v\u00e6re lokale, der kan se sig selv i det,&#8221; siger han og l\u00e6gger v\u00e6gt p\u00e5, at hele programmet under Ung Kult Camp er gratis at overv\u00e6re.<\/p>\n<p>&nbsp;<\/p>\n<p><strong>Tiltr\u00e6ngt fysisk dimension<\/strong><\/p>\n<p>Det g\u00e6lder l\u00f8rdag aftens koncert med musikeren Amalie Dallerup. Det g\u00e6lder foredraget med sangskriveren Marcus Valentin senere p\u00e5 ugen. Det g\u00e6lder den s\u00e5kaldte &#8216;aftertalk&#8217; med skuespilleren Thure Lindhart p\u00e5 fredag. Og det g\u00e6lder alt det andet, Ung Kult Camp under sine hektiske m\u00e5neders planl\u00e6gning har form\u00e5et at stable p\u00e5 benene &#8211; ud over de hyggelige og faktisk ganske imponerende rammer i omr\u00e5det ved Mors\u00f8 Gymnasium.<\/p>\n<p>&#8220;Da Kulturm\u00f8det blev aflyst, skulle vi finde ud af, hvad vi s\u00e5 skulle g\u00f8re. Og jeg tror, mange vil savne den debat, der plejer at v\u00e6re,&#8221; siger Malte Houe om drivkraften bag det hele. Og s\u00e5 tilf\u00f8jer han,\u00a0at missionen om at skabe et f\u00e6llesskab omkring det virtuelle Kulturm\u00f8de 2020 ogs\u00e5 handler om, at man taber for mange &#8211; m\u00e5ske is\u00e6r de unge &#8211; hvis man reducerer samtlige paneldebatter og indslag til noget, man ser fra sin computer derhjemme uden nogen at dr\u00f8fte og debattere med bagefter.<\/p>\n<p>P\u00e5 den m\u00e5de har Ung Kult Camp v\u00e6ret med til at give Kulturm\u00f8det en tiltr\u00e6ngt fysisk dimension. Og selv om vejret (og is\u00e6r varmen) n\u00e6sten er for meget af det gode, og selv om stemmen er lidt slidt oven p\u00e5 \u00e5bningen fredag, er det en tilfreds Malte Houe, der ser tilbage p\u00e5 begyndelsen &#8211; og frem imod dage med kultur ud fra de unges perspektiv.<\/p>\n<p>Og konceptet er lige s\u00e5 ufravigeligt nu, som det var, da det lejren blev planlagt:\u00a0 Kultur skal v\u00e6re tilg\u00e6ngeligt for alle uanset pengepungens volumen.<\/p>\n<p>&#8220;Vi har holdt fast i, at det skal v\u00e6re gratis. Det er vigtigt at have gratis kulturtilbud, som ikke er afh\u00e6ngige af folks \u00f8konomiske tilstand,&#8221; siger Malte Houe.<\/p>\n<p class=\"paragraph\">Hele programmet for Ung Kult Camp kan findes <a href=\"https:\/\/static1.squarespace.com\/static\/5bf3f196f8370a0c796c3c56\/t\/5f30ff4800808376d3e5da00\/1597046612434\/Program+-+UNG+KULT+CAMP+2020.pdf\" target=\"_blank\" rel=\"noopener noreferrer\">her<\/a>.<\/p>\n","protected":false},"excerpt":{"rendered":"<p>NYK\u00d8BING: Kulturm\u00f8det i sin vante form bliver ikke til noget. Men p\u00e5 en m\u00e5de er det alligevel allerede i gang. Det s\u00f8rger Ung Kult for. Initiativet med lokale Malte Houe og Bertram Bailey i spidsen \u00e5bnede fredag Ung Kult Camp forud for Kulturm\u00f8det i n\u00e6ste uge og levede dermed op til ambitionen om en forening, [&hellip;]<\/p>\n","protected":false},"author":8,"featured_media":29672,"comment_status":"open","ping_status":"open","sticky":false,"template":"","format":"gallery","meta":{"_acf_changed":false,"footnotes":""},"categories":[49],"tags":[162],"class_list":["post-29667","post","type-post","status-publish","format-gallery","has-post-thumbnail","hentry","category-kultur","tag-kulturmoedet","post_format-post-format-gallery"],"acf":[],"yoast_head":"<!-- This site is optimized with the Yoast SEO plugin v26.8 - https:\/\/yoast.com\/product\/yoast-seo-wordpress\/ -->\n<title>De unge sikrer den fysiske udgave af Kulturm\u00f8det - Mors<\/title>\n<meta name=\"robots\" content=\"index, follow, max-snippet:-1, max-image-preview:large, max-video-preview:-1\" \/>\n<link rel=\"canonical\" href=\"https:\/\/kunmedierne.dk\/mors\/de-unge-sikrer-den-fysiske-udgave-af-kulturmoedet\/\" \/>\n<meta property=\"og:locale\" content=\"da_DK\" \/>\n<meta property=\"og:type\" content=\"article\" \/>\n<meta property=\"og:title\" content=\"De unge sikrer den fysiske udgave af Kulturm\u00f8det - Mors\" \/>\n<meta property=\"og:description\" content=\"NYK\u00d8BING: Kulturm\u00f8det i sin vante form bliver ikke til noget. Men p\u00e5 en m\u00e5de er det alligevel allerede i gang. Det s\u00f8rger Ung Kult for. Initiativet med lokale Malte Houe og Bertram Bailey i spidsen \u00e5bnede fredag Ung Kult Camp forud for Kulturm\u00f8det i n\u00e6ste uge og levede dermed op til ambitionen om en forening, [&hellip;]\" \/>\n<meta property=\"og:url\" content=\"https:\/\/kunmedierne.dk\/mors\/de-unge-sikrer-den-fysiske-udgave-af-kulturmoedet\/\" \/>\n<meta property=\"og:site_name\" content=\"Mors\" \/>\n<meta property=\"article:published_time\" content=\"2020-08-15T18:42:41+00:00\" \/>\n<meta property=\"article:modified_time\" content=\"2024-08-12T11:44:17+00:00\" \/>\n<meta property=\"og:image\" content=\"https:\/\/kunmedierne.dk\/mors\/wp-content\/uploads\/2020\/08\/ung-kult-4.jpg\" \/>\n\t<meta property=\"og:image:width\" content=\"770\" \/>\n\t<meta property=\"og:image:height\" content=\"513\" \/>\n\t<meta property=\"og:image:type\" content=\"image\/jpeg\" \/>\n<meta name=\"author\" content=\"David H\u00f8jmark\" \/>\n<meta name=\"twitter:card\" content=\"summary_large_image\" \/>\n<meta name=\"twitter:label1\" content=\"Skrevet af\" \/>\n\t<meta name=\"twitter:data1\" content=\"David H\u00f8jmark\" \/>\n\t<meta name=\"twitter:label2\" content=\"Estimeret l\u00e6setid\" \/>\n\t<meta name=\"twitter:data2\" content=\"3 minutter\" \/>\n<script type=\"application\/ld+json\" class=\"yoast-schema-graph\">{\"@context\":\"https:\/\/schema.org\",\"@graph\":[{\"@type\":\"Article\",\"@id\":\"https:\/\/kunmedierne.dk\/mors\/de-unge-sikrer-den-fysiske-udgave-af-kulturmoedet\/#article\",\"isPartOf\":{\"@id\":\"https:\/\/kunmedierne.dk\/mors\/de-unge-sikrer-den-fysiske-udgave-af-kulturmoedet\/\"},\"author\":{\"name\":\"David H\u00f8jmark\",\"@id\":\"https:\/\/kunmedierne.dk\/mors\/#\/schema\/person\/5fe23251bf1d0abbcdc6f7896579d548\"},\"headline\":\"De unge sikrer den fysiske udgave af Kulturm\u00f8det\",\"datePublished\":\"2020-08-15T18:42:41+00:00\",\"dateModified\":\"2024-08-12T11:44:17+00:00\",\"mainEntityOfPage\":{\"@id\":\"https:\/\/kunmedierne.dk\/mors\/de-unge-sikrer-den-fysiske-udgave-af-kulturmoedet\/\"},\"wordCount\":534,\"commentCount\":0,\"publisher\":{\"@id\":\"https:\/\/kunmedierne.dk\/mors\/#organization\"},\"image\":{\"@id\":\"https:\/\/kunmedierne.dk\/mors\/de-unge-sikrer-den-fysiske-udgave-af-kulturmoedet\/#primaryimage\"},\"thumbnailUrl\":\"https:\/\/kunmedierne.dk\/mors\/wp-content\/uploads\/2020\/08\/ung-kult-4.jpg\",\"keywords\":[\"Kulturm\u00f8det\"],\"articleSection\":[\"Kultur\"],\"inLanguage\":\"da-DK\",\"potentialAction\":[{\"@type\":\"CommentAction\",\"name\":\"Comment\",\"target\":[\"https:\/\/kunmedierne.dk\/mors\/de-unge-sikrer-den-fysiske-udgave-af-kulturmoedet\/#respond\"]}]},{\"@type\":\"WebPage\",\"@id\":\"https:\/\/kunmedierne.dk\/mors\/de-unge-sikrer-den-fysiske-udgave-af-kulturmoedet\/\",\"url\":\"https:\/\/kunmedierne.dk\/mors\/de-unge-sikrer-den-fysiske-udgave-af-kulturmoedet\/\",\"name\":\"De unge sikrer den fysiske udgave af Kulturm\u00f8det - Mors\",\"isPartOf\":{\"@id\":\"https:\/\/kunmedierne.dk\/mors\/#website\"},\"primaryImageOfPage\":{\"@id\":\"https:\/\/kunmedierne.dk\/mors\/de-unge-sikrer-den-fysiske-udgave-af-kulturmoedet\/#primaryimage\"},\"image\":{\"@id\":\"https:\/\/kunmedierne.dk\/mors\/de-unge-sikrer-den-fysiske-udgave-af-kulturmoedet\/#primaryimage\"},\"thumbnailUrl\":\"https:\/\/kunmedierne.dk\/mors\/wp-content\/uploads\/2020\/08\/ung-kult-4.jpg\",\"datePublished\":\"2020-08-15T18:42:41+00:00\",\"dateModified\":\"2024-08-12T11:44:17+00:00\",\"breadcrumb\":{\"@id\":\"https:\/\/kunmedierne.dk\/mors\/de-unge-sikrer-den-fysiske-udgave-af-kulturmoedet\/#breadcrumb\"},\"inLanguage\":\"da-DK\",\"potentialAction\":[{\"@type\":\"ReadAction\",\"target\":[\"https:\/\/kunmedierne.dk\/mors\/de-unge-sikrer-den-fysiske-udgave-af-kulturmoedet\/\"]}]},{\"@type\":\"ImageObject\",\"inLanguage\":\"da-DK\",\"@id\":\"https:\/\/kunmedierne.dk\/mors\/de-unge-sikrer-den-fysiske-udgave-af-kulturmoedet\/#primaryimage\",\"url\":\"https:\/\/kunmedierne.dk\/mors\/wp-content\/uploads\/2020\/08\/ung-kult-4.jpg\",\"contentUrl\":\"https:\/\/kunmedierne.dk\/mors\/wp-content\/uploads\/2020\/08\/ung-kult-4.jpg\",\"width\":770,\"height\":513,\"caption\":\"Foto: Jamal Mekdad\"},{\"@type\":\"BreadcrumbList\",\"@id\":\"https:\/\/kunmedierne.dk\/mors\/de-unge-sikrer-den-fysiske-udgave-af-kulturmoedet\/#breadcrumb\",\"itemListElement\":[{\"@type\":\"ListItem\",\"position\":1,\"name\":\"Hjem\",\"item\":\"https:\/\/kunmedierne.dk\/mors\/\"},{\"@type\":\"ListItem\",\"position\":2,\"name\":\"De unge sikrer den fysiske udgave af Kulturm\u00f8det\"}]},{\"@type\":\"WebSite\",\"@id\":\"https:\/\/kunmedierne.dk\/mors\/#website\",\"url\":\"https:\/\/kunmedierne.dk\/mors\/\",\"name\":\"Mors\",\"description\":\"et netmedie med journalistik om livet p\u00e5 Mors\",\"publisher\":{\"@id\":\"https:\/\/kunmedierne.dk\/mors\/#organization\"},\"potentialAction\":[{\"@type\":\"SearchAction\",\"target\":{\"@type\":\"EntryPoint\",\"urlTemplate\":\"https:\/\/kunmedierne.dk\/mors\/?s={search_term_string}\"},\"query-input\":{\"@type\":\"PropertyValueSpecification\",\"valueRequired\":true,\"valueName\":\"search_term_string\"}}],\"inLanguage\":\"da-DK\"},{\"@type\":\"Organization\",\"@id\":\"https:\/\/kunmedierne.dk\/mors\/#organization\",\"name\":\"Mors\",\"url\":\"https:\/\/kunmedierne.dk\/mors\/\",\"logo\":{\"@type\":\"ImageObject\",\"inLanguage\":\"da-DK\",\"@id\":\"https:\/\/kunmedierne.dk\/mors\/#\/schema\/logo\/image\/\",\"url\":\"https:\/\/kunmedierne.dk\/mors\/wp-content\/uploads\/2024\/08\/kunmors-logo.svg\",\"contentUrl\":\"https:\/\/kunmedierne.dk\/mors\/wp-content\/uploads\/2024\/08\/kunmors-logo.svg\",\"caption\":\"Mors\"},\"image\":{\"@id\":\"https:\/\/kunmedierne.dk\/mors\/#\/schema\/logo\/image\/\"}},{\"@type\":\"Person\",\"@id\":\"https:\/\/kunmedierne.dk\/mors\/#\/schema\/person\/5fe23251bf1d0abbcdc6f7896579d548\",\"name\":\"David H\u00f8jmark\",\"image\":{\"@type\":\"ImageObject\",\"inLanguage\":\"da-DK\",\"@id\":\"https:\/\/kunmedierne.dk\/mors\/#\/schema\/person\/image\/\",\"url\":\"https:\/\/secure.gravatar.com\/avatar\/4315d6fb9ef244d729989f5f90268eb08d5bf8a3d84402f595fa194bb35784fd?s=96&d=mm&r=g\",\"contentUrl\":\"https:\/\/secure.gravatar.com\/avatar\/4315d6fb9ef244d729989f5f90268eb08d5bf8a3d84402f595fa194bb35784fd?s=96&d=mm&r=g\",\"caption\":\"David H\u00f8jmark\"},\"sameAs\":[\"https:\/\/www.kunmedierne.dk\"],\"url\":\"https:\/\/kunmedierne.dk\/mors\/author\/david\/\"}]}<\/script>\n<!-- \/ Yoast SEO plugin. -->","yoast_head_json":{"title":"De unge sikrer den fysiske udgave af Kulturm\u00f8det - Mors","robots":{"index":"index","follow":"follow","max-snippet":"max-snippet:-1","max-image-preview":"max-image-preview:large","max-video-preview":"max-video-preview:-1"},"canonical":"https:\/\/kunmedierne.dk\/mors\/de-unge-sikrer-den-fysiske-udgave-af-kulturmoedet\/","og_locale":"da_DK","og_type":"article","og_title":"De unge sikrer den fysiske udgave af Kulturm\u00f8det - Mors","og_description":"NYK\u00d8BING: Kulturm\u00f8det i sin vante form bliver ikke til noget. Men p\u00e5 en m\u00e5de er det alligevel allerede i gang. Det s\u00f8rger Ung Kult for. Initiativet med lokale Malte Houe og Bertram Bailey i spidsen \u00e5bnede fredag Ung Kult Camp forud for Kulturm\u00f8det i n\u00e6ste uge og levede dermed op til ambitionen om en forening, [&hellip;]","og_url":"https:\/\/kunmedierne.dk\/mors\/de-unge-sikrer-den-fysiske-udgave-af-kulturmoedet\/","og_site_name":"Mors","article_published_time":"2020-08-15T18:42:41+00:00","article_modified_time":"2024-08-12T11:44:17+00:00","og_image":[{"width":770,"height":513,"url":"https:\/\/kunmedierne.dk\/mors\/wp-content\/uploads\/2020\/08\/ung-kult-4.jpg","type":"image\/jpeg"}],"author":"David H\u00f8jmark","twitter_card":"summary_large_image","twitter_misc":{"Skrevet af":"David H\u00f8jmark","Estimeret l\u00e6setid":"3 minutter"},"schema":{"@context":"https:\/\/schema.org","@graph":[{"@type":"Article","@id":"https:\/\/kunmedierne.dk\/mors\/de-unge-sikrer-den-fysiske-udgave-af-kulturmoedet\/#article","isPartOf":{"@id":"https:\/\/kunmedierne.dk\/mors\/de-unge-sikrer-den-fysiske-udgave-af-kulturmoedet\/"},"author":{"name":"David H\u00f8jmark","@id":"https:\/\/kunmedierne.dk\/mors\/#\/schema\/person\/5fe23251bf1d0abbcdc6f7896579d548"},"headline":"De unge sikrer den fysiske udgave af Kulturm\u00f8det","datePublished":"2020-08-15T18:42:41+00:00","dateModified":"2024-08-12T11:44:17+00:00","mainEntityOfPage":{"@id":"https:\/\/kunmedierne.dk\/mors\/de-unge-sikrer-den-fysiske-udgave-af-kulturmoedet\/"},"wordCount":534,"commentCount":0,"publisher":{"@id":"https:\/\/kunmedierne.dk\/mors\/#organization"},"image":{"@id":"https:\/\/kunmedierne.dk\/mors\/de-unge-sikrer-den-fysiske-udgave-af-kulturmoedet\/#primaryimage"},"thumbnailUrl":"https:\/\/kunmedierne.dk\/mors\/wp-content\/uploads\/2020\/08\/ung-kult-4.jpg","keywords":["Kulturm\u00f8det"],"articleSection":["Kultur"],"inLanguage":"da-DK","potentialAction":[{"@type":"CommentAction","name":"Comment","target":["https:\/\/kunmedierne.dk\/mors\/de-unge-sikrer-den-fysiske-udgave-af-kulturmoedet\/#respond"]}]},{"@type":"WebPage","@id":"https:\/\/kunmedierne.dk\/mors\/de-unge-sikrer-den-fysiske-udgave-af-kulturmoedet\/","url":"https:\/\/kunmedierne.dk\/mors\/de-unge-sikrer-den-fysiske-udgave-af-kulturmoedet\/","name":"De unge sikrer den fysiske udgave af Kulturm\u00f8det - Mors","isPartOf":{"@id":"https:\/\/kunmedierne.dk\/mors\/#website"},"primaryImageOfPage":{"@id":"https:\/\/kunmedierne.dk\/mors\/de-unge-sikrer-den-fysiske-udgave-af-kulturmoedet\/#primaryimage"},"image":{"@id":"https:\/\/kunmedierne.dk\/mors\/de-unge-sikrer-den-fysiske-udgave-af-kulturmoedet\/#primaryimage"},"thumbnailUrl":"https:\/\/kunmedierne.dk\/mors\/wp-content\/uploads\/2020\/08\/ung-kult-4.jpg","datePublished":"2020-08-15T18:42:41+00:00","dateModified":"2024-08-12T11:44:17+00:00","breadcrumb":{"@id":"https:\/\/kunmedierne.dk\/mors\/de-unge-sikrer-den-fysiske-udgave-af-kulturmoedet\/#breadcrumb"},"inLanguage":"da-DK","potentialAction":[{"@type":"ReadAction","target":["https:\/\/kunmedierne.dk\/mors\/de-unge-sikrer-den-fysiske-udgave-af-kulturmoedet\/"]}]},{"@type":"ImageObject","inLanguage":"da-DK","@id":"https:\/\/kunmedierne.dk\/mors\/de-unge-sikrer-den-fysiske-udgave-af-kulturmoedet\/#primaryimage","url":"https:\/\/kunmedierne.dk\/mors\/wp-content\/uploads\/2020\/08\/ung-kult-4.jpg","contentUrl":"https:\/\/kunmedierne.dk\/mors\/wp-content\/uploads\/2020\/08\/ung-kult-4.jpg","width":770,"height":513,"caption":"Foto: Jamal Mekdad"},{"@type":"BreadcrumbList","@id":"https:\/\/kunmedierne.dk\/mors\/de-unge-sikrer-den-fysiske-udgave-af-kulturmoedet\/#breadcrumb","itemListElement":[{"@type":"ListItem","position":1,"name":"Hjem","item":"https:\/\/kunmedierne.dk\/mors\/"},{"@type":"ListItem","position":2,"name":"De unge sikrer den fysiske udgave af Kulturm\u00f8det"}]},{"@type":"WebSite","@id":"https:\/\/kunmedierne.dk\/mors\/#website","url":"https:\/\/kunmedierne.dk\/mors\/","name":"Mors","description":"et netmedie med journalistik om livet p\u00e5 Mors","publisher":{"@id":"https:\/\/kunmedierne.dk\/mors\/#organization"},"potentialAction":[{"@type":"SearchAction","target":{"@type":"EntryPoint","urlTemplate":"https:\/\/kunmedierne.dk\/mors\/?s={search_term_string}"},"query-input":{"@type":"PropertyValueSpecification","valueRequired":true,"valueName":"search_term_string"}}],"inLanguage":"da-DK"},{"@type":"Organization","@id":"https:\/\/kunmedierne.dk\/mors\/#organization","name":"Mors","url":"https:\/\/kunmedierne.dk\/mors\/","logo":{"@type":"ImageObject","inLanguage":"da-DK","@id":"https:\/\/kunmedierne.dk\/mors\/#\/schema\/logo\/image\/","url":"https:\/\/kunmedierne.dk\/mors\/wp-content\/uploads\/2024\/08\/kunmors-logo.svg","contentUrl":"https:\/\/kunmedierne.dk\/mors\/wp-content\/uploads\/2024\/08\/kunmors-logo.svg","caption":"Mors"},"image":{"@id":"https:\/\/kunmedierne.dk\/mors\/#\/schema\/logo\/image\/"}},{"@type":"Person","@id":"https:\/\/kunmedierne.dk\/mors\/#\/schema\/person\/5fe23251bf1d0abbcdc6f7896579d548","name":"David H\u00f8jmark","image":{"@type":"ImageObject","inLanguage":"da-DK","@id":"https:\/\/kunmedierne.dk\/mors\/#\/schema\/person\/image\/","url":"https:\/\/secure.gravatar.com\/avatar\/4315d6fb9ef244d729989f5f90268eb08d5bf8a3d84402f595fa194bb35784fd?s=96&d=mm&r=g","contentUrl":"https:\/\/secure.gravatar.com\/avatar\/4315d6fb9ef244d729989f5f90268eb08d5bf8a3d84402f595fa194bb35784fd?s=96&d=mm&r=g","caption":"David H\u00f8jmark"},"sameAs":["https:\/\/www.kunmedierne.dk"],"url":"https:\/\/kunmedierne.dk\/mors\/author\/david\/"}]}},"_links":{"self":[{"href":"https:\/\/kunmedierne.dk\/mors\/wp-json\/wp\/v2\/posts\/29667","targetHints":{"allow":["GET"]}}],"collection":[{"href":"https:\/\/kunmedierne.dk\/mors\/wp-json\/wp\/v2\/posts"}],"about":[{"href":"https:\/\/kunmedierne.dk\/mors\/wp-json\/wp\/v2\/types\/post"}],"author":[{"embeddable":true,"href":"https:\/\/kunmedierne.dk\/mors\/wp-json\/wp\/v2\/users\/8"}],"replies":[{"embeddable":true,"href":"https:\/\/kunmedierne.dk\/mors\/wp-json\/wp\/v2\/comments?post=29667"}],"version-history":[{"count":3,"href":"https:\/\/kunmedierne.dk\/mors\/wp-json\/wp\/v2\/posts\/29667\/revisions"}],"predecessor-version":[{"id":29677,"href":"https:\/\/kunmedierne.dk\/mors\/wp-json\/wp\/v2\/posts\/29667\/revisions\/29677"}],"wp:featuredmedia":[{"embeddable":true,"href":"https:\/\/kunmedierne.dk\/mors\/wp-json\/wp\/v2\/media\/29672"}],"wp:attachment":[{"href":"https:\/\/kunmedierne.dk\/mors\/wp-json\/wp\/v2\/media?parent=29667"}],"wp:term":[{"taxonomy":"category","embeddable":true,"href":"https:\/\/kunmedierne.dk\/mors\/wp-json\/wp\/v2\/categories?post=29667"},{"taxonomy":"post_tag","embeddable":true,"href":"https:\/\/kunmedierne.dk\/mors\/wp-json\/wp\/v2\/tags?post=29667"}],"curies":[{"name":"wp","href":"https:\/\/api.w.org\/{rel}","templated":true}]}}