{"id":29584,"date":"2020-08-14T10:52:04","date_gmt":"2020-08-14T08:52:04","guid":{"rendered":"https:\/\/kunmedierne.dk\/mors\/?p=29584"},"modified":"2024-08-12T13:44:18","modified_gmt":"2024-08-12T11:44:18","slug":"euc-nordvest-ansaetter-ny-digitaliseringschef","status":"publish","type":"post","link":"https:\/\/kunmedierne.dk\/mors\/euc-nordvest-ansaetter-ny-digitaliseringschef\/","title":{"rendered":"EUC Nordvest ans\u00e6tter ny digitaliseringschef"},"content":{"rendered":"<p style=\"text-align: center;\"><em>Fra EUC Nordvest har vi modtaget:<\/em><\/p>\n<hr \/>\n<p>Mia Sannemand Borg tiltr\u00e6der pr. 1. september stillingen som digitaliseringschef i EUC Nordvest<\/p>\n<p>Mia Sannemand Borg har v\u00e6ret ansat hos EUC Nordvest siden december 2017, hvor hun tiltr\u00e5dte stillingen som projektleder p\u00e5 EU-projektet \u2019Iv\u00e6rks\u00e6tteri og jobskabelse\u2019. Ud over denne funktion har hun siden december 2019 fungeret som udviklingsmedarbejder i organisationens projektafdeling.<\/p>\n<p>&#8220;Rollen som digitaliseringschef er uhyre vigtig. Vi har behov for en dygtig og proaktiv digitaliseringschef, som form\u00e5r at forst\u00e5 og spotte mulighederne for at udvikle nye digitaliseringsprojekter p\u00e5 alle niveauer. Det handler om at optimere og udvikle l\u00f8sninger og processer, der skaber merv\u00e6rdi i forhold til vores kerneydelse: At skabe l\u00e6ring for den enkelte elev. Vi havde flere eksterne kandidater i spil, men i sidste ende faldt valget p\u00e5 Mia. Vi er overbeviste om, at vi med Mia har fundet den helt rigtige til jobbet. Mia har en god teoretisk ballast og et indg\u00e5ende kendskab til vores organisation, og s\u00e5 har hun \u2013 ikke mindst \u2013 en stor og veldokumenteret erfaring med projektlederrollen, lyder det fra Hans Chr. Jeppesen, direkt\u00f8r ved EUC Nordvest.<\/p>\n<p>Rollen som digitaliseringschef er ikke at forveksle med en stilling som IT-chef. Som digitaliseringschef beh\u00f8ver Mia Sannemand Borg nemlig ikke at vide en masse om bits og bites, kabler og hardcore teknik. Hendes fokus vil i stedet v\u00e6re p\u00e5 det strategiske niveau. Hun bliver personaleleder for IT-afdelingen, hvor der sidder mange kompetente kr\u00e6fter til at h\u00e5ndtere de tekniske praksisopgaver, og er der behov for kompetencer, afdelingen ikke besidder, kan hun tr\u00e6kke p\u00e5 netIP, som EUC Nordvest har et t\u00e6t samarbejde med.<\/p>\n<p>&#8220;Mia skal \u2013 med afs\u00e6t i organisationens digitaliseringsstrategi &#8211; samle tr\u00e5dene i igangv\u00e6rende projekter og spotte muligheder for nye, digitale tiltag. Det handler om hele tiden at have fingeren p\u00e5 pulsen og v\u00e6re i stand til at udvikle nye l\u00f8sninger som respons p\u00e5 udviklingen. Vi l\u00e6rte meget under COVID19-nedlukningen, hvor vores digitale l\u00f8sningers muligheder, begr\u00e6nsninger og udfordringer blev meget tydelige og synliggjorde, hvor vigtigt det er, at vi som organisation lynhurtigt kan omstille os til en ny situation og etablere effektive l\u00f8sninger, der holder. D\u00e9t bliver uden tvivl Mias vigtigste rolle,&#8221; fastsl\u00e5r Hans Chr. Jeppesen.<\/p>\n<p>Og Mia Sannemand Borg er helt klar til at tage den opgave p\u00e5 sig.<\/p>\n<p>&#8220;Det bliver et sp\u00e6ndende nyt kapitel, som jeg gl\u00e6der enormt meget til. Jeg har en bachelor i digital design fra Aarhus Universitet, s\u00e5 min grunduddannelse har rod i den digitale verden, og jeg gl\u00e6der mig til at skulle bruge min faglighed og min erfaring med projektledelse til den vigtige opgave, der ligger i, at f\u00e5 skolens digitaliseringsstrategi ud at flyve i alle afdelinger og p\u00e5 alle niveauer, at sikre sammenh\u00e6ngskraften p\u00e5 tv\u00e6rs af afdelinger og projekter samt at bane vejen for nye, sp\u00e6ndende digitale tiltag,&#8221; lyder det fra Mia Sannemand Borg.<\/p>\n<hr \/>\n<p><em>Har du eller din virksomhed bidrag til navnesiden p\u00e5 KunMors. Send en e-mail til os p\u00e5: navne@kunmedierne.dk\/mors<\/em><\/p>\n","protected":false},"excerpt":{"rendered":"<p>Fra EUC Nordvest har vi modtaget: Mia Sannemand Borg tiltr\u00e6der pr. 1. september stillingen som digitaliseringschef i EUC Nordvest Mia Sannemand Borg har v\u00e6ret ansat hos EUC Nordvest siden december 2017, hvor hun tiltr\u00e5dte stillingen som projektleder p\u00e5 EU-projektet \u2019Iv\u00e6rks\u00e6tteri og jobskabelse\u2019. Ud over denne funktion har hun siden december 2019 fungeret som udviklingsmedarbejder i [&hellip;]<\/p>\n","protected":false},"author":264,"featured_media":29587,"comment_status":"open","ping_status":"open","sticky":false,"template":"","format":"standard","meta":{"_acf_changed":false,"footnotes":""},"categories":[52],"tags":[170],"class_list":["post-29584","post","type-post","status-publish","format-standard","has-post-thumbnail","hentry","category-navne","tag-uddannelse"],"acf":[],"yoast_head":"<!-- This site is optimized with the Yoast SEO plugin v26.8 - https:\/\/yoast.com\/product\/yoast-seo-wordpress\/ -->\n<title>EUC Nordvest ans\u00e6tter ny digitaliseringschef - Mors<\/title>\n<meta name=\"robots\" content=\"index, follow, max-snippet:-1, max-image-preview:large, max-video-preview:-1\" \/>\n<link rel=\"canonical\" href=\"https:\/\/kunmedierne.dk\/mors\/euc-nordvest-ansaetter-ny-digitaliseringschef\/\" \/>\n<meta property=\"og:locale\" content=\"da_DK\" \/>\n<meta property=\"og:type\" content=\"article\" \/>\n<meta property=\"og:title\" content=\"EUC Nordvest ans\u00e6tter ny digitaliseringschef - Mors\" \/>\n<meta property=\"og:description\" content=\"Fra EUC Nordvest har vi modtaget: Mia Sannemand Borg tiltr\u00e6der pr. 1. september stillingen som digitaliseringschef i EUC Nordvest Mia Sannemand Borg har v\u00e6ret ansat hos EUC Nordvest siden december 2017, hvor hun tiltr\u00e5dte stillingen som projektleder p\u00e5 EU-projektet \u2019Iv\u00e6rks\u00e6tteri og jobskabelse\u2019. Ud over denne funktion har hun siden december 2019 fungeret som udviklingsmedarbejder i [&hellip;]\" \/>\n<meta property=\"og:url\" content=\"https:\/\/kunmedierne.dk\/mors\/euc-nordvest-ansaetter-ny-digitaliseringschef\/\" \/>\n<meta property=\"og:site_name\" content=\"Mors\" \/>\n<meta property=\"article:published_time\" content=\"2020-08-14T08:52:04+00:00\" \/>\n<meta property=\"article:modified_time\" content=\"2024-08-12T11:44:18+00:00\" \/>\n<meta property=\"og:image\" content=\"https:\/\/kunmedierne.dk\/mors\/wp-content\/uploads\/2020\/08\/euc-mb.jpg\" \/>\n\t<meta property=\"og:image:width\" content=\"770\" \/>\n\t<meta property=\"og:image:height\" content=\"513\" \/>\n\t<meta property=\"og:image:type\" content=\"image\/jpeg\" \/>\n<meta name=\"author\" content=\"Navne\" \/>\n<meta name=\"twitter:card\" content=\"summary_large_image\" \/>\n<meta name=\"twitter:label1\" content=\"Skrevet af\" \/>\n\t<meta name=\"twitter:data1\" content=\"Navne\" \/>\n\t<meta name=\"twitter:label2\" content=\"Estimeret l\u00e6setid\" \/>\n\t<meta name=\"twitter:data2\" content=\"3 minutter\" \/>\n<script type=\"application\/ld+json\" class=\"yoast-schema-graph\">{\"@context\":\"https:\/\/schema.org\",\"@graph\":[{\"@type\":\"Article\",\"@id\":\"https:\/\/kunmedierne.dk\/mors\/euc-nordvest-ansaetter-ny-digitaliseringschef\/#article\",\"isPartOf\":{\"@id\":\"https:\/\/kunmedierne.dk\/mors\/euc-nordvest-ansaetter-ny-digitaliseringschef\/\"},\"author\":{\"name\":\"Navne\",\"@id\":\"https:\/\/kunmedierne.dk\/mors\/#\/schema\/person\/f084885f8161963bb583d8604763a6b7\"},\"headline\":\"EUC Nordvest ans\u00e6tter ny digitaliseringschef\",\"datePublished\":\"2020-08-14T08:52:04+00:00\",\"dateModified\":\"2024-08-12T11:44:18+00:00\",\"mainEntityOfPage\":{\"@id\":\"https:\/\/kunmedierne.dk\/mors\/euc-nordvest-ansaetter-ny-digitaliseringschef\/\"},\"wordCount\":516,\"commentCount\":0,\"publisher\":{\"@id\":\"https:\/\/kunmedierne.dk\/mors\/#organization\"},\"image\":{\"@id\":\"https:\/\/kunmedierne.dk\/mors\/euc-nordvest-ansaetter-ny-digitaliseringschef\/#primaryimage\"},\"thumbnailUrl\":\"https:\/\/kunmedierne.dk\/mors\/wp-content\/uploads\/2020\/08\/euc-mb.jpg\",\"keywords\":[\"Skoler og uddannelse\"],\"articleSection\":[\"Navne\"],\"inLanguage\":\"da-DK\",\"potentialAction\":[{\"@type\":\"CommentAction\",\"name\":\"Comment\",\"target\":[\"https:\/\/kunmedierne.dk\/mors\/euc-nordvest-ansaetter-ny-digitaliseringschef\/#respond\"]}]},{\"@type\":\"WebPage\",\"@id\":\"https:\/\/kunmedierne.dk\/mors\/euc-nordvest-ansaetter-ny-digitaliseringschef\/\",\"url\":\"https:\/\/kunmedierne.dk\/mors\/euc-nordvest-ansaetter-ny-digitaliseringschef\/\",\"name\":\"EUC Nordvest ans\u00e6tter ny digitaliseringschef - Mors\",\"isPartOf\":{\"@id\":\"https:\/\/kunmedierne.dk\/mors\/#website\"},\"primaryImageOfPage\":{\"@id\":\"https:\/\/kunmedierne.dk\/mors\/euc-nordvest-ansaetter-ny-digitaliseringschef\/#primaryimage\"},\"image\":{\"@id\":\"https:\/\/kunmedierne.dk\/mors\/euc-nordvest-ansaetter-ny-digitaliseringschef\/#primaryimage\"},\"thumbnailUrl\":\"https:\/\/kunmedierne.dk\/mors\/wp-content\/uploads\/2020\/08\/euc-mb.jpg\",\"datePublished\":\"2020-08-14T08:52:04+00:00\",\"dateModified\":\"2024-08-12T11:44:18+00:00\",\"breadcrumb\":{\"@id\":\"https:\/\/kunmedierne.dk\/mors\/euc-nordvest-ansaetter-ny-digitaliseringschef\/#breadcrumb\"},\"inLanguage\":\"da-DK\",\"potentialAction\":[{\"@type\":\"ReadAction\",\"target\":[\"https:\/\/kunmedierne.dk\/mors\/euc-nordvest-ansaetter-ny-digitaliseringschef\/\"]}]},{\"@type\":\"ImageObject\",\"inLanguage\":\"da-DK\",\"@id\":\"https:\/\/kunmedierne.dk\/mors\/euc-nordvest-ansaetter-ny-digitaliseringschef\/#primaryimage\",\"url\":\"https:\/\/kunmedierne.dk\/mors\/wp-content\/uploads\/2020\/08\/euc-mb.jpg\",\"contentUrl\":\"https:\/\/kunmedierne.dk\/mors\/wp-content\/uploads\/2020\/08\/euc-mb.jpg\",\"width\":770,\"height\":513,\"caption\":\"Mia Sannemand Borg. Foto: EUC Nordvest\"},{\"@type\":\"BreadcrumbList\",\"@id\":\"https:\/\/kunmedierne.dk\/mors\/euc-nordvest-ansaetter-ny-digitaliseringschef\/#breadcrumb\",\"itemListElement\":[{\"@type\":\"ListItem\",\"position\":1,\"name\":\"Hjem\",\"item\":\"https:\/\/kunmedierne.dk\/mors\/\"},{\"@type\":\"ListItem\",\"position\":2,\"name\":\"EUC Nordvest ans\u00e6tter ny digitaliseringschef\"}]},{\"@type\":\"WebSite\",\"@id\":\"https:\/\/kunmedierne.dk\/mors\/#website\",\"url\":\"https:\/\/kunmedierne.dk\/mors\/\",\"name\":\"Mors\",\"description\":\"et netmedie med journalistik om livet p\u00e5 Mors\",\"publisher\":{\"@id\":\"https:\/\/kunmedierne.dk\/mors\/#organization\"},\"potentialAction\":[{\"@type\":\"SearchAction\",\"target\":{\"@type\":\"EntryPoint\",\"urlTemplate\":\"https:\/\/kunmedierne.dk\/mors\/?s={search_term_string}\"},\"query-input\":{\"@type\":\"PropertyValueSpecification\",\"valueRequired\":true,\"valueName\":\"search_term_string\"}}],\"inLanguage\":\"da-DK\"},{\"@type\":\"Organization\",\"@id\":\"https:\/\/kunmedierne.dk\/mors\/#organization\",\"name\":\"Mors\",\"url\":\"https:\/\/kunmedierne.dk\/mors\/\",\"logo\":{\"@type\":\"ImageObject\",\"inLanguage\":\"da-DK\",\"@id\":\"https:\/\/kunmedierne.dk\/mors\/#\/schema\/logo\/image\/\",\"url\":\"https:\/\/kunmedierne.dk\/mors\/wp-content\/uploads\/2024\/08\/kunmors-logo.svg\",\"contentUrl\":\"https:\/\/kunmedierne.dk\/mors\/wp-content\/uploads\/2024\/08\/kunmors-logo.svg\",\"caption\":\"Mors\"},\"image\":{\"@id\":\"https:\/\/kunmedierne.dk\/mors\/#\/schema\/logo\/image\/\"}},{\"@type\":\"Person\",\"@id\":\"https:\/\/kunmedierne.dk\/mors\/#\/schema\/person\/f084885f8161963bb583d8604763a6b7\",\"name\":\"Navne\",\"image\":{\"@type\":\"ImageObject\",\"inLanguage\":\"da-DK\",\"@id\":\"https:\/\/kunmedierne.dk\/mors\/#\/schema\/person\/image\/\",\"url\":\"https:\/\/secure.gravatar.com\/avatar\/6f0953307eaee87813e8e3c90223d5589b093e56e7cc66b5575f901f7b5868a5?s=96&d=mm&r=g\",\"contentUrl\":\"https:\/\/secure.gravatar.com\/avatar\/6f0953307eaee87813e8e3c90223d5589b093e56e7cc66b5575f901f7b5868a5?s=96&d=mm&r=g\",\"caption\":\"Navne\"},\"url\":\"https:\/\/kunmedierne.dk\/mors\/author\/navne\/\"}]}<\/script>\n<!-- \/ Yoast SEO plugin. -->","yoast_head_json":{"title":"EUC Nordvest ans\u00e6tter ny digitaliseringschef - Mors","robots":{"index":"index","follow":"follow","max-snippet":"max-snippet:-1","max-image-preview":"max-image-preview:large","max-video-preview":"max-video-preview:-1"},"canonical":"https:\/\/kunmedierne.dk\/mors\/euc-nordvest-ansaetter-ny-digitaliseringschef\/","og_locale":"da_DK","og_type":"article","og_title":"EUC Nordvest ans\u00e6tter ny digitaliseringschef - Mors","og_description":"Fra EUC Nordvest har vi modtaget: Mia Sannemand Borg tiltr\u00e6der pr. 1. september stillingen som digitaliseringschef i EUC Nordvest Mia Sannemand Borg har v\u00e6ret ansat hos EUC Nordvest siden december 2017, hvor hun tiltr\u00e5dte stillingen som projektleder p\u00e5 EU-projektet \u2019Iv\u00e6rks\u00e6tteri og jobskabelse\u2019. Ud over denne funktion har hun siden december 2019 fungeret som udviklingsmedarbejder i [&hellip;]","og_url":"https:\/\/kunmedierne.dk\/mors\/euc-nordvest-ansaetter-ny-digitaliseringschef\/","og_site_name":"Mors","article_published_time":"2020-08-14T08:52:04+00:00","article_modified_time":"2024-08-12T11:44:18+00:00","og_image":[{"width":770,"height":513,"url":"https:\/\/kunmedierne.dk\/mors\/wp-content\/uploads\/2020\/08\/euc-mb.jpg","type":"image\/jpeg"}],"author":"Navne","twitter_card":"summary_large_image","twitter_misc":{"Skrevet af":"Navne","Estimeret l\u00e6setid":"3 minutter"},"schema":{"@context":"https:\/\/schema.org","@graph":[{"@type":"Article","@id":"https:\/\/kunmedierne.dk\/mors\/euc-nordvest-ansaetter-ny-digitaliseringschef\/#article","isPartOf":{"@id":"https:\/\/kunmedierne.dk\/mors\/euc-nordvest-ansaetter-ny-digitaliseringschef\/"},"author":{"name":"Navne","@id":"https:\/\/kunmedierne.dk\/mors\/#\/schema\/person\/f084885f8161963bb583d8604763a6b7"},"headline":"EUC Nordvest ans\u00e6tter ny digitaliseringschef","datePublished":"2020-08-14T08:52:04+00:00","dateModified":"2024-08-12T11:44:18+00:00","mainEntityOfPage":{"@id":"https:\/\/kunmedierne.dk\/mors\/euc-nordvest-ansaetter-ny-digitaliseringschef\/"},"wordCount":516,"commentCount":0,"publisher":{"@id":"https:\/\/kunmedierne.dk\/mors\/#organization"},"image":{"@id":"https:\/\/kunmedierne.dk\/mors\/euc-nordvest-ansaetter-ny-digitaliseringschef\/#primaryimage"},"thumbnailUrl":"https:\/\/kunmedierne.dk\/mors\/wp-content\/uploads\/2020\/08\/euc-mb.jpg","keywords":["Skoler og uddannelse"],"articleSection":["Navne"],"inLanguage":"da-DK","potentialAction":[{"@type":"CommentAction","name":"Comment","target":["https:\/\/kunmedierne.dk\/mors\/euc-nordvest-ansaetter-ny-digitaliseringschef\/#respond"]}]},{"@type":"WebPage","@id":"https:\/\/kunmedierne.dk\/mors\/euc-nordvest-ansaetter-ny-digitaliseringschef\/","url":"https:\/\/kunmedierne.dk\/mors\/euc-nordvest-ansaetter-ny-digitaliseringschef\/","name":"EUC Nordvest ans\u00e6tter ny digitaliseringschef - Mors","isPartOf":{"@id":"https:\/\/kunmedierne.dk\/mors\/#website"},"primaryImageOfPage":{"@id":"https:\/\/kunmedierne.dk\/mors\/euc-nordvest-ansaetter-ny-digitaliseringschef\/#primaryimage"},"image":{"@id":"https:\/\/kunmedierne.dk\/mors\/euc-nordvest-ansaetter-ny-digitaliseringschef\/#primaryimage"},"thumbnailUrl":"https:\/\/kunmedierne.dk\/mors\/wp-content\/uploads\/2020\/08\/euc-mb.jpg","datePublished":"2020-08-14T08:52:04+00:00","dateModified":"2024-08-12T11:44:18+00:00","breadcrumb":{"@id":"https:\/\/kunmedierne.dk\/mors\/euc-nordvest-ansaetter-ny-digitaliseringschef\/#breadcrumb"},"inLanguage":"da-DK","potentialAction":[{"@type":"ReadAction","target":["https:\/\/kunmedierne.dk\/mors\/euc-nordvest-ansaetter-ny-digitaliseringschef\/"]}]},{"@type":"ImageObject","inLanguage":"da-DK","@id":"https:\/\/kunmedierne.dk\/mors\/euc-nordvest-ansaetter-ny-digitaliseringschef\/#primaryimage","url":"https:\/\/kunmedierne.dk\/mors\/wp-content\/uploads\/2020\/08\/euc-mb.jpg","contentUrl":"https:\/\/kunmedierne.dk\/mors\/wp-content\/uploads\/2020\/08\/euc-mb.jpg","width":770,"height":513,"caption":"Mia Sannemand Borg. Foto: EUC Nordvest"},{"@type":"BreadcrumbList","@id":"https:\/\/kunmedierne.dk\/mors\/euc-nordvest-ansaetter-ny-digitaliseringschef\/#breadcrumb","itemListElement":[{"@type":"ListItem","position":1,"name":"Hjem","item":"https:\/\/kunmedierne.dk\/mors\/"},{"@type":"ListItem","position":2,"name":"EUC Nordvest ans\u00e6tter ny digitaliseringschef"}]},{"@type":"WebSite","@id":"https:\/\/kunmedierne.dk\/mors\/#website","url":"https:\/\/kunmedierne.dk\/mors\/","name":"Mors","description":"et netmedie med journalistik om livet p\u00e5 Mors","publisher":{"@id":"https:\/\/kunmedierne.dk\/mors\/#organization"},"potentialAction":[{"@type":"SearchAction","target":{"@type":"EntryPoint","urlTemplate":"https:\/\/kunmedierne.dk\/mors\/?s={search_term_string}"},"query-input":{"@type":"PropertyValueSpecification","valueRequired":true,"valueName":"search_term_string"}}],"inLanguage":"da-DK"},{"@type":"Organization","@id":"https:\/\/kunmedierne.dk\/mors\/#organization","name":"Mors","url":"https:\/\/kunmedierne.dk\/mors\/","logo":{"@type":"ImageObject","inLanguage":"da-DK","@id":"https:\/\/kunmedierne.dk\/mors\/#\/schema\/logo\/image\/","url":"https:\/\/kunmedierne.dk\/mors\/wp-content\/uploads\/2024\/08\/kunmors-logo.svg","contentUrl":"https:\/\/kunmedierne.dk\/mors\/wp-content\/uploads\/2024\/08\/kunmors-logo.svg","caption":"Mors"},"image":{"@id":"https:\/\/kunmedierne.dk\/mors\/#\/schema\/logo\/image\/"}},{"@type":"Person","@id":"https:\/\/kunmedierne.dk\/mors\/#\/schema\/person\/f084885f8161963bb583d8604763a6b7","name":"Navne","image":{"@type":"ImageObject","inLanguage":"da-DK","@id":"https:\/\/kunmedierne.dk\/mors\/#\/schema\/person\/image\/","url":"https:\/\/secure.gravatar.com\/avatar\/6f0953307eaee87813e8e3c90223d5589b093e56e7cc66b5575f901f7b5868a5?s=96&d=mm&r=g","contentUrl":"https:\/\/secure.gravatar.com\/avatar\/6f0953307eaee87813e8e3c90223d5589b093e56e7cc66b5575f901f7b5868a5?s=96&d=mm&r=g","caption":"Navne"},"url":"https:\/\/kunmedierne.dk\/mors\/author\/navne\/"}]}},"_links":{"self":[{"href":"https:\/\/kunmedierne.dk\/mors\/wp-json\/wp\/v2\/posts\/29584","targetHints":{"allow":["GET"]}}],"collection":[{"href":"https:\/\/kunmedierne.dk\/mors\/wp-json\/wp\/v2\/posts"}],"about":[{"href":"https:\/\/kunmedierne.dk\/mors\/wp-json\/wp\/v2\/types\/post"}],"author":[{"embeddable":true,"href":"https:\/\/kunmedierne.dk\/mors\/wp-json\/wp\/v2\/users\/264"}],"replies":[{"embeddable":true,"href":"https:\/\/kunmedierne.dk\/mors\/wp-json\/wp\/v2\/comments?post=29584"}],"version-history":[{"count":3,"href":"https:\/\/kunmedierne.dk\/mors\/wp-json\/wp\/v2\/posts\/29584\/revisions"}],"predecessor-version":[{"id":29588,"href":"https:\/\/kunmedierne.dk\/mors\/wp-json\/wp\/v2\/posts\/29584\/revisions\/29588"}],"wp:featuredmedia":[{"embeddable":true,"href":"https:\/\/kunmedierne.dk\/mors\/wp-json\/wp\/v2\/media\/29587"}],"wp:attachment":[{"href":"https:\/\/kunmedierne.dk\/mors\/wp-json\/wp\/v2\/media?parent=29584"}],"wp:term":[{"taxonomy":"category","embeddable":true,"href":"https:\/\/kunmedierne.dk\/mors\/wp-json\/wp\/v2\/categories?post=29584"},{"taxonomy":"post_tag","embeddable":true,"href":"https:\/\/kunmedierne.dk\/mors\/wp-json\/wp\/v2\/tags?post=29584"}],"curies":[{"name":"wp","href":"https:\/\/api.w.org\/{rel}","templated":true}]}}