{"id":2909,"date":"2020-01-17T17:38:32","date_gmt":"2020-01-17T16:38:32","guid":{"rendered":"https:\/\/kunmedierne.dk\/mors\/?p=2909"},"modified":"2024-08-12T14:07:45","modified_gmt":"2024-08-12T12:07:45","slug":"skal-vi-tillade-rensning-af-drikkevand-paa-mors-saa-laenge-der-er-alternativer","status":"publish","type":"post","link":"https:\/\/kunmedierne.dk\/mors\/skal-vi-tillade-rensning-af-drikkevand-paa-mors-saa-laenge-der-er-alternativer\/","title":{"rendered":"&#8211; Skal vi tillade rensning af drikkevand p\u00e5 Mors, s\u00e5 l\u00e6nge der er alternativer?"},"content":{"rendered":"<p><i>Debatindl\u00e6g af\u00a0Bo Fink, Sundbyvej 156, Sundby, Radikale Venstre, og\u00a0Jette Jepsen,\u00a0Agervejle 14. V. Hvidbjerg, medlem af kommunalbestyrelsen p\u00e5 Mors for Radikale Venstre.<br \/>\n<\/i><\/p>\n<p><strong>DRIKKEVAND<\/strong>: I Danmark er vi kendt for at have noget af det fineste drikkevand i vores undergrund, som vi kan drikke lige fra vandhanen. Det er en v\u00e6rdi, som vi skal v\u00e6rne om \u2013 ogs\u00e5 p\u00e5 Mors.<\/p>\n<p>Vandv\u00e6rket i Solbjerg har m\u00e5linger p\u00e5 to pesticidrester, der ligger over gr\u00e6nsev\u00e6rdien. Mors\u00f8 Kommune har i samr\u00e5d med Styrelsen for Patientsikkerhed givet vandv\u00e6rket to \u00e5r til at finde en l\u00f8sning p\u00e5 problemet. P\u00e5 den baggrund behandler udvalg for teknik og milj\u00f8 22. januar\u00a0et forslag om tilladelse til rensning af drikkevandet i et kulfilteranl\u00e6g i Solbjerg. Det fremg\u00e5r af bilagene til dagsordenspunktet, at det vil v\u00e6re billigere at koble Solbjerg vandv\u00e6rk p\u00e5 andre vandv\u00e6rker,\u00a0det kunne v\u00e6re enten\u00a0Sundby\u00a0eller\u00a0\u00d8.J\u00f8lby, end at sende drikkevandet gennem et rensningsanl\u00e6g med aktivt kul.<\/p>\n<p>Afg\u00f8relsen i Solbjerg er vigtig og principiel. Det handler om \u2013 om vi i Mors\u00f8 Kommunes vandforsyningsplan \u00f8nsker rent grundvand som ikke kr\u00e6ver behandling.\u00a0Hvis man ikke \u00f8nsker renset vand i hanerne, skal man alts\u00e5 sige nej til det f\u00f8rste kulfilteranl\u00e6g.<\/p>\n<p>Det Radikale Venstre\u00a0p\u00e5 Mors\u00a0\u00f8nsker, at der s\u00e6ttes en stopper for kulfilteranl\u00e6g for drikkevand ved vandv\u00e6rkerne p\u00e5 Mors, s\u00e5 l\u00e6nge det er muligt. Vi mener, at borgerne p\u00e5 Mors\u00a0skal have vished for, at det er almindeligt urenset grundvand, der ikke er sundhedsskadeligt, som kommer ud af hanerne.<\/p>\n<hr \/>\n<p><em>Har du et bidrag til den lokale debat? Send det til os p\u00e5 e-mail: debat@kunmedierne.dk\/mors. Husk at l\u00e6se korrektur inden afsendelse p\u00e5 indl\u00e6gget.<\/em><\/p>\n","protected":false},"excerpt":{"rendered":"<p>Debatindl\u00e6g af\u00a0Bo Fink, Sundbyvej 156, Sundby, Radikale Venstre, og\u00a0Jette Jepsen,\u00a0Agervejle 14. V. Hvidbjerg, medlem af kommunalbestyrelsen p\u00e5 Mors for Radikale Venstre. DRIKKEVAND: I Danmark er vi kendt for at have noget af det fineste drikkevand i vores undergrund, som vi kan drikke lige fra vandhanen. Det er en v\u00e6rdi, som vi skal v\u00e6rne om \u2013 [&hellip;]<\/p>\n","protected":false},"author":11,"featured_media":18975,"comment_status":"open","ping_status":"open","sticky":false,"template":"","format":"standard","meta":{"_acf_changed":false,"footnotes":""},"categories":[56],"tags":[167],"class_list":["post-2909","post","type-post","status-publish","format-standard","has-post-thumbnail","hentry","category-debat","tag-politik"],"acf":[],"yoast_head":"<!-- This site is optimized with the Yoast SEO plugin v26.8 - https:\/\/yoast.com\/product\/yoast-seo-wordpress\/ -->\n<title>- Skal vi tillade rensning af drikkevand p\u00e5 Mors, s\u00e5 l\u00e6nge der er alternativer? - Mors<\/title>\n<meta name=\"robots\" content=\"index, follow, max-snippet:-1, max-image-preview:large, max-video-preview:-1\" \/>\n<link rel=\"canonical\" href=\"https:\/\/kunmedierne.dk\/mors\/skal-vi-tillade-rensning-af-drikkevand-paa-mors-saa-laenge-der-er-alternativer\/\" \/>\n<meta property=\"og:locale\" content=\"da_DK\" \/>\n<meta property=\"og:type\" content=\"article\" \/>\n<meta property=\"og:title\" content=\"- Skal vi tillade rensning af drikkevand p\u00e5 Mors, s\u00e5 l\u00e6nge der er alternativer? - Mors\" \/>\n<meta property=\"og:description\" content=\"Debatindl\u00e6g af\u00a0Bo Fink, Sundbyvej 156, Sundby, Radikale Venstre, og\u00a0Jette Jepsen,\u00a0Agervejle 14. V. Hvidbjerg, medlem af kommunalbestyrelsen p\u00e5 Mors for Radikale Venstre. DRIKKEVAND: I Danmark er vi kendt for at have noget af det fineste drikkevand i vores undergrund, som vi kan drikke lige fra vandhanen. Det er en v\u00e6rdi, som vi skal v\u00e6rne om \u2013 [&hellip;]\" \/>\n<meta property=\"og:url\" content=\"https:\/\/kunmedierne.dk\/mors\/skal-vi-tillade-rensning-af-drikkevand-paa-mors-saa-laenge-der-er-alternativer\/\" \/>\n<meta property=\"og:site_name\" content=\"Mors\" \/>\n<meta property=\"article:published_time\" content=\"2020-01-17T16:38:32+00:00\" \/>\n<meta property=\"article:modified_time\" content=\"2024-08-12T12:07:45+00:00\" \/>\n<meta property=\"og:image\" content=\"https:\/\/kunmedierne.dk\/mors\/wp-content\/uploads\/2020\/01\/0-debat-jette-jepsen-R.jpg\" \/>\n\t<meta property=\"og:image:width\" content=\"770\" \/>\n\t<meta property=\"og:image:height\" content=\"513\" \/>\n\t<meta property=\"og:image:type\" content=\"image\/jpeg\" \/>\n<meta name=\"author\" content=\"Debat\" \/>\n<meta name=\"twitter:card\" content=\"summary_large_image\" \/>\n<meta name=\"twitter:label1\" content=\"Skrevet af\" \/>\n\t<meta name=\"twitter:data1\" content=\"Debat\" \/>\n\t<meta name=\"twitter:label2\" content=\"Estimeret l\u00e6setid\" \/>\n\t<meta name=\"twitter:data2\" content=\"1 minut\" \/>\n<script type=\"application\/ld+json\" class=\"yoast-schema-graph\">{\"@context\":\"https:\/\/schema.org\",\"@graph\":[{\"@type\":\"Article\",\"@id\":\"https:\/\/kunmedierne.dk\/mors\/skal-vi-tillade-rensning-af-drikkevand-paa-mors-saa-laenge-der-er-alternativer\/#article\",\"isPartOf\":{\"@id\":\"https:\/\/kunmedierne.dk\/mors\/skal-vi-tillade-rensning-af-drikkevand-paa-mors-saa-laenge-der-er-alternativer\/\"},\"author\":{\"name\":\"Debat\",\"@id\":\"https:\/\/kunmedierne.dk\/mors\/#\/schema\/person\/84c1391bce0b43b9bb3a49736bc0ad78\"},\"headline\":\"&#8211; Skal vi tillade rensning af drikkevand p\u00e5 Mors, s\u00e5 l\u00e6nge der er alternativer?\",\"datePublished\":\"2020-01-17T16:38:32+00:00\",\"dateModified\":\"2024-08-12T12:07:45+00:00\",\"mainEntityOfPage\":{\"@id\":\"https:\/\/kunmedierne.dk\/mors\/skal-vi-tillade-rensning-af-drikkevand-paa-mors-saa-laenge-der-er-alternativer\/\"},\"wordCount\":305,\"commentCount\":0,\"publisher\":{\"@id\":\"https:\/\/kunmedierne.dk\/mors\/#organization\"},\"image\":{\"@id\":\"https:\/\/kunmedierne.dk\/mors\/skal-vi-tillade-rensning-af-drikkevand-paa-mors-saa-laenge-der-er-alternativer\/#primaryimage\"},\"thumbnailUrl\":\"https:\/\/kunmedierne.dk\/mors\/wp-content\/uploads\/2020\/01\/0-debat-jette-jepsen-R.jpg\",\"keywords\":[\"Politik\"],\"articleSection\":[\"Debat\"],\"inLanguage\":\"da-DK\",\"potentialAction\":[{\"@type\":\"CommentAction\",\"name\":\"Comment\",\"target\":[\"https:\/\/kunmedierne.dk\/mors\/skal-vi-tillade-rensning-af-drikkevand-paa-mors-saa-laenge-der-er-alternativer\/#respond\"]}]},{\"@type\":\"WebPage\",\"@id\":\"https:\/\/kunmedierne.dk\/mors\/skal-vi-tillade-rensning-af-drikkevand-paa-mors-saa-laenge-der-er-alternativer\/\",\"url\":\"https:\/\/kunmedierne.dk\/mors\/skal-vi-tillade-rensning-af-drikkevand-paa-mors-saa-laenge-der-er-alternativer\/\",\"name\":\"- Skal vi tillade rensning af drikkevand p\u00e5 Mors, s\u00e5 l\u00e6nge der er alternativer? - Mors\",\"isPartOf\":{\"@id\":\"https:\/\/kunmedierne.dk\/mors\/#website\"},\"primaryImageOfPage\":{\"@id\":\"https:\/\/kunmedierne.dk\/mors\/skal-vi-tillade-rensning-af-drikkevand-paa-mors-saa-laenge-der-er-alternativer\/#primaryimage\"},\"image\":{\"@id\":\"https:\/\/kunmedierne.dk\/mors\/skal-vi-tillade-rensning-af-drikkevand-paa-mors-saa-laenge-der-er-alternativer\/#primaryimage\"},\"thumbnailUrl\":\"https:\/\/kunmedierne.dk\/mors\/wp-content\/uploads\/2020\/01\/0-debat-jette-jepsen-R.jpg\",\"datePublished\":\"2020-01-17T16:38:32+00:00\",\"dateModified\":\"2024-08-12T12:07:45+00:00\",\"breadcrumb\":{\"@id\":\"https:\/\/kunmedierne.dk\/mors\/skal-vi-tillade-rensning-af-drikkevand-paa-mors-saa-laenge-der-er-alternativer\/#breadcrumb\"},\"inLanguage\":\"da-DK\",\"potentialAction\":[{\"@type\":\"ReadAction\",\"target\":[\"https:\/\/kunmedierne.dk\/mors\/skal-vi-tillade-rensning-af-drikkevand-paa-mors-saa-laenge-der-er-alternativer\/\"]}]},{\"@type\":\"ImageObject\",\"inLanguage\":\"da-DK\",\"@id\":\"https:\/\/kunmedierne.dk\/mors\/skal-vi-tillade-rensning-af-drikkevand-paa-mors-saa-laenge-der-er-alternativer\/#primaryimage\",\"url\":\"https:\/\/kunmedierne.dk\/mors\/wp-content\/uploads\/2020\/01\/0-debat-jette-jepsen-R.jpg\",\"contentUrl\":\"https:\/\/kunmedierne.dk\/mors\/wp-content\/uploads\/2020\/01\/0-debat-jette-jepsen-R.jpg\",\"width\":770,\"height\":513,\"caption\":\"Jette Jepsen (RV). Foto: Per Bech\/Mors\u00f8 Kommune.\"},{\"@type\":\"BreadcrumbList\",\"@id\":\"https:\/\/kunmedierne.dk\/mors\/skal-vi-tillade-rensning-af-drikkevand-paa-mors-saa-laenge-der-er-alternativer\/#breadcrumb\",\"itemListElement\":[{\"@type\":\"ListItem\",\"position\":1,\"name\":\"Hjem\",\"item\":\"https:\/\/kunmedierne.dk\/mors\/\"},{\"@type\":\"ListItem\",\"position\":2,\"name\":\"&#8211; Skal vi tillade rensning af drikkevand p\u00e5 Mors, s\u00e5 l\u00e6nge der er alternativer?\"}]},{\"@type\":\"WebSite\",\"@id\":\"https:\/\/kunmedierne.dk\/mors\/#website\",\"url\":\"https:\/\/kunmedierne.dk\/mors\/\",\"name\":\"Mors\",\"description\":\"et netmedie med journalistik om livet p\u00e5 Mors\",\"publisher\":{\"@id\":\"https:\/\/kunmedierne.dk\/mors\/#organization\"},\"potentialAction\":[{\"@type\":\"SearchAction\",\"target\":{\"@type\":\"EntryPoint\",\"urlTemplate\":\"https:\/\/kunmedierne.dk\/mors\/?s={search_term_string}\"},\"query-input\":{\"@type\":\"PropertyValueSpecification\",\"valueRequired\":true,\"valueName\":\"search_term_string\"}}],\"inLanguage\":\"da-DK\"},{\"@type\":\"Organization\",\"@id\":\"https:\/\/kunmedierne.dk\/mors\/#organization\",\"name\":\"Mors\",\"url\":\"https:\/\/kunmedierne.dk\/mors\/\",\"logo\":{\"@type\":\"ImageObject\",\"inLanguage\":\"da-DK\",\"@id\":\"https:\/\/kunmedierne.dk\/mors\/#\/schema\/logo\/image\/\",\"url\":\"https:\/\/kunmedierne.dk\/mors\/wp-content\/uploads\/2024\/08\/kunmors-logo.svg\",\"contentUrl\":\"https:\/\/kunmedierne.dk\/mors\/wp-content\/uploads\/2024\/08\/kunmors-logo.svg\",\"caption\":\"Mors\"},\"image\":{\"@id\":\"https:\/\/kunmedierne.dk\/mors\/#\/schema\/logo\/image\/\"}},{\"@type\":\"Person\",\"@id\":\"https:\/\/kunmedierne.dk\/mors\/#\/schema\/person\/84c1391bce0b43b9bb3a49736bc0ad78\",\"name\":\"Debat\",\"image\":{\"@type\":\"ImageObject\",\"inLanguage\":\"da-DK\",\"@id\":\"https:\/\/kunmedierne.dk\/mors\/#\/schema\/person\/image\/\",\"url\":\"https:\/\/secure.gravatar.com\/avatar\/b0fb2e221d618f7c65162ab0d49c7e8a0b580c871ca03af90e42b47b4150654c?s=96&d=mm&r=g\",\"contentUrl\":\"https:\/\/secure.gravatar.com\/avatar\/b0fb2e221d618f7c65162ab0d49c7e8a0b580c871ca03af90e42b47b4150654c?s=96&d=mm&r=g\",\"caption\":\"Debat\"},\"url\":\"https:\/\/kunmedierne.dk\/mors\/author\/debat\/\"}]}<\/script>\n<!-- \/ Yoast SEO plugin. -->","yoast_head_json":{"title":"- Skal vi tillade rensning af drikkevand p\u00e5 Mors, s\u00e5 l\u00e6nge der er alternativer? - Mors","robots":{"index":"index","follow":"follow","max-snippet":"max-snippet:-1","max-image-preview":"max-image-preview:large","max-video-preview":"max-video-preview:-1"},"canonical":"https:\/\/kunmedierne.dk\/mors\/skal-vi-tillade-rensning-af-drikkevand-paa-mors-saa-laenge-der-er-alternativer\/","og_locale":"da_DK","og_type":"article","og_title":"- Skal vi tillade rensning af drikkevand p\u00e5 Mors, s\u00e5 l\u00e6nge der er alternativer? - Mors","og_description":"Debatindl\u00e6g af\u00a0Bo Fink, Sundbyvej 156, Sundby, Radikale Venstre, og\u00a0Jette Jepsen,\u00a0Agervejle 14. V. Hvidbjerg, medlem af kommunalbestyrelsen p\u00e5 Mors for Radikale Venstre. DRIKKEVAND: I Danmark er vi kendt for at have noget af det fineste drikkevand i vores undergrund, som vi kan drikke lige fra vandhanen. Det er en v\u00e6rdi, som vi skal v\u00e6rne om \u2013 [&hellip;]","og_url":"https:\/\/kunmedierne.dk\/mors\/skal-vi-tillade-rensning-af-drikkevand-paa-mors-saa-laenge-der-er-alternativer\/","og_site_name":"Mors","article_published_time":"2020-01-17T16:38:32+00:00","article_modified_time":"2024-08-12T12:07:45+00:00","og_image":[{"width":770,"height":513,"url":"https:\/\/kunmedierne.dk\/mors\/wp-content\/uploads\/2020\/01\/0-debat-jette-jepsen-R.jpg","type":"image\/jpeg"}],"author":"Debat","twitter_card":"summary_large_image","twitter_misc":{"Skrevet af":"Debat","Estimeret l\u00e6setid":"1 minut"},"schema":{"@context":"https:\/\/schema.org","@graph":[{"@type":"Article","@id":"https:\/\/kunmedierne.dk\/mors\/skal-vi-tillade-rensning-af-drikkevand-paa-mors-saa-laenge-der-er-alternativer\/#article","isPartOf":{"@id":"https:\/\/kunmedierne.dk\/mors\/skal-vi-tillade-rensning-af-drikkevand-paa-mors-saa-laenge-der-er-alternativer\/"},"author":{"name":"Debat","@id":"https:\/\/kunmedierne.dk\/mors\/#\/schema\/person\/84c1391bce0b43b9bb3a49736bc0ad78"},"headline":"&#8211; Skal vi tillade rensning af drikkevand p\u00e5 Mors, s\u00e5 l\u00e6nge der er alternativer?","datePublished":"2020-01-17T16:38:32+00:00","dateModified":"2024-08-12T12:07:45+00:00","mainEntityOfPage":{"@id":"https:\/\/kunmedierne.dk\/mors\/skal-vi-tillade-rensning-af-drikkevand-paa-mors-saa-laenge-der-er-alternativer\/"},"wordCount":305,"commentCount":0,"publisher":{"@id":"https:\/\/kunmedierne.dk\/mors\/#organization"},"image":{"@id":"https:\/\/kunmedierne.dk\/mors\/skal-vi-tillade-rensning-af-drikkevand-paa-mors-saa-laenge-der-er-alternativer\/#primaryimage"},"thumbnailUrl":"https:\/\/kunmedierne.dk\/mors\/wp-content\/uploads\/2020\/01\/0-debat-jette-jepsen-R.jpg","keywords":["Politik"],"articleSection":["Debat"],"inLanguage":"da-DK","potentialAction":[{"@type":"CommentAction","name":"Comment","target":["https:\/\/kunmedierne.dk\/mors\/skal-vi-tillade-rensning-af-drikkevand-paa-mors-saa-laenge-der-er-alternativer\/#respond"]}]},{"@type":"WebPage","@id":"https:\/\/kunmedierne.dk\/mors\/skal-vi-tillade-rensning-af-drikkevand-paa-mors-saa-laenge-der-er-alternativer\/","url":"https:\/\/kunmedierne.dk\/mors\/skal-vi-tillade-rensning-af-drikkevand-paa-mors-saa-laenge-der-er-alternativer\/","name":"- Skal vi tillade rensning af drikkevand p\u00e5 Mors, s\u00e5 l\u00e6nge der er alternativer? - Mors","isPartOf":{"@id":"https:\/\/kunmedierne.dk\/mors\/#website"},"primaryImageOfPage":{"@id":"https:\/\/kunmedierne.dk\/mors\/skal-vi-tillade-rensning-af-drikkevand-paa-mors-saa-laenge-der-er-alternativer\/#primaryimage"},"image":{"@id":"https:\/\/kunmedierne.dk\/mors\/skal-vi-tillade-rensning-af-drikkevand-paa-mors-saa-laenge-der-er-alternativer\/#primaryimage"},"thumbnailUrl":"https:\/\/kunmedierne.dk\/mors\/wp-content\/uploads\/2020\/01\/0-debat-jette-jepsen-R.jpg","datePublished":"2020-01-17T16:38:32+00:00","dateModified":"2024-08-12T12:07:45+00:00","breadcrumb":{"@id":"https:\/\/kunmedierne.dk\/mors\/skal-vi-tillade-rensning-af-drikkevand-paa-mors-saa-laenge-der-er-alternativer\/#breadcrumb"},"inLanguage":"da-DK","potentialAction":[{"@type":"ReadAction","target":["https:\/\/kunmedierne.dk\/mors\/skal-vi-tillade-rensning-af-drikkevand-paa-mors-saa-laenge-der-er-alternativer\/"]}]},{"@type":"ImageObject","inLanguage":"da-DK","@id":"https:\/\/kunmedierne.dk\/mors\/skal-vi-tillade-rensning-af-drikkevand-paa-mors-saa-laenge-der-er-alternativer\/#primaryimage","url":"https:\/\/kunmedierne.dk\/mors\/wp-content\/uploads\/2020\/01\/0-debat-jette-jepsen-R.jpg","contentUrl":"https:\/\/kunmedierne.dk\/mors\/wp-content\/uploads\/2020\/01\/0-debat-jette-jepsen-R.jpg","width":770,"height":513,"caption":"Jette Jepsen (RV). Foto: Per Bech\/Mors\u00f8 Kommune."},{"@type":"BreadcrumbList","@id":"https:\/\/kunmedierne.dk\/mors\/skal-vi-tillade-rensning-af-drikkevand-paa-mors-saa-laenge-der-er-alternativer\/#breadcrumb","itemListElement":[{"@type":"ListItem","position":1,"name":"Hjem","item":"https:\/\/kunmedierne.dk\/mors\/"},{"@type":"ListItem","position":2,"name":"&#8211; Skal vi tillade rensning af drikkevand p\u00e5 Mors, s\u00e5 l\u00e6nge der er alternativer?"}]},{"@type":"WebSite","@id":"https:\/\/kunmedierne.dk\/mors\/#website","url":"https:\/\/kunmedierne.dk\/mors\/","name":"Mors","description":"et netmedie med journalistik om livet p\u00e5 Mors","publisher":{"@id":"https:\/\/kunmedierne.dk\/mors\/#organization"},"potentialAction":[{"@type":"SearchAction","target":{"@type":"EntryPoint","urlTemplate":"https:\/\/kunmedierne.dk\/mors\/?s={search_term_string}"},"query-input":{"@type":"PropertyValueSpecification","valueRequired":true,"valueName":"search_term_string"}}],"inLanguage":"da-DK"},{"@type":"Organization","@id":"https:\/\/kunmedierne.dk\/mors\/#organization","name":"Mors","url":"https:\/\/kunmedierne.dk\/mors\/","logo":{"@type":"ImageObject","inLanguage":"da-DK","@id":"https:\/\/kunmedierne.dk\/mors\/#\/schema\/logo\/image\/","url":"https:\/\/kunmedierne.dk\/mors\/wp-content\/uploads\/2024\/08\/kunmors-logo.svg","contentUrl":"https:\/\/kunmedierne.dk\/mors\/wp-content\/uploads\/2024\/08\/kunmors-logo.svg","caption":"Mors"},"image":{"@id":"https:\/\/kunmedierne.dk\/mors\/#\/schema\/logo\/image\/"}},{"@type":"Person","@id":"https:\/\/kunmedierne.dk\/mors\/#\/schema\/person\/84c1391bce0b43b9bb3a49736bc0ad78","name":"Debat","image":{"@type":"ImageObject","inLanguage":"da-DK","@id":"https:\/\/kunmedierne.dk\/mors\/#\/schema\/person\/image\/","url":"https:\/\/secure.gravatar.com\/avatar\/b0fb2e221d618f7c65162ab0d49c7e8a0b580c871ca03af90e42b47b4150654c?s=96&d=mm&r=g","contentUrl":"https:\/\/secure.gravatar.com\/avatar\/b0fb2e221d618f7c65162ab0d49c7e8a0b580c871ca03af90e42b47b4150654c?s=96&d=mm&r=g","caption":"Debat"},"url":"https:\/\/kunmedierne.dk\/mors\/author\/debat\/"}]}},"_links":{"self":[{"href":"https:\/\/kunmedierne.dk\/mors\/wp-json\/wp\/v2\/posts\/2909","targetHints":{"allow":["GET"]}}],"collection":[{"href":"https:\/\/kunmedierne.dk\/mors\/wp-json\/wp\/v2\/posts"}],"about":[{"href":"https:\/\/kunmedierne.dk\/mors\/wp-json\/wp\/v2\/types\/post"}],"author":[{"embeddable":true,"href":"https:\/\/kunmedierne.dk\/mors\/wp-json\/wp\/v2\/users\/11"}],"replies":[{"embeddable":true,"href":"https:\/\/kunmedierne.dk\/mors\/wp-json\/wp\/v2\/comments?post=2909"}],"version-history":[{"count":8,"href":"https:\/\/kunmedierne.dk\/mors\/wp-json\/wp\/v2\/posts\/2909\/revisions"}],"predecessor-version":[{"id":33014,"href":"https:\/\/kunmedierne.dk\/mors\/wp-json\/wp\/v2\/posts\/2909\/revisions\/33014"}],"wp:featuredmedia":[{"embeddable":true,"href":"https:\/\/kunmedierne.dk\/mors\/wp-json\/wp\/v2\/media\/18975"}],"wp:attachment":[{"href":"https:\/\/kunmedierne.dk\/mors\/wp-json\/wp\/v2\/media?parent=2909"}],"wp:term":[{"taxonomy":"category","embeddable":true,"href":"https:\/\/kunmedierne.dk\/mors\/wp-json\/wp\/v2\/categories?post=2909"},{"taxonomy":"post_tag","embeddable":true,"href":"https:\/\/kunmedierne.dk\/mors\/wp-json\/wp\/v2\/tags?post=2909"}],"curies":[{"name":"wp","href":"https:\/\/api.w.org\/{rel}","templated":true}]}}