{"id":29073,"date":"2020-08-06T09:37:37","date_gmt":"2020-08-06T07:37:37","guid":{"rendered":"https:\/\/kunmedierne.dk\/mors\/?p=29073"},"modified":"2024-08-12T13:44:20","modified_gmt":"2024-08-12T11:44:20","slug":"kulturmoedet-mere-relevant-end-nogensinde","status":"publish","type":"post","link":"https:\/\/kunmedierne.dk\/mors\/kulturmoedet-mere-relevant-end-nogensinde\/","title":{"rendered":"Kulturm\u00f8det: &#8211; Mere relevant end nogensinde"},"content":{"rendered":"<p><strong>MORS<\/strong>: Det bliver kultur p\u00e5 afstand, men det bliver stadig kultur, n\u00e5r den digitale 2020-udgave bl\u00e6nder op for sit program.<\/p>\n<p>Kulturm\u00f8det 2020 har i en pressemeddelelse en bid af programmet for dagene 20.-22. august, hvor man blandt kan m\u00f8de kulturpersoner som blandt mange andre filminstrukt\u00f8r Per Fly, billedhuggeren Ingvar Cronhammer, kulturminister Joy Mogensen (S) og tv-v\u00e6rten Clement Kjersgaard.<\/p>\n<p>&#8220;Corona-krisen har bragt det danske kulturliv i en historisk stor krise. S\u00e5ledes er der et endnu st\u00f8rre behov for at f\u00e5 debatteret og perspektiveret kunsten og kulturens potentialer og udfordringer \u2013 og det er lige pr\u00e6cis det, som denne digitale 2020-udgave af Kulturm\u00f8det byder p\u00e5,&#8221; hedder det i pressemeddelelsen, som tilf\u00f8jer, at alle arrangementer, der i \u00e5r best\u00e5r af paneldebatter og dybdeg\u00e5ende samtaler, bliver livestreamet fra henholdsvis Mors og K\u00f8benhavn.<\/p>\n<p>&#8220;Dermed kan alle interesserede v\u00e6re med \u2013 sammen eller hver for sig \u2013 fra den 20.-22. august,&#8221; lyder det.<\/p>\n<p>Trine Bang, Kulturm\u00f8dets direkt\u00f8r, ser frem til en virtuel udgave af Kulturm\u00f8det:<\/p>\n<p>\u201dVi havde selvf\u00f8lgelig gl\u00e6det os til at m\u00f8des p\u00e5 Mors. Men n\u00e5r det er sagt, s\u00e5 har det v\u00e6ret en sp\u00e6ndende udfordring at transformere Kulturm\u00f8det digitalt. Det synes jeg i d\u00e9n grad, at vi er lykkedes med, for det er et exceptionelt st\u00e6rkt program, vi har sat sammen \u2013 og nu kan vi komme ud til hele Danmark. Pandemien har kun givet Kulturm\u00f8det en endnu st\u00f8rre relevans, end det allerede havde i forvejen,&#8221; siger hun.<\/p>\n<p>Hele programmet kan ses p\u00e5 Kulturm\u00f8dets <a href=\"https:\/\/www.kulturmoedet.dk\/\" target=\"_blank\" rel=\"noopener noreferrer\">hjemmeside<\/a>.<\/p>\n","protected":false},"excerpt":{"rendered":"<p>MORS: Det bliver kultur p\u00e5 afstand, men det bliver stadig kultur, n\u00e5r den digitale 2020-udgave bl\u00e6nder op for sit program. Kulturm\u00f8det 2020 har i en pressemeddelelse en bid af programmet for dagene 20.-22. august, hvor man blandt kan m\u00f8de kulturpersoner som blandt mange andre filminstrukt\u00f8r Per Fly, billedhuggeren Ingvar Cronhammer, kulturminister Joy Mogensen (S) og [&hellip;]<\/p>\n","protected":false},"author":8,"featured_media":19442,"comment_status":"open","ping_status":"open","sticky":false,"template":"","format":"standard","meta":{"_acf_changed":false,"footnotes":""},"categories":[49],"tags":[162],"class_list":["post-29073","post","type-post","status-publish","format-standard","has-post-thumbnail","hentry","category-kultur","tag-kulturmoedet"],"acf":[],"yoast_head":"<!-- This site is optimized with the Yoast SEO plugin v26.8 - https:\/\/yoast.com\/product\/yoast-seo-wordpress\/ -->\n<title>Kulturm\u00f8det: - Mere relevant end nogensinde - Mors<\/title>\n<meta name=\"robots\" content=\"index, follow, max-snippet:-1, max-image-preview:large, max-video-preview:-1\" \/>\n<link rel=\"canonical\" href=\"https:\/\/kunmedierne.dk\/mors\/kulturmoedet-mere-relevant-end-nogensinde\/\" \/>\n<meta property=\"og:locale\" content=\"da_DK\" \/>\n<meta property=\"og:type\" content=\"article\" \/>\n<meta property=\"og:title\" content=\"Kulturm\u00f8det: - Mere relevant end nogensinde - Mors\" \/>\n<meta property=\"og:description\" content=\"MORS: Det bliver kultur p\u00e5 afstand, men det bliver stadig kultur, n\u00e5r den digitale 2020-udgave bl\u00e6nder op for sit program. Kulturm\u00f8det 2020 har i en pressemeddelelse en bid af programmet for dagene 20.-22. august, hvor man blandt kan m\u00f8de kulturpersoner som blandt mange andre filminstrukt\u00f8r Per Fly, billedhuggeren Ingvar Cronhammer, kulturminister Joy Mogensen (S) og [&hellip;]\" \/>\n<meta property=\"og:url\" content=\"https:\/\/kunmedierne.dk\/mors\/kulturmoedet-mere-relevant-end-nogensinde\/\" \/>\n<meta property=\"og:site_name\" content=\"Mors\" \/>\n<meta property=\"article:published_time\" content=\"2020-08-06T07:37:37+00:00\" \/>\n<meta property=\"article:modified_time\" content=\"2024-08-12T11:44:20+00:00\" \/>\n<meta property=\"og:image\" content=\"https:\/\/kunmedierne.dk\/mors\/wp-content\/uploads\/2020\/04\/kulturm\u00f8de2019-3.jpg\" \/>\n\t<meta property=\"og:image:width\" content=\"770\" \/>\n\t<meta property=\"og:image:height\" content=\"514\" \/>\n\t<meta property=\"og:image:type\" content=\"image\/jpeg\" \/>\n<meta name=\"author\" content=\"David H\u00f8jmark\" \/>\n<meta name=\"twitter:card\" content=\"summary_large_image\" \/>\n<meta name=\"twitter:label1\" content=\"Skrevet af\" \/>\n\t<meta name=\"twitter:data1\" content=\"David H\u00f8jmark\" \/>\n\t<meta name=\"twitter:label2\" content=\"Estimeret l\u00e6setid\" \/>\n\t<meta name=\"twitter:data2\" content=\"1 minut\" \/>\n<script type=\"application\/ld+json\" class=\"yoast-schema-graph\">{\"@context\":\"https:\/\/schema.org\",\"@graph\":[{\"@type\":\"Article\",\"@id\":\"https:\/\/kunmedierne.dk\/mors\/kulturmoedet-mere-relevant-end-nogensinde\/#article\",\"isPartOf\":{\"@id\":\"https:\/\/kunmedierne.dk\/mors\/kulturmoedet-mere-relevant-end-nogensinde\/\"},\"author\":{\"name\":\"David H\u00f8jmark\",\"@id\":\"https:\/\/kunmedierne.dk\/mors\/#\/schema\/person\/5fe23251bf1d0abbcdc6f7896579d548\"},\"headline\":\"Kulturm\u00f8det: &#8211; Mere relevant end nogensinde\",\"datePublished\":\"2020-08-06T07:37:37+00:00\",\"dateModified\":\"2024-08-12T11:44:20+00:00\",\"mainEntityOfPage\":{\"@id\":\"https:\/\/kunmedierne.dk\/mors\/kulturmoedet-mere-relevant-end-nogensinde\/\"},\"wordCount\":273,\"commentCount\":0,\"publisher\":{\"@id\":\"https:\/\/kunmedierne.dk\/mors\/#organization\"},\"image\":{\"@id\":\"https:\/\/kunmedierne.dk\/mors\/kulturmoedet-mere-relevant-end-nogensinde\/#primaryimage\"},\"thumbnailUrl\":\"https:\/\/kunmedierne.dk\/mors\/wp-content\/uploads\/2020\/04\/kulturm\u00f8de2019-3.jpg\",\"keywords\":[\"Kulturm\u00f8det\"],\"articleSection\":[\"Kultur\"],\"inLanguage\":\"da-DK\",\"potentialAction\":[{\"@type\":\"CommentAction\",\"name\":\"Comment\",\"target\":[\"https:\/\/kunmedierne.dk\/mors\/kulturmoedet-mere-relevant-end-nogensinde\/#respond\"]}]},{\"@type\":\"WebPage\",\"@id\":\"https:\/\/kunmedierne.dk\/mors\/kulturmoedet-mere-relevant-end-nogensinde\/\",\"url\":\"https:\/\/kunmedierne.dk\/mors\/kulturmoedet-mere-relevant-end-nogensinde\/\",\"name\":\"Kulturm\u00f8det: - Mere relevant end nogensinde - Mors\",\"isPartOf\":{\"@id\":\"https:\/\/kunmedierne.dk\/mors\/#website\"},\"primaryImageOfPage\":{\"@id\":\"https:\/\/kunmedierne.dk\/mors\/kulturmoedet-mere-relevant-end-nogensinde\/#primaryimage\"},\"image\":{\"@id\":\"https:\/\/kunmedierne.dk\/mors\/kulturmoedet-mere-relevant-end-nogensinde\/#primaryimage\"},\"thumbnailUrl\":\"https:\/\/kunmedierne.dk\/mors\/wp-content\/uploads\/2020\/04\/kulturm\u00f8de2019-3.jpg\",\"datePublished\":\"2020-08-06T07:37:37+00:00\",\"dateModified\":\"2024-08-12T11:44:20+00:00\",\"breadcrumb\":{\"@id\":\"https:\/\/kunmedierne.dk\/mors\/kulturmoedet-mere-relevant-end-nogensinde\/#breadcrumb\"},\"inLanguage\":\"da-DK\",\"potentialAction\":[{\"@type\":\"ReadAction\",\"target\":[\"https:\/\/kunmedierne.dk\/mors\/kulturmoedet-mere-relevant-end-nogensinde\/\"]}]},{\"@type\":\"ImageObject\",\"inLanguage\":\"da-DK\",\"@id\":\"https:\/\/kunmedierne.dk\/mors\/kulturmoedet-mere-relevant-end-nogensinde\/#primaryimage\",\"url\":\"https:\/\/kunmedierne.dk\/mors\/wp-content\/uploads\/2020\/04\/kulturm\u00f8de2019-3.jpg\",\"contentUrl\":\"https:\/\/kunmedierne.dk\/mors\/wp-content\/uploads\/2020\/04\/kulturm\u00f8de2019-3.jpg\",\"width\":770,\"height\":514,\"caption\":\"Clement Kjersgaard kommer ogs\u00e5 til at spille en rolle i Kulturm\u00f8det 2020. Foto: Per Bille\/Kulturm\u00f8det Mors.\"},{\"@type\":\"BreadcrumbList\",\"@id\":\"https:\/\/kunmedierne.dk\/mors\/kulturmoedet-mere-relevant-end-nogensinde\/#breadcrumb\",\"itemListElement\":[{\"@type\":\"ListItem\",\"position\":1,\"name\":\"Hjem\",\"item\":\"https:\/\/kunmedierne.dk\/mors\/\"},{\"@type\":\"ListItem\",\"position\":2,\"name\":\"Kulturm\u00f8det: &#8211; Mere relevant end nogensinde\"}]},{\"@type\":\"WebSite\",\"@id\":\"https:\/\/kunmedierne.dk\/mors\/#website\",\"url\":\"https:\/\/kunmedierne.dk\/mors\/\",\"name\":\"Mors\",\"description\":\"et netmedie med journalistik om livet p\u00e5 Mors\",\"publisher\":{\"@id\":\"https:\/\/kunmedierne.dk\/mors\/#organization\"},\"potentialAction\":[{\"@type\":\"SearchAction\",\"target\":{\"@type\":\"EntryPoint\",\"urlTemplate\":\"https:\/\/kunmedierne.dk\/mors\/?s={search_term_string}\"},\"query-input\":{\"@type\":\"PropertyValueSpecification\",\"valueRequired\":true,\"valueName\":\"search_term_string\"}}],\"inLanguage\":\"da-DK\"},{\"@type\":\"Organization\",\"@id\":\"https:\/\/kunmedierne.dk\/mors\/#organization\",\"name\":\"Mors\",\"url\":\"https:\/\/kunmedierne.dk\/mors\/\",\"logo\":{\"@type\":\"ImageObject\",\"inLanguage\":\"da-DK\",\"@id\":\"https:\/\/kunmedierne.dk\/mors\/#\/schema\/logo\/image\/\",\"url\":\"https:\/\/kunmedierne.dk\/mors\/wp-content\/uploads\/2024\/08\/kunmors-logo.svg\",\"contentUrl\":\"https:\/\/kunmedierne.dk\/mors\/wp-content\/uploads\/2024\/08\/kunmors-logo.svg\",\"caption\":\"Mors\"},\"image\":{\"@id\":\"https:\/\/kunmedierne.dk\/mors\/#\/schema\/logo\/image\/\"}},{\"@type\":\"Person\",\"@id\":\"https:\/\/kunmedierne.dk\/mors\/#\/schema\/person\/5fe23251bf1d0abbcdc6f7896579d548\",\"name\":\"David H\u00f8jmark\",\"image\":{\"@type\":\"ImageObject\",\"inLanguage\":\"da-DK\",\"@id\":\"https:\/\/kunmedierne.dk\/mors\/#\/schema\/person\/image\/\",\"url\":\"https:\/\/secure.gravatar.com\/avatar\/4315d6fb9ef244d729989f5f90268eb08d5bf8a3d84402f595fa194bb35784fd?s=96&d=mm&r=g\",\"contentUrl\":\"https:\/\/secure.gravatar.com\/avatar\/4315d6fb9ef244d729989f5f90268eb08d5bf8a3d84402f595fa194bb35784fd?s=96&d=mm&r=g\",\"caption\":\"David H\u00f8jmark\"},\"sameAs\":[\"https:\/\/www.kunmedierne.dk\"],\"url\":\"https:\/\/kunmedierne.dk\/mors\/author\/david\/\"}]}<\/script>\n<!-- \/ Yoast SEO plugin. -->","yoast_head_json":{"title":"Kulturm\u00f8det: - Mere relevant end nogensinde - Mors","robots":{"index":"index","follow":"follow","max-snippet":"max-snippet:-1","max-image-preview":"max-image-preview:large","max-video-preview":"max-video-preview:-1"},"canonical":"https:\/\/kunmedierne.dk\/mors\/kulturmoedet-mere-relevant-end-nogensinde\/","og_locale":"da_DK","og_type":"article","og_title":"Kulturm\u00f8det: - Mere relevant end nogensinde - Mors","og_description":"MORS: Det bliver kultur p\u00e5 afstand, men det bliver stadig kultur, n\u00e5r den digitale 2020-udgave bl\u00e6nder op for sit program. Kulturm\u00f8det 2020 har i en pressemeddelelse en bid af programmet for dagene 20.-22. august, hvor man blandt kan m\u00f8de kulturpersoner som blandt mange andre filminstrukt\u00f8r Per Fly, billedhuggeren Ingvar Cronhammer, kulturminister Joy Mogensen (S) og [&hellip;]","og_url":"https:\/\/kunmedierne.dk\/mors\/kulturmoedet-mere-relevant-end-nogensinde\/","og_site_name":"Mors","article_published_time":"2020-08-06T07:37:37+00:00","article_modified_time":"2024-08-12T11:44:20+00:00","og_image":[{"width":770,"height":514,"url":"https:\/\/kunmedierne.dk\/mors\/wp-content\/uploads\/2020\/04\/kulturm\u00f8de2019-3.jpg","type":"image\/jpeg"}],"author":"David H\u00f8jmark","twitter_card":"summary_large_image","twitter_misc":{"Skrevet af":"David H\u00f8jmark","Estimeret l\u00e6setid":"1 minut"},"schema":{"@context":"https:\/\/schema.org","@graph":[{"@type":"Article","@id":"https:\/\/kunmedierne.dk\/mors\/kulturmoedet-mere-relevant-end-nogensinde\/#article","isPartOf":{"@id":"https:\/\/kunmedierne.dk\/mors\/kulturmoedet-mere-relevant-end-nogensinde\/"},"author":{"name":"David H\u00f8jmark","@id":"https:\/\/kunmedierne.dk\/mors\/#\/schema\/person\/5fe23251bf1d0abbcdc6f7896579d548"},"headline":"Kulturm\u00f8det: &#8211; Mere relevant end nogensinde","datePublished":"2020-08-06T07:37:37+00:00","dateModified":"2024-08-12T11:44:20+00:00","mainEntityOfPage":{"@id":"https:\/\/kunmedierne.dk\/mors\/kulturmoedet-mere-relevant-end-nogensinde\/"},"wordCount":273,"commentCount":0,"publisher":{"@id":"https:\/\/kunmedierne.dk\/mors\/#organization"},"image":{"@id":"https:\/\/kunmedierne.dk\/mors\/kulturmoedet-mere-relevant-end-nogensinde\/#primaryimage"},"thumbnailUrl":"https:\/\/kunmedierne.dk\/mors\/wp-content\/uploads\/2020\/04\/kulturm\u00f8de2019-3.jpg","keywords":["Kulturm\u00f8det"],"articleSection":["Kultur"],"inLanguage":"da-DK","potentialAction":[{"@type":"CommentAction","name":"Comment","target":["https:\/\/kunmedierne.dk\/mors\/kulturmoedet-mere-relevant-end-nogensinde\/#respond"]}]},{"@type":"WebPage","@id":"https:\/\/kunmedierne.dk\/mors\/kulturmoedet-mere-relevant-end-nogensinde\/","url":"https:\/\/kunmedierne.dk\/mors\/kulturmoedet-mere-relevant-end-nogensinde\/","name":"Kulturm\u00f8det: - Mere relevant end nogensinde - Mors","isPartOf":{"@id":"https:\/\/kunmedierne.dk\/mors\/#website"},"primaryImageOfPage":{"@id":"https:\/\/kunmedierne.dk\/mors\/kulturmoedet-mere-relevant-end-nogensinde\/#primaryimage"},"image":{"@id":"https:\/\/kunmedierne.dk\/mors\/kulturmoedet-mere-relevant-end-nogensinde\/#primaryimage"},"thumbnailUrl":"https:\/\/kunmedierne.dk\/mors\/wp-content\/uploads\/2020\/04\/kulturm\u00f8de2019-3.jpg","datePublished":"2020-08-06T07:37:37+00:00","dateModified":"2024-08-12T11:44:20+00:00","breadcrumb":{"@id":"https:\/\/kunmedierne.dk\/mors\/kulturmoedet-mere-relevant-end-nogensinde\/#breadcrumb"},"inLanguage":"da-DK","potentialAction":[{"@type":"ReadAction","target":["https:\/\/kunmedierne.dk\/mors\/kulturmoedet-mere-relevant-end-nogensinde\/"]}]},{"@type":"ImageObject","inLanguage":"da-DK","@id":"https:\/\/kunmedierne.dk\/mors\/kulturmoedet-mere-relevant-end-nogensinde\/#primaryimage","url":"https:\/\/kunmedierne.dk\/mors\/wp-content\/uploads\/2020\/04\/kulturm\u00f8de2019-3.jpg","contentUrl":"https:\/\/kunmedierne.dk\/mors\/wp-content\/uploads\/2020\/04\/kulturm\u00f8de2019-3.jpg","width":770,"height":514,"caption":"Clement Kjersgaard kommer ogs\u00e5 til at spille en rolle i Kulturm\u00f8det 2020. Foto: Per Bille\/Kulturm\u00f8det Mors."},{"@type":"BreadcrumbList","@id":"https:\/\/kunmedierne.dk\/mors\/kulturmoedet-mere-relevant-end-nogensinde\/#breadcrumb","itemListElement":[{"@type":"ListItem","position":1,"name":"Hjem","item":"https:\/\/kunmedierne.dk\/mors\/"},{"@type":"ListItem","position":2,"name":"Kulturm\u00f8det: &#8211; Mere relevant end nogensinde"}]},{"@type":"WebSite","@id":"https:\/\/kunmedierne.dk\/mors\/#website","url":"https:\/\/kunmedierne.dk\/mors\/","name":"Mors","description":"et netmedie med journalistik om livet p\u00e5 Mors","publisher":{"@id":"https:\/\/kunmedierne.dk\/mors\/#organization"},"potentialAction":[{"@type":"SearchAction","target":{"@type":"EntryPoint","urlTemplate":"https:\/\/kunmedierne.dk\/mors\/?s={search_term_string}"},"query-input":{"@type":"PropertyValueSpecification","valueRequired":true,"valueName":"search_term_string"}}],"inLanguage":"da-DK"},{"@type":"Organization","@id":"https:\/\/kunmedierne.dk\/mors\/#organization","name":"Mors","url":"https:\/\/kunmedierne.dk\/mors\/","logo":{"@type":"ImageObject","inLanguage":"da-DK","@id":"https:\/\/kunmedierne.dk\/mors\/#\/schema\/logo\/image\/","url":"https:\/\/kunmedierne.dk\/mors\/wp-content\/uploads\/2024\/08\/kunmors-logo.svg","contentUrl":"https:\/\/kunmedierne.dk\/mors\/wp-content\/uploads\/2024\/08\/kunmors-logo.svg","caption":"Mors"},"image":{"@id":"https:\/\/kunmedierne.dk\/mors\/#\/schema\/logo\/image\/"}},{"@type":"Person","@id":"https:\/\/kunmedierne.dk\/mors\/#\/schema\/person\/5fe23251bf1d0abbcdc6f7896579d548","name":"David H\u00f8jmark","image":{"@type":"ImageObject","inLanguage":"da-DK","@id":"https:\/\/kunmedierne.dk\/mors\/#\/schema\/person\/image\/","url":"https:\/\/secure.gravatar.com\/avatar\/4315d6fb9ef244d729989f5f90268eb08d5bf8a3d84402f595fa194bb35784fd?s=96&d=mm&r=g","contentUrl":"https:\/\/secure.gravatar.com\/avatar\/4315d6fb9ef244d729989f5f90268eb08d5bf8a3d84402f595fa194bb35784fd?s=96&d=mm&r=g","caption":"David H\u00f8jmark"},"sameAs":["https:\/\/www.kunmedierne.dk"],"url":"https:\/\/kunmedierne.dk\/mors\/author\/david\/"}]}},"_links":{"self":[{"href":"https:\/\/kunmedierne.dk\/mors\/wp-json\/wp\/v2\/posts\/29073","targetHints":{"allow":["GET"]}}],"collection":[{"href":"https:\/\/kunmedierne.dk\/mors\/wp-json\/wp\/v2\/posts"}],"about":[{"href":"https:\/\/kunmedierne.dk\/mors\/wp-json\/wp\/v2\/types\/post"}],"author":[{"embeddable":true,"href":"https:\/\/kunmedierne.dk\/mors\/wp-json\/wp\/v2\/users\/8"}],"replies":[{"embeddable":true,"href":"https:\/\/kunmedierne.dk\/mors\/wp-json\/wp\/v2\/comments?post=29073"}],"version-history":[{"count":1,"href":"https:\/\/kunmedierne.dk\/mors\/wp-json\/wp\/v2\/posts\/29073\/revisions"}],"predecessor-version":[{"id":29075,"href":"https:\/\/kunmedierne.dk\/mors\/wp-json\/wp\/v2\/posts\/29073\/revisions\/29075"}],"wp:featuredmedia":[{"embeddable":true,"href":"https:\/\/kunmedierne.dk\/mors\/wp-json\/wp\/v2\/media\/19442"}],"wp:attachment":[{"href":"https:\/\/kunmedierne.dk\/mors\/wp-json\/wp\/v2\/media?parent=29073"}],"wp:term":[{"taxonomy":"category","embeddable":true,"href":"https:\/\/kunmedierne.dk\/mors\/wp-json\/wp\/v2\/categories?post=29073"},{"taxonomy":"post_tag","embeddable":true,"href":"https:\/\/kunmedierne.dk\/mors\/wp-json\/wp\/v2\/tags?post=29073"}],"curies":[{"name":"wp","href":"https:\/\/api.w.org\/{rel}","templated":true}]}}