{"id":2871,"date":"2020-01-16T11:51:33","date_gmt":"2020-01-16T10:51:33","guid":{"rendered":"https:\/\/kunmedierne.dk\/mors\/?p=2871"},"modified":"2024-08-12T14:07:45","modified_gmt":"2024-08-12T12:07:45","slug":"mors-faar-hovedkontor-for-destination-limfjorden","status":"publish","type":"post","link":"https:\/\/kunmedierne.dk\/mors\/mors-faar-hovedkontor-for-destination-limfjorden\/","title":{"rendered":"Mors f\u00e5r hovedkontor for Destination Limfjorden"},"content":{"rendered":"<p><strong>MORS<\/strong>: Det bliver Mors, der kommer til at danne centrum om det nye turistsamarbejde mellem tre af Limfjordens kommuner.<\/p>\n<p>P\u00e5 et m\u00f8de i den politiske styregruppe for Struer Kommune, Skive Kommune og Mors\u00f8 Kommune er man blevet enig om, at Destination Limfjorden skal administreres fra Mors.<\/p>\n<p>&#8220;Der var flere forslag i spil til den fysiske placering af hovedkontoret. Efter at have dr\u00f8ftet mulighederne n\u00e5ede styregruppen frem til, at hovedkontoret skal ligge p\u00e5 Mors. Samtidig blev det besluttet, at Skive Kommune f\u00e5r formandsposten i bestyrelsen for Destination Limfjorden,&#8221; lyder det i en f\u00e6lles pressemeddelelse fra de tre kommuner.<\/p>\n<p>Destination Limfjorden har til form\u00e5l at udvikle turismen omkring Limfjorden, og det har v\u00e6ret im\u00f8deset med sp\u00e6nding, hvor det nye samarbejdes hovedkontor skulle placeres. Nu er beslutningen taget, og tilbage er kun formaliteten med at beslutte det i de tre kommunalbestyrelser.<\/p>\n<p>Med den fysiske placering for det nye samarbejde p\u00e5 plads, formentlig i de gamle st\u00f8beribygninger, hvor ogs\u00e5 Mors\u00f8 Erhvervsr\u00e5d holder til, og med formandsposten tildelt Skive, tager styregruppen nu hul p\u00e5 n\u00e6ste opgave med at ans\u00e6tte en direkt\u00f8r.<\/p>\n<p>Stillingsopslaget blev sl\u00e5et op i december med ans\u00f8gningsfrist 9. januar, og if\u00f8lge pressemeddelelsen begynder f\u00f8rste samtalerunde fredag.<\/p>\n<blockquote>\n<h3>FAKTA<\/h3>\n<p>Destination Limfjorden er et f\u00e6lles destinationsselskab mellem Skive, Mors\u00f8 og Struer kommuner. Kommunerne i og omkring Limfjorden tror p\u00e5 Limfjorden som motor for udviklingen af turismen.<\/p>\n<p>Samarbejdet er blevet til p\u00e5 baggrund af vedtagelsen af den nye lov om dansk turisme (L67), og den politiske aftale om forenkling af erhvervsfremmesystemet skal den kommunale turismefremmeindsats frem mod 2020 konsolideres i 15-25 destinationsselskaber, der skal varetage den lokale turismefremmeindsats.<\/p><\/blockquote>\n<p>&nbsp;<\/p>\n<p>&nbsp;<\/p>\n","protected":false},"excerpt":{"rendered":"<p>MORS: Det bliver Mors, der kommer til at danne centrum om det nye turistsamarbejde mellem tre af Limfjordens kommuner. P\u00e5 et m\u00f8de i den politiske styregruppe for Struer Kommune, Skive Kommune og Mors\u00f8 Kommune er man blevet enig om, at Destination Limfjorden skal administreres fra Mors. &#8220;Der var flere forslag i spil til den fysiske [&hellip;]<\/p>\n","protected":false},"author":8,"featured_media":3595,"comment_status":"open","ping_status":"open","sticky":false,"template":"","format":"standard","meta":{"_acf_changed":false,"footnotes":""},"categories":[51],"tags":[171],"class_list":["post-2871","post","type-post","status-publish","format-standard","has-post-thumbnail","hentry","category-lokalt","tag-turisme"],"acf":[],"yoast_head":"<!-- This site is optimized with the Yoast SEO plugin v26.8 - https:\/\/yoast.com\/product\/yoast-seo-wordpress\/ -->\n<title>Mors f\u00e5r hovedkontor for Destination Limfjorden - Mors<\/title>\n<meta name=\"robots\" content=\"index, follow, max-snippet:-1, max-image-preview:large, max-video-preview:-1\" \/>\n<link rel=\"canonical\" href=\"https:\/\/kunmedierne.dk\/mors\/mors-faar-hovedkontor-for-destination-limfjorden\/\" \/>\n<meta property=\"og:locale\" content=\"da_DK\" \/>\n<meta property=\"og:type\" content=\"article\" \/>\n<meta property=\"og:title\" content=\"Mors f\u00e5r hovedkontor for Destination Limfjorden - Mors\" \/>\n<meta property=\"og:description\" content=\"MORS: Det bliver Mors, der kommer til at danne centrum om det nye turistsamarbejde mellem tre af Limfjordens kommuner. P\u00e5 et m\u00f8de i den politiske styregruppe for Struer Kommune, Skive Kommune og Mors\u00f8 Kommune er man blevet enig om, at Destination Limfjorden skal administreres fra Mors. &#8220;Der var flere forslag i spil til den fysiske [&hellip;]\" \/>\n<meta property=\"og:url\" content=\"https:\/\/kunmedierne.dk\/mors\/mors-faar-hovedkontor-for-destination-limfjorden\/\" \/>\n<meta property=\"og:site_name\" content=\"Mors\" \/>\n<meta property=\"article:published_time\" content=\"2020-01-16T10:51:33+00:00\" \/>\n<meta property=\"article:modified_time\" content=\"2024-08-12T12:07:45+00:00\" \/>\n<meta property=\"og:image\" content=\"https:\/\/kunmedierne.dk\/mors\/wp-content\/uploads\/2020\/01\/200129-mors\u00f8-erhvervsr\u00e5d3.jpg\" \/>\n\t<meta property=\"og:image:width\" content=\"770\" \/>\n\t<meta property=\"og:image:height\" content=\"513\" \/>\n\t<meta property=\"og:image:type\" content=\"image\/jpeg\" \/>\n<meta name=\"author\" content=\"David H\u00f8jmark\" \/>\n<meta name=\"twitter:card\" content=\"summary_large_image\" \/>\n<meta name=\"twitter:label1\" content=\"Skrevet af\" \/>\n\t<meta name=\"twitter:data1\" content=\"David H\u00f8jmark\" \/>\n\t<meta name=\"twitter:label2\" content=\"Estimeret l\u00e6setid\" \/>\n\t<meta name=\"twitter:data2\" content=\"1 minut\" \/>\n<script type=\"application\/ld+json\" class=\"yoast-schema-graph\">{\"@context\":\"https:\/\/schema.org\",\"@graph\":[{\"@type\":\"Article\",\"@id\":\"https:\/\/kunmedierne.dk\/mors\/mors-faar-hovedkontor-for-destination-limfjorden\/#article\",\"isPartOf\":{\"@id\":\"https:\/\/kunmedierne.dk\/mors\/mors-faar-hovedkontor-for-destination-limfjorden\/\"},\"author\":{\"name\":\"David H\u00f8jmark\",\"@id\":\"https:\/\/kunmedierne.dk\/mors\/#\/schema\/person\/5fe23251bf1d0abbcdc6f7896579d548\"},\"headline\":\"Mors f\u00e5r hovedkontor for Destination Limfjorden\",\"datePublished\":\"2020-01-16T10:51:33+00:00\",\"dateModified\":\"2024-08-12T12:07:45+00:00\",\"mainEntityOfPage\":{\"@id\":\"https:\/\/kunmedierne.dk\/mors\/mors-faar-hovedkontor-for-destination-limfjorden\/\"},\"wordCount\":287,\"commentCount\":0,\"publisher\":{\"@id\":\"https:\/\/kunmedierne.dk\/mors\/#organization\"},\"image\":{\"@id\":\"https:\/\/kunmedierne.dk\/mors\/mors-faar-hovedkontor-for-destination-limfjorden\/#primaryimage\"},\"thumbnailUrl\":\"https:\/\/kunmedierne.dk\/mors\/wp-content\/uploads\/2020\/01\/200129-mors\u00f8-erhvervsr\u00e5d3.jpg\",\"keywords\":[\"Turisme\"],\"articleSection\":[\"Lokalt\"],\"inLanguage\":\"da-DK\",\"potentialAction\":[{\"@type\":\"CommentAction\",\"name\":\"Comment\",\"target\":[\"https:\/\/kunmedierne.dk\/mors\/mors-faar-hovedkontor-for-destination-limfjorden\/#respond\"]}]},{\"@type\":\"WebPage\",\"@id\":\"https:\/\/kunmedierne.dk\/mors\/mors-faar-hovedkontor-for-destination-limfjorden\/\",\"url\":\"https:\/\/kunmedierne.dk\/mors\/mors-faar-hovedkontor-for-destination-limfjorden\/\",\"name\":\"Mors f\u00e5r hovedkontor for Destination Limfjorden - Mors\",\"isPartOf\":{\"@id\":\"https:\/\/kunmedierne.dk\/mors\/#website\"},\"primaryImageOfPage\":{\"@id\":\"https:\/\/kunmedierne.dk\/mors\/mors-faar-hovedkontor-for-destination-limfjorden\/#primaryimage\"},\"image\":{\"@id\":\"https:\/\/kunmedierne.dk\/mors\/mors-faar-hovedkontor-for-destination-limfjorden\/#primaryimage\"},\"thumbnailUrl\":\"https:\/\/kunmedierne.dk\/mors\/wp-content\/uploads\/2020\/01\/200129-mors\u00f8-erhvervsr\u00e5d3.jpg\",\"datePublished\":\"2020-01-16T10:51:33+00:00\",\"dateModified\":\"2024-08-12T12:07:45+00:00\",\"breadcrumb\":{\"@id\":\"https:\/\/kunmedierne.dk\/mors\/mors-faar-hovedkontor-for-destination-limfjorden\/#breadcrumb\"},\"inLanguage\":\"da-DK\",\"potentialAction\":[{\"@type\":\"ReadAction\",\"target\":[\"https:\/\/kunmedierne.dk\/mors\/mors-faar-hovedkontor-for-destination-limfjorden\/\"]}]},{\"@type\":\"ImageObject\",\"inLanguage\":\"da-DK\",\"@id\":\"https:\/\/kunmedierne.dk\/mors\/mors-faar-hovedkontor-for-destination-limfjorden\/#primaryimage\",\"url\":\"https:\/\/kunmedierne.dk\/mors\/wp-content\/uploads\/2020\/01\/200129-mors\u00f8-erhvervsr\u00e5d3.jpg\",\"contentUrl\":\"https:\/\/kunmedierne.dk\/mors\/wp-content\/uploads\/2020\/01\/200129-mors\u00f8-erhvervsr\u00e5d3.jpg\",\"width\":770,\"height\":513},{\"@type\":\"BreadcrumbList\",\"@id\":\"https:\/\/kunmedierne.dk\/mors\/mors-faar-hovedkontor-for-destination-limfjorden\/#breadcrumb\",\"itemListElement\":[{\"@type\":\"ListItem\",\"position\":1,\"name\":\"Hjem\",\"item\":\"https:\/\/kunmedierne.dk\/mors\/\"},{\"@type\":\"ListItem\",\"position\":2,\"name\":\"Mors f\u00e5r hovedkontor for Destination Limfjorden\"}]},{\"@type\":\"WebSite\",\"@id\":\"https:\/\/kunmedierne.dk\/mors\/#website\",\"url\":\"https:\/\/kunmedierne.dk\/mors\/\",\"name\":\"Mors\",\"description\":\"et netmedie med journalistik om livet p\u00e5 Mors\",\"publisher\":{\"@id\":\"https:\/\/kunmedierne.dk\/mors\/#organization\"},\"potentialAction\":[{\"@type\":\"SearchAction\",\"target\":{\"@type\":\"EntryPoint\",\"urlTemplate\":\"https:\/\/kunmedierne.dk\/mors\/?s={search_term_string}\"},\"query-input\":{\"@type\":\"PropertyValueSpecification\",\"valueRequired\":true,\"valueName\":\"search_term_string\"}}],\"inLanguage\":\"da-DK\"},{\"@type\":\"Organization\",\"@id\":\"https:\/\/kunmedierne.dk\/mors\/#organization\",\"name\":\"Mors\",\"url\":\"https:\/\/kunmedierne.dk\/mors\/\",\"logo\":{\"@type\":\"ImageObject\",\"inLanguage\":\"da-DK\",\"@id\":\"https:\/\/kunmedierne.dk\/mors\/#\/schema\/logo\/image\/\",\"url\":\"https:\/\/kunmedierne.dk\/mors\/wp-content\/uploads\/2024\/08\/kunmors-logo.svg\",\"contentUrl\":\"https:\/\/kunmedierne.dk\/mors\/wp-content\/uploads\/2024\/08\/kunmors-logo.svg\",\"caption\":\"Mors\"},\"image\":{\"@id\":\"https:\/\/kunmedierne.dk\/mors\/#\/schema\/logo\/image\/\"}},{\"@type\":\"Person\",\"@id\":\"https:\/\/kunmedierne.dk\/mors\/#\/schema\/person\/5fe23251bf1d0abbcdc6f7896579d548\",\"name\":\"David H\u00f8jmark\",\"image\":{\"@type\":\"ImageObject\",\"inLanguage\":\"da-DK\",\"@id\":\"https:\/\/kunmedierne.dk\/mors\/#\/schema\/person\/image\/\",\"url\":\"https:\/\/secure.gravatar.com\/avatar\/4315d6fb9ef244d729989f5f90268eb08d5bf8a3d84402f595fa194bb35784fd?s=96&d=mm&r=g\",\"contentUrl\":\"https:\/\/secure.gravatar.com\/avatar\/4315d6fb9ef244d729989f5f90268eb08d5bf8a3d84402f595fa194bb35784fd?s=96&d=mm&r=g\",\"caption\":\"David H\u00f8jmark\"},\"sameAs\":[\"https:\/\/www.kunmedierne.dk\"],\"url\":\"https:\/\/kunmedierne.dk\/mors\/author\/david\/\"}]}<\/script>\n<!-- \/ Yoast SEO plugin. -->","yoast_head_json":{"title":"Mors f\u00e5r hovedkontor for Destination Limfjorden - Mors","robots":{"index":"index","follow":"follow","max-snippet":"max-snippet:-1","max-image-preview":"max-image-preview:large","max-video-preview":"max-video-preview:-1"},"canonical":"https:\/\/kunmedierne.dk\/mors\/mors-faar-hovedkontor-for-destination-limfjorden\/","og_locale":"da_DK","og_type":"article","og_title":"Mors f\u00e5r hovedkontor for Destination Limfjorden - Mors","og_description":"MORS: Det bliver Mors, der kommer til at danne centrum om det nye turistsamarbejde mellem tre af Limfjordens kommuner. P\u00e5 et m\u00f8de i den politiske styregruppe for Struer Kommune, Skive Kommune og Mors\u00f8 Kommune er man blevet enig om, at Destination Limfjorden skal administreres fra Mors. &#8220;Der var flere forslag i spil til den fysiske [&hellip;]","og_url":"https:\/\/kunmedierne.dk\/mors\/mors-faar-hovedkontor-for-destination-limfjorden\/","og_site_name":"Mors","article_published_time":"2020-01-16T10:51:33+00:00","article_modified_time":"2024-08-12T12:07:45+00:00","og_image":[{"width":770,"height":513,"url":"https:\/\/kunmedierne.dk\/mors\/wp-content\/uploads\/2020\/01\/200129-mors\u00f8-erhvervsr\u00e5d3.jpg","type":"image\/jpeg"}],"author":"David H\u00f8jmark","twitter_card":"summary_large_image","twitter_misc":{"Skrevet af":"David H\u00f8jmark","Estimeret l\u00e6setid":"1 minut"},"schema":{"@context":"https:\/\/schema.org","@graph":[{"@type":"Article","@id":"https:\/\/kunmedierne.dk\/mors\/mors-faar-hovedkontor-for-destination-limfjorden\/#article","isPartOf":{"@id":"https:\/\/kunmedierne.dk\/mors\/mors-faar-hovedkontor-for-destination-limfjorden\/"},"author":{"name":"David H\u00f8jmark","@id":"https:\/\/kunmedierne.dk\/mors\/#\/schema\/person\/5fe23251bf1d0abbcdc6f7896579d548"},"headline":"Mors f\u00e5r hovedkontor for Destination Limfjorden","datePublished":"2020-01-16T10:51:33+00:00","dateModified":"2024-08-12T12:07:45+00:00","mainEntityOfPage":{"@id":"https:\/\/kunmedierne.dk\/mors\/mors-faar-hovedkontor-for-destination-limfjorden\/"},"wordCount":287,"commentCount":0,"publisher":{"@id":"https:\/\/kunmedierne.dk\/mors\/#organization"},"image":{"@id":"https:\/\/kunmedierne.dk\/mors\/mors-faar-hovedkontor-for-destination-limfjorden\/#primaryimage"},"thumbnailUrl":"https:\/\/kunmedierne.dk\/mors\/wp-content\/uploads\/2020\/01\/200129-mors\u00f8-erhvervsr\u00e5d3.jpg","keywords":["Turisme"],"articleSection":["Lokalt"],"inLanguage":"da-DK","potentialAction":[{"@type":"CommentAction","name":"Comment","target":["https:\/\/kunmedierne.dk\/mors\/mors-faar-hovedkontor-for-destination-limfjorden\/#respond"]}]},{"@type":"WebPage","@id":"https:\/\/kunmedierne.dk\/mors\/mors-faar-hovedkontor-for-destination-limfjorden\/","url":"https:\/\/kunmedierne.dk\/mors\/mors-faar-hovedkontor-for-destination-limfjorden\/","name":"Mors f\u00e5r hovedkontor for Destination Limfjorden - Mors","isPartOf":{"@id":"https:\/\/kunmedierne.dk\/mors\/#website"},"primaryImageOfPage":{"@id":"https:\/\/kunmedierne.dk\/mors\/mors-faar-hovedkontor-for-destination-limfjorden\/#primaryimage"},"image":{"@id":"https:\/\/kunmedierne.dk\/mors\/mors-faar-hovedkontor-for-destination-limfjorden\/#primaryimage"},"thumbnailUrl":"https:\/\/kunmedierne.dk\/mors\/wp-content\/uploads\/2020\/01\/200129-mors\u00f8-erhvervsr\u00e5d3.jpg","datePublished":"2020-01-16T10:51:33+00:00","dateModified":"2024-08-12T12:07:45+00:00","breadcrumb":{"@id":"https:\/\/kunmedierne.dk\/mors\/mors-faar-hovedkontor-for-destination-limfjorden\/#breadcrumb"},"inLanguage":"da-DK","potentialAction":[{"@type":"ReadAction","target":["https:\/\/kunmedierne.dk\/mors\/mors-faar-hovedkontor-for-destination-limfjorden\/"]}]},{"@type":"ImageObject","inLanguage":"da-DK","@id":"https:\/\/kunmedierne.dk\/mors\/mors-faar-hovedkontor-for-destination-limfjorden\/#primaryimage","url":"https:\/\/kunmedierne.dk\/mors\/wp-content\/uploads\/2020\/01\/200129-mors\u00f8-erhvervsr\u00e5d3.jpg","contentUrl":"https:\/\/kunmedierne.dk\/mors\/wp-content\/uploads\/2020\/01\/200129-mors\u00f8-erhvervsr\u00e5d3.jpg","width":770,"height":513},{"@type":"BreadcrumbList","@id":"https:\/\/kunmedierne.dk\/mors\/mors-faar-hovedkontor-for-destination-limfjorden\/#breadcrumb","itemListElement":[{"@type":"ListItem","position":1,"name":"Hjem","item":"https:\/\/kunmedierne.dk\/mors\/"},{"@type":"ListItem","position":2,"name":"Mors f\u00e5r hovedkontor for Destination Limfjorden"}]},{"@type":"WebSite","@id":"https:\/\/kunmedierne.dk\/mors\/#website","url":"https:\/\/kunmedierne.dk\/mors\/","name":"Mors","description":"et netmedie med journalistik om livet p\u00e5 Mors","publisher":{"@id":"https:\/\/kunmedierne.dk\/mors\/#organization"},"potentialAction":[{"@type":"SearchAction","target":{"@type":"EntryPoint","urlTemplate":"https:\/\/kunmedierne.dk\/mors\/?s={search_term_string}"},"query-input":{"@type":"PropertyValueSpecification","valueRequired":true,"valueName":"search_term_string"}}],"inLanguage":"da-DK"},{"@type":"Organization","@id":"https:\/\/kunmedierne.dk\/mors\/#organization","name":"Mors","url":"https:\/\/kunmedierne.dk\/mors\/","logo":{"@type":"ImageObject","inLanguage":"da-DK","@id":"https:\/\/kunmedierne.dk\/mors\/#\/schema\/logo\/image\/","url":"https:\/\/kunmedierne.dk\/mors\/wp-content\/uploads\/2024\/08\/kunmors-logo.svg","contentUrl":"https:\/\/kunmedierne.dk\/mors\/wp-content\/uploads\/2024\/08\/kunmors-logo.svg","caption":"Mors"},"image":{"@id":"https:\/\/kunmedierne.dk\/mors\/#\/schema\/logo\/image\/"}},{"@type":"Person","@id":"https:\/\/kunmedierne.dk\/mors\/#\/schema\/person\/5fe23251bf1d0abbcdc6f7896579d548","name":"David H\u00f8jmark","image":{"@type":"ImageObject","inLanguage":"da-DK","@id":"https:\/\/kunmedierne.dk\/mors\/#\/schema\/person\/image\/","url":"https:\/\/secure.gravatar.com\/avatar\/4315d6fb9ef244d729989f5f90268eb08d5bf8a3d84402f595fa194bb35784fd?s=96&d=mm&r=g","contentUrl":"https:\/\/secure.gravatar.com\/avatar\/4315d6fb9ef244d729989f5f90268eb08d5bf8a3d84402f595fa194bb35784fd?s=96&d=mm&r=g","caption":"David H\u00f8jmark"},"sameAs":["https:\/\/www.kunmedierne.dk"],"url":"https:\/\/kunmedierne.dk\/mors\/author\/david\/"}]}},"_links":{"self":[{"href":"https:\/\/kunmedierne.dk\/mors\/wp-json\/wp\/v2\/posts\/2871","targetHints":{"allow":["GET"]}}],"collection":[{"href":"https:\/\/kunmedierne.dk\/mors\/wp-json\/wp\/v2\/posts"}],"about":[{"href":"https:\/\/kunmedierne.dk\/mors\/wp-json\/wp\/v2\/types\/post"}],"author":[{"embeddable":true,"href":"https:\/\/kunmedierne.dk\/mors\/wp-json\/wp\/v2\/users\/8"}],"replies":[{"embeddable":true,"href":"https:\/\/kunmedierne.dk\/mors\/wp-json\/wp\/v2\/comments?post=2871"}],"version-history":[{"count":9,"href":"https:\/\/kunmedierne.dk\/mors\/wp-json\/wp\/v2\/posts\/2871\/revisions"}],"predecessor-version":[{"id":3596,"href":"https:\/\/kunmedierne.dk\/mors\/wp-json\/wp\/v2\/posts\/2871\/revisions\/3596"}],"wp:featuredmedia":[{"embeddable":true,"href":"https:\/\/kunmedierne.dk\/mors\/wp-json\/wp\/v2\/media\/3595"}],"wp:attachment":[{"href":"https:\/\/kunmedierne.dk\/mors\/wp-json\/wp\/v2\/media?parent=2871"}],"wp:term":[{"taxonomy":"category","embeddable":true,"href":"https:\/\/kunmedierne.dk\/mors\/wp-json\/wp\/v2\/categories?post=2871"},{"taxonomy":"post_tag","embeddable":true,"href":"https:\/\/kunmedierne.dk\/mors\/wp-json\/wp\/v2\/tags?post=2871"}],"curies":[{"name":"wp","href":"https:\/\/api.w.org\/{rel}","templated":true}]}}