{"id":27729,"date":"2020-07-11T11:43:01","date_gmt":"2020-07-11T09:43:01","guid":{"rendered":"https:\/\/kunmedierne.dk\/mors\/?p=27729"},"modified":"2024-08-12T13:44:24","modified_gmt":"2024-08-12T11:44:24","slug":"ung-kult-soeger-campingvogne-til-ung-kulg-camp","status":"publish","type":"post","link":"https:\/\/kunmedierne.dk\/mors\/ung-kult-soeger-campingvogne-til-ung-kulg-camp\/","title":{"rendered":"Ung Kult s\u00f8ger campingvogne til Ung Kult Camp"},"content":{"rendered":"<p><strong>NYK\u00d8BING:\u00a0<\/strong>Hvem har seks campingvogne, de kan l\u00e5ne ud?<\/p>\n<p>S\u00e5dan sp\u00f8rger Foreningen Ung Kult, der har sat gang i et kulturprojekt for unge, som skal f\u00f8re til en fysisk dimension i den ellers digitale version af Kulturm\u00f8de Mors.<\/p>\n<p>Det finder sted i dagene 20.-22. august, men allerede 10 dage f\u00f8r vil Foreningen Ung Kult skabe rammerne for et kulturelt m\u00f8de for unge. Det bliver med en camp i Mors\u00f8 Multipark, hvor planen er, at unge fra hele landet kan s\u00f8ge om at v\u00e6re med.<\/p>\n<p>&#8220;Vi vil etablere Ungdommens Kulturelle Campingplads, hvor unge mellem 15 og 30 \u00e5r, som har gang i kulturelle projekter, kan s\u00f8ge om at f\u00e5 en plads,&#8221; siger 17-\u00e5rige Malte Houe, der blandt andet er kendt for sine roller som barneskuespiller og for dokumentar-serien \u201dDanmarks yngste filmselskab\u201d p\u00e5 blandt andet <a href=\"https:\/\/www.tvmidtvest.dk\/danmarks-yngste-filmselskab\/danmarks-yngste-filmselskab-14?autoplay=1#player\" target=\"_blank\" rel=\"noopener noreferrer\">TV2 Midtvest<\/a>.<\/p>\n<p>Han er sammen med Ung Kults bestyrelse primus motor for projekt Ung Kult Camp 2020.<\/p>\n<p>&nbsp;<\/p>\n<p><strong>Beh\u00f8ver ikke v\u00e6re flotte<\/strong><\/p>\n<p>Pladsen til campen er fundet. Den f\u00f8rste campingvogn, som bliver &#8216;administrations-bunkeren&#8217;, er der ogs\u00e5. Derudover er der masser af planer for, hvordan der fra 10. til 22. august skal s\u00e6ttes fokus p\u00e5 kultur blandt unge \u2013 og p\u00e5 hvordan man kan f\u00e5 en bedre kommunikation mellem de nye unge og de etablerede kulturakt\u00f8rer.<\/p>\n<p>Nu mangler bare seks campingvogne, som Ung Kult kan l\u00e5ne i de 12 dage. Det beh\u00f8ver ikke v\u00e6re flotte vogne med k\u00f8kken og bad \u2013 hvis bare de m\u00e5 bruges til form\u00e5let: at rumme kreativ udvikling, opl\u00e6g og debatter, udveksling af ideer, inspiration og erfaringer.<\/p>\n<p>&#8220;Derudover s\u00f8ger vi unge, som arbejder med et kulturelt projekt \u2013 det kan v\u00e6re alt fra musik og film til ballet, fotografering, spiludvikling eller noget helt sjette. Bare man er interesseret i at udveksle ideer, v\u00e6re kreativ, inspirere andre, og samarbejde,&#8221; siger Malte Houe.<\/p>\n<p>&nbsp;<\/p>\n<p><strong>Del af Kulturm\u00f8det Mors<\/strong><\/p>\n<p>Campen bliver til i t\u00e6t samarbejde med Kulturm\u00f8det Mors, som i \u00e5r p\u00e5 grund af corona-situationen afvikles digitalt i l\u00f8bet af 48 timer fra 20.-22. august.<\/p>\n<p>&#8220;Vi live-sender kulturm\u00f8dets online program fra campen. Vi synes, noget af det vigtige ved kulturm\u00f8dets debatter, er den snak man f\u00e5r, n\u00e5r man m\u00f8des efterf\u00f8lgende. Derfor etablerer vi det her samlingssted, hvor man ogs\u00e5 f\u00e5r det fysiske samv\u00e6r med. Selvf\u00f8lgelig inden for reglerne om covid-19,&#8221; siger Malte Houe.<\/p>\n<p>Han og de andre er i fuld gang med at etablere kontakt til andre unge kulturakt\u00f8rer: Unges M\u00f8de med Kunsten i Nordjylland, Aarhus Filmv\u00e6rksted, Frontl\u00f8berne, Ungdomsbureauet i K\u00f8benhavn med flere. H\u00e5bet er ogs\u00e5 at f\u00e5 nogle kendte ordstyrere til at deltage \u2013 en radiov\u00e6rt, en youtuber, en standupper, en musiker med flere.<\/p>\n<p>&#8220;Vi har store dr\u00f8mme for fremtiden, og jeg h\u00e5ber at campen kan v\u00e6re springbr\u00e6ttet til et mere permanent hel\u00e5rssted. Ung Kult vil i hvert fald g\u00f8re alt, hvad vi kan, for at skabe flere kulturelle tilbud for, med og af unge i fremtiden, og det kunne jo passende v\u00e6re i Mors\u00f8 Multipark,&#8221; siger Malte Houe.<\/p>\n<p>I slutningen af sommeren vil Mors\u00f8 Ungdomsskoles unge hj\u00e6lpe med opbygning af camp\u2019en med b\u00e5lplads, bar, loungeomr\u00e5de, scene, lys og opstilling af campingvognene, s\u00e5 det bliver et stemningsfuldt og kreativt omr\u00e5de, der ogs\u00e5 kan tiltr\u00e6kke nogle af de godt 1000 unge, der har deres daglige gang p\u00e5 omr\u00e5dets ungdomsuddannelses-campus.<\/p>\n<p>Projektet st\u00f8ttes med midler fra <a href=\"https:\/\/www.ummk.dk\/ung-til-ung\/unge-aktoerer\/\" target=\"_blank\" rel=\"noopener noreferrer\">UMMK<\/a> (Unges M\u00f8de Med Kunsten) og Mors\u00f8 Kommune<\/p>\n<p>&nbsp;<\/p>\n<blockquote>\n<ul>\n<li>\n<h2>FAKTA om Ung Kult<\/h2>\n<\/li>\n<li>\n<h5>Foreningen Ung Kult blev stiftet 1. januar 2020 af Malte Houe og Bertram Bailey. \u00c5bningen blev bremset af coronakrisens nedlukning af samfundet.<\/h5>\n<\/li>\n<li>\n<h5>Ung Kult har til form\u00e5l at skabe kulturelle tilbud for unge, som er udviklet og produceret af andre unge.<\/h5>\n<\/li>\n<li>\n<h5>Ung Kults n\u00e6rmeste samarbejdspartnere i forbindelse med Ung Kult Camp er Kulturm\u00f8det Mors, Limfjordsteatrets Akademi for Scenekunst, filmselskabet Houe Film samt Mors\u00f8 Ungdomsskole.<\/h5>\n<\/li>\n<li>\n<h5>L\u00e6s mere om Ung Kult p\u00e5 foreningens side p\u00e5 <a href=\"https:\/\/www.facebook.com\/pg\/FORUNGEAFUNGE\/posts\/\" target=\"_blank\" rel=\"noopener noreferrer\">Facebook<\/a>.<\/h5>\n<\/li>\n<\/ul>\n<\/blockquote>\n<p>&nbsp;<\/p>\n<blockquote>\n<ul>\n<li>\n<h2>FAKTA om Ung Kult Camp<\/h2>\n<\/li>\n<li>\n<h5>Ung Kult Camp for kulturinteresserede og kulturakt\u00f8rer i alderen 15-30 \u00e5r og finder sted 10.-22. august 2020 p\u00e5 Limfjordsvej 95-97 i Nyk\u00f8bing.<\/h5>\n<\/li>\n<li>\n<h5>Alle er velkomne til at komme forbi og deltage i de mange aktiviteter og h\u00f8re om projekterne i vognene. Det er gratis at\u00a0bes\u00f8ge og deltage i campen.<\/h5>\n<\/li>\n<li>\n<h5>Er man interesseret i at f\u00e5 sit kulturprojekt skudt i gang, skal man sende e-mail med \u00f8nske om, hvor l\u00e6nge man \u00f8nsker at v\u00e6re i camp\u00b4en, og send det som mail til houefilm@gmail.com<\/h5>\n<\/li>\n<\/ul>\n<\/blockquote>\n","protected":false},"excerpt":{"rendered":"<p>NYK\u00d8BING:\u00a0Hvem har seks campingvogne, de kan l\u00e5ne ud? S\u00e5dan sp\u00f8rger Foreningen Ung Kult, der har sat gang i et kulturprojekt for unge, som skal f\u00f8re til en fysisk dimension i den ellers digitale version af Kulturm\u00f8de Mors. Det finder sted i dagene 20.-22. august, men allerede 10 dage f\u00f8r vil Foreningen Ung Kult skabe rammerne [&hellip;]<\/p>\n","protected":false},"author":8,"featured_media":27732,"comment_status":"open","ping_status":"open","sticky":false,"template":"","format":"standard","meta":{"_acf_changed":false,"footnotes":""},"categories":[49],"tags":[162],"class_list":["post-27729","post","type-post","status-publish","format-standard","has-post-thumbnail","hentry","category-kultur","tag-kulturmoedet"],"acf":[],"yoast_head":"<!-- This site is optimized with the Yoast SEO plugin v26.8 - https:\/\/yoast.com\/product\/yoast-seo-wordpress\/ -->\n<title>Ung Kult s\u00f8ger campingvogne til Ung Kult Camp - Mors<\/title>\n<meta name=\"robots\" content=\"index, follow, max-snippet:-1, max-image-preview:large, max-video-preview:-1\" \/>\n<link rel=\"canonical\" href=\"https:\/\/kunmedierne.dk\/mors\/ung-kult-soeger-campingvogne-til-ung-kulg-camp\/\" \/>\n<meta property=\"og:locale\" content=\"da_DK\" \/>\n<meta property=\"og:type\" content=\"article\" \/>\n<meta property=\"og:title\" content=\"Ung Kult s\u00f8ger campingvogne til Ung Kult Camp - Mors\" \/>\n<meta property=\"og:description\" content=\"NYK\u00d8BING:\u00a0Hvem har seks campingvogne, de kan l\u00e5ne ud? S\u00e5dan sp\u00f8rger Foreningen Ung Kult, der har sat gang i et kulturprojekt for unge, som skal f\u00f8re til en fysisk dimension i den ellers digitale version af Kulturm\u00f8de Mors. Det finder sted i dagene 20.-22. august, men allerede 10 dage f\u00f8r vil Foreningen Ung Kult skabe rammerne [&hellip;]\" \/>\n<meta property=\"og:url\" content=\"https:\/\/kunmedierne.dk\/mors\/ung-kult-soeger-campingvogne-til-ung-kulg-camp\/\" \/>\n<meta property=\"og:site_name\" content=\"Mors\" \/>\n<meta property=\"article:published_time\" content=\"2020-07-11T09:43:01+00:00\" \/>\n<meta property=\"article:modified_time\" content=\"2024-08-12T11:44:24+00:00\" \/>\n<meta property=\"og:image\" content=\"https:\/\/kunmedierne.dk\/mors\/wp-content\/uploads\/2020\/07\/200711-kulturm\u00f8de-2019.jpg\" \/>\n\t<meta property=\"og:image:width\" content=\"770\" \/>\n\t<meta property=\"og:image:height\" content=\"514\" \/>\n\t<meta property=\"og:image:type\" content=\"image\/jpeg\" \/>\n<meta name=\"author\" content=\"David H\u00f8jmark\" \/>\n<meta name=\"twitter:card\" content=\"summary_large_image\" \/>\n<meta name=\"twitter:label1\" content=\"Skrevet af\" \/>\n\t<meta name=\"twitter:data1\" content=\"David H\u00f8jmark\" \/>\n\t<meta name=\"twitter:label2\" content=\"Estimeret l\u00e6setid\" \/>\n\t<meta name=\"twitter:data2\" content=\"4 minutter\" \/>\n<script type=\"application\/ld+json\" class=\"yoast-schema-graph\">{\"@context\":\"https:\/\/schema.org\",\"@graph\":[{\"@type\":\"Article\",\"@id\":\"https:\/\/kunmedierne.dk\/mors\/ung-kult-soeger-campingvogne-til-ung-kulg-camp\/#article\",\"isPartOf\":{\"@id\":\"https:\/\/kunmedierne.dk\/mors\/ung-kult-soeger-campingvogne-til-ung-kulg-camp\/\"},\"author\":{\"name\":\"David H\u00f8jmark\",\"@id\":\"https:\/\/kunmedierne.dk\/mors\/#\/schema\/person\/5fe23251bf1d0abbcdc6f7896579d548\"},\"headline\":\"Ung Kult s\u00f8ger campingvogne til Ung Kult Camp\",\"datePublished\":\"2020-07-11T09:43:01+00:00\",\"dateModified\":\"2024-08-12T11:44:24+00:00\",\"mainEntityOfPage\":{\"@id\":\"https:\/\/kunmedierne.dk\/mors\/ung-kult-soeger-campingvogne-til-ung-kulg-camp\/\"},\"wordCount\":781,\"commentCount\":0,\"publisher\":{\"@id\":\"https:\/\/kunmedierne.dk\/mors\/#organization\"},\"image\":{\"@id\":\"https:\/\/kunmedierne.dk\/mors\/ung-kult-soeger-campingvogne-til-ung-kulg-camp\/#primaryimage\"},\"thumbnailUrl\":\"https:\/\/kunmedierne.dk\/mors\/wp-content\/uploads\/2020\/07\/200711-kulturm\u00f8de-2019.jpg\",\"keywords\":[\"Kulturm\u00f8det\"],\"articleSection\":[\"Kultur\"],\"inLanguage\":\"da-DK\",\"potentialAction\":[{\"@type\":\"CommentAction\",\"name\":\"Comment\",\"target\":[\"https:\/\/kunmedierne.dk\/mors\/ung-kult-soeger-campingvogne-til-ung-kulg-camp\/#respond\"]}]},{\"@type\":\"WebPage\",\"@id\":\"https:\/\/kunmedierne.dk\/mors\/ung-kult-soeger-campingvogne-til-ung-kulg-camp\/\",\"url\":\"https:\/\/kunmedierne.dk\/mors\/ung-kult-soeger-campingvogne-til-ung-kulg-camp\/\",\"name\":\"Ung Kult s\u00f8ger campingvogne til Ung Kult Camp - Mors\",\"isPartOf\":{\"@id\":\"https:\/\/kunmedierne.dk\/mors\/#website\"},\"primaryImageOfPage\":{\"@id\":\"https:\/\/kunmedierne.dk\/mors\/ung-kult-soeger-campingvogne-til-ung-kulg-camp\/#primaryimage\"},\"image\":{\"@id\":\"https:\/\/kunmedierne.dk\/mors\/ung-kult-soeger-campingvogne-til-ung-kulg-camp\/#primaryimage\"},\"thumbnailUrl\":\"https:\/\/kunmedierne.dk\/mors\/wp-content\/uploads\/2020\/07\/200711-kulturm\u00f8de-2019.jpg\",\"datePublished\":\"2020-07-11T09:43:01+00:00\",\"dateModified\":\"2024-08-12T11:44:24+00:00\",\"breadcrumb\":{\"@id\":\"https:\/\/kunmedierne.dk\/mors\/ung-kult-soeger-campingvogne-til-ung-kulg-camp\/#breadcrumb\"},\"inLanguage\":\"da-DK\",\"potentialAction\":[{\"@type\":\"ReadAction\",\"target\":[\"https:\/\/kunmedierne.dk\/mors\/ung-kult-soeger-campingvogne-til-ung-kulg-camp\/\"]}]},{\"@type\":\"ImageObject\",\"inLanguage\":\"da-DK\",\"@id\":\"https:\/\/kunmedierne.dk\/mors\/ung-kult-soeger-campingvogne-til-ung-kulg-camp\/#primaryimage\",\"url\":\"https:\/\/kunmedierne.dk\/mors\/wp-content\/uploads\/2020\/07\/200711-kulturm\u00f8de-2019.jpg\",\"contentUrl\":\"https:\/\/kunmedierne.dk\/mors\/wp-content\/uploads\/2020\/07\/200711-kulturm\u00f8de-2019.jpg\",\"width\":770,\"height\":514,\"caption\":\"Fra Kulturm\u00f8det 2019. Foto: Per Bille.\"},{\"@type\":\"BreadcrumbList\",\"@id\":\"https:\/\/kunmedierne.dk\/mors\/ung-kult-soeger-campingvogne-til-ung-kulg-camp\/#breadcrumb\",\"itemListElement\":[{\"@type\":\"ListItem\",\"position\":1,\"name\":\"Hjem\",\"item\":\"https:\/\/kunmedierne.dk\/mors\/\"},{\"@type\":\"ListItem\",\"position\":2,\"name\":\"Ung Kult s\u00f8ger campingvogne til Ung Kult Camp\"}]},{\"@type\":\"WebSite\",\"@id\":\"https:\/\/kunmedierne.dk\/mors\/#website\",\"url\":\"https:\/\/kunmedierne.dk\/mors\/\",\"name\":\"Mors\",\"description\":\"et netmedie med journalistik om livet p\u00e5 Mors\",\"publisher\":{\"@id\":\"https:\/\/kunmedierne.dk\/mors\/#organization\"},\"potentialAction\":[{\"@type\":\"SearchAction\",\"target\":{\"@type\":\"EntryPoint\",\"urlTemplate\":\"https:\/\/kunmedierne.dk\/mors\/?s={search_term_string}\"},\"query-input\":{\"@type\":\"PropertyValueSpecification\",\"valueRequired\":true,\"valueName\":\"search_term_string\"}}],\"inLanguage\":\"da-DK\"},{\"@type\":\"Organization\",\"@id\":\"https:\/\/kunmedierne.dk\/mors\/#organization\",\"name\":\"Mors\",\"url\":\"https:\/\/kunmedierne.dk\/mors\/\",\"logo\":{\"@type\":\"ImageObject\",\"inLanguage\":\"da-DK\",\"@id\":\"https:\/\/kunmedierne.dk\/mors\/#\/schema\/logo\/image\/\",\"url\":\"https:\/\/kunmedierne.dk\/mors\/wp-content\/uploads\/2024\/08\/kunmors-logo.svg\",\"contentUrl\":\"https:\/\/kunmedierne.dk\/mors\/wp-content\/uploads\/2024\/08\/kunmors-logo.svg\",\"caption\":\"Mors\"},\"image\":{\"@id\":\"https:\/\/kunmedierne.dk\/mors\/#\/schema\/logo\/image\/\"}},{\"@type\":\"Person\",\"@id\":\"https:\/\/kunmedierne.dk\/mors\/#\/schema\/person\/5fe23251bf1d0abbcdc6f7896579d548\",\"name\":\"David H\u00f8jmark\",\"image\":{\"@type\":\"ImageObject\",\"inLanguage\":\"da-DK\",\"@id\":\"https:\/\/kunmedierne.dk\/mors\/#\/schema\/person\/image\/\",\"url\":\"https:\/\/secure.gravatar.com\/avatar\/4315d6fb9ef244d729989f5f90268eb08d5bf8a3d84402f595fa194bb35784fd?s=96&d=mm&r=g\",\"contentUrl\":\"https:\/\/secure.gravatar.com\/avatar\/4315d6fb9ef244d729989f5f90268eb08d5bf8a3d84402f595fa194bb35784fd?s=96&d=mm&r=g\",\"caption\":\"David H\u00f8jmark\"},\"sameAs\":[\"https:\/\/www.kunmedierne.dk\"],\"url\":\"https:\/\/kunmedierne.dk\/mors\/author\/david\/\"}]}<\/script>\n<!-- \/ Yoast SEO plugin. -->","yoast_head_json":{"title":"Ung Kult s\u00f8ger campingvogne til Ung Kult Camp - Mors","robots":{"index":"index","follow":"follow","max-snippet":"max-snippet:-1","max-image-preview":"max-image-preview:large","max-video-preview":"max-video-preview:-1"},"canonical":"https:\/\/kunmedierne.dk\/mors\/ung-kult-soeger-campingvogne-til-ung-kulg-camp\/","og_locale":"da_DK","og_type":"article","og_title":"Ung Kult s\u00f8ger campingvogne til Ung Kult Camp - Mors","og_description":"NYK\u00d8BING:\u00a0Hvem har seks campingvogne, de kan l\u00e5ne ud? S\u00e5dan sp\u00f8rger Foreningen Ung Kult, der har sat gang i et kulturprojekt for unge, som skal f\u00f8re til en fysisk dimension i den ellers digitale version af Kulturm\u00f8de Mors. Det finder sted i dagene 20.-22. august, men allerede 10 dage f\u00f8r vil Foreningen Ung Kult skabe rammerne [&hellip;]","og_url":"https:\/\/kunmedierne.dk\/mors\/ung-kult-soeger-campingvogne-til-ung-kulg-camp\/","og_site_name":"Mors","article_published_time":"2020-07-11T09:43:01+00:00","article_modified_time":"2024-08-12T11:44:24+00:00","og_image":[{"width":770,"height":514,"url":"https:\/\/kunmedierne.dk\/mors\/wp-content\/uploads\/2020\/07\/200711-kulturm\u00f8de-2019.jpg","type":"image\/jpeg"}],"author":"David H\u00f8jmark","twitter_card":"summary_large_image","twitter_misc":{"Skrevet af":"David H\u00f8jmark","Estimeret l\u00e6setid":"4 minutter"},"schema":{"@context":"https:\/\/schema.org","@graph":[{"@type":"Article","@id":"https:\/\/kunmedierne.dk\/mors\/ung-kult-soeger-campingvogne-til-ung-kulg-camp\/#article","isPartOf":{"@id":"https:\/\/kunmedierne.dk\/mors\/ung-kult-soeger-campingvogne-til-ung-kulg-camp\/"},"author":{"name":"David H\u00f8jmark","@id":"https:\/\/kunmedierne.dk\/mors\/#\/schema\/person\/5fe23251bf1d0abbcdc6f7896579d548"},"headline":"Ung Kult s\u00f8ger campingvogne til Ung Kult Camp","datePublished":"2020-07-11T09:43:01+00:00","dateModified":"2024-08-12T11:44:24+00:00","mainEntityOfPage":{"@id":"https:\/\/kunmedierne.dk\/mors\/ung-kult-soeger-campingvogne-til-ung-kulg-camp\/"},"wordCount":781,"commentCount":0,"publisher":{"@id":"https:\/\/kunmedierne.dk\/mors\/#organization"},"image":{"@id":"https:\/\/kunmedierne.dk\/mors\/ung-kult-soeger-campingvogne-til-ung-kulg-camp\/#primaryimage"},"thumbnailUrl":"https:\/\/kunmedierne.dk\/mors\/wp-content\/uploads\/2020\/07\/200711-kulturm\u00f8de-2019.jpg","keywords":["Kulturm\u00f8det"],"articleSection":["Kultur"],"inLanguage":"da-DK","potentialAction":[{"@type":"CommentAction","name":"Comment","target":["https:\/\/kunmedierne.dk\/mors\/ung-kult-soeger-campingvogne-til-ung-kulg-camp\/#respond"]}]},{"@type":"WebPage","@id":"https:\/\/kunmedierne.dk\/mors\/ung-kult-soeger-campingvogne-til-ung-kulg-camp\/","url":"https:\/\/kunmedierne.dk\/mors\/ung-kult-soeger-campingvogne-til-ung-kulg-camp\/","name":"Ung Kult s\u00f8ger campingvogne til Ung Kult Camp - Mors","isPartOf":{"@id":"https:\/\/kunmedierne.dk\/mors\/#website"},"primaryImageOfPage":{"@id":"https:\/\/kunmedierne.dk\/mors\/ung-kult-soeger-campingvogne-til-ung-kulg-camp\/#primaryimage"},"image":{"@id":"https:\/\/kunmedierne.dk\/mors\/ung-kult-soeger-campingvogne-til-ung-kulg-camp\/#primaryimage"},"thumbnailUrl":"https:\/\/kunmedierne.dk\/mors\/wp-content\/uploads\/2020\/07\/200711-kulturm\u00f8de-2019.jpg","datePublished":"2020-07-11T09:43:01+00:00","dateModified":"2024-08-12T11:44:24+00:00","breadcrumb":{"@id":"https:\/\/kunmedierne.dk\/mors\/ung-kult-soeger-campingvogne-til-ung-kulg-camp\/#breadcrumb"},"inLanguage":"da-DK","potentialAction":[{"@type":"ReadAction","target":["https:\/\/kunmedierne.dk\/mors\/ung-kult-soeger-campingvogne-til-ung-kulg-camp\/"]}]},{"@type":"ImageObject","inLanguage":"da-DK","@id":"https:\/\/kunmedierne.dk\/mors\/ung-kult-soeger-campingvogne-til-ung-kulg-camp\/#primaryimage","url":"https:\/\/kunmedierne.dk\/mors\/wp-content\/uploads\/2020\/07\/200711-kulturm\u00f8de-2019.jpg","contentUrl":"https:\/\/kunmedierne.dk\/mors\/wp-content\/uploads\/2020\/07\/200711-kulturm\u00f8de-2019.jpg","width":770,"height":514,"caption":"Fra Kulturm\u00f8det 2019. Foto: Per Bille."},{"@type":"BreadcrumbList","@id":"https:\/\/kunmedierne.dk\/mors\/ung-kult-soeger-campingvogne-til-ung-kulg-camp\/#breadcrumb","itemListElement":[{"@type":"ListItem","position":1,"name":"Hjem","item":"https:\/\/kunmedierne.dk\/mors\/"},{"@type":"ListItem","position":2,"name":"Ung Kult s\u00f8ger campingvogne til Ung Kult Camp"}]},{"@type":"WebSite","@id":"https:\/\/kunmedierne.dk\/mors\/#website","url":"https:\/\/kunmedierne.dk\/mors\/","name":"Mors","description":"et netmedie med journalistik om livet p\u00e5 Mors","publisher":{"@id":"https:\/\/kunmedierne.dk\/mors\/#organization"},"potentialAction":[{"@type":"SearchAction","target":{"@type":"EntryPoint","urlTemplate":"https:\/\/kunmedierne.dk\/mors\/?s={search_term_string}"},"query-input":{"@type":"PropertyValueSpecification","valueRequired":true,"valueName":"search_term_string"}}],"inLanguage":"da-DK"},{"@type":"Organization","@id":"https:\/\/kunmedierne.dk\/mors\/#organization","name":"Mors","url":"https:\/\/kunmedierne.dk\/mors\/","logo":{"@type":"ImageObject","inLanguage":"da-DK","@id":"https:\/\/kunmedierne.dk\/mors\/#\/schema\/logo\/image\/","url":"https:\/\/kunmedierne.dk\/mors\/wp-content\/uploads\/2024\/08\/kunmors-logo.svg","contentUrl":"https:\/\/kunmedierne.dk\/mors\/wp-content\/uploads\/2024\/08\/kunmors-logo.svg","caption":"Mors"},"image":{"@id":"https:\/\/kunmedierne.dk\/mors\/#\/schema\/logo\/image\/"}},{"@type":"Person","@id":"https:\/\/kunmedierne.dk\/mors\/#\/schema\/person\/5fe23251bf1d0abbcdc6f7896579d548","name":"David H\u00f8jmark","image":{"@type":"ImageObject","inLanguage":"da-DK","@id":"https:\/\/kunmedierne.dk\/mors\/#\/schema\/person\/image\/","url":"https:\/\/secure.gravatar.com\/avatar\/4315d6fb9ef244d729989f5f90268eb08d5bf8a3d84402f595fa194bb35784fd?s=96&d=mm&r=g","contentUrl":"https:\/\/secure.gravatar.com\/avatar\/4315d6fb9ef244d729989f5f90268eb08d5bf8a3d84402f595fa194bb35784fd?s=96&d=mm&r=g","caption":"David H\u00f8jmark"},"sameAs":["https:\/\/www.kunmedierne.dk"],"url":"https:\/\/kunmedierne.dk\/mors\/author\/david\/"}]}},"_links":{"self":[{"href":"https:\/\/kunmedierne.dk\/mors\/wp-json\/wp\/v2\/posts\/27729","targetHints":{"allow":["GET"]}}],"collection":[{"href":"https:\/\/kunmedierne.dk\/mors\/wp-json\/wp\/v2\/posts"}],"about":[{"href":"https:\/\/kunmedierne.dk\/mors\/wp-json\/wp\/v2\/types\/post"}],"author":[{"embeddable":true,"href":"https:\/\/kunmedierne.dk\/mors\/wp-json\/wp\/v2\/users\/8"}],"replies":[{"embeddable":true,"href":"https:\/\/kunmedierne.dk\/mors\/wp-json\/wp\/v2\/comments?post=27729"}],"version-history":[{"count":14,"href":"https:\/\/kunmedierne.dk\/mors\/wp-json\/wp\/v2\/posts\/27729\/revisions"}],"predecessor-version":[{"id":27746,"href":"https:\/\/kunmedierne.dk\/mors\/wp-json\/wp\/v2\/posts\/27729\/revisions\/27746"}],"wp:featuredmedia":[{"embeddable":true,"href":"https:\/\/kunmedierne.dk\/mors\/wp-json\/wp\/v2\/media\/27732"}],"wp:attachment":[{"href":"https:\/\/kunmedierne.dk\/mors\/wp-json\/wp\/v2\/media?parent=27729"}],"wp:term":[{"taxonomy":"category","embeddable":true,"href":"https:\/\/kunmedierne.dk\/mors\/wp-json\/wp\/v2\/categories?post=27729"},{"taxonomy":"post_tag","embeddable":true,"href":"https:\/\/kunmedierne.dk\/mors\/wp-json\/wp\/v2\/tags?post=27729"}],"curies":[{"name":"wp","href":"https:\/\/api.w.org\/{rel}","templated":true}]}}