{"id":26771,"date":"2020-06-29T12:24:10","date_gmt":"2020-06-29T10:24:10","guid":{"rendered":"https:\/\/kunmedierne.dk\/mors\/?p=26771"},"modified":"2024-08-12T14:05:57","modified_gmt":"2024-08-12T12:05:57","slug":"politiet-festglade-studenter-og-oemskindede-oerer-aarsag-til-mange-opkald-om-larm","status":"publish","type":"post","link":"https:\/\/kunmedierne.dk\/mors\/politiet-festglade-studenter-og-oemskindede-oerer-aarsag-til-mange-opkald-om-larm\/","title":{"rendered":"Politiet: Festglade studenter og \u00f8mskindede \u00f8rer \u00e5rsag til mange opkald om larm"},"content":{"rendered":"<p><strong>MORS<\/strong>: Igen i denne weekend har \u00f8en v\u00e6ret ramt larm p\u00e5 ubehagelige tidspunkter for nogen &#8211; og p\u00e5 festlige for andre.<\/p>\n<p>Politiet har i\u00a0l\u00f8bet af weekenden f\u00e5et en del henvendelser om st\u00f8j i forbindelse med fester. Enten fester hos naboen eller andre steder, hvor medbragte h\u00f8jttalere har givet en del larm.<\/p>\n<p>Det fort\u00e6ller Morten Bujakewitz, stationsleder ved lokalpolitiet i Thisted. Han vurderer, at der er flere \u00e5rsager til, at politiet har haft travlt med netop den form for anmeldelser.<\/p>\n<p>&#8220;Det er selvf\u00f8lgelig studentertid, og der er formentlig mange festglade, unge mennesker. Og s\u00e5 er folk m\u00e5ske ogs\u00e5 blevet lidt mere \u00f8mskindede, efter at der har v\u00e6ret ro i coronaperioden,&#8221; siger han og melder om en del anmeldelser i hele politikredsen &#8211; ogs\u00e5 p\u00e5 Mors og i Thy.<\/p>\n<p>If\u00f8lge Videncentret Bolius er der ingen fastsat decibelgr\u00e6nse for, hvor meget man m\u00e5 st\u00f8je, n\u00e5r man holder fest. Ordensbekendtg\u00f8relsen giver dog politiet myndighed til at udstede p\u00e5bud om at skrue ned for larmen, hvis det vurderes, at den er til gene for andre.<\/p>\n<p>P\u00e5 videncentrets <a href=\"https:\/\/www.bolius.dk\/hvor-meget-maa-din-nabo-stoeje-i-haven-15637\" target=\"_blank\" rel=\"noopener noreferrer\">hjemmeside<\/a> kan du finde r\u00e5d og vejledning i forbindelse med havefester og st\u00f8j i haven generelt.<\/p>\n","protected":false},"excerpt":{"rendered":"<p>MORS: Igen i denne weekend har \u00f8en v\u00e6ret ramt larm p\u00e5 ubehagelige tidspunkter for nogen &#8211; og p\u00e5 festlige for andre. Politiet har i\u00a0l\u00f8bet af weekenden f\u00e5et en del henvendelser om st\u00f8j i forbindelse med fester. Enten fester hos naboen eller andre steder, hvor medbragte h\u00f8jttalere har givet en del larm. Det fort\u00e6ller Morten Bujakewitz, [&hellip;]<\/p>\n","protected":false},"author":8,"featured_media":26796,"comment_status":"open","ping_status":"open","sticky":false,"template":"","format":"standard","meta":{"_acf_changed":false,"footnotes":""},"categories":[51],"tags":[],"class_list":["post-26771","post","type-post","status-publish","format-standard","has-post-thumbnail","hentry","category-lokalt"],"acf":[],"yoast_head":"<!-- This site is optimized with the Yoast SEO plugin v26.8 - https:\/\/yoast.com\/product\/yoast-seo-wordpress\/ -->\n<title>Politiet: Festglade studenter og \u00f8mskindede \u00f8rer \u00e5rsag til mange opkald om larm - Mors<\/title>\n<meta name=\"robots\" content=\"index, follow, max-snippet:-1, max-image-preview:large, max-video-preview:-1\" \/>\n<link rel=\"canonical\" href=\"https:\/\/kunmedierne.dk\/mors\/politiet-festglade-studenter-og-oemskindede-oerer-aarsag-til-mange-opkald-om-larm\/\" \/>\n<meta property=\"og:locale\" content=\"da_DK\" \/>\n<meta property=\"og:type\" content=\"article\" \/>\n<meta property=\"og:title\" content=\"Politiet: Festglade studenter og \u00f8mskindede \u00f8rer \u00e5rsag til mange opkald om larm - Mors\" \/>\n<meta property=\"og:description\" content=\"MORS: Igen i denne weekend har \u00f8en v\u00e6ret ramt larm p\u00e5 ubehagelige tidspunkter for nogen &#8211; og p\u00e5 festlige for andre. Politiet har i\u00a0l\u00f8bet af weekenden f\u00e5et en del henvendelser om st\u00f8j i forbindelse med fester. Enten fester hos naboen eller andre steder, hvor medbragte h\u00f8jttalere har givet en del larm. Det fort\u00e6ller Morten Bujakewitz, [&hellip;]\" \/>\n<meta property=\"og:url\" content=\"https:\/\/kunmedierne.dk\/mors\/politiet-festglade-studenter-og-oemskindede-oerer-aarsag-til-mange-opkald-om-larm\/\" \/>\n<meta property=\"og:site_name\" content=\"Mors\" \/>\n<meta property=\"article:published_time\" content=\"2020-06-29T10:24:10+00:00\" \/>\n<meta property=\"article:modified_time\" content=\"2024-08-12T12:05:57+00:00\" \/>\n<meta property=\"og:image\" content=\"https:\/\/kunmedierne.dk\/mors\/wp-content\/uploads\/2020\/06\/dave-lastovskiy-RygIdTavhkQ-unsplash.jpg\" \/>\n\t<meta property=\"og:image:width\" content=\"770\" \/>\n\t<meta property=\"og:image:height\" content=\"513\" \/>\n\t<meta property=\"og:image:type\" content=\"image\/jpeg\" \/>\n<meta name=\"author\" content=\"David H\u00f8jmark\" \/>\n<meta name=\"twitter:card\" content=\"summary_large_image\" \/>\n<meta name=\"twitter:label1\" content=\"Skrevet af\" \/>\n\t<meta name=\"twitter:data1\" content=\"David H\u00f8jmark\" \/>\n\t<meta name=\"twitter:label2\" content=\"Estimeret l\u00e6setid\" \/>\n\t<meta name=\"twitter:data2\" content=\"1 minut\" \/>\n<script type=\"application\/ld+json\" class=\"yoast-schema-graph\">{\"@context\":\"https:\/\/schema.org\",\"@graph\":[{\"@type\":\"Article\",\"@id\":\"https:\/\/kunmedierne.dk\/mors\/politiet-festglade-studenter-og-oemskindede-oerer-aarsag-til-mange-opkald-om-larm\/#article\",\"isPartOf\":{\"@id\":\"https:\/\/kunmedierne.dk\/mors\/politiet-festglade-studenter-og-oemskindede-oerer-aarsag-til-mange-opkald-om-larm\/\"},\"author\":{\"name\":\"David H\u00f8jmark\",\"@id\":\"https:\/\/kunmedierne.dk\/mors\/#\/schema\/person\/5fe23251bf1d0abbcdc6f7896579d548\"},\"headline\":\"Politiet: Festglade studenter og \u00f8mskindede \u00f8rer \u00e5rsag til mange opkald om larm\",\"datePublished\":\"2020-06-29T10:24:10+00:00\",\"dateModified\":\"2024-08-12T12:05:57+00:00\",\"mainEntityOfPage\":{\"@id\":\"https:\/\/kunmedierne.dk\/mors\/politiet-festglade-studenter-og-oemskindede-oerer-aarsag-til-mange-opkald-om-larm\/\"},\"wordCount\":218,\"commentCount\":0,\"publisher\":{\"@id\":\"https:\/\/kunmedierne.dk\/mors\/#organization\"},\"image\":{\"@id\":\"https:\/\/kunmedierne.dk\/mors\/politiet-festglade-studenter-og-oemskindede-oerer-aarsag-til-mange-opkald-om-larm\/#primaryimage\"},\"thumbnailUrl\":\"https:\/\/kunmedierne.dk\/mors\/wp-content\/uploads\/2020\/06\/dave-lastovskiy-RygIdTavhkQ-unsplash.jpg\",\"articleSection\":[\"Lokalt\"],\"inLanguage\":\"da-DK\",\"potentialAction\":[{\"@type\":\"CommentAction\",\"name\":\"Comment\",\"target\":[\"https:\/\/kunmedierne.dk\/mors\/politiet-festglade-studenter-og-oemskindede-oerer-aarsag-til-mange-opkald-om-larm\/#respond\"]}]},{\"@type\":\"WebPage\",\"@id\":\"https:\/\/kunmedierne.dk\/mors\/politiet-festglade-studenter-og-oemskindede-oerer-aarsag-til-mange-opkald-om-larm\/\",\"url\":\"https:\/\/kunmedierne.dk\/mors\/politiet-festglade-studenter-og-oemskindede-oerer-aarsag-til-mange-opkald-om-larm\/\",\"name\":\"Politiet: Festglade studenter og \u00f8mskindede \u00f8rer \u00e5rsag til mange opkald om larm - Mors\",\"isPartOf\":{\"@id\":\"https:\/\/kunmedierne.dk\/mors\/#website\"},\"primaryImageOfPage\":{\"@id\":\"https:\/\/kunmedierne.dk\/mors\/politiet-festglade-studenter-og-oemskindede-oerer-aarsag-til-mange-opkald-om-larm\/#primaryimage\"},\"image\":{\"@id\":\"https:\/\/kunmedierne.dk\/mors\/politiet-festglade-studenter-og-oemskindede-oerer-aarsag-til-mange-opkald-om-larm\/#primaryimage\"},\"thumbnailUrl\":\"https:\/\/kunmedierne.dk\/mors\/wp-content\/uploads\/2020\/06\/dave-lastovskiy-RygIdTavhkQ-unsplash.jpg\",\"datePublished\":\"2020-06-29T10:24:10+00:00\",\"dateModified\":\"2024-08-12T12:05:57+00:00\",\"breadcrumb\":{\"@id\":\"https:\/\/kunmedierne.dk\/mors\/politiet-festglade-studenter-og-oemskindede-oerer-aarsag-til-mange-opkald-om-larm\/#breadcrumb\"},\"inLanguage\":\"da-DK\",\"potentialAction\":[{\"@type\":\"ReadAction\",\"target\":[\"https:\/\/kunmedierne.dk\/mors\/politiet-festglade-studenter-og-oemskindede-oerer-aarsag-til-mange-opkald-om-larm\/\"]}]},{\"@type\":\"ImageObject\",\"inLanguage\":\"da-DK\",\"@id\":\"https:\/\/kunmedierne.dk\/mors\/politiet-festglade-studenter-og-oemskindede-oerer-aarsag-til-mange-opkald-om-larm\/#primaryimage\",\"url\":\"https:\/\/kunmedierne.dk\/mors\/wp-content\/uploads\/2020\/06\/dave-lastovskiy-RygIdTavhkQ-unsplash.jpg\",\"contentUrl\":\"https:\/\/kunmedierne.dk\/mors\/wp-content\/uploads\/2020\/06\/dave-lastovskiy-RygIdTavhkQ-unsplash.jpg\",\"width\":770,\"height\":513,\"caption\":\"Modelfoto: Dave Lastovskiy\/Unsplash\"},{\"@type\":\"BreadcrumbList\",\"@id\":\"https:\/\/kunmedierne.dk\/mors\/politiet-festglade-studenter-og-oemskindede-oerer-aarsag-til-mange-opkald-om-larm\/#breadcrumb\",\"itemListElement\":[{\"@type\":\"ListItem\",\"position\":1,\"name\":\"Hjem\",\"item\":\"https:\/\/kunmedierne.dk\/mors\/\"},{\"@type\":\"ListItem\",\"position\":2,\"name\":\"Politiet: Festglade studenter og \u00f8mskindede \u00f8rer \u00e5rsag til mange opkald om larm\"}]},{\"@type\":\"WebSite\",\"@id\":\"https:\/\/kunmedierne.dk\/mors\/#website\",\"url\":\"https:\/\/kunmedierne.dk\/mors\/\",\"name\":\"Mors\",\"description\":\"et netmedie med journalistik om livet p\u00e5 Mors\",\"publisher\":{\"@id\":\"https:\/\/kunmedierne.dk\/mors\/#organization\"},\"potentialAction\":[{\"@type\":\"SearchAction\",\"target\":{\"@type\":\"EntryPoint\",\"urlTemplate\":\"https:\/\/kunmedierne.dk\/mors\/?s={search_term_string}\"},\"query-input\":{\"@type\":\"PropertyValueSpecification\",\"valueRequired\":true,\"valueName\":\"search_term_string\"}}],\"inLanguage\":\"da-DK\"},{\"@type\":\"Organization\",\"@id\":\"https:\/\/kunmedierne.dk\/mors\/#organization\",\"name\":\"Mors\",\"url\":\"https:\/\/kunmedierne.dk\/mors\/\",\"logo\":{\"@type\":\"ImageObject\",\"inLanguage\":\"da-DK\",\"@id\":\"https:\/\/kunmedierne.dk\/mors\/#\/schema\/logo\/image\/\",\"url\":\"https:\/\/kunmedierne.dk\/mors\/wp-content\/uploads\/2024\/08\/kunmors-logo.svg\",\"contentUrl\":\"https:\/\/kunmedierne.dk\/mors\/wp-content\/uploads\/2024\/08\/kunmors-logo.svg\",\"caption\":\"Mors\"},\"image\":{\"@id\":\"https:\/\/kunmedierne.dk\/mors\/#\/schema\/logo\/image\/\"}},{\"@type\":\"Person\",\"@id\":\"https:\/\/kunmedierne.dk\/mors\/#\/schema\/person\/5fe23251bf1d0abbcdc6f7896579d548\",\"name\":\"David H\u00f8jmark\",\"image\":{\"@type\":\"ImageObject\",\"inLanguage\":\"da-DK\",\"@id\":\"https:\/\/kunmedierne.dk\/mors\/#\/schema\/person\/image\/\",\"url\":\"https:\/\/secure.gravatar.com\/avatar\/4315d6fb9ef244d729989f5f90268eb08d5bf8a3d84402f595fa194bb35784fd?s=96&d=mm&r=g\",\"contentUrl\":\"https:\/\/secure.gravatar.com\/avatar\/4315d6fb9ef244d729989f5f90268eb08d5bf8a3d84402f595fa194bb35784fd?s=96&d=mm&r=g\",\"caption\":\"David H\u00f8jmark\"},\"sameAs\":[\"https:\/\/www.kunmedierne.dk\"],\"url\":\"https:\/\/kunmedierne.dk\/mors\/author\/david\/\"}]}<\/script>\n<!-- \/ Yoast SEO plugin. -->","yoast_head_json":{"title":"Politiet: Festglade studenter og \u00f8mskindede \u00f8rer \u00e5rsag til mange opkald om larm - Mors","robots":{"index":"index","follow":"follow","max-snippet":"max-snippet:-1","max-image-preview":"max-image-preview:large","max-video-preview":"max-video-preview:-1"},"canonical":"https:\/\/kunmedierne.dk\/mors\/politiet-festglade-studenter-og-oemskindede-oerer-aarsag-til-mange-opkald-om-larm\/","og_locale":"da_DK","og_type":"article","og_title":"Politiet: Festglade studenter og \u00f8mskindede \u00f8rer \u00e5rsag til mange opkald om larm - Mors","og_description":"MORS: Igen i denne weekend har \u00f8en v\u00e6ret ramt larm p\u00e5 ubehagelige tidspunkter for nogen &#8211; og p\u00e5 festlige for andre. Politiet har i\u00a0l\u00f8bet af weekenden f\u00e5et en del henvendelser om st\u00f8j i forbindelse med fester. Enten fester hos naboen eller andre steder, hvor medbragte h\u00f8jttalere har givet en del larm. Det fort\u00e6ller Morten Bujakewitz, [&hellip;]","og_url":"https:\/\/kunmedierne.dk\/mors\/politiet-festglade-studenter-og-oemskindede-oerer-aarsag-til-mange-opkald-om-larm\/","og_site_name":"Mors","article_published_time":"2020-06-29T10:24:10+00:00","article_modified_time":"2024-08-12T12:05:57+00:00","og_image":[{"width":770,"height":513,"url":"https:\/\/kunmedierne.dk\/mors\/wp-content\/uploads\/2020\/06\/dave-lastovskiy-RygIdTavhkQ-unsplash.jpg","type":"image\/jpeg"}],"author":"David H\u00f8jmark","twitter_card":"summary_large_image","twitter_misc":{"Skrevet af":"David H\u00f8jmark","Estimeret l\u00e6setid":"1 minut"},"schema":{"@context":"https:\/\/schema.org","@graph":[{"@type":"Article","@id":"https:\/\/kunmedierne.dk\/mors\/politiet-festglade-studenter-og-oemskindede-oerer-aarsag-til-mange-opkald-om-larm\/#article","isPartOf":{"@id":"https:\/\/kunmedierne.dk\/mors\/politiet-festglade-studenter-og-oemskindede-oerer-aarsag-til-mange-opkald-om-larm\/"},"author":{"name":"David H\u00f8jmark","@id":"https:\/\/kunmedierne.dk\/mors\/#\/schema\/person\/5fe23251bf1d0abbcdc6f7896579d548"},"headline":"Politiet: Festglade studenter og \u00f8mskindede \u00f8rer \u00e5rsag til mange opkald om larm","datePublished":"2020-06-29T10:24:10+00:00","dateModified":"2024-08-12T12:05:57+00:00","mainEntityOfPage":{"@id":"https:\/\/kunmedierne.dk\/mors\/politiet-festglade-studenter-og-oemskindede-oerer-aarsag-til-mange-opkald-om-larm\/"},"wordCount":218,"commentCount":0,"publisher":{"@id":"https:\/\/kunmedierne.dk\/mors\/#organization"},"image":{"@id":"https:\/\/kunmedierne.dk\/mors\/politiet-festglade-studenter-og-oemskindede-oerer-aarsag-til-mange-opkald-om-larm\/#primaryimage"},"thumbnailUrl":"https:\/\/kunmedierne.dk\/mors\/wp-content\/uploads\/2020\/06\/dave-lastovskiy-RygIdTavhkQ-unsplash.jpg","articleSection":["Lokalt"],"inLanguage":"da-DK","potentialAction":[{"@type":"CommentAction","name":"Comment","target":["https:\/\/kunmedierne.dk\/mors\/politiet-festglade-studenter-og-oemskindede-oerer-aarsag-til-mange-opkald-om-larm\/#respond"]}]},{"@type":"WebPage","@id":"https:\/\/kunmedierne.dk\/mors\/politiet-festglade-studenter-og-oemskindede-oerer-aarsag-til-mange-opkald-om-larm\/","url":"https:\/\/kunmedierne.dk\/mors\/politiet-festglade-studenter-og-oemskindede-oerer-aarsag-til-mange-opkald-om-larm\/","name":"Politiet: Festglade studenter og \u00f8mskindede \u00f8rer \u00e5rsag til mange opkald om larm - Mors","isPartOf":{"@id":"https:\/\/kunmedierne.dk\/mors\/#website"},"primaryImageOfPage":{"@id":"https:\/\/kunmedierne.dk\/mors\/politiet-festglade-studenter-og-oemskindede-oerer-aarsag-til-mange-opkald-om-larm\/#primaryimage"},"image":{"@id":"https:\/\/kunmedierne.dk\/mors\/politiet-festglade-studenter-og-oemskindede-oerer-aarsag-til-mange-opkald-om-larm\/#primaryimage"},"thumbnailUrl":"https:\/\/kunmedierne.dk\/mors\/wp-content\/uploads\/2020\/06\/dave-lastovskiy-RygIdTavhkQ-unsplash.jpg","datePublished":"2020-06-29T10:24:10+00:00","dateModified":"2024-08-12T12:05:57+00:00","breadcrumb":{"@id":"https:\/\/kunmedierne.dk\/mors\/politiet-festglade-studenter-og-oemskindede-oerer-aarsag-til-mange-opkald-om-larm\/#breadcrumb"},"inLanguage":"da-DK","potentialAction":[{"@type":"ReadAction","target":["https:\/\/kunmedierne.dk\/mors\/politiet-festglade-studenter-og-oemskindede-oerer-aarsag-til-mange-opkald-om-larm\/"]}]},{"@type":"ImageObject","inLanguage":"da-DK","@id":"https:\/\/kunmedierne.dk\/mors\/politiet-festglade-studenter-og-oemskindede-oerer-aarsag-til-mange-opkald-om-larm\/#primaryimage","url":"https:\/\/kunmedierne.dk\/mors\/wp-content\/uploads\/2020\/06\/dave-lastovskiy-RygIdTavhkQ-unsplash.jpg","contentUrl":"https:\/\/kunmedierne.dk\/mors\/wp-content\/uploads\/2020\/06\/dave-lastovskiy-RygIdTavhkQ-unsplash.jpg","width":770,"height":513,"caption":"Modelfoto: Dave Lastovskiy\/Unsplash"},{"@type":"BreadcrumbList","@id":"https:\/\/kunmedierne.dk\/mors\/politiet-festglade-studenter-og-oemskindede-oerer-aarsag-til-mange-opkald-om-larm\/#breadcrumb","itemListElement":[{"@type":"ListItem","position":1,"name":"Hjem","item":"https:\/\/kunmedierne.dk\/mors\/"},{"@type":"ListItem","position":2,"name":"Politiet: Festglade studenter og \u00f8mskindede \u00f8rer \u00e5rsag til mange opkald om larm"}]},{"@type":"WebSite","@id":"https:\/\/kunmedierne.dk\/mors\/#website","url":"https:\/\/kunmedierne.dk\/mors\/","name":"Mors","description":"et netmedie med journalistik om livet p\u00e5 Mors","publisher":{"@id":"https:\/\/kunmedierne.dk\/mors\/#organization"},"potentialAction":[{"@type":"SearchAction","target":{"@type":"EntryPoint","urlTemplate":"https:\/\/kunmedierne.dk\/mors\/?s={search_term_string}"},"query-input":{"@type":"PropertyValueSpecification","valueRequired":true,"valueName":"search_term_string"}}],"inLanguage":"da-DK"},{"@type":"Organization","@id":"https:\/\/kunmedierne.dk\/mors\/#organization","name":"Mors","url":"https:\/\/kunmedierne.dk\/mors\/","logo":{"@type":"ImageObject","inLanguage":"da-DK","@id":"https:\/\/kunmedierne.dk\/mors\/#\/schema\/logo\/image\/","url":"https:\/\/kunmedierne.dk\/mors\/wp-content\/uploads\/2024\/08\/kunmors-logo.svg","contentUrl":"https:\/\/kunmedierne.dk\/mors\/wp-content\/uploads\/2024\/08\/kunmors-logo.svg","caption":"Mors"},"image":{"@id":"https:\/\/kunmedierne.dk\/mors\/#\/schema\/logo\/image\/"}},{"@type":"Person","@id":"https:\/\/kunmedierne.dk\/mors\/#\/schema\/person\/5fe23251bf1d0abbcdc6f7896579d548","name":"David H\u00f8jmark","image":{"@type":"ImageObject","inLanguage":"da-DK","@id":"https:\/\/kunmedierne.dk\/mors\/#\/schema\/person\/image\/","url":"https:\/\/secure.gravatar.com\/avatar\/4315d6fb9ef244d729989f5f90268eb08d5bf8a3d84402f595fa194bb35784fd?s=96&d=mm&r=g","contentUrl":"https:\/\/secure.gravatar.com\/avatar\/4315d6fb9ef244d729989f5f90268eb08d5bf8a3d84402f595fa194bb35784fd?s=96&d=mm&r=g","caption":"David H\u00f8jmark"},"sameAs":["https:\/\/www.kunmedierne.dk"],"url":"https:\/\/kunmedierne.dk\/mors\/author\/david\/"}]}},"_links":{"self":[{"href":"https:\/\/kunmedierne.dk\/mors\/wp-json\/wp\/v2\/posts\/26771","targetHints":{"allow":["GET"]}}],"collection":[{"href":"https:\/\/kunmedierne.dk\/mors\/wp-json\/wp\/v2\/posts"}],"about":[{"href":"https:\/\/kunmedierne.dk\/mors\/wp-json\/wp\/v2\/types\/post"}],"author":[{"embeddable":true,"href":"https:\/\/kunmedierne.dk\/mors\/wp-json\/wp\/v2\/users\/8"}],"replies":[{"embeddable":true,"href":"https:\/\/kunmedierne.dk\/mors\/wp-json\/wp\/v2\/comments?post=26771"}],"version-history":[{"count":3,"href":"https:\/\/kunmedierne.dk\/mors\/wp-json\/wp\/v2\/posts\/26771\/revisions"}],"predecessor-version":[{"id":26778,"href":"https:\/\/kunmedierne.dk\/mors\/wp-json\/wp\/v2\/posts\/26771\/revisions\/26778"}],"wp:featuredmedia":[{"embeddable":true,"href":"https:\/\/kunmedierne.dk\/mors\/wp-json\/wp\/v2\/media\/26796"}],"wp:attachment":[{"href":"https:\/\/kunmedierne.dk\/mors\/wp-json\/wp\/v2\/media?parent=26771"}],"wp:term":[{"taxonomy":"category","embeddable":true,"href":"https:\/\/kunmedierne.dk\/mors\/wp-json\/wp\/v2\/categories?post=26771"},{"taxonomy":"post_tag","embeddable":true,"href":"https:\/\/kunmedierne.dk\/mors\/wp-json\/wp\/v2\/tags?post=26771"}],"curies":[{"name":"wp","href":"https:\/\/api.w.org\/{rel}","templated":true}]}}