{"id":26730,"date":"2020-06-28T19:05:26","date_gmt":"2020-06-28T17:05:26","guid":{"rendered":"https:\/\/kunmedierne.dk\/mors\/?p=26730"},"modified":"2024-08-12T14:05:57","modified_gmt":"2024-08-12T12:05:57","slug":"daarligt-vejr-vil-ramme-brugerne-af-sind-huset","status":"publish","type":"post","link":"https:\/\/kunmedierne.dk\/mors\/daarligt-vejr-vil-ramme-brugerne-af-sind-huset\/","title":{"rendered":"D\u00e5rligt vejr vil ramme brugerne af Sind-Huset"},"content":{"rendered":"<p><strong>NYK\u00d8BING<\/strong>: Nogle gl\u00e6der sig til at f\u00e5 regnvejr og fald i temperaturerne, s\u00e5dan som <a href=\"https:\/\/www.dmi.dk\/lokation\/show\/DK\/2615964\/Nyk%C3%B8bing_Mors\/\" target=\"_blank\" rel=\"noopener noreferrer\">vejrudsigterne<\/a> lover for den kommende uge. Andre \u00e6rgrer sig over, at varmen forsvinder &#8211; nu var ferien jo lige begyndt.<\/p>\n<p>Og s\u00e5 er der dem, for hvem d\u00e5rligt vejr ligefrem er et praktisk problem i hverdagen. Det er det for eksempel for Sind-Huset i Nyk\u00f8bing.<\/p>\n<p>&#8220;Lige s\u00e5 snart, vi kommer ind, kan vi ikke v\u00e6re ret mange flere end 12,&#8221; siger Betina Pedersen, leder af Sind-Huset, med henvisning til coronarestriktionerne om at holde afstand.<\/p>\n<p>Den g\u00e6lder ogs\u00e5 for de 15-20 daglige brugere af Sind-Huset, som har v\u00e6ret ekstraordin\u00e6rt tilfredse med den seneste tids flotte sommervejr, fordi man s\u00e5 har kunnet tage den store g\u00e5rdhave i brug. Men hvis vejret bliver s\u00e5 d\u00e5rligt, at man ikke l\u00e6ngere kan v\u00e6re ude, skal der igen t\u00e6nkes i kreative l\u00f8sninger.<\/p>\n<p>&nbsp;<\/p>\n<p><strong>Telefonkontakt giver tryghed<\/strong><\/p>\n<p>Det gjorde man senest, da restriktionerne bet\u00f8d, at kun otte brugere ad gangen m\u00e5tte v\u00e6re p\u00e5 Skovvej 5, hvor de sindslidende holder til og f\u00e5r den kontakt, der er s\u00e5 vigtig for dem.<\/p>\n<p>P\u00e5 et tidspunkt indf\u00f8rte Sind-Huset derfor en form for turnusordning, hvor brugerne kunne booke tid til nogle timers ophold &#8211; og i sagens natur bet\u00f8d det mere tid alene derhjemme.<\/p>\n<p>Det gjaldt ikke mindst, og g\u00e6lder stadig, for de brugere, der i forhold til coronavirus er i risikogruppen. I den forbindelse var det en stor nytte for Sind-Huset, da Velliv Foreningen <a href=\"https:\/\/kunmedierne.dk\/mors\/glaede-i-sind-huset-over-coronahjaelp\/\" target=\"_blank\" rel=\"noopener noreferrer\">donerede 23.000 kroner<\/a>, s\u00e5 Sind-Huset med brug af telefon kunne g\u00f8re kontakten til brugerne meget kortere. Ogs\u00e5 selv om det siden har vist sig, at det sj\u00e6ldent er brugerne selv, der tager kontakt.<\/p>\n<p>&#8220;Men det er godt, at vi har den &#8211; og at der kan ringes til den. Det er ikke hver weekend, den ringer, men s\u00e5 bruger jeg den til at ringe til dem,&#8221; siger Betina Pedersen.<\/p>\n<p>&#8220;Og bare sikkerheden i, at man har muligheden for at ringe til os, betyder meget,&#8221; tilf\u00f8jer hun.<\/p>\n<p>&nbsp;<\/p>\n<p><strong>Overvejer bustur<\/strong><\/p>\n<p>Ingen af brugerne af Sind-Huset har v\u00e6ret smittet med covid-19. En enkelt har v\u00e6ret testet, men uden at have v\u00e6ret ramt, mens dem i risikogruppen har holdt afstand til andre i frygt for at blive smittet.<\/p>\n<p>Og brugerne er gode til at passe p\u00e5 hinanden, fort\u00e6ller Betina Pedersen og melder om stor selvdisciplin i brugen af den opstillede spritdispenser og i forhold til at holde afstand.<\/p>\n<p>S\u00e5 alt i alt er status, at Sind-Huset holder hovedet oven vande &#8211; ogs\u00e5 selv om man kan se frem til en udfordring med regn og koldere vejr. Og selv om man slet ikke har v\u00e6ret p\u00e5 de ture, der plejer at v\u00e6re en fast del af sommeren for brugerne.<\/p>\n<p>&#8220;Vi tr\u00e6nger til at komme ud af huset. Men jeg vil ikke putte dem ind i biler, for s\u00e5 er der for lidt afstand,&#8221; siger Betina Pedersen.<\/p>\n<p>Tanken om at komme ud og se er dog ikke opgivet.<\/p>\n<p>&#8220;Vi har snakket om at tage bybussen og s\u00e5 k\u00f8re hele vejen rundt og sidde p\u00e5 hvert andet s\u00e6de i bussen. Vi har joket lidt med det, men det ender nok med, at vi g\u00f8r det,&#8221; siger Betina Pedersen.<\/p>\n<p>&nbsp;<\/p>\n<blockquote>\n<h3>FAKTA<\/h3>\n<p>Sind-Huset er et anonymt v\u00e6rested under Landsforeningen Sind, der blev etableret i 1960 og arbejder for at skabe forst\u00e5else og tolerance for sindslidende og deres p\u00e5r\u00f8rende.<\/p>\n<p>&nbsp;<\/p>\n<p>L\u00e6s mere om Landsforeningen SIND\u00a0<a href=\"https:\/\/sind.dk\/\" target=\"_blank\" rel=\"noopener noreferrer\">her<\/a>\u00a0\u2013 og om det lokale tilbud p\u00e5 Facebook-siden\u00a0<a href=\"https:\/\/www.facebook.com\/SIND-Huset-Nyk%C3%B8bing-Mors-145934328783615\/\" target=\"_blank\" rel=\"noopener noreferrer\">her<\/a>.<\/p><\/blockquote>\n","protected":false},"excerpt":{"rendered":"<p>NYK\u00d8BING: Nogle gl\u00e6der sig til at f\u00e5 regnvejr og fald i temperaturerne, s\u00e5dan som vejrudsigterne lover for den kommende uge. Andre \u00e6rgrer sig over, at varmen forsvinder &#8211; nu var ferien jo lige begyndt. Og s\u00e5 er der dem, for hvem d\u00e5rligt vejr ligefrem er et praktisk problem i hverdagen. Det er det for eksempel [&hellip;]<\/p>\n","protected":false},"author":8,"featured_media":18986,"comment_status":"open","ping_status":"open","sticky":false,"template":"","format":"standard","meta":{"_acf_changed":false,"footnotes":""},"categories":[51],"tags":[],"class_list":["post-26730","post","type-post","status-publish","format-standard","has-post-thumbnail","hentry","category-lokalt"],"acf":[],"yoast_head":"<!-- This site is optimized with the Yoast SEO plugin v26.8 - https:\/\/yoast.com\/product\/yoast-seo-wordpress\/ -->\n<title>D\u00e5rligt vejr vil ramme brugerne af Sind-Huset - Mors<\/title>\n<meta name=\"robots\" content=\"index, follow, max-snippet:-1, max-image-preview:large, max-video-preview:-1\" \/>\n<link rel=\"canonical\" href=\"https:\/\/kunmedierne.dk\/mors\/daarligt-vejr-vil-ramme-brugerne-af-sind-huset\/\" \/>\n<meta property=\"og:locale\" content=\"da_DK\" \/>\n<meta property=\"og:type\" content=\"article\" \/>\n<meta property=\"og:title\" content=\"D\u00e5rligt vejr vil ramme brugerne af Sind-Huset - Mors\" \/>\n<meta property=\"og:description\" content=\"NYK\u00d8BING: Nogle gl\u00e6der sig til at f\u00e5 regnvejr og fald i temperaturerne, s\u00e5dan som vejrudsigterne lover for den kommende uge. Andre \u00e6rgrer sig over, at varmen forsvinder &#8211; nu var ferien jo lige begyndt. Og s\u00e5 er der dem, for hvem d\u00e5rligt vejr ligefrem er et praktisk problem i hverdagen. Det er det for eksempel [&hellip;]\" \/>\n<meta property=\"og:url\" content=\"https:\/\/kunmedierne.dk\/mors\/daarligt-vejr-vil-ramme-brugerne-af-sind-huset\/\" \/>\n<meta property=\"og:site_name\" content=\"Mors\" \/>\n<meta property=\"article:published_time\" content=\"2020-06-28T17:05:26+00:00\" \/>\n<meta property=\"article:modified_time\" content=\"2024-08-12T12:05:57+00:00\" \/>\n<meta property=\"og:image\" content=\"https:\/\/kunmedierne.dk\/mors\/wp-content\/uploads\/2020\/04\/sind-huset.jpg\" \/>\n\t<meta property=\"og:image:width\" content=\"770\" \/>\n\t<meta property=\"og:image:height\" content=\"513\" \/>\n\t<meta property=\"og:image:type\" content=\"image\/jpeg\" \/>\n<meta name=\"author\" content=\"David H\u00f8jmark\" \/>\n<meta name=\"twitter:card\" content=\"summary_large_image\" \/>\n<meta name=\"twitter:label1\" content=\"Skrevet af\" \/>\n\t<meta name=\"twitter:data1\" content=\"David H\u00f8jmark\" \/>\n\t<meta name=\"twitter:label2\" content=\"Estimeret l\u00e6setid\" \/>\n\t<meta name=\"twitter:data2\" content=\"3 minutter\" \/>\n<script type=\"application\/ld+json\" class=\"yoast-schema-graph\">{\"@context\":\"https:\/\/schema.org\",\"@graph\":[{\"@type\":\"Article\",\"@id\":\"https:\/\/kunmedierne.dk\/mors\/daarligt-vejr-vil-ramme-brugerne-af-sind-huset\/#article\",\"isPartOf\":{\"@id\":\"https:\/\/kunmedierne.dk\/mors\/daarligt-vejr-vil-ramme-brugerne-af-sind-huset\/\"},\"author\":{\"name\":\"David H\u00f8jmark\",\"@id\":\"https:\/\/kunmedierne.dk\/mors\/#\/schema\/person\/5fe23251bf1d0abbcdc6f7896579d548\"},\"headline\":\"D\u00e5rligt vejr vil ramme brugerne af Sind-Huset\",\"datePublished\":\"2020-06-28T17:05:26+00:00\",\"dateModified\":\"2024-08-12T12:05:57+00:00\",\"mainEntityOfPage\":{\"@id\":\"https:\/\/kunmedierne.dk\/mors\/daarligt-vejr-vil-ramme-brugerne-af-sind-huset\/\"},\"wordCount\":607,\"commentCount\":0,\"publisher\":{\"@id\":\"https:\/\/kunmedierne.dk\/mors\/#organization\"},\"image\":{\"@id\":\"https:\/\/kunmedierne.dk\/mors\/daarligt-vejr-vil-ramme-brugerne-af-sind-huset\/#primaryimage\"},\"thumbnailUrl\":\"https:\/\/kunmedierne.dk\/mors\/wp-content\/uploads\/2020\/04\/sind-huset.jpg\",\"articleSection\":[\"Lokalt\"],\"inLanguage\":\"da-DK\",\"potentialAction\":[{\"@type\":\"CommentAction\",\"name\":\"Comment\",\"target\":[\"https:\/\/kunmedierne.dk\/mors\/daarligt-vejr-vil-ramme-brugerne-af-sind-huset\/#respond\"]}]},{\"@type\":\"WebPage\",\"@id\":\"https:\/\/kunmedierne.dk\/mors\/daarligt-vejr-vil-ramme-brugerne-af-sind-huset\/\",\"url\":\"https:\/\/kunmedierne.dk\/mors\/daarligt-vejr-vil-ramme-brugerne-af-sind-huset\/\",\"name\":\"D\u00e5rligt vejr vil ramme brugerne af Sind-Huset - Mors\",\"isPartOf\":{\"@id\":\"https:\/\/kunmedierne.dk\/mors\/#website\"},\"primaryImageOfPage\":{\"@id\":\"https:\/\/kunmedierne.dk\/mors\/daarligt-vejr-vil-ramme-brugerne-af-sind-huset\/#primaryimage\"},\"image\":{\"@id\":\"https:\/\/kunmedierne.dk\/mors\/daarligt-vejr-vil-ramme-brugerne-af-sind-huset\/#primaryimage\"},\"thumbnailUrl\":\"https:\/\/kunmedierne.dk\/mors\/wp-content\/uploads\/2020\/04\/sind-huset.jpg\",\"datePublished\":\"2020-06-28T17:05:26+00:00\",\"dateModified\":\"2024-08-12T12:05:57+00:00\",\"breadcrumb\":{\"@id\":\"https:\/\/kunmedierne.dk\/mors\/daarligt-vejr-vil-ramme-brugerne-af-sind-huset\/#breadcrumb\"},\"inLanguage\":\"da-DK\",\"potentialAction\":[{\"@type\":\"ReadAction\",\"target\":[\"https:\/\/kunmedierne.dk\/mors\/daarligt-vejr-vil-ramme-brugerne-af-sind-huset\/\"]}]},{\"@type\":\"ImageObject\",\"inLanguage\":\"da-DK\",\"@id\":\"https:\/\/kunmedierne.dk\/mors\/daarligt-vejr-vil-ramme-brugerne-af-sind-huset\/#primaryimage\",\"url\":\"https:\/\/kunmedierne.dk\/mors\/wp-content\/uploads\/2020\/04\/sind-huset.jpg\",\"contentUrl\":\"https:\/\/kunmedierne.dk\/mors\/wp-content\/uploads\/2020\/04\/sind-huset.jpg\",\"width\":770,\"height\":513,\"caption\":\"Sind-Huset i Nyk\u00f8bing. Foto: Sind-Huset.\"},{\"@type\":\"BreadcrumbList\",\"@id\":\"https:\/\/kunmedierne.dk\/mors\/daarligt-vejr-vil-ramme-brugerne-af-sind-huset\/#breadcrumb\",\"itemListElement\":[{\"@type\":\"ListItem\",\"position\":1,\"name\":\"Hjem\",\"item\":\"https:\/\/kunmedierne.dk\/mors\/\"},{\"@type\":\"ListItem\",\"position\":2,\"name\":\"D\u00e5rligt vejr vil ramme brugerne af Sind-Huset\"}]},{\"@type\":\"WebSite\",\"@id\":\"https:\/\/kunmedierne.dk\/mors\/#website\",\"url\":\"https:\/\/kunmedierne.dk\/mors\/\",\"name\":\"Mors\",\"description\":\"et netmedie med journalistik om livet p\u00e5 Mors\",\"publisher\":{\"@id\":\"https:\/\/kunmedierne.dk\/mors\/#organization\"},\"potentialAction\":[{\"@type\":\"SearchAction\",\"target\":{\"@type\":\"EntryPoint\",\"urlTemplate\":\"https:\/\/kunmedierne.dk\/mors\/?s={search_term_string}\"},\"query-input\":{\"@type\":\"PropertyValueSpecification\",\"valueRequired\":true,\"valueName\":\"search_term_string\"}}],\"inLanguage\":\"da-DK\"},{\"@type\":\"Organization\",\"@id\":\"https:\/\/kunmedierne.dk\/mors\/#organization\",\"name\":\"Mors\",\"url\":\"https:\/\/kunmedierne.dk\/mors\/\",\"logo\":{\"@type\":\"ImageObject\",\"inLanguage\":\"da-DK\",\"@id\":\"https:\/\/kunmedierne.dk\/mors\/#\/schema\/logo\/image\/\",\"url\":\"https:\/\/kunmedierne.dk\/mors\/wp-content\/uploads\/2024\/08\/kunmors-logo.svg\",\"contentUrl\":\"https:\/\/kunmedierne.dk\/mors\/wp-content\/uploads\/2024\/08\/kunmors-logo.svg\",\"caption\":\"Mors\"},\"image\":{\"@id\":\"https:\/\/kunmedierne.dk\/mors\/#\/schema\/logo\/image\/\"}},{\"@type\":\"Person\",\"@id\":\"https:\/\/kunmedierne.dk\/mors\/#\/schema\/person\/5fe23251bf1d0abbcdc6f7896579d548\",\"name\":\"David H\u00f8jmark\",\"image\":{\"@type\":\"ImageObject\",\"inLanguage\":\"da-DK\",\"@id\":\"https:\/\/kunmedierne.dk\/mors\/#\/schema\/person\/image\/\",\"url\":\"https:\/\/secure.gravatar.com\/avatar\/4315d6fb9ef244d729989f5f90268eb08d5bf8a3d84402f595fa194bb35784fd?s=96&d=mm&r=g\",\"contentUrl\":\"https:\/\/secure.gravatar.com\/avatar\/4315d6fb9ef244d729989f5f90268eb08d5bf8a3d84402f595fa194bb35784fd?s=96&d=mm&r=g\",\"caption\":\"David H\u00f8jmark\"},\"sameAs\":[\"https:\/\/www.kunmedierne.dk\"],\"url\":\"https:\/\/kunmedierne.dk\/mors\/author\/david\/\"}]}<\/script>\n<!-- \/ Yoast SEO plugin. -->","yoast_head_json":{"title":"D\u00e5rligt vejr vil ramme brugerne af Sind-Huset - Mors","robots":{"index":"index","follow":"follow","max-snippet":"max-snippet:-1","max-image-preview":"max-image-preview:large","max-video-preview":"max-video-preview:-1"},"canonical":"https:\/\/kunmedierne.dk\/mors\/daarligt-vejr-vil-ramme-brugerne-af-sind-huset\/","og_locale":"da_DK","og_type":"article","og_title":"D\u00e5rligt vejr vil ramme brugerne af Sind-Huset - Mors","og_description":"NYK\u00d8BING: Nogle gl\u00e6der sig til at f\u00e5 regnvejr og fald i temperaturerne, s\u00e5dan som vejrudsigterne lover for den kommende uge. Andre \u00e6rgrer sig over, at varmen forsvinder &#8211; nu var ferien jo lige begyndt. Og s\u00e5 er der dem, for hvem d\u00e5rligt vejr ligefrem er et praktisk problem i hverdagen. Det er det for eksempel [&hellip;]","og_url":"https:\/\/kunmedierne.dk\/mors\/daarligt-vejr-vil-ramme-brugerne-af-sind-huset\/","og_site_name":"Mors","article_published_time":"2020-06-28T17:05:26+00:00","article_modified_time":"2024-08-12T12:05:57+00:00","og_image":[{"width":770,"height":513,"url":"https:\/\/kunmedierne.dk\/mors\/wp-content\/uploads\/2020\/04\/sind-huset.jpg","type":"image\/jpeg"}],"author":"David H\u00f8jmark","twitter_card":"summary_large_image","twitter_misc":{"Skrevet af":"David H\u00f8jmark","Estimeret l\u00e6setid":"3 minutter"},"schema":{"@context":"https:\/\/schema.org","@graph":[{"@type":"Article","@id":"https:\/\/kunmedierne.dk\/mors\/daarligt-vejr-vil-ramme-brugerne-af-sind-huset\/#article","isPartOf":{"@id":"https:\/\/kunmedierne.dk\/mors\/daarligt-vejr-vil-ramme-brugerne-af-sind-huset\/"},"author":{"name":"David H\u00f8jmark","@id":"https:\/\/kunmedierne.dk\/mors\/#\/schema\/person\/5fe23251bf1d0abbcdc6f7896579d548"},"headline":"D\u00e5rligt vejr vil ramme brugerne af Sind-Huset","datePublished":"2020-06-28T17:05:26+00:00","dateModified":"2024-08-12T12:05:57+00:00","mainEntityOfPage":{"@id":"https:\/\/kunmedierne.dk\/mors\/daarligt-vejr-vil-ramme-brugerne-af-sind-huset\/"},"wordCount":607,"commentCount":0,"publisher":{"@id":"https:\/\/kunmedierne.dk\/mors\/#organization"},"image":{"@id":"https:\/\/kunmedierne.dk\/mors\/daarligt-vejr-vil-ramme-brugerne-af-sind-huset\/#primaryimage"},"thumbnailUrl":"https:\/\/kunmedierne.dk\/mors\/wp-content\/uploads\/2020\/04\/sind-huset.jpg","articleSection":["Lokalt"],"inLanguage":"da-DK","potentialAction":[{"@type":"CommentAction","name":"Comment","target":["https:\/\/kunmedierne.dk\/mors\/daarligt-vejr-vil-ramme-brugerne-af-sind-huset\/#respond"]}]},{"@type":"WebPage","@id":"https:\/\/kunmedierne.dk\/mors\/daarligt-vejr-vil-ramme-brugerne-af-sind-huset\/","url":"https:\/\/kunmedierne.dk\/mors\/daarligt-vejr-vil-ramme-brugerne-af-sind-huset\/","name":"D\u00e5rligt vejr vil ramme brugerne af Sind-Huset - Mors","isPartOf":{"@id":"https:\/\/kunmedierne.dk\/mors\/#website"},"primaryImageOfPage":{"@id":"https:\/\/kunmedierne.dk\/mors\/daarligt-vejr-vil-ramme-brugerne-af-sind-huset\/#primaryimage"},"image":{"@id":"https:\/\/kunmedierne.dk\/mors\/daarligt-vejr-vil-ramme-brugerne-af-sind-huset\/#primaryimage"},"thumbnailUrl":"https:\/\/kunmedierne.dk\/mors\/wp-content\/uploads\/2020\/04\/sind-huset.jpg","datePublished":"2020-06-28T17:05:26+00:00","dateModified":"2024-08-12T12:05:57+00:00","breadcrumb":{"@id":"https:\/\/kunmedierne.dk\/mors\/daarligt-vejr-vil-ramme-brugerne-af-sind-huset\/#breadcrumb"},"inLanguage":"da-DK","potentialAction":[{"@type":"ReadAction","target":["https:\/\/kunmedierne.dk\/mors\/daarligt-vejr-vil-ramme-brugerne-af-sind-huset\/"]}]},{"@type":"ImageObject","inLanguage":"da-DK","@id":"https:\/\/kunmedierne.dk\/mors\/daarligt-vejr-vil-ramme-brugerne-af-sind-huset\/#primaryimage","url":"https:\/\/kunmedierne.dk\/mors\/wp-content\/uploads\/2020\/04\/sind-huset.jpg","contentUrl":"https:\/\/kunmedierne.dk\/mors\/wp-content\/uploads\/2020\/04\/sind-huset.jpg","width":770,"height":513,"caption":"Sind-Huset i Nyk\u00f8bing. Foto: Sind-Huset."},{"@type":"BreadcrumbList","@id":"https:\/\/kunmedierne.dk\/mors\/daarligt-vejr-vil-ramme-brugerne-af-sind-huset\/#breadcrumb","itemListElement":[{"@type":"ListItem","position":1,"name":"Hjem","item":"https:\/\/kunmedierne.dk\/mors\/"},{"@type":"ListItem","position":2,"name":"D\u00e5rligt vejr vil ramme brugerne af Sind-Huset"}]},{"@type":"WebSite","@id":"https:\/\/kunmedierne.dk\/mors\/#website","url":"https:\/\/kunmedierne.dk\/mors\/","name":"Mors","description":"et netmedie med journalistik om livet p\u00e5 Mors","publisher":{"@id":"https:\/\/kunmedierne.dk\/mors\/#organization"},"potentialAction":[{"@type":"SearchAction","target":{"@type":"EntryPoint","urlTemplate":"https:\/\/kunmedierne.dk\/mors\/?s={search_term_string}"},"query-input":{"@type":"PropertyValueSpecification","valueRequired":true,"valueName":"search_term_string"}}],"inLanguage":"da-DK"},{"@type":"Organization","@id":"https:\/\/kunmedierne.dk\/mors\/#organization","name":"Mors","url":"https:\/\/kunmedierne.dk\/mors\/","logo":{"@type":"ImageObject","inLanguage":"da-DK","@id":"https:\/\/kunmedierne.dk\/mors\/#\/schema\/logo\/image\/","url":"https:\/\/kunmedierne.dk\/mors\/wp-content\/uploads\/2024\/08\/kunmors-logo.svg","contentUrl":"https:\/\/kunmedierne.dk\/mors\/wp-content\/uploads\/2024\/08\/kunmors-logo.svg","caption":"Mors"},"image":{"@id":"https:\/\/kunmedierne.dk\/mors\/#\/schema\/logo\/image\/"}},{"@type":"Person","@id":"https:\/\/kunmedierne.dk\/mors\/#\/schema\/person\/5fe23251bf1d0abbcdc6f7896579d548","name":"David H\u00f8jmark","image":{"@type":"ImageObject","inLanguage":"da-DK","@id":"https:\/\/kunmedierne.dk\/mors\/#\/schema\/person\/image\/","url":"https:\/\/secure.gravatar.com\/avatar\/4315d6fb9ef244d729989f5f90268eb08d5bf8a3d84402f595fa194bb35784fd?s=96&d=mm&r=g","contentUrl":"https:\/\/secure.gravatar.com\/avatar\/4315d6fb9ef244d729989f5f90268eb08d5bf8a3d84402f595fa194bb35784fd?s=96&d=mm&r=g","caption":"David H\u00f8jmark"},"sameAs":["https:\/\/www.kunmedierne.dk"],"url":"https:\/\/kunmedierne.dk\/mors\/author\/david\/"}]}},"_links":{"self":[{"href":"https:\/\/kunmedierne.dk\/mors\/wp-json\/wp\/v2\/posts\/26730","targetHints":{"allow":["GET"]}}],"collection":[{"href":"https:\/\/kunmedierne.dk\/mors\/wp-json\/wp\/v2\/posts"}],"about":[{"href":"https:\/\/kunmedierne.dk\/mors\/wp-json\/wp\/v2\/types\/post"}],"author":[{"embeddable":true,"href":"https:\/\/kunmedierne.dk\/mors\/wp-json\/wp\/v2\/users\/8"}],"replies":[{"embeddable":true,"href":"https:\/\/kunmedierne.dk\/mors\/wp-json\/wp\/v2\/comments?post=26730"}],"version-history":[{"count":2,"href":"https:\/\/kunmedierne.dk\/mors\/wp-json\/wp\/v2\/posts\/26730\/revisions"}],"predecessor-version":[{"id":35152,"href":"https:\/\/kunmedierne.dk\/mors\/wp-json\/wp\/v2\/posts\/26730\/revisions\/35152"}],"wp:featuredmedia":[{"embeddable":true,"href":"https:\/\/kunmedierne.dk\/mors\/wp-json\/wp\/v2\/media\/18986"}],"wp:attachment":[{"href":"https:\/\/kunmedierne.dk\/mors\/wp-json\/wp\/v2\/media?parent=26730"}],"wp:term":[{"taxonomy":"category","embeddable":true,"href":"https:\/\/kunmedierne.dk\/mors\/wp-json\/wp\/v2\/categories?post=26730"},{"taxonomy":"post_tag","embeddable":true,"href":"https:\/\/kunmedierne.dk\/mors\/wp-json\/wp\/v2\/tags?post=26730"}],"curies":[{"name":"wp","href":"https:\/\/api.w.org\/{rel}","templated":true}]}}