{"id":26561,"date":"2020-06-26T14:40:28","date_gmt":"2020-06-26T12:40:28","guid":{"rendered":"https:\/\/kunmedierne.dk\/mors\/?p=26561"},"modified":"2024-08-12T14:05:57","modified_gmt":"2024-08-12T12:05:57","slug":"oestersfest-i-oktober","status":"publish","type":"post","link":"https:\/\/kunmedierne.dk\/mors\/oestersfest-i-oktober\/","title":{"rendered":"\u00d8stersfest i oktober"},"content":{"rendered":"<p><strong>NYK\u00d8BING<\/strong>: Danmarks skaldyrshovedstad melder sig nu klar til \u00f8stersfest.<\/p>\n<p>I en pressemeddelelse fort\u00e6ller Mors\u00f8 Kommune om en oktoberbegivenhed, der byder p\u00e5 oplevelser fra \u00f8verste hylde, n\u00e5r s\u00e6sonen for \u00f8stersfiskeri bliver skudt i gang.<\/p>\n<p>I samme anledning bliver danmarksmesterskaberne i \u00f8stersgastronomi, \u00f8sters\u00e5bning og champagnesabling afgjort.<\/p>\n<p>Programmet \u00e5bner fredag 9. oktober med den eksklusive wine &amp; dine-middag. I den vil Anita Klemensen fra den anmelderroste restaurant Studenterkilden i Dyrehaven sammen med Jens Peter Skov fra Sallingsund F\u00e6rgekro kreere &#8220;en helt unik smagsoplevelse ud over det s\u00e6dvanlige &#8211; baseret p\u00e5 r\u00e5varer fra Limfjorden&#8221;, lyder foromtalen.<\/p>\n<p>L\u00f8rdag afvikles s\u00e5 \u00d8sters- og Muslingepremieren, der markerer starten p\u00e5 \u00f8sters- og muslinges\u00e6sonen i Limfjorden. Det er med DM i \u00f8sters\u00e5bning og champagnesabling. Og s\u00f8ndag f\u00f8lger man op med DM i \u00f8stersgastronomi.<\/p>\n<p>Startfeltet til konkurrencerne inkluderer b\u00e5de nuv\u00e6rende og tidligere medlemmer af kokkelandsholdet samt nuv\u00e6rende og tidligere Michelin-kokke. Desuden vil en lang r\u00e6kke lokale restauranter l\u00f8rdag vise deres kunnen inden for limfjordsgastronomi &#8211; og der vil v\u00e6re mulighed for at k\u00f8be smagspr\u00f8ver.<\/p>\n<p>&nbsp;<\/p>\n<p><strong>Coronaen stadig i spil<\/strong><\/p>\n<p>\u00d8stersfesten i oktober stiller store krav til arrang\u00f8rerne Mors\u00f8 Kommune og Kokkeforeningen Danmark, som skal forholde sig til aktuelle begr\u00e6nsninger i forhold til forsamling og andre restriktioner under coronakrisen.<\/p>\n<p>Borgmester Hans Ejner Bertelsen (V) oplyser i pressemeddelelsen, at man derfor er tidligt ude med salg af billetter.<\/p>\n<p>&#8220;Derfor udbydes der i \u00e5r en r\u00e6kke specialpakker med siddepladser og forskellig form for<br \/>\nsmagsoplevelser, hvor publikum f\u00e5r mulighed for allerede nu at sikre sig plads til de tre<br \/>\ndanmarksmesterskaber og \u00f8vrige arrangementer,&#8221; siger han.<\/p>\n<p>Billetter til de specielle oplevelser kan findes p\u00e5\u00a0<a href=\"https:\/\/skaldyrshovedstad.dk\/\" target=\"_blank\" rel=\"noopener noreferrer\">www.skaldyrshovedstad.dk<\/a>, hvor programmet ogs\u00e5 offentligg\u00f8res l\u00f8bende.<\/p>\n","protected":false},"excerpt":{"rendered":"<p>NYK\u00d8BING: Danmarks skaldyrshovedstad melder sig nu klar til \u00f8stersfest. I en pressemeddelelse fort\u00e6ller Mors\u00f8 Kommune om en oktoberbegivenhed, der byder p\u00e5 oplevelser fra \u00f8verste hylde, n\u00e5r s\u00e6sonen for \u00f8stersfiskeri bliver skudt i gang. I samme anledning bliver danmarksmesterskaberne i \u00f8stersgastronomi, \u00f8sters\u00e5bning og champagnesabling afgjort. Programmet \u00e5bner fredag 9. oktober med den eksklusive wine &amp; dine-middag. [&hellip;]<\/p>\n","protected":false},"author":8,"featured_media":26562,"comment_status":"open","ping_status":"open","sticky":false,"template":"","format":"standard","meta":{"_acf_changed":false,"footnotes":""},"categories":[49],"tags":[169],"class_list":["post-26561","post","type-post","status-publish","format-standard","has-post-thumbnail","hentry","category-kultur","tag-skaldyr"],"acf":[],"yoast_head":"<!-- This site is optimized with the Yoast SEO plugin v26.8 - https:\/\/yoast.com\/product\/yoast-seo-wordpress\/ -->\n<title>\u00d8stersfest i oktober - Mors<\/title>\n<meta name=\"robots\" content=\"index, follow, max-snippet:-1, max-image-preview:large, max-video-preview:-1\" \/>\n<link rel=\"canonical\" href=\"https:\/\/kunmedierne.dk\/mors\/oestersfest-i-oktober\/\" \/>\n<meta property=\"og:locale\" content=\"da_DK\" \/>\n<meta property=\"og:type\" content=\"article\" \/>\n<meta property=\"og:title\" content=\"\u00d8stersfest i oktober - Mors\" \/>\n<meta property=\"og:description\" content=\"NYK\u00d8BING: Danmarks skaldyrshovedstad melder sig nu klar til \u00f8stersfest. I en pressemeddelelse fort\u00e6ller Mors\u00f8 Kommune om en oktoberbegivenhed, der byder p\u00e5 oplevelser fra \u00f8verste hylde, n\u00e5r s\u00e6sonen for \u00f8stersfiskeri bliver skudt i gang. I samme anledning bliver danmarksmesterskaberne i \u00f8stersgastronomi, \u00f8sters\u00e5bning og champagnesabling afgjort. Programmet \u00e5bner fredag 9. oktober med den eksklusive wine &amp; dine-middag. [&hellip;]\" \/>\n<meta property=\"og:url\" content=\"https:\/\/kunmedierne.dk\/mors\/oestersfest-i-oktober\/\" \/>\n<meta property=\"og:site_name\" content=\"Mors\" \/>\n<meta property=\"article:published_time\" content=\"2020-06-26T12:40:28+00:00\" \/>\n<meta property=\"article:modified_time\" content=\"2024-08-12T12:05:57+00:00\" \/>\n<meta property=\"og:image\" content=\"https:\/\/kunmedierne.dk\/mors\/wp-content\/uploads\/2020\/06\/tommaso-cantelli-oWyg8EVd0Nc-unsplash.jpg\" \/>\n\t<meta property=\"og:image:width\" content=\"770\" \/>\n\t<meta property=\"og:image:height\" content=\"513\" \/>\n\t<meta property=\"og:image:type\" content=\"image\/jpeg\" \/>\n<meta name=\"author\" content=\"David H\u00f8jmark\" \/>\n<meta name=\"twitter:card\" content=\"summary_large_image\" \/>\n<meta name=\"twitter:label1\" content=\"Skrevet af\" \/>\n\t<meta name=\"twitter:data1\" content=\"David H\u00f8jmark\" \/>\n\t<meta name=\"twitter:label2\" content=\"Estimeret l\u00e6setid\" \/>\n\t<meta name=\"twitter:data2\" content=\"1 minut\" \/>\n<script type=\"application\/ld+json\" class=\"yoast-schema-graph\">{\"@context\":\"https:\/\/schema.org\",\"@graph\":[{\"@type\":\"Article\",\"@id\":\"https:\/\/kunmedierne.dk\/mors\/oestersfest-i-oktober\/#article\",\"isPartOf\":{\"@id\":\"https:\/\/kunmedierne.dk\/mors\/oestersfest-i-oktober\/\"},\"author\":{\"name\":\"David H\u00f8jmark\",\"@id\":\"https:\/\/kunmedierne.dk\/mors\/#\/schema\/person\/5fe23251bf1d0abbcdc6f7896579d548\"},\"headline\":\"\u00d8stersfest i oktober\",\"datePublished\":\"2020-06-26T12:40:28+00:00\",\"dateModified\":\"2024-08-12T12:05:57+00:00\",\"mainEntityOfPage\":{\"@id\":\"https:\/\/kunmedierne.dk\/mors\/oestersfest-i-oktober\/\"},\"wordCount\":296,\"commentCount\":0,\"publisher\":{\"@id\":\"https:\/\/kunmedierne.dk\/mors\/#organization\"},\"image\":{\"@id\":\"https:\/\/kunmedierne.dk\/mors\/oestersfest-i-oktober\/#primaryimage\"},\"thumbnailUrl\":\"https:\/\/kunmedierne.dk\/mors\/wp-content\/uploads\/2020\/06\/tommaso-cantelli-oWyg8EVd0Nc-unsplash.jpg\",\"keywords\":[\"Skaldyr\"],\"articleSection\":[\"Kultur\"],\"inLanguage\":\"da-DK\",\"potentialAction\":[{\"@type\":\"CommentAction\",\"name\":\"Comment\",\"target\":[\"https:\/\/kunmedierne.dk\/mors\/oestersfest-i-oktober\/#respond\"]}]},{\"@type\":\"WebPage\",\"@id\":\"https:\/\/kunmedierne.dk\/mors\/oestersfest-i-oktober\/\",\"url\":\"https:\/\/kunmedierne.dk\/mors\/oestersfest-i-oktober\/\",\"name\":\"\u00d8stersfest i oktober - Mors\",\"isPartOf\":{\"@id\":\"https:\/\/kunmedierne.dk\/mors\/#website\"},\"primaryImageOfPage\":{\"@id\":\"https:\/\/kunmedierne.dk\/mors\/oestersfest-i-oktober\/#primaryimage\"},\"image\":{\"@id\":\"https:\/\/kunmedierne.dk\/mors\/oestersfest-i-oktober\/#primaryimage\"},\"thumbnailUrl\":\"https:\/\/kunmedierne.dk\/mors\/wp-content\/uploads\/2020\/06\/tommaso-cantelli-oWyg8EVd0Nc-unsplash.jpg\",\"datePublished\":\"2020-06-26T12:40:28+00:00\",\"dateModified\":\"2024-08-12T12:05:57+00:00\",\"breadcrumb\":{\"@id\":\"https:\/\/kunmedierne.dk\/mors\/oestersfest-i-oktober\/#breadcrumb\"},\"inLanguage\":\"da-DK\",\"potentialAction\":[{\"@type\":\"ReadAction\",\"target\":[\"https:\/\/kunmedierne.dk\/mors\/oestersfest-i-oktober\/\"]}]},{\"@type\":\"ImageObject\",\"inLanguage\":\"da-DK\",\"@id\":\"https:\/\/kunmedierne.dk\/mors\/oestersfest-i-oktober\/#primaryimage\",\"url\":\"https:\/\/kunmedierne.dk\/mors\/wp-content\/uploads\/2020\/06\/tommaso-cantelli-oWyg8EVd0Nc-unsplash.jpg\",\"contentUrl\":\"https:\/\/kunmedierne.dk\/mors\/wp-content\/uploads\/2020\/06\/tommaso-cantelli-oWyg8EVd0Nc-unsplash.jpg\",\"width\":770,\"height\":513,\"caption\":\"Foto: Tommaso Cantelli\/Unsplash\"},{\"@type\":\"BreadcrumbList\",\"@id\":\"https:\/\/kunmedierne.dk\/mors\/oestersfest-i-oktober\/#breadcrumb\",\"itemListElement\":[{\"@type\":\"ListItem\",\"position\":1,\"name\":\"Hjem\",\"item\":\"https:\/\/kunmedierne.dk\/mors\/\"},{\"@type\":\"ListItem\",\"position\":2,\"name\":\"\u00d8stersfest i oktober\"}]},{\"@type\":\"WebSite\",\"@id\":\"https:\/\/kunmedierne.dk\/mors\/#website\",\"url\":\"https:\/\/kunmedierne.dk\/mors\/\",\"name\":\"Mors\",\"description\":\"et netmedie med journalistik om livet p\u00e5 Mors\",\"publisher\":{\"@id\":\"https:\/\/kunmedierne.dk\/mors\/#organization\"},\"potentialAction\":[{\"@type\":\"SearchAction\",\"target\":{\"@type\":\"EntryPoint\",\"urlTemplate\":\"https:\/\/kunmedierne.dk\/mors\/?s={search_term_string}\"},\"query-input\":{\"@type\":\"PropertyValueSpecification\",\"valueRequired\":true,\"valueName\":\"search_term_string\"}}],\"inLanguage\":\"da-DK\"},{\"@type\":\"Organization\",\"@id\":\"https:\/\/kunmedierne.dk\/mors\/#organization\",\"name\":\"Mors\",\"url\":\"https:\/\/kunmedierne.dk\/mors\/\",\"logo\":{\"@type\":\"ImageObject\",\"inLanguage\":\"da-DK\",\"@id\":\"https:\/\/kunmedierne.dk\/mors\/#\/schema\/logo\/image\/\",\"url\":\"https:\/\/kunmedierne.dk\/mors\/wp-content\/uploads\/2024\/08\/kunmors-logo.svg\",\"contentUrl\":\"https:\/\/kunmedierne.dk\/mors\/wp-content\/uploads\/2024\/08\/kunmors-logo.svg\",\"caption\":\"Mors\"},\"image\":{\"@id\":\"https:\/\/kunmedierne.dk\/mors\/#\/schema\/logo\/image\/\"}},{\"@type\":\"Person\",\"@id\":\"https:\/\/kunmedierne.dk\/mors\/#\/schema\/person\/5fe23251bf1d0abbcdc6f7896579d548\",\"name\":\"David H\u00f8jmark\",\"image\":{\"@type\":\"ImageObject\",\"inLanguage\":\"da-DK\",\"@id\":\"https:\/\/kunmedierne.dk\/mors\/#\/schema\/person\/image\/\",\"url\":\"https:\/\/secure.gravatar.com\/avatar\/4315d6fb9ef244d729989f5f90268eb08d5bf8a3d84402f595fa194bb35784fd?s=96&d=mm&r=g\",\"contentUrl\":\"https:\/\/secure.gravatar.com\/avatar\/4315d6fb9ef244d729989f5f90268eb08d5bf8a3d84402f595fa194bb35784fd?s=96&d=mm&r=g\",\"caption\":\"David H\u00f8jmark\"},\"sameAs\":[\"https:\/\/www.kunmedierne.dk\"],\"url\":\"https:\/\/kunmedierne.dk\/mors\/author\/david\/\"}]}<\/script>\n<!-- \/ Yoast SEO plugin. -->","yoast_head_json":{"title":"\u00d8stersfest i oktober - Mors","robots":{"index":"index","follow":"follow","max-snippet":"max-snippet:-1","max-image-preview":"max-image-preview:large","max-video-preview":"max-video-preview:-1"},"canonical":"https:\/\/kunmedierne.dk\/mors\/oestersfest-i-oktober\/","og_locale":"da_DK","og_type":"article","og_title":"\u00d8stersfest i oktober - Mors","og_description":"NYK\u00d8BING: Danmarks skaldyrshovedstad melder sig nu klar til \u00f8stersfest. I en pressemeddelelse fort\u00e6ller Mors\u00f8 Kommune om en oktoberbegivenhed, der byder p\u00e5 oplevelser fra \u00f8verste hylde, n\u00e5r s\u00e6sonen for \u00f8stersfiskeri bliver skudt i gang. I samme anledning bliver danmarksmesterskaberne i \u00f8stersgastronomi, \u00f8sters\u00e5bning og champagnesabling afgjort. Programmet \u00e5bner fredag 9. oktober med den eksklusive wine &amp; dine-middag. [&hellip;]","og_url":"https:\/\/kunmedierne.dk\/mors\/oestersfest-i-oktober\/","og_site_name":"Mors","article_published_time":"2020-06-26T12:40:28+00:00","article_modified_time":"2024-08-12T12:05:57+00:00","og_image":[{"width":770,"height":513,"url":"https:\/\/kunmedierne.dk\/mors\/wp-content\/uploads\/2020\/06\/tommaso-cantelli-oWyg8EVd0Nc-unsplash.jpg","type":"image\/jpeg"}],"author":"David H\u00f8jmark","twitter_card":"summary_large_image","twitter_misc":{"Skrevet af":"David H\u00f8jmark","Estimeret l\u00e6setid":"1 minut"},"schema":{"@context":"https:\/\/schema.org","@graph":[{"@type":"Article","@id":"https:\/\/kunmedierne.dk\/mors\/oestersfest-i-oktober\/#article","isPartOf":{"@id":"https:\/\/kunmedierne.dk\/mors\/oestersfest-i-oktober\/"},"author":{"name":"David H\u00f8jmark","@id":"https:\/\/kunmedierne.dk\/mors\/#\/schema\/person\/5fe23251bf1d0abbcdc6f7896579d548"},"headline":"\u00d8stersfest i oktober","datePublished":"2020-06-26T12:40:28+00:00","dateModified":"2024-08-12T12:05:57+00:00","mainEntityOfPage":{"@id":"https:\/\/kunmedierne.dk\/mors\/oestersfest-i-oktober\/"},"wordCount":296,"commentCount":0,"publisher":{"@id":"https:\/\/kunmedierne.dk\/mors\/#organization"},"image":{"@id":"https:\/\/kunmedierne.dk\/mors\/oestersfest-i-oktober\/#primaryimage"},"thumbnailUrl":"https:\/\/kunmedierne.dk\/mors\/wp-content\/uploads\/2020\/06\/tommaso-cantelli-oWyg8EVd0Nc-unsplash.jpg","keywords":["Skaldyr"],"articleSection":["Kultur"],"inLanguage":"da-DK","potentialAction":[{"@type":"CommentAction","name":"Comment","target":["https:\/\/kunmedierne.dk\/mors\/oestersfest-i-oktober\/#respond"]}]},{"@type":"WebPage","@id":"https:\/\/kunmedierne.dk\/mors\/oestersfest-i-oktober\/","url":"https:\/\/kunmedierne.dk\/mors\/oestersfest-i-oktober\/","name":"\u00d8stersfest i oktober - Mors","isPartOf":{"@id":"https:\/\/kunmedierne.dk\/mors\/#website"},"primaryImageOfPage":{"@id":"https:\/\/kunmedierne.dk\/mors\/oestersfest-i-oktober\/#primaryimage"},"image":{"@id":"https:\/\/kunmedierne.dk\/mors\/oestersfest-i-oktober\/#primaryimage"},"thumbnailUrl":"https:\/\/kunmedierne.dk\/mors\/wp-content\/uploads\/2020\/06\/tommaso-cantelli-oWyg8EVd0Nc-unsplash.jpg","datePublished":"2020-06-26T12:40:28+00:00","dateModified":"2024-08-12T12:05:57+00:00","breadcrumb":{"@id":"https:\/\/kunmedierne.dk\/mors\/oestersfest-i-oktober\/#breadcrumb"},"inLanguage":"da-DK","potentialAction":[{"@type":"ReadAction","target":["https:\/\/kunmedierne.dk\/mors\/oestersfest-i-oktober\/"]}]},{"@type":"ImageObject","inLanguage":"da-DK","@id":"https:\/\/kunmedierne.dk\/mors\/oestersfest-i-oktober\/#primaryimage","url":"https:\/\/kunmedierne.dk\/mors\/wp-content\/uploads\/2020\/06\/tommaso-cantelli-oWyg8EVd0Nc-unsplash.jpg","contentUrl":"https:\/\/kunmedierne.dk\/mors\/wp-content\/uploads\/2020\/06\/tommaso-cantelli-oWyg8EVd0Nc-unsplash.jpg","width":770,"height":513,"caption":"Foto: Tommaso Cantelli\/Unsplash"},{"@type":"BreadcrumbList","@id":"https:\/\/kunmedierne.dk\/mors\/oestersfest-i-oktober\/#breadcrumb","itemListElement":[{"@type":"ListItem","position":1,"name":"Hjem","item":"https:\/\/kunmedierne.dk\/mors\/"},{"@type":"ListItem","position":2,"name":"\u00d8stersfest i oktober"}]},{"@type":"WebSite","@id":"https:\/\/kunmedierne.dk\/mors\/#website","url":"https:\/\/kunmedierne.dk\/mors\/","name":"Mors","description":"et netmedie med journalistik om livet p\u00e5 Mors","publisher":{"@id":"https:\/\/kunmedierne.dk\/mors\/#organization"},"potentialAction":[{"@type":"SearchAction","target":{"@type":"EntryPoint","urlTemplate":"https:\/\/kunmedierne.dk\/mors\/?s={search_term_string}"},"query-input":{"@type":"PropertyValueSpecification","valueRequired":true,"valueName":"search_term_string"}}],"inLanguage":"da-DK"},{"@type":"Organization","@id":"https:\/\/kunmedierne.dk\/mors\/#organization","name":"Mors","url":"https:\/\/kunmedierne.dk\/mors\/","logo":{"@type":"ImageObject","inLanguage":"da-DK","@id":"https:\/\/kunmedierne.dk\/mors\/#\/schema\/logo\/image\/","url":"https:\/\/kunmedierne.dk\/mors\/wp-content\/uploads\/2024\/08\/kunmors-logo.svg","contentUrl":"https:\/\/kunmedierne.dk\/mors\/wp-content\/uploads\/2024\/08\/kunmors-logo.svg","caption":"Mors"},"image":{"@id":"https:\/\/kunmedierne.dk\/mors\/#\/schema\/logo\/image\/"}},{"@type":"Person","@id":"https:\/\/kunmedierne.dk\/mors\/#\/schema\/person\/5fe23251bf1d0abbcdc6f7896579d548","name":"David H\u00f8jmark","image":{"@type":"ImageObject","inLanguage":"da-DK","@id":"https:\/\/kunmedierne.dk\/mors\/#\/schema\/person\/image\/","url":"https:\/\/secure.gravatar.com\/avatar\/4315d6fb9ef244d729989f5f90268eb08d5bf8a3d84402f595fa194bb35784fd?s=96&d=mm&r=g","contentUrl":"https:\/\/secure.gravatar.com\/avatar\/4315d6fb9ef244d729989f5f90268eb08d5bf8a3d84402f595fa194bb35784fd?s=96&d=mm&r=g","caption":"David H\u00f8jmark"},"sameAs":["https:\/\/www.kunmedierne.dk"],"url":"https:\/\/kunmedierne.dk\/mors\/author\/david\/"}]}},"_links":{"self":[{"href":"https:\/\/kunmedierne.dk\/mors\/wp-json\/wp\/v2\/posts\/26561","targetHints":{"allow":["GET"]}}],"collection":[{"href":"https:\/\/kunmedierne.dk\/mors\/wp-json\/wp\/v2\/posts"}],"about":[{"href":"https:\/\/kunmedierne.dk\/mors\/wp-json\/wp\/v2\/types\/post"}],"author":[{"embeddable":true,"href":"https:\/\/kunmedierne.dk\/mors\/wp-json\/wp\/v2\/users\/8"}],"replies":[{"embeddable":true,"href":"https:\/\/kunmedierne.dk\/mors\/wp-json\/wp\/v2\/comments?post=26561"}],"version-history":[{"count":2,"href":"https:\/\/kunmedierne.dk\/mors\/wp-json\/wp\/v2\/posts\/26561\/revisions"}],"predecessor-version":[{"id":28550,"href":"https:\/\/kunmedierne.dk\/mors\/wp-json\/wp\/v2\/posts\/26561\/revisions\/28550"}],"wp:featuredmedia":[{"embeddable":true,"href":"https:\/\/kunmedierne.dk\/mors\/wp-json\/wp\/v2\/media\/26562"}],"wp:attachment":[{"href":"https:\/\/kunmedierne.dk\/mors\/wp-json\/wp\/v2\/media?parent=26561"}],"wp:term":[{"taxonomy":"category","embeddable":true,"href":"https:\/\/kunmedierne.dk\/mors\/wp-json\/wp\/v2\/categories?post=26561"},{"taxonomy":"post_tag","embeddable":true,"href":"https:\/\/kunmedierne.dk\/mors\/wp-json\/wp\/v2\/tags?post=26561"}],"curies":[{"name":"wp","href":"https:\/\/api.w.org\/{rel}","templated":true}]}}