{"id":26553,"date":"2020-06-26T14:09:52","date_gmt":"2020-06-26T12:09:52","guid":{"rendered":"https:\/\/kunmedierne.dk\/mors\/?p=26553"},"modified":"2024-08-12T14:05:57","modified_gmt":"2024-08-12T12:05:57","slug":"grib-chancen-naar-den-byder-sig","status":"publish","type":"post","link":"https:\/\/kunmedierne.dk\/mors\/grib-chancen-naar-den-byder-sig\/","title":{"rendered":"&#8211; Grib chancen, n\u00e5r den byder sig"},"content":{"rendered":"<p><em>Rektor Kurt Sonne Thomsens dimissionstale 2020 til \u00e5rets studenter p\u00e5 Mors\u00f8 Gymnasium:<\/em><\/p>\n<p>I sidder nu som s\u00e5 mange andre studenter f\u00f8r jer og venter p\u00e5, at dimissionen bliver overst\u00e5et, s\u00e5 I kan komme ud at k\u00f8re. Der er imidlertid lige nogle ritualer, der skal overst\u00e5s f\u00f8rst. Talen her er et af dem.<\/p>\n<p>I har helt sikkert i faget religion h\u00f8rt rigtigt meget om netop ritualer og deres betydning. Vi har specielt brug for bestemte m\u00e5der at g\u00f8re tingene p\u00e5, n\u00e5r der sker noget dramatisk og vigtigt i vores liv. Derfor fejrer vi f.eks. f\u00f8dsel, bryllup og d\u00f8d p\u00e5 bestemte m\u00e5der.<\/p>\n<p>I alle kulturer er der ogs\u00e5 et ritual for overgangen til voksenalderen. Traditionelt har det i Danmark v\u00e6ret konfirmationen, men det der i dag reelt markerer overgangen til jeres voksenliv er afslutningen p\u00e5 jeres ungdomsuddannelse.<\/p>\n<p>I har i \u00e5r v\u00e6ret udsat for nogle bensp\u00e6nd. Det har ikke helt v\u00e6ret muligt at g\u00f8re, som studenterne gjorde sidste \u00e5r. Det har I selvf\u00f8lgelig syntes var lidt tr\u00e6ls, men det er ogs\u00e5 en mulighed for at udvikle nye ritualer, der kan vise sig at v\u00e6re lige s\u00e5 gode som de gamle. Da skolen f\u00f8rst i 90\u2019erne forb\u00f8d den dengang traditionelle pyjamasfest, opfandt eleverne p\u00e5 Mors\u00f8 Gymnasium deres version af en gallafest, som har udviklet sig gennem \u00e5rene til den, I kender i dag.<\/p>\n<p>Det er vigtigt at fejre jeres studentertids afslutning, men m\u00e5den hvorp\u00e5 det sker, er ikke afg\u00f8rende. Jeg har h\u00f8rt om nogen, der blev gift, fordi de ville have en bryllupsfest. Hvis det reelt var den eneste grund, er det selvf\u00f8lgelig en rigtig d\u00e5rlig ide. Ritualet m\u00e5 ikke v\u00e6re m\u00e5let i sig selv, og derfor er formen heller ikke afg\u00f8rende. Der skal v\u00e6re en grund til at bruge det. For jer ligger der 3 \u00e5rs uddannelse og 3 \u00e5rs udvikling til grund for at fejre afslutningen p\u00e5 jeres gymnasietid. Det er en rigtig god grund.<\/p>\n<p>I har f\u00e5et en uddannelse, som I kan bruge i hele jeres liv fremover, ikke kun til videreuddannelse. I er blevet godt rustet til et liv med indhold og til at g\u00e5 ud i verden uden det sikkerhedsnet, som hele tiden har v\u00e6ret sp\u00e6ndt ud for jer indtil nu. I er ogs\u00e5 blevet godt forberedt p\u00e5 en verden, hvor I ikke skal tro p\u00e5 alt, hvad nogen pr\u00f8ver p\u00e5 at bilde jer ind. Peter Plys\u2019 forfatter A. A. Milne har udtrykt det s\u00e5ledes: <em>Jeg har engang skrevet, at 3. rangs forstanden kun har det godt, n\u00e5r den t\u00e6nker det samme som flertallet, og at 2. rangs forstanden kun har det godt, n\u00e5r den t\u00e6nker det samme som mindretallet, og at 1. rangs forstanden kun har det godt, n\u00e5r den t\u00e6nker.<\/em> Jeg tror, at det er en betragtning, det er godt at have i baghovedet, og hvem \u00f8nsker ikke at kunne sige om sig selv, at man har 1. rangs forstand. I beh\u00f8ver s\u00e5ledes ikke bare g\u00f8re, hvad alle andre g\u00f8r.<\/p>\n<p>Jeg er s\u00e5 gammel, at jeg tydeligt kan huske finanskrisen, men det kan I selvf\u00f8lgelig ikke. Dengang stod vi i det samme dilemma, som vi st\u00e5r i nu. Filosoffen Ole Thyssen siger, at den \u00f8konomiske n\u00f8dvendighed altid vinder, fordi den er t\u00e6ttest p\u00e5. Det gjorde den ogs\u00e5 efter finanskrisen. Forbruget steg igen og hensynet til milj\u00f8 og klima blev sat i baggrunden. Kan vi t\u00e5le en gang mere ikke at udnytte, at det faktisk er positivt, hvis vi bruger f\u00e6rre af jordens resurser og fjerner vores overforbrug?<\/p>\n<p>Nogle vil mene, at vi bare skal opfinde nogle nye teknologier. Det kunne f.eks. v\u00e6re at pr\u00f8ve at rense forgiftet vand i stedet for at undg\u00e5 forurening eller noget tilsvarende, der g\u00f8r det muligt at fors\u00e6tte som nu. Et h\u00e6mningsl\u00f8st forbrug uden konsekvenser er m\u00e5ske en \u00f8nskedr\u00f8m, men er den realistisk?<\/p>\n<p>Filosoffen Anders Fog Jensen har udtalt: \u201dEpidemier har ofte katalyseret samfundsm\u00e6ssige omv\u00e6ltninger, og m\u00e5ske bliver coronavirussets gave at l\u00e6re os at lade os n\u00f8je\u201d. Jeg ved ikke, hvad der kommer ske, men politisk tales der fra alle sider om at f\u00e5 hjulene i gang og ikke helt s\u00e5 meget om at f\u00e5 dem i gang p\u00e5 en anden m\u00e5de end f\u00f8r.<\/p>\n<p>Som s\u00e5 meget andet i fremtiden ender dette dilemma med at blive jeres. I kommer til at leve med konsekvenserne, uanset hvad der sker. I bliver derfor n\u00f8dt til at blande jer og s\u00f8ge indflydelse p\u00e5 de beslutninger, der skal tages. Kriser er heldigvis en katalysator for opfindsomhed og nyskabelser, men det kr\u00e6ver, at mulighederne udnyttes. Det skal ogs\u00e5 v\u00e6re mit r\u00e5d til jer. Grib chancen, n\u00e5r den byder sig, og pr\u00f8v at se det positive og mulighederne i de livskriser, som I som alle andre bliver udsat for. Selv om det kan v\u00e6re sv\u00e6rt at se lyset i m\u00f8rket, s\u00e5 findes det altid.<\/p>\n<p>Den tillid, som vi grundl\u00e6ggende har til hinanden i Danmark er afg\u00f8rende for, at det er muligt at leve et godt socialt liv. Det har ogs\u00e5 betydet meget for, at vi trods alt har klaret coronakrisen, uden at samfundet er g\u00e5et i stykker. Alle, der baserer deres liv p\u00e5 mistro, f\u00e5r flere triste stunder end glade. Det kr\u00e6ver imidlertid f\u00f8rst og fremmest, at I er \u00e6rlige over for jer selv. Shakespeare udtrykker det i Hamlet s\u00e5ledes: \u201dThis above all to thine own self be true, and it must follow, as the night the day, thou canst not then be false to any man\u201d \u2013 \u201dFrem for alt, v\u00e6r tro mod dig selv, s\u00e5 f\u00f8lger det, som natten efter dag, at du aldrig er svigefuld mod andre.\u201d<\/p>\n<p>At v\u00e6re tro mod sig selv betyder s\u00e5ledes meget for, hvilket samfund vi f\u00e5r, men det betyder ogs\u00e5 noget for de valg, I skal til at foretage. I skal ikke lytte for meget til dem, der siger, at I bare skal v\u00e6re en brik i et stort samfundsmaskineri. I skal fors\u00f8ge at foretage nogle valg, som I br\u00e6nder for, snarere end foretage nogle valg, som andre siger er godt for alle andre. Samfundets lykke er nemlig ikke noget, der kan m\u00e5les i \u00f8konomiske termer, det er summen af de enkelte menneskers individuelle lykke, og det er ikke sikkert, at det harmonerer med det st\u00f8rst mulige bruttonationalprodukt.<\/p>\n<p>Det er ogs\u00e5 sj\u00e6ldent muligt at forudsige, hvad der kommer til at gavne samfundet p\u00e5 l\u00e6ngere sigt. Einsteins almene relativitetsteori er f.eks. foruds\u00e6tningen for vores GPS-systemer, og der var absolut intet andet form\u00e5l med hans forskning end menneskelig erkendelse. Ingen kunne dengang have f\u00e5et tanken, at man skulle finde et system, der kunne fort\u00e6lle pr\u00e6cist, hvor man befinder sig. S\u00e5 hvis man m\u00e5lretter for meget, g\u00e5r man glip af endnu mere.<\/p>\n<p>For 200 \u00e5r siden stod H. C. \u00d8rsted foran nogle studerende og viste for f\u00f8rste gang, at en kompasn\u00e5l gjorde udslag, n\u00e5r den var i n\u00e6rheden af en str\u00f8mf\u00f8rende ledning. Der er s\u00e5ledes en sammenh\u00e6ng mellem elektricitet og magnetisme.<\/p>\n<p>\u00d8rsted n\u00e5ede aldrig at forst\u00e5 den dybere \u00e5rsag, og han n\u00e5ede da slet ikke at se ret mange resultater af sin opdagelse. Han besk\u00e6ftigede sig ogs\u00e5 prim\u00e6rt med naturfilosofiske betragtninger. Opdagelsen er imidlertid grundlaget for en utrolig stor del af det, vi tager som en selvf\u00f8lgelighed i vores samfund, herunder al tr\u00e5dl\u00f8s kommunikation. Heller ikke her ville m\u00e5lrettet forskning have v\u00e6ret svaret. Man anede jo ikke, hvad opdagelsen kunne bruges til. \u00d8rsteds store fortjeneste var, at han undrede sig over noget, han ikke umiddelbart forstod.<\/p>\n<p>Det skal I ogs\u00e5 g\u00f8re, og det g\u00f8r I bedst, hvis I laver noget, der interesserer jer. Ikke n\u00f8dvendigvis for at lave store opfindelser, men for at give jeres personlige bidrag til f\u00e6llesskabet. Et bidrag der ogs\u00e5 er givet med hjertet. For som John Fowles udtrykker det I The Magus (Troldmanden p\u00e5 dansk) :\u201dThe most important questions in life can never be answered by anyone except oneself\u201d \u2013 \u201dDe vigtigste sp\u00f8rgsm\u00e5l I livet kan aldrig blive besvaret af andre end en selv.\u201d Det kan godt ske, at alle andre har en mening om, hvad I skal bruge jeres liv til, men det er kun jer selv, der kan finde ud af, hvad der er rigtigt for jer. Det betyder selvf\u00f8lgelig ikke, at det ikke er fornuftigt at dr\u00f8fte det med andre, for dialog kan bestemt ogs\u00e5 give selvindsigt.<\/p>\n<p>Det jeg har talt om, kan lyde meget alvorligt, ja m\u00e5ske n\u00e6sten som et \u00e5g, I skal b\u00e6re, men det er jo bare menneskers grundl\u00e6ggende vilk\u00e5r. For det drejer sig \u201dbare\u201d om at finde ud af, hvad I har lyst til. Husk i den forbindelse: Det er godt at fejle \u2013 hvis man aldrig fejler, laver man for lidt -, det kan v\u00e6re godt at v\u00e6lge om &#8211; erfaringen fra det f\u00f8rste valg bliver man klogere af-, det er godt at more sig, det er godt at dyrke sociale relationer, det er i orden ikke at vide, hvad man vil p\u00e5 l\u00e6ngere sigt \u2013 m\u00e5ske vil man ogs\u00e5 bare en masse forskellige ting -, det er godt\u2026.<\/p>\n<p>Jeg kunne blive ved. P\u00e5 den anden side er jeg sikker p\u00e5, at det er afg\u00f8rende, at I pr\u00f8ver at f\u00e5 struktur p\u00e5 jeres hverdag. Den daglige planl\u00f8shed giver let anledning til kedsomhed og manglende selvv\u00e6rd. I skal bare huske, at planer ikke er evige, de kan \u00e6ndres hele tiden. Det er dog vigtigt, at I tager jeres egne valg alvorligt. I skal give det, I v\u00e6lger, en seri\u00f8s chance, f\u00f8r I evt. v\u00e6lger om, ogs\u00e5 selv om I f\u00e5r lidt modstand og synes, at det bliver lidt h\u00e5rdt eller kedeligt. Jeg tror ikke, at jeg kender et arbejde eller studium, der hele tiden er den rene svir.<\/p>\n<p>Jeg h\u00e5ber, at I, selv om der er mange ting, der fylder i jeres hoveder lige nu, vil huske lidt af det, jeg har sagt, for n\u00e5r jeg siger det til jer, er det selvf\u00f8lgelig, fordi jeg ligesom jeres for\u00e6ldre gerne vil have, at det kommer til at g\u00e5 jer godt. Det er faktisk lidt af et privilegium at besk\u00e6ftige sig med unge mennesker, og jeg kommer til at savne jer. Jeg kender jer ikke alle lige godt, men skolen har en st\u00f8rrelse, der g\u00f8r, at jeg har kendskab til de fleste af jer. Det betyder meget for mig, og jeg h\u00e5ber ogs\u00e5, at I har m\u00e6rket den mulighed for opm\u00e6rksomhed og omsorg, det giver. Det er vigtigt at f\u00e5 det sagt, for vi glemmer tit at sk\u00f8nne p\u00e5 de ting, vi g\u00f8r for hinanden.<\/p>\n<p>I har bidraget med meget, lige fra fremragende faglige pr\u00e6stationer til en stor indsats i festforening, elevr\u00e5d, velg\u00f8rende organisationer, fodboldturneringer, kor, teater og meget mere. I kom ind i gymnasiet som forskellige individer og kom heldigvis ogs\u00e5 ud igen som forskellige individer, nu bare med en f\u00e6lles viden og med f\u00e6lles oplevelser.<\/p>\n<p>Dimissionen er en fest, men ogs\u00e5 en afsked. Jeg tror, at mange af jer kommer til at savne dagligdagen og kammeraterne p\u00e5 Mors\u00f8 Gymnasium en smule, men alt har sin tid. Jeg er dog sikker p\u00e5, at de fleste af jer vil t\u00e6nke tilbage p\u00e5 jeres studentertid med gl\u00e6de, og s\u00e5dan skal det ogs\u00e5 helst v\u00e6re. Hjertelig til lykke med jeres studentereksamen.<\/p>\n<p>Med disse ord dimitterer jeg jer som studenter fra Mors\u00f8 Gymnasium 2020.<\/p>\n","protected":false},"excerpt":{"rendered":"<p>Rektor Kurt Sonne Thomsens dimissionstale 2020 til \u00e5rets studenter p\u00e5 Mors\u00f8 Gymnasium: I sidder nu som s\u00e5 mange andre studenter f\u00f8r jer og venter p\u00e5, at dimissionen bliver overst\u00e5et, s\u00e5 I kan komme ud at k\u00f8re. Der er imidlertid lige nogle ritualer, der skal overst\u00e5s f\u00f8rst. Talen her er et af dem. I har helt [&hellip;]<\/p>\n","protected":false},"author":747,"featured_media":26551,"comment_status":"open","ping_status":"open","sticky":false,"template":"","format":"standard","meta":{"_acf_changed":false,"footnotes":""},"categories":[51],"tags":[170],"class_list":["post-26553","post","type-post","status-publish","format-standard","has-post-thumbnail","hentry","category-lokalt","tag-uddannelse"],"acf":[],"yoast_head":"<!-- This site is optimized with the Yoast SEO plugin v26.8 - https:\/\/yoast.com\/product\/yoast-seo-wordpress\/ -->\n<title>- Grib chancen, n\u00e5r den byder sig - Mors<\/title>\n<meta name=\"robots\" content=\"index, follow, max-snippet:-1, max-image-preview:large, max-video-preview:-1\" \/>\n<link rel=\"canonical\" href=\"https:\/\/kunmedierne.dk\/mors\/grib-chancen-naar-den-byder-sig\/\" \/>\n<meta property=\"og:locale\" content=\"da_DK\" \/>\n<meta property=\"og:type\" content=\"article\" \/>\n<meta property=\"og:title\" content=\"- Grib chancen, n\u00e5r den byder sig - Mors\" \/>\n<meta property=\"og:description\" content=\"Rektor Kurt Sonne Thomsens dimissionstale 2020 til \u00e5rets studenter p\u00e5 Mors\u00f8 Gymnasium: I sidder nu som s\u00e5 mange andre studenter f\u00f8r jer og venter p\u00e5, at dimissionen bliver overst\u00e5et, s\u00e5 I kan komme ud at k\u00f8re. Der er imidlertid lige nogle ritualer, der skal overst\u00e5s f\u00f8rst. Talen her er et af dem. I har helt [&hellip;]\" \/>\n<meta property=\"og:url\" content=\"https:\/\/kunmedierne.dk\/mors\/grib-chancen-naar-den-byder-sig\/\" \/>\n<meta property=\"og:site_name\" content=\"Mors\" \/>\n<meta property=\"article:published_time\" content=\"2020-06-26T12:09:52+00:00\" \/>\n<meta property=\"article:modified_time\" content=\"2024-08-12T12:05:57+00:00\" \/>\n<meta property=\"og:image\" content=\"https:\/\/kunmedierne.dk\/mors\/wp-content\/uploads\/2020\/06\/dannebrog-1.jpg\" \/>\n\t<meta property=\"og:image:width\" content=\"770\" \/>\n\t<meta property=\"og:image:height\" content=\"513\" \/>\n\t<meta property=\"og:image:type\" content=\"image\/jpeg\" \/>\n<meta name=\"author\" content=\"Redaktion\" \/>\n<meta name=\"twitter:card\" content=\"summary_large_image\" \/>\n<meta name=\"twitter:label1\" content=\"Skrevet af\" \/>\n\t<meta name=\"twitter:data1\" content=\"Redaktion\" \/>\n\t<meta name=\"twitter:label2\" content=\"Estimeret l\u00e6setid\" \/>\n\t<meta name=\"twitter:data2\" content=\"10 minutter\" \/>\n<script type=\"application\/ld+json\" class=\"yoast-schema-graph\">{\"@context\":\"https:\/\/schema.org\",\"@graph\":[{\"@type\":\"Article\",\"@id\":\"https:\/\/kunmedierne.dk\/mors\/grib-chancen-naar-den-byder-sig\/#article\",\"isPartOf\":{\"@id\":\"https:\/\/kunmedierne.dk\/mors\/grib-chancen-naar-den-byder-sig\/\"},\"author\":{\"name\":\"Redaktion\",\"@id\":\"https:\/\/kunmedierne.dk\/mors\/#\/schema\/person\/23238f24c03ec888fff51102de5a585f\"},\"headline\":\"&#8211; Grib chancen, n\u00e5r den byder sig\",\"datePublished\":\"2020-06-26T12:09:52+00:00\",\"dateModified\":\"2024-08-12T12:05:57+00:00\",\"mainEntityOfPage\":{\"@id\":\"https:\/\/kunmedierne.dk\/mors\/grib-chancen-naar-den-byder-sig\/\"},\"wordCount\":2004,\"commentCount\":0,\"publisher\":{\"@id\":\"https:\/\/kunmedierne.dk\/mors\/#organization\"},\"image\":{\"@id\":\"https:\/\/kunmedierne.dk\/mors\/grib-chancen-naar-den-byder-sig\/#primaryimage\"},\"thumbnailUrl\":\"https:\/\/kunmedierne.dk\/mors\/wp-content\/uploads\/2020\/06\/dannebrog-1.jpg\",\"keywords\":[\"Skoler og uddannelse\"],\"articleSection\":[\"Lokalt\"],\"inLanguage\":\"da-DK\",\"potentialAction\":[{\"@type\":\"CommentAction\",\"name\":\"Comment\",\"target\":[\"https:\/\/kunmedierne.dk\/mors\/grib-chancen-naar-den-byder-sig\/#respond\"]}]},{\"@type\":\"WebPage\",\"@id\":\"https:\/\/kunmedierne.dk\/mors\/grib-chancen-naar-den-byder-sig\/\",\"url\":\"https:\/\/kunmedierne.dk\/mors\/grib-chancen-naar-den-byder-sig\/\",\"name\":\"- Grib chancen, n\u00e5r den byder sig - Mors\",\"isPartOf\":{\"@id\":\"https:\/\/kunmedierne.dk\/mors\/#website\"},\"primaryImageOfPage\":{\"@id\":\"https:\/\/kunmedierne.dk\/mors\/grib-chancen-naar-den-byder-sig\/#primaryimage\"},\"image\":{\"@id\":\"https:\/\/kunmedierne.dk\/mors\/grib-chancen-naar-den-byder-sig\/#primaryimage\"},\"thumbnailUrl\":\"https:\/\/kunmedierne.dk\/mors\/wp-content\/uploads\/2020\/06\/dannebrog-1.jpg\",\"datePublished\":\"2020-06-26T12:09:52+00:00\",\"dateModified\":\"2024-08-12T12:05:57+00:00\",\"breadcrumb\":{\"@id\":\"https:\/\/kunmedierne.dk\/mors\/grib-chancen-naar-den-byder-sig\/#breadcrumb\"},\"inLanguage\":\"da-DK\",\"potentialAction\":[{\"@type\":\"ReadAction\",\"target\":[\"https:\/\/kunmedierne.dk\/mors\/grib-chancen-naar-den-byder-sig\/\"]}]},{\"@type\":\"ImageObject\",\"inLanguage\":\"da-DK\",\"@id\":\"https:\/\/kunmedierne.dk\/mors\/grib-chancen-naar-den-byder-sig\/#primaryimage\",\"url\":\"https:\/\/kunmedierne.dk\/mors\/wp-content\/uploads\/2020\/06\/dannebrog-1.jpg\",\"contentUrl\":\"https:\/\/kunmedierne.dk\/mors\/wp-content\/uploads\/2020\/06\/dannebrog-1.jpg\",\"width\":770,\"height\":513},{\"@type\":\"BreadcrumbList\",\"@id\":\"https:\/\/kunmedierne.dk\/mors\/grib-chancen-naar-den-byder-sig\/#breadcrumb\",\"itemListElement\":[{\"@type\":\"ListItem\",\"position\":1,\"name\":\"Hjem\",\"item\":\"https:\/\/kunmedierne.dk\/mors\/\"},{\"@type\":\"ListItem\",\"position\":2,\"name\":\"&#8211; Grib chancen, n\u00e5r den byder sig\"}]},{\"@type\":\"WebSite\",\"@id\":\"https:\/\/kunmedierne.dk\/mors\/#website\",\"url\":\"https:\/\/kunmedierne.dk\/mors\/\",\"name\":\"Mors\",\"description\":\"et netmedie med journalistik om livet p\u00e5 Mors\",\"publisher\":{\"@id\":\"https:\/\/kunmedierne.dk\/mors\/#organization\"},\"potentialAction\":[{\"@type\":\"SearchAction\",\"target\":{\"@type\":\"EntryPoint\",\"urlTemplate\":\"https:\/\/kunmedierne.dk\/mors\/?s={search_term_string}\"},\"query-input\":{\"@type\":\"PropertyValueSpecification\",\"valueRequired\":true,\"valueName\":\"search_term_string\"}}],\"inLanguage\":\"da-DK\"},{\"@type\":\"Organization\",\"@id\":\"https:\/\/kunmedierne.dk\/mors\/#organization\",\"name\":\"Mors\",\"url\":\"https:\/\/kunmedierne.dk\/mors\/\",\"logo\":{\"@type\":\"ImageObject\",\"inLanguage\":\"da-DK\",\"@id\":\"https:\/\/kunmedierne.dk\/mors\/#\/schema\/logo\/image\/\",\"url\":\"https:\/\/kunmedierne.dk\/mors\/wp-content\/uploads\/2024\/08\/kunmors-logo.svg\",\"contentUrl\":\"https:\/\/kunmedierne.dk\/mors\/wp-content\/uploads\/2024\/08\/kunmors-logo.svg\",\"caption\":\"Mors\"},\"image\":{\"@id\":\"https:\/\/kunmedierne.dk\/mors\/#\/schema\/logo\/image\/\"}},{\"@type\":\"Person\",\"@id\":\"https:\/\/kunmedierne.dk\/mors\/#\/schema\/person\/23238f24c03ec888fff51102de5a585f\",\"name\":\"Redaktion\",\"image\":{\"@type\":\"ImageObject\",\"inLanguage\":\"da-DK\",\"@id\":\"https:\/\/kunmedierne.dk\/mors\/#\/schema\/person\/image\/\",\"url\":\"https:\/\/secure.gravatar.com\/avatar\/690249c43fd60787b97b93384a212aafd43f4087384fe866ff6bcd15574fdf55?s=96&d=mm&r=g\",\"contentUrl\":\"https:\/\/secure.gravatar.com\/avatar\/690249c43fd60787b97b93384a212aafd43f4087384fe866ff6bcd15574fdf55?s=96&d=mm&r=g\",\"caption\":\"Redaktion\"},\"url\":\"https:\/\/kunmedierne.dk\/mors\/author\/redaktion\/\"}]}<\/script>\n<!-- \/ Yoast SEO plugin. -->","yoast_head_json":{"title":"- Grib chancen, n\u00e5r den byder sig - Mors","robots":{"index":"index","follow":"follow","max-snippet":"max-snippet:-1","max-image-preview":"max-image-preview:large","max-video-preview":"max-video-preview:-1"},"canonical":"https:\/\/kunmedierne.dk\/mors\/grib-chancen-naar-den-byder-sig\/","og_locale":"da_DK","og_type":"article","og_title":"- Grib chancen, n\u00e5r den byder sig - Mors","og_description":"Rektor Kurt Sonne Thomsens dimissionstale 2020 til \u00e5rets studenter p\u00e5 Mors\u00f8 Gymnasium: I sidder nu som s\u00e5 mange andre studenter f\u00f8r jer og venter p\u00e5, at dimissionen bliver overst\u00e5et, s\u00e5 I kan komme ud at k\u00f8re. Der er imidlertid lige nogle ritualer, der skal overst\u00e5s f\u00f8rst. Talen her er et af dem. I har helt [&hellip;]","og_url":"https:\/\/kunmedierne.dk\/mors\/grib-chancen-naar-den-byder-sig\/","og_site_name":"Mors","article_published_time":"2020-06-26T12:09:52+00:00","article_modified_time":"2024-08-12T12:05:57+00:00","og_image":[{"width":770,"height":513,"url":"https:\/\/kunmedierne.dk\/mors\/wp-content\/uploads\/2020\/06\/dannebrog-1.jpg","type":"image\/jpeg"}],"author":"Redaktion","twitter_card":"summary_large_image","twitter_misc":{"Skrevet af":"Redaktion","Estimeret l\u00e6setid":"10 minutter"},"schema":{"@context":"https:\/\/schema.org","@graph":[{"@type":"Article","@id":"https:\/\/kunmedierne.dk\/mors\/grib-chancen-naar-den-byder-sig\/#article","isPartOf":{"@id":"https:\/\/kunmedierne.dk\/mors\/grib-chancen-naar-den-byder-sig\/"},"author":{"name":"Redaktion","@id":"https:\/\/kunmedierne.dk\/mors\/#\/schema\/person\/23238f24c03ec888fff51102de5a585f"},"headline":"&#8211; Grib chancen, n\u00e5r den byder sig","datePublished":"2020-06-26T12:09:52+00:00","dateModified":"2024-08-12T12:05:57+00:00","mainEntityOfPage":{"@id":"https:\/\/kunmedierne.dk\/mors\/grib-chancen-naar-den-byder-sig\/"},"wordCount":2004,"commentCount":0,"publisher":{"@id":"https:\/\/kunmedierne.dk\/mors\/#organization"},"image":{"@id":"https:\/\/kunmedierne.dk\/mors\/grib-chancen-naar-den-byder-sig\/#primaryimage"},"thumbnailUrl":"https:\/\/kunmedierne.dk\/mors\/wp-content\/uploads\/2020\/06\/dannebrog-1.jpg","keywords":["Skoler og uddannelse"],"articleSection":["Lokalt"],"inLanguage":"da-DK","potentialAction":[{"@type":"CommentAction","name":"Comment","target":["https:\/\/kunmedierne.dk\/mors\/grib-chancen-naar-den-byder-sig\/#respond"]}]},{"@type":"WebPage","@id":"https:\/\/kunmedierne.dk\/mors\/grib-chancen-naar-den-byder-sig\/","url":"https:\/\/kunmedierne.dk\/mors\/grib-chancen-naar-den-byder-sig\/","name":"- Grib chancen, n\u00e5r den byder sig - Mors","isPartOf":{"@id":"https:\/\/kunmedierne.dk\/mors\/#website"},"primaryImageOfPage":{"@id":"https:\/\/kunmedierne.dk\/mors\/grib-chancen-naar-den-byder-sig\/#primaryimage"},"image":{"@id":"https:\/\/kunmedierne.dk\/mors\/grib-chancen-naar-den-byder-sig\/#primaryimage"},"thumbnailUrl":"https:\/\/kunmedierne.dk\/mors\/wp-content\/uploads\/2020\/06\/dannebrog-1.jpg","datePublished":"2020-06-26T12:09:52+00:00","dateModified":"2024-08-12T12:05:57+00:00","breadcrumb":{"@id":"https:\/\/kunmedierne.dk\/mors\/grib-chancen-naar-den-byder-sig\/#breadcrumb"},"inLanguage":"da-DK","potentialAction":[{"@type":"ReadAction","target":["https:\/\/kunmedierne.dk\/mors\/grib-chancen-naar-den-byder-sig\/"]}]},{"@type":"ImageObject","inLanguage":"da-DK","@id":"https:\/\/kunmedierne.dk\/mors\/grib-chancen-naar-den-byder-sig\/#primaryimage","url":"https:\/\/kunmedierne.dk\/mors\/wp-content\/uploads\/2020\/06\/dannebrog-1.jpg","contentUrl":"https:\/\/kunmedierne.dk\/mors\/wp-content\/uploads\/2020\/06\/dannebrog-1.jpg","width":770,"height":513},{"@type":"BreadcrumbList","@id":"https:\/\/kunmedierne.dk\/mors\/grib-chancen-naar-den-byder-sig\/#breadcrumb","itemListElement":[{"@type":"ListItem","position":1,"name":"Hjem","item":"https:\/\/kunmedierne.dk\/mors\/"},{"@type":"ListItem","position":2,"name":"&#8211; Grib chancen, n\u00e5r den byder sig"}]},{"@type":"WebSite","@id":"https:\/\/kunmedierne.dk\/mors\/#website","url":"https:\/\/kunmedierne.dk\/mors\/","name":"Mors","description":"et netmedie med journalistik om livet p\u00e5 Mors","publisher":{"@id":"https:\/\/kunmedierne.dk\/mors\/#organization"},"potentialAction":[{"@type":"SearchAction","target":{"@type":"EntryPoint","urlTemplate":"https:\/\/kunmedierne.dk\/mors\/?s={search_term_string}"},"query-input":{"@type":"PropertyValueSpecification","valueRequired":true,"valueName":"search_term_string"}}],"inLanguage":"da-DK"},{"@type":"Organization","@id":"https:\/\/kunmedierne.dk\/mors\/#organization","name":"Mors","url":"https:\/\/kunmedierne.dk\/mors\/","logo":{"@type":"ImageObject","inLanguage":"da-DK","@id":"https:\/\/kunmedierne.dk\/mors\/#\/schema\/logo\/image\/","url":"https:\/\/kunmedierne.dk\/mors\/wp-content\/uploads\/2024\/08\/kunmors-logo.svg","contentUrl":"https:\/\/kunmedierne.dk\/mors\/wp-content\/uploads\/2024\/08\/kunmors-logo.svg","caption":"Mors"},"image":{"@id":"https:\/\/kunmedierne.dk\/mors\/#\/schema\/logo\/image\/"}},{"@type":"Person","@id":"https:\/\/kunmedierne.dk\/mors\/#\/schema\/person\/23238f24c03ec888fff51102de5a585f","name":"Redaktion","image":{"@type":"ImageObject","inLanguage":"da-DK","@id":"https:\/\/kunmedierne.dk\/mors\/#\/schema\/person\/image\/","url":"https:\/\/secure.gravatar.com\/avatar\/690249c43fd60787b97b93384a212aafd43f4087384fe866ff6bcd15574fdf55?s=96&d=mm&r=g","contentUrl":"https:\/\/secure.gravatar.com\/avatar\/690249c43fd60787b97b93384a212aafd43f4087384fe866ff6bcd15574fdf55?s=96&d=mm&r=g","caption":"Redaktion"},"url":"https:\/\/kunmedierne.dk\/mors\/author\/redaktion\/"}]}},"_links":{"self":[{"href":"https:\/\/kunmedierne.dk\/mors\/wp-json\/wp\/v2\/posts\/26553","targetHints":{"allow":["GET"]}}],"collection":[{"href":"https:\/\/kunmedierne.dk\/mors\/wp-json\/wp\/v2\/posts"}],"about":[{"href":"https:\/\/kunmedierne.dk\/mors\/wp-json\/wp\/v2\/types\/post"}],"author":[{"embeddable":true,"href":"https:\/\/kunmedierne.dk\/mors\/wp-json\/wp\/v2\/users\/747"}],"replies":[{"embeddable":true,"href":"https:\/\/kunmedierne.dk\/mors\/wp-json\/wp\/v2\/comments?post=26553"}],"version-history":[{"count":5,"href":"https:\/\/kunmedierne.dk\/mors\/wp-json\/wp\/v2\/posts\/26553\/revisions"}],"predecessor-version":[{"id":47673,"href":"https:\/\/kunmedierne.dk\/mors\/wp-json\/wp\/v2\/posts\/26553\/revisions\/47673"}],"wp:featuredmedia":[{"embeddable":true,"href":"https:\/\/kunmedierne.dk\/mors\/wp-json\/wp\/v2\/media\/26551"}],"wp:attachment":[{"href":"https:\/\/kunmedierne.dk\/mors\/wp-json\/wp\/v2\/media?parent=26553"}],"wp:term":[{"taxonomy":"category","embeddable":true,"href":"https:\/\/kunmedierne.dk\/mors\/wp-json\/wp\/v2\/categories?post=26553"},{"taxonomy":"post_tag","embeddable":true,"href":"https:\/\/kunmedierne.dk\/mors\/wp-json\/wp\/v2\/tags?post=26553"}],"curies":[{"name":"wp","href":"https:\/\/api.w.org\/{rel}","templated":true}]}}