{"id":26475,"date":"2020-06-26T10:45:27","date_gmt":"2020-06-26T08:45:27","guid":{"rendered":"https:\/\/kunmedierne.dk\/mors\/?p=26475"},"modified":"2024-08-12T14:05:58","modified_gmt":"2024-08-12T12:05:58","slug":"i-har-taget-ansvar-og-givet-afkald","status":"publish","type":"post","link":"https:\/\/kunmedierne.dk\/mors\/i-har-taget-ansvar-og-givet-afkald\/","title":{"rendered":"&#8211; I har taget ansvar og givet afkald"},"content":{"rendered":"<p><em>Rektor Erik Dose Hvids dimissionstale 2020 til \u00e5rets hf-studenter p\u00e5 Thy-Mors HF &amp; VUC:\u00a0\u00a0<\/em><\/p>\n<p>K\u00e6re studenter,<\/p>\n<p>Hjertelig tillykke med jeres eksaminer. I har gjort det godt i en us\u00e6dvanlig tid. Bedst som slutspurten skulle s\u00e6ttes ind, blev I ufrivilligt sendt hjem. Skolen lukkede ned, og I m\u00e5tte forts\u00e6tte jeres undervisning i en 100 procent virtuel verden.<\/p>\n<p>Selvom det hele herefter blev meget anderledes, s\u00e5 afsluttede I jo alligevel p\u00e5 en ordentlig m\u00e5de, I n\u00e5ede at komme i skole igen \u2013 ganske vist under nogle meget specielle forhold, og I fik ogs\u00e5 lov til at s\u00e6tte jer ved det gr\u00f8nne bord dog ved f\u00e6rre eksaminer end normalt, men vigtigst af alt, I sprang ud som studenter, jeres familier eller n\u00e6re kunne give jer den velfortjente studenterhue p\u00e5 efter den sidste eksamen.<\/p>\n<p>Gl\u00e6d jer over, at alle jeres anstrengelser og afsavn har b\u00e5ret frugt &#8211; I skyggen af en undtagelsestilstand, hvor det at give h\u00e5nd, kram eller kys blev erstattet med h\u00e5ndsprit og afstand til andre. Det har kr\u00e6vet selvdisciplin og vedholdenhed &#8211; og det har fordret seri\u00f8sitet og modenhed af jer alle. I har klaret det, og I har klaret det godt.<\/p>\n<p>I vil helt sikkert t\u00e6nke tilbage p\u00e5 dette for\u00e5r, som et for\u00e5r, som har v\u00e6ret historisk specielt. I oplevede hvordan vores regering p\u00e5 under 24 timer indf\u00f8rte n\u00f8dlovgivning, som f\u00f8rte til en markant indgriben i jeres personlige frihed og i jeres hverdag. Lige pludselig blev fremtiden usikker, alt blev sat p\u00e5 pause, sm\u00e5 og store begivenheder i jeres liv blev aflyst, og I vidste ikke, hvorn\u00e5r I ville f\u00e5 jeres liv tilbage igen.<\/p>\n<p>For mange af jer var det da ogs\u00e5 ekstra specielt. I kom til at tilh\u00f8re den gruppe af danskere i udlandet, som p\u00e5 anbefaling af Udenrigsministeriet hurtigst muligt skulle komme hjem. I var p\u00e5 studietur i Ungarn og i Portugal. I fik trods omst\u00e6ndighederne en god studietur, men I kom hjem til et anderledes og totalt nedlukket land.<\/p>\n<p>Jeg kan godt forst\u00e5, hvis I sidder her i dag med en f\u00f8lelse af, at I ufrivilligt har v\u00e6ret medspiller i en virkelighed, som kan opleves som en surrealistisk film, og n\u00e5r I g\u00e5r herfra med eksamensbeviset i h\u00e5nden, s\u00e5 er det ogs\u00e5 stadigv\u00e6k med coronakrisen som blind passager. Vores statsminister, Mette Fredriksen, sagde tilbage i marts:<\/p>\n<p>\u201dVi skal, m\u00e5ske for altid, v\u00e6nne os til at omg\u00e5s hinanden p\u00e5 nye m\u00e5der.\u201d<\/p>\n<p>Det tror jeg ikke. I vil selvf\u00f8lgelig igen komme til at give kram til hinanden, g\u00e5 til fester, koncerter, danse og rejse &#8211; ganske som I gjorde f\u00f8r.<\/p>\n<p>Vi er alle blevet mindet om, hvor meget sociale f\u00e6llesskaber betyder. I har selv oplevet, hvordan I har savnet en \u201dgo\u2019 morgen\u201d til klassen eller en high five til klassekammeraterne eller en god ven. Vi er sociale v\u00e6sener, og derfor er vores relationer til andre og vores netv\u00e6rk en vigtig faktor i vores hverdag.<\/p>\n<p>Oplevelsen af at \u201dh\u00f8re til\u201d giver os livskvalitet.<\/p>\n<p>I har skullet l\u00e6gge \u00f8re til, at I som generation har haft det sv\u00e6rt med at udvise samfundssind. S\u00e5vel vores statsminister, vores dronning og sundsfaglige eksperter har udtalt vigtigheden af, at tiden kalder p\u00e5, at vi st\u00e5r sammen, l\u00f8fter i flok og udviser samfundssind, hvor fokus her specielt har v\u00e6ret p\u00e5 jer som generation.<\/p>\n<p>Det har ikke skortet p\u00e5 bem\u00e6rkninger om, eller eksempler p\u00e5, at I enten ikke har forst\u00e5et situationens alvor eller simpelthen bare er egoistiske.<\/p>\n<p>En unders\u00f8gelse lavet af Megafon viser dog, at disse eksempler p\u00e5, at I tager relativt let p\u00e5 coronasmitten p\u00e5 ingen m\u00e5de, er et retvisende billede af jeres adf\u00e6rd. Tv\u00e6rtimod viser det sig, at I i h\u00f8jere grad end andre aldersgrupper har afst\u00e5et fra et v\u00e6re sammen med venner og jeres n\u00e6rmeste. I har i langt h\u00f8jere grad end andre v\u00e6ret bekymret og udvist hensyn.<\/p>\n<p>I har taget ansvar og givet afkald p\u00e5 egne sociale behov til gunst for f\u00e6llesskabet. De skylder vi andre jer en stor tak for.<\/p>\n<p>Vi m\u00e6rker, hvordan coronakrisen stiller kontrasten mellem samfundssind, og \u00f8nsket om individuel frihed skarpt op. Hvor g\u00e5r gr\u00e6nsen mellem p\u00e5 den ene side retten til det frie valg og s\u00e5 p\u00e5 den anden side forpligtigelsen over for f\u00e6llesskabet.<\/p>\n<p>N\u00e6sten samtidig overalt i Europa s\u00e5 vi i det tidlige for\u00e5r, hvordan regeringsmagter p\u00e5 rekordtid indf\u00f8rte n\u00f8dlovgivning, som p\u00e5 afg\u00f8rende vis satte nogle af vores helt grundl\u00e6ggende frihedsrettigheder og g\u00e6ldende retsprincipper ud af kraft.<\/p>\n<p>Det har vist sig, at der i befolkningen har v\u00e6ret stor opbakning til disse vidtg\u00e5ende politiske beslutninger. Vi har s\u00e5ledes alle v\u00e6ret villige til at acceptere indskr\u00e6nkninger i vores personlige frihed, vores bev\u00e6gelsesfrihed og vores forsamlingsfrihed, da det har v\u00e6ret n\u00f8dvendige tiltag i bek\u00e6mpelsen af coronasmitten.<\/p>\n<p>Men det giver os alligevel anledning til at overveje, hvor let det er, p\u00e5 demokratiskvis at vedtage restriktive love, som l\u00e6gger begr\u00e6nsninger p\u00e5 noget utroligt v\u00e6rdifuldt i vores demokrati.<br \/>\nRisikerer vi ikke, med statsministerens ord; \u201dJeg vil hellere g\u00e5 et skridt for langt end det modsatte\u201d, at selvom disse skridt kan v\u00e6re nok s\u00e5 velbegrundede og n\u00f8dvendige, at vi tilsides\u00e6tter v\u00e6sentlige retsprincipper i vores demokrati, som til enhver tid b\u00f8r v\u00e6re urokkelige.<\/p>\n<p>I jeres diskussioner med jeres l\u00e6rere og med hinanden har I l\u00e6rt, hvordan faglig viden kan kvalificere beslutninger. I ved, at komplekse problemstillinger kan betragtes fra forskellige perspektiver, og at der ikke n\u00f8dvendigvis kun findes \u00e9n l\u00f8sning eller \u00e9n objektiv sandhed.<br \/>\nHvad er det rigtige at g\u00f8re i en given situation. Det g\u00e6lder i det n\u00e6re forhold mellem to mennesker. Og det g\u00e6lder i st\u00f8rre sociale f\u00e6llesskaber lige fra familien til det store internationale samfundsf\u00e6llesskab.<\/p>\n<p>Utvivlsomt et meget kompliceret og sv\u00e6rt sp\u00f8rgsm\u00e5l, og der gives ingen entydige svar. Men \u00e9n ting kan alle nok blive enige om, at det handler om at tage hensyn til andres interesser. Her f\u00f8lger naturligt, at man m\u00e5 tage stilling til, hvilke hensyn, der har st\u00f8rst betydning, og her er det s\u00e5, at de etiske dilemmaer opst\u00e5r. Vi er nemlig ikke enige om, hvordan de forskellige interesser skal afvejes i forhold til hinanden.<\/p>\n<p>Filosofferne har igennem tiden pr\u00f8vet at give nogle svar. Kant og Bentham, begge fra 1800-tallet,<br \/>\nrepr\u00e6senterer etikkens to hovedretninger. Bentham argumenterer for, at en moralsk handling er den, der giver mest muligt nytte\/lykke til flest mulige mennesker. N\u00e5r moralske hensyn strider mod hinanden, s\u00e5 m\u00e5 man v\u00e6lge den handling, der samlet set giver det bedste resultat for de involverede parter. Kants grundide er derimod, at det enkelte menneske er udstyret med nogle ukr\u00e6nkelige rettigheder, som ikke kan mistes.<\/p>\n<p>Man kan s\u00e5ledes ikke kr\u00e6nke en persons rettigheder med henvisning til, at det er til fordel for de mange. Kant taler om det kategoriske imperativ, som betyder, at enhver m\u00e5 overholde sine forpligtelser som menneske, borger, eller hvad man er.<\/p>\n<p>I lyset af dette for\u00e5r kunne man dristes til at sige, at Kants kategoriske imperativ havde de bedste<br \/>\nargumenter i begyndelsen af Coronakrisen, helt centralt stod her, at vi til enhver tid skulle g\u00f8re alt for at redde menneskeliv. Hensynet til det enkelte menneske, skulle veje tungest.<\/p>\n<p>Hensynet til medmennesket er uden tvivl et menneskesyn som i sin grundsubstans tiltaler os alle. Her hvor vi st\u00e5r i dag, h\u00f8rer vi tydeligt, hvordan Benthams synsvinkel om mest mulig lykke til alle, vinder geh\u00f8r. Vi m\u00e5 inddrage ikke bare de menneskelige konsekvenser, men ogs\u00e5 de samfunds\u00f8konomiske konsekvenser i de valg og politiske beslutninger vi tr\u00e6ffer. Vi skal g\u00f8re det klogt, h\u00f8rer vi hele tiden fra politisk side. En lidt pudsig retorik, for det kloge valg handler jo netop om \u00f8jnene, der ser.<\/p>\n<p>Hvad er s\u00e5 den gode handling i afvejningen mellem personlige rettigheder og kollektive hensyn? Vi kan ikke direkte med filosoffernes synspunkter afg\u00f8re det. Men de giver os i det mindste en ramme og et stillads for, hvad der er p\u00e5 spil, hvilke dilemmaer og forskellige perspektiver, der kan anl\u00e6gges i en given situation.<\/p>\n<p>Jeg h\u00e5ber, at I med jeres faglige indsigt, og jeres demokratiske dannelse, fortsat, som I har gjort her, forholder jer kritiske og stiller sp\u00f8rgsm\u00e5l, at I vil udfordre de demokratiske autoriteter.<br \/>\nMit budskab skal v\u00e6re: Tag jeres kritiske sans med jer som en uundv\u00e6rlig del af jeres bagage. Stil jer ikke tilfreds kun med \u00e9t svar. V\u00e6r nysgerrige og \u00e5bne og v\u00e6r ikke bange for at stille sp\u00f8rgsm\u00e5l, I ikke kender svaret p\u00e5 i forvejen.<\/p>\n<p>Med dette udgangspunkt har I et st\u00e6rkere grundlag for at finde vej, n\u00e5r livet byder p\u00e5 sv\u00e6re valg. Og de vil komme valgene mellem, hvilken vej I skal g\u00e5.<\/p>\n<p>Jeg dimitterer hermed \u00e5rgang 2020 fra\u202fThy-Mors HF &amp; VUC.<\/p>\n","protected":false},"excerpt":{"rendered":"<p>Rektor Erik Dose Hvids dimissionstale 2020 til \u00e5rets hf-studenter p\u00e5 Thy-Mors HF &amp; VUC:\u00a0\u00a0 K\u00e6re studenter, Hjertelig tillykke med jeres eksaminer. I har gjort det godt i en us\u00e6dvanlig tid. Bedst som slutspurten skulle s\u00e6ttes ind, blev I ufrivilligt sendt hjem. Skolen lukkede ned, og I m\u00e5tte forts\u00e6tte jeres undervisning i en 100 procent virtuel [&hellip;]<\/p>\n","protected":false},"author":747,"featured_media":15252,"comment_status":"open","ping_status":"open","sticky":false,"template":"","format":"standard","meta":{"_acf_changed":false,"footnotes":""},"categories":[51],"tags":[170],"class_list":["post-26475","post","type-post","status-publish","format-standard","has-post-thumbnail","hentry","category-lokalt","tag-uddannelse"],"acf":[],"yoast_head":"<!-- This site is optimized with the Yoast SEO plugin v26.8 - https:\/\/yoast.com\/product\/yoast-seo-wordpress\/ -->\n<title>- I har taget ansvar og givet afkald - Mors<\/title>\n<meta name=\"robots\" content=\"index, follow, max-snippet:-1, max-image-preview:large, max-video-preview:-1\" \/>\n<link rel=\"canonical\" href=\"https:\/\/kunmedierne.dk\/mors\/i-har-taget-ansvar-og-givet-afkald\/\" \/>\n<meta property=\"og:locale\" content=\"da_DK\" \/>\n<meta property=\"og:type\" content=\"article\" \/>\n<meta property=\"og:title\" content=\"- I har taget ansvar og givet afkald - Mors\" \/>\n<meta property=\"og:description\" content=\"Rektor Erik Dose Hvids dimissionstale 2020 til \u00e5rets hf-studenter p\u00e5 Thy-Mors HF &amp; VUC:\u00a0\u00a0 K\u00e6re studenter, Hjertelig tillykke med jeres eksaminer. I har gjort det godt i en us\u00e6dvanlig tid. Bedst som slutspurten skulle s\u00e6ttes ind, blev I ufrivilligt sendt hjem. Skolen lukkede ned, og I m\u00e5tte forts\u00e6tte jeres undervisning i en 100 procent virtuel [&hellip;]\" \/>\n<meta property=\"og:url\" content=\"https:\/\/kunmedierne.dk\/mors\/i-har-taget-ansvar-og-givet-afkald\/\" \/>\n<meta property=\"og:site_name\" content=\"Mors\" \/>\n<meta property=\"article:published_time\" content=\"2020-06-26T08:45:27+00:00\" \/>\n<meta property=\"article:modified_time\" content=\"2024-08-12T12:05:58+00:00\" \/>\n<meta property=\"og:image\" content=\"https:\/\/kunmedierne.dk\/mors\/wp-content\/uploads\/2020\/03\/thy-mors-hf-vuc-erik-dose-hvid.jpg\" \/>\n\t<meta property=\"og:image:width\" content=\"770\" \/>\n\t<meta property=\"og:image:height\" content=\"513\" \/>\n\t<meta property=\"og:image:type\" content=\"image\/jpeg\" \/>\n<meta name=\"author\" content=\"Redaktion\" \/>\n<meta name=\"twitter:card\" content=\"summary_large_image\" \/>\n<meta name=\"twitter:label1\" content=\"Skrevet af\" \/>\n\t<meta name=\"twitter:data1\" content=\"Redaktion\" \/>\n\t<meta name=\"twitter:label2\" content=\"Estimeret l\u00e6setid\" \/>\n\t<meta name=\"twitter:data2\" content=\"8 minutter\" \/>\n<script type=\"application\/ld+json\" class=\"yoast-schema-graph\">{\"@context\":\"https:\/\/schema.org\",\"@graph\":[{\"@type\":\"Article\",\"@id\":\"https:\/\/kunmedierne.dk\/mors\/i-har-taget-ansvar-og-givet-afkald\/#article\",\"isPartOf\":{\"@id\":\"https:\/\/kunmedierne.dk\/mors\/i-har-taget-ansvar-og-givet-afkald\/\"},\"author\":{\"name\":\"Redaktion\",\"@id\":\"https:\/\/kunmedierne.dk\/mors\/#\/schema\/person\/23238f24c03ec888fff51102de5a585f\"},\"headline\":\"&#8211; I har taget ansvar og givet afkald\",\"datePublished\":\"2020-06-26T08:45:27+00:00\",\"dateModified\":\"2024-08-12T12:05:58+00:00\",\"mainEntityOfPage\":{\"@id\":\"https:\/\/kunmedierne.dk\/mors\/i-har-taget-ansvar-og-givet-afkald\/\"},\"wordCount\":1542,\"commentCount\":0,\"publisher\":{\"@id\":\"https:\/\/kunmedierne.dk\/mors\/#organization\"},\"image\":{\"@id\":\"https:\/\/kunmedierne.dk\/mors\/i-har-taget-ansvar-og-givet-afkald\/#primaryimage\"},\"thumbnailUrl\":\"https:\/\/kunmedierne.dk\/mors\/wp-content\/uploads\/2020\/03\/thy-mors-hf-vuc-erik-dose-hvid.jpg\",\"keywords\":[\"Skoler og uddannelse\"],\"articleSection\":[\"Lokalt\"],\"inLanguage\":\"da-DK\",\"potentialAction\":[{\"@type\":\"CommentAction\",\"name\":\"Comment\",\"target\":[\"https:\/\/kunmedierne.dk\/mors\/i-har-taget-ansvar-og-givet-afkald\/#respond\"]}]},{\"@type\":\"WebPage\",\"@id\":\"https:\/\/kunmedierne.dk\/mors\/i-har-taget-ansvar-og-givet-afkald\/\",\"url\":\"https:\/\/kunmedierne.dk\/mors\/i-har-taget-ansvar-og-givet-afkald\/\",\"name\":\"- I har taget ansvar og givet afkald - Mors\",\"isPartOf\":{\"@id\":\"https:\/\/kunmedierne.dk\/mors\/#website\"},\"primaryImageOfPage\":{\"@id\":\"https:\/\/kunmedierne.dk\/mors\/i-har-taget-ansvar-og-givet-afkald\/#primaryimage\"},\"image\":{\"@id\":\"https:\/\/kunmedierne.dk\/mors\/i-har-taget-ansvar-og-givet-afkald\/#primaryimage\"},\"thumbnailUrl\":\"https:\/\/kunmedierne.dk\/mors\/wp-content\/uploads\/2020\/03\/thy-mors-hf-vuc-erik-dose-hvid.jpg\",\"datePublished\":\"2020-06-26T08:45:27+00:00\",\"dateModified\":\"2024-08-12T12:05:58+00:00\",\"breadcrumb\":{\"@id\":\"https:\/\/kunmedierne.dk\/mors\/i-har-taget-ansvar-og-givet-afkald\/#breadcrumb\"},\"inLanguage\":\"da-DK\",\"potentialAction\":[{\"@type\":\"ReadAction\",\"target\":[\"https:\/\/kunmedierne.dk\/mors\/i-har-taget-ansvar-og-givet-afkald\/\"]}]},{\"@type\":\"ImageObject\",\"inLanguage\":\"da-DK\",\"@id\":\"https:\/\/kunmedierne.dk\/mors\/i-har-taget-ansvar-og-givet-afkald\/#primaryimage\",\"url\":\"https:\/\/kunmedierne.dk\/mors\/wp-content\/uploads\/2020\/03\/thy-mors-hf-vuc-erik-dose-hvid.jpg\",\"contentUrl\":\"https:\/\/kunmedierne.dk\/mors\/wp-content\/uploads\/2020\/03\/thy-mors-hf-vuc-erik-dose-hvid.jpg\",\"width\":770,\"height\":513,\"caption\":\"Erik Dose Hvid (indsat foto). Foto: Thy-Mors HF & VUC og Alissa De Leva\/Unsplash.\"},{\"@type\":\"BreadcrumbList\",\"@id\":\"https:\/\/kunmedierne.dk\/mors\/i-har-taget-ansvar-og-givet-afkald\/#breadcrumb\",\"itemListElement\":[{\"@type\":\"ListItem\",\"position\":1,\"name\":\"Hjem\",\"item\":\"https:\/\/kunmedierne.dk\/mors\/\"},{\"@type\":\"ListItem\",\"position\":2,\"name\":\"&#8211; I har taget ansvar og givet afkald\"}]},{\"@type\":\"WebSite\",\"@id\":\"https:\/\/kunmedierne.dk\/mors\/#website\",\"url\":\"https:\/\/kunmedierne.dk\/mors\/\",\"name\":\"Mors\",\"description\":\"et netmedie med journalistik om livet p\u00e5 Mors\",\"publisher\":{\"@id\":\"https:\/\/kunmedierne.dk\/mors\/#organization\"},\"potentialAction\":[{\"@type\":\"SearchAction\",\"target\":{\"@type\":\"EntryPoint\",\"urlTemplate\":\"https:\/\/kunmedierne.dk\/mors\/?s={search_term_string}\"},\"query-input\":{\"@type\":\"PropertyValueSpecification\",\"valueRequired\":true,\"valueName\":\"search_term_string\"}}],\"inLanguage\":\"da-DK\"},{\"@type\":\"Organization\",\"@id\":\"https:\/\/kunmedierne.dk\/mors\/#organization\",\"name\":\"Mors\",\"url\":\"https:\/\/kunmedierne.dk\/mors\/\",\"logo\":{\"@type\":\"ImageObject\",\"inLanguage\":\"da-DK\",\"@id\":\"https:\/\/kunmedierne.dk\/mors\/#\/schema\/logo\/image\/\",\"url\":\"https:\/\/kunmedierne.dk\/mors\/wp-content\/uploads\/2024\/08\/kunmors-logo.svg\",\"contentUrl\":\"https:\/\/kunmedierne.dk\/mors\/wp-content\/uploads\/2024\/08\/kunmors-logo.svg\",\"caption\":\"Mors\"},\"image\":{\"@id\":\"https:\/\/kunmedierne.dk\/mors\/#\/schema\/logo\/image\/\"}},{\"@type\":\"Person\",\"@id\":\"https:\/\/kunmedierne.dk\/mors\/#\/schema\/person\/23238f24c03ec888fff51102de5a585f\",\"name\":\"Redaktion\",\"image\":{\"@type\":\"ImageObject\",\"inLanguage\":\"da-DK\",\"@id\":\"https:\/\/kunmedierne.dk\/mors\/#\/schema\/person\/image\/\",\"url\":\"https:\/\/secure.gravatar.com\/avatar\/690249c43fd60787b97b93384a212aafd43f4087384fe866ff6bcd15574fdf55?s=96&d=mm&r=g\",\"contentUrl\":\"https:\/\/secure.gravatar.com\/avatar\/690249c43fd60787b97b93384a212aafd43f4087384fe866ff6bcd15574fdf55?s=96&d=mm&r=g\",\"caption\":\"Redaktion\"},\"url\":\"https:\/\/kunmedierne.dk\/mors\/author\/redaktion\/\"}]}<\/script>\n<!-- \/ Yoast SEO plugin. -->","yoast_head_json":{"title":"- I har taget ansvar og givet afkald - Mors","robots":{"index":"index","follow":"follow","max-snippet":"max-snippet:-1","max-image-preview":"max-image-preview:large","max-video-preview":"max-video-preview:-1"},"canonical":"https:\/\/kunmedierne.dk\/mors\/i-har-taget-ansvar-og-givet-afkald\/","og_locale":"da_DK","og_type":"article","og_title":"- I har taget ansvar og givet afkald - Mors","og_description":"Rektor Erik Dose Hvids dimissionstale 2020 til \u00e5rets hf-studenter p\u00e5 Thy-Mors HF &amp; VUC:\u00a0\u00a0 K\u00e6re studenter, Hjertelig tillykke med jeres eksaminer. I har gjort det godt i en us\u00e6dvanlig tid. Bedst som slutspurten skulle s\u00e6ttes ind, blev I ufrivilligt sendt hjem. Skolen lukkede ned, og I m\u00e5tte forts\u00e6tte jeres undervisning i en 100 procent virtuel [&hellip;]","og_url":"https:\/\/kunmedierne.dk\/mors\/i-har-taget-ansvar-og-givet-afkald\/","og_site_name":"Mors","article_published_time":"2020-06-26T08:45:27+00:00","article_modified_time":"2024-08-12T12:05:58+00:00","og_image":[{"width":770,"height":513,"url":"https:\/\/kunmedierne.dk\/mors\/wp-content\/uploads\/2020\/03\/thy-mors-hf-vuc-erik-dose-hvid.jpg","type":"image\/jpeg"}],"author":"Redaktion","twitter_card":"summary_large_image","twitter_misc":{"Skrevet af":"Redaktion","Estimeret l\u00e6setid":"8 minutter"},"schema":{"@context":"https:\/\/schema.org","@graph":[{"@type":"Article","@id":"https:\/\/kunmedierne.dk\/mors\/i-har-taget-ansvar-og-givet-afkald\/#article","isPartOf":{"@id":"https:\/\/kunmedierne.dk\/mors\/i-har-taget-ansvar-og-givet-afkald\/"},"author":{"name":"Redaktion","@id":"https:\/\/kunmedierne.dk\/mors\/#\/schema\/person\/23238f24c03ec888fff51102de5a585f"},"headline":"&#8211; I har taget ansvar og givet afkald","datePublished":"2020-06-26T08:45:27+00:00","dateModified":"2024-08-12T12:05:58+00:00","mainEntityOfPage":{"@id":"https:\/\/kunmedierne.dk\/mors\/i-har-taget-ansvar-og-givet-afkald\/"},"wordCount":1542,"commentCount":0,"publisher":{"@id":"https:\/\/kunmedierne.dk\/mors\/#organization"},"image":{"@id":"https:\/\/kunmedierne.dk\/mors\/i-har-taget-ansvar-og-givet-afkald\/#primaryimage"},"thumbnailUrl":"https:\/\/kunmedierne.dk\/mors\/wp-content\/uploads\/2020\/03\/thy-mors-hf-vuc-erik-dose-hvid.jpg","keywords":["Skoler og uddannelse"],"articleSection":["Lokalt"],"inLanguage":"da-DK","potentialAction":[{"@type":"CommentAction","name":"Comment","target":["https:\/\/kunmedierne.dk\/mors\/i-har-taget-ansvar-og-givet-afkald\/#respond"]}]},{"@type":"WebPage","@id":"https:\/\/kunmedierne.dk\/mors\/i-har-taget-ansvar-og-givet-afkald\/","url":"https:\/\/kunmedierne.dk\/mors\/i-har-taget-ansvar-og-givet-afkald\/","name":"- I har taget ansvar og givet afkald - Mors","isPartOf":{"@id":"https:\/\/kunmedierne.dk\/mors\/#website"},"primaryImageOfPage":{"@id":"https:\/\/kunmedierne.dk\/mors\/i-har-taget-ansvar-og-givet-afkald\/#primaryimage"},"image":{"@id":"https:\/\/kunmedierne.dk\/mors\/i-har-taget-ansvar-og-givet-afkald\/#primaryimage"},"thumbnailUrl":"https:\/\/kunmedierne.dk\/mors\/wp-content\/uploads\/2020\/03\/thy-mors-hf-vuc-erik-dose-hvid.jpg","datePublished":"2020-06-26T08:45:27+00:00","dateModified":"2024-08-12T12:05:58+00:00","breadcrumb":{"@id":"https:\/\/kunmedierne.dk\/mors\/i-har-taget-ansvar-og-givet-afkald\/#breadcrumb"},"inLanguage":"da-DK","potentialAction":[{"@type":"ReadAction","target":["https:\/\/kunmedierne.dk\/mors\/i-har-taget-ansvar-og-givet-afkald\/"]}]},{"@type":"ImageObject","inLanguage":"da-DK","@id":"https:\/\/kunmedierne.dk\/mors\/i-har-taget-ansvar-og-givet-afkald\/#primaryimage","url":"https:\/\/kunmedierne.dk\/mors\/wp-content\/uploads\/2020\/03\/thy-mors-hf-vuc-erik-dose-hvid.jpg","contentUrl":"https:\/\/kunmedierne.dk\/mors\/wp-content\/uploads\/2020\/03\/thy-mors-hf-vuc-erik-dose-hvid.jpg","width":770,"height":513,"caption":"Erik Dose Hvid (indsat foto). Foto: Thy-Mors HF & VUC og Alissa De Leva\/Unsplash."},{"@type":"BreadcrumbList","@id":"https:\/\/kunmedierne.dk\/mors\/i-har-taget-ansvar-og-givet-afkald\/#breadcrumb","itemListElement":[{"@type":"ListItem","position":1,"name":"Hjem","item":"https:\/\/kunmedierne.dk\/mors\/"},{"@type":"ListItem","position":2,"name":"&#8211; I har taget ansvar og givet afkald"}]},{"@type":"WebSite","@id":"https:\/\/kunmedierne.dk\/mors\/#website","url":"https:\/\/kunmedierne.dk\/mors\/","name":"Mors","description":"et netmedie med journalistik om livet p\u00e5 Mors","publisher":{"@id":"https:\/\/kunmedierne.dk\/mors\/#organization"},"potentialAction":[{"@type":"SearchAction","target":{"@type":"EntryPoint","urlTemplate":"https:\/\/kunmedierne.dk\/mors\/?s={search_term_string}"},"query-input":{"@type":"PropertyValueSpecification","valueRequired":true,"valueName":"search_term_string"}}],"inLanguage":"da-DK"},{"@type":"Organization","@id":"https:\/\/kunmedierne.dk\/mors\/#organization","name":"Mors","url":"https:\/\/kunmedierne.dk\/mors\/","logo":{"@type":"ImageObject","inLanguage":"da-DK","@id":"https:\/\/kunmedierne.dk\/mors\/#\/schema\/logo\/image\/","url":"https:\/\/kunmedierne.dk\/mors\/wp-content\/uploads\/2024\/08\/kunmors-logo.svg","contentUrl":"https:\/\/kunmedierne.dk\/mors\/wp-content\/uploads\/2024\/08\/kunmors-logo.svg","caption":"Mors"},"image":{"@id":"https:\/\/kunmedierne.dk\/mors\/#\/schema\/logo\/image\/"}},{"@type":"Person","@id":"https:\/\/kunmedierne.dk\/mors\/#\/schema\/person\/23238f24c03ec888fff51102de5a585f","name":"Redaktion","image":{"@type":"ImageObject","inLanguage":"da-DK","@id":"https:\/\/kunmedierne.dk\/mors\/#\/schema\/person\/image\/","url":"https:\/\/secure.gravatar.com\/avatar\/690249c43fd60787b97b93384a212aafd43f4087384fe866ff6bcd15574fdf55?s=96&d=mm&r=g","contentUrl":"https:\/\/secure.gravatar.com\/avatar\/690249c43fd60787b97b93384a212aafd43f4087384fe866ff6bcd15574fdf55?s=96&d=mm&r=g","caption":"Redaktion"},"url":"https:\/\/kunmedierne.dk\/mors\/author\/redaktion\/"}]}},"_links":{"self":[{"href":"https:\/\/kunmedierne.dk\/mors\/wp-json\/wp\/v2\/posts\/26475","targetHints":{"allow":["GET"]}}],"collection":[{"href":"https:\/\/kunmedierne.dk\/mors\/wp-json\/wp\/v2\/posts"}],"about":[{"href":"https:\/\/kunmedierne.dk\/mors\/wp-json\/wp\/v2\/types\/post"}],"author":[{"embeddable":true,"href":"https:\/\/kunmedierne.dk\/mors\/wp-json\/wp\/v2\/users\/747"}],"replies":[{"embeddable":true,"href":"https:\/\/kunmedierne.dk\/mors\/wp-json\/wp\/v2\/comments?post=26475"}],"version-history":[{"count":2,"href":"https:\/\/kunmedierne.dk\/mors\/wp-json\/wp\/v2\/posts\/26475\/revisions"}],"predecessor-version":[{"id":26477,"href":"https:\/\/kunmedierne.dk\/mors\/wp-json\/wp\/v2\/posts\/26475\/revisions\/26477"}],"wp:featuredmedia":[{"embeddable":true,"href":"https:\/\/kunmedierne.dk\/mors\/wp-json\/wp\/v2\/media\/15252"}],"wp:attachment":[{"href":"https:\/\/kunmedierne.dk\/mors\/wp-json\/wp\/v2\/media?parent=26475"}],"wp:term":[{"taxonomy":"category","embeddable":true,"href":"https:\/\/kunmedierne.dk\/mors\/wp-json\/wp\/v2\/categories?post=26475"},{"taxonomy":"post_tag","embeddable":true,"href":"https:\/\/kunmedierne.dk\/mors\/wp-json\/wp\/v2\/tags?post=26475"}],"curies":[{"name":"wp","href":"https:\/\/api.w.org\/{rel}","templated":true}]}}