{"id":26470,"date":"2020-06-25T10:23:55","date_gmt":"2020-06-25T08:23:55","guid":{"rendered":"https:\/\/kunmedierne.dk\/mors\/?p=26470"},"modified":"2024-08-12T14:05:58","modified_gmt":"2024-08-12T12:05:58","slug":"73-aarig-kvinde-var-kendt-af-politiet-i-forvejen","status":"publish","type":"post","link":"https:\/\/kunmedierne.dk\/mors\/73-aarig-kvinde-var-kendt-af-politiet-i-forvejen\/","title":{"rendered":"73-\u00e5rig kvinde var kendt af politiet i forvejen"},"content":{"rendered":"<p><strong>NYK\u00d8BING<\/strong>: Der venter med stor sandsynlighed en retssag med mulighed for en f\u00e6ngselsdom for en 73-\u00e5rig kvinde fra Nyk\u00f8bing.<\/p>\n<p>Onsdag blev hendes bop\u00e6l ransaget af politiets s\u00e5kaldte flexpatrulje, der blandt andet arbejder med narkosager, og fundet p\u00e5 stedet var s\u00e5 omfattende, at kvinden blev anholdt og sigtet.<\/p>\n<p>&#8220;Man fandt en st\u00f8rre m\u00e6ngde amfetamin og i s\u00e5 stor m\u00e6ngde, at det i hvert fald ikke er til eget forbrug,&#8221; siger Torben Ladefoged, politikommiss\u00e6r og efterforskningsleder ved Midt- og Vestjyllands Politi.<\/p>\n<p>Uden at oplyse den pr\u00e6cise m\u00e6ngde meddeler han, at det i hvert fald ikke var under 60 gram.<\/p>\n<p>&#8220;Hun blev sigtet for at v\u00e6re i besiddelse af det og med henblik p\u00e5 videresalg,&#8221; siger han.<\/p>\n<p>N\u00e5r politiet er ude til en ransagning af den slags, bliver oplysningerne forelagt politiets juristvagt, som i g\u00e5r ikke vurderede, at der var grundlag for at fremstille den 73-\u00e5rige kvinde for en dommer. Hun blev derfor l\u00f8sladt efter afh\u00f8ring, men er fortsat sigtet og kan, hvis anklagemyndigheden som forventet v\u00e6lger at rejse tiltale, se frem til en retssag med mulig f\u00e6ngselsstraf som konsekvens.<\/p>\n<p>Den sigtede morsingbo har f\u00f8r v\u00e6ret i politiets s\u00f8gelys.<\/p>\n<p>&#8220;Det er en, vi kender,&#8221; siger Torben Ladefoged, som p\u00e5 grund af den igangv\u00e6rende efterforskning ikke kan sige mere end det.<\/p>\n<p>Det er us\u00e6dvanligt, at en kvinde i den alder bliver forholdt en sigtelse som den i g\u00e5r, men if\u00f8lge Torben Ladefoged skal man ikke lade sig overraske over, at ogs\u00e5 \u00e6ldre er i besiddelse af stoffer som amfetamin.<\/p>\n<p>&#8220;Vi m\u00e5 nok erkende, at det findes i alle aldre. Det er lidt specielt, at vi er oppe i den alder, men det findes desv\u00e6rre i alle aldre,&#8221; siger han.<\/p>\n","protected":false},"excerpt":{"rendered":"<p>NYK\u00d8BING: Der venter med stor sandsynlighed en retssag med mulighed for en f\u00e6ngselsdom for en 73-\u00e5rig kvinde fra Nyk\u00f8bing. Onsdag blev hendes bop\u00e6l ransaget af politiets s\u00e5kaldte flexpatrulje, der blandt andet arbejder med narkosager, og fundet p\u00e5 stedet var s\u00e5 omfattende, at kvinden blev anholdt og sigtet. &#8220;Man fandt en st\u00f8rre m\u00e6ngde amfetamin og i [&hellip;]<\/p>\n","protected":false},"author":8,"featured_media":14630,"comment_status":"open","ping_status":"open","sticky":false,"template":"","format":"standard","meta":{"_acf_changed":false,"footnotes":""},"categories":[54,51],"tags":[],"class_list":["post-26470","post","type-post","status-publish","format-standard","has-post-thumbnail","hentry","category-54","category-lokalt"],"acf":[],"yoast_head":"<!-- This site is optimized with the Yoast SEO plugin v26.8 - https:\/\/yoast.com\/product\/yoast-seo-wordpress\/ -->\n<title>73-\u00e5rig kvinde var kendt af politiet i forvejen - Mors<\/title>\n<meta name=\"robots\" content=\"index, follow, max-snippet:-1, max-image-preview:large, max-video-preview:-1\" \/>\n<link rel=\"canonical\" href=\"https:\/\/kunmedierne.dk\/mors\/73-aarig-kvinde-var-kendt-af-politiet-i-forvejen\/\" \/>\n<meta property=\"og:locale\" content=\"da_DK\" \/>\n<meta property=\"og:type\" content=\"article\" \/>\n<meta property=\"og:title\" content=\"73-\u00e5rig kvinde var kendt af politiet i forvejen - Mors\" \/>\n<meta property=\"og:description\" content=\"NYK\u00d8BING: Der venter med stor sandsynlighed en retssag med mulighed for en f\u00e6ngselsdom for en 73-\u00e5rig kvinde fra Nyk\u00f8bing. Onsdag blev hendes bop\u00e6l ransaget af politiets s\u00e5kaldte flexpatrulje, der blandt andet arbejder med narkosager, og fundet p\u00e5 stedet var s\u00e5 omfattende, at kvinden blev anholdt og sigtet. &#8220;Man fandt en st\u00f8rre m\u00e6ngde amfetamin og i [&hellip;]\" \/>\n<meta property=\"og:url\" content=\"https:\/\/kunmedierne.dk\/mors\/73-aarig-kvinde-var-kendt-af-politiet-i-forvejen\/\" \/>\n<meta property=\"og:site_name\" content=\"Mors\" \/>\n<meta property=\"article:published_time\" content=\"2020-06-25T08:23:55+00:00\" \/>\n<meta property=\"article:modified_time\" content=\"2024-08-12T12:05:58+00:00\" \/>\n<meta property=\"og:image\" content=\"https:\/\/kunmedierne.dk\/mors\/wp-content\/uploads\/2020\/03\/politi-uniform.jpg\" \/>\n\t<meta property=\"og:image:width\" content=\"770\" \/>\n\t<meta property=\"og:image:height\" content=\"513\" \/>\n\t<meta property=\"og:image:type\" content=\"image\/jpeg\" \/>\n<meta name=\"author\" content=\"David H\u00f8jmark\" \/>\n<meta name=\"twitter:card\" content=\"summary_large_image\" \/>\n<meta name=\"twitter:label1\" content=\"Skrevet af\" \/>\n\t<meta name=\"twitter:data1\" content=\"David H\u00f8jmark\" \/>\n\t<meta name=\"twitter:label2\" content=\"Estimeret l\u00e6setid\" \/>\n\t<meta name=\"twitter:data2\" content=\"2 minutter\" \/>\n<script type=\"application\/ld+json\" class=\"yoast-schema-graph\">{\"@context\":\"https:\/\/schema.org\",\"@graph\":[{\"@type\":\"Article\",\"@id\":\"https:\/\/kunmedierne.dk\/mors\/73-aarig-kvinde-var-kendt-af-politiet-i-forvejen\/#article\",\"isPartOf\":{\"@id\":\"https:\/\/kunmedierne.dk\/mors\/73-aarig-kvinde-var-kendt-af-politiet-i-forvejen\/\"},\"author\":{\"name\":\"David H\u00f8jmark\",\"@id\":\"https:\/\/kunmedierne.dk\/mors\/#\/schema\/person\/5fe23251bf1d0abbcdc6f7896579d548\"},\"headline\":\"73-\u00e5rig kvinde var kendt af politiet i forvejen\",\"datePublished\":\"2020-06-25T08:23:55+00:00\",\"dateModified\":\"2024-08-12T12:05:58+00:00\",\"mainEntityOfPage\":{\"@id\":\"https:\/\/kunmedierne.dk\/mors\/73-aarig-kvinde-var-kendt-af-politiet-i-forvejen\/\"},\"wordCount\":311,\"commentCount\":0,\"publisher\":{\"@id\":\"https:\/\/kunmedierne.dk\/mors\/#organization\"},\"image\":{\"@id\":\"https:\/\/kunmedierne.dk\/mors\/73-aarig-kvinde-var-kendt-af-politiet-i-forvejen\/#primaryimage\"},\"thumbnailUrl\":\"https:\/\/kunmedierne.dk\/mors\/wp-content\/uploads\/2020\/03\/politi-uniform.jpg\",\"articleSection\":[\"112\",\"Lokalt\"],\"inLanguage\":\"da-DK\",\"potentialAction\":[{\"@type\":\"CommentAction\",\"name\":\"Comment\",\"target\":[\"https:\/\/kunmedierne.dk\/mors\/73-aarig-kvinde-var-kendt-af-politiet-i-forvejen\/#respond\"]}]},{\"@type\":\"WebPage\",\"@id\":\"https:\/\/kunmedierne.dk\/mors\/73-aarig-kvinde-var-kendt-af-politiet-i-forvejen\/\",\"url\":\"https:\/\/kunmedierne.dk\/mors\/73-aarig-kvinde-var-kendt-af-politiet-i-forvejen\/\",\"name\":\"73-\u00e5rig kvinde var kendt af politiet i forvejen - Mors\",\"isPartOf\":{\"@id\":\"https:\/\/kunmedierne.dk\/mors\/#website\"},\"primaryImageOfPage\":{\"@id\":\"https:\/\/kunmedierne.dk\/mors\/73-aarig-kvinde-var-kendt-af-politiet-i-forvejen\/#primaryimage\"},\"image\":{\"@id\":\"https:\/\/kunmedierne.dk\/mors\/73-aarig-kvinde-var-kendt-af-politiet-i-forvejen\/#primaryimage\"},\"thumbnailUrl\":\"https:\/\/kunmedierne.dk\/mors\/wp-content\/uploads\/2020\/03\/politi-uniform.jpg\",\"datePublished\":\"2020-06-25T08:23:55+00:00\",\"dateModified\":\"2024-08-12T12:05:58+00:00\",\"breadcrumb\":{\"@id\":\"https:\/\/kunmedierne.dk\/mors\/73-aarig-kvinde-var-kendt-af-politiet-i-forvejen\/#breadcrumb\"},\"inLanguage\":\"da-DK\",\"potentialAction\":[{\"@type\":\"ReadAction\",\"target\":[\"https:\/\/kunmedierne.dk\/mors\/73-aarig-kvinde-var-kendt-af-politiet-i-forvejen\/\"]}]},{\"@type\":\"ImageObject\",\"inLanguage\":\"da-DK\",\"@id\":\"https:\/\/kunmedierne.dk\/mors\/73-aarig-kvinde-var-kendt-af-politiet-i-forvejen\/#primaryimage\",\"url\":\"https:\/\/kunmedierne.dk\/mors\/wp-content\/uploads\/2020\/03\/politi-uniform.jpg\",\"contentUrl\":\"https:\/\/kunmedierne.dk\/mors\/wp-content\/uploads\/2020\/03\/politi-uniform.jpg\",\"width\":770,\"height\":513,\"caption\":\"Modelfoto: Kim Matth\u00e4i Leland\"},{\"@type\":\"BreadcrumbList\",\"@id\":\"https:\/\/kunmedierne.dk\/mors\/73-aarig-kvinde-var-kendt-af-politiet-i-forvejen\/#breadcrumb\",\"itemListElement\":[{\"@type\":\"ListItem\",\"position\":1,\"name\":\"Hjem\",\"item\":\"https:\/\/kunmedierne.dk\/mors\/\"},{\"@type\":\"ListItem\",\"position\":2,\"name\":\"73-\u00e5rig kvinde var kendt af politiet i forvejen\"}]},{\"@type\":\"WebSite\",\"@id\":\"https:\/\/kunmedierne.dk\/mors\/#website\",\"url\":\"https:\/\/kunmedierne.dk\/mors\/\",\"name\":\"Mors\",\"description\":\"et netmedie med journalistik om livet p\u00e5 Mors\",\"publisher\":{\"@id\":\"https:\/\/kunmedierne.dk\/mors\/#organization\"},\"potentialAction\":[{\"@type\":\"SearchAction\",\"target\":{\"@type\":\"EntryPoint\",\"urlTemplate\":\"https:\/\/kunmedierne.dk\/mors\/?s={search_term_string}\"},\"query-input\":{\"@type\":\"PropertyValueSpecification\",\"valueRequired\":true,\"valueName\":\"search_term_string\"}}],\"inLanguage\":\"da-DK\"},{\"@type\":\"Organization\",\"@id\":\"https:\/\/kunmedierne.dk\/mors\/#organization\",\"name\":\"Mors\",\"url\":\"https:\/\/kunmedierne.dk\/mors\/\",\"logo\":{\"@type\":\"ImageObject\",\"inLanguage\":\"da-DK\",\"@id\":\"https:\/\/kunmedierne.dk\/mors\/#\/schema\/logo\/image\/\",\"url\":\"https:\/\/kunmedierne.dk\/mors\/wp-content\/uploads\/2024\/08\/kunmors-logo.svg\",\"contentUrl\":\"https:\/\/kunmedierne.dk\/mors\/wp-content\/uploads\/2024\/08\/kunmors-logo.svg\",\"caption\":\"Mors\"},\"image\":{\"@id\":\"https:\/\/kunmedierne.dk\/mors\/#\/schema\/logo\/image\/\"}},{\"@type\":\"Person\",\"@id\":\"https:\/\/kunmedierne.dk\/mors\/#\/schema\/person\/5fe23251bf1d0abbcdc6f7896579d548\",\"name\":\"David H\u00f8jmark\",\"image\":{\"@type\":\"ImageObject\",\"inLanguage\":\"da-DK\",\"@id\":\"https:\/\/kunmedierne.dk\/mors\/#\/schema\/person\/image\/\",\"url\":\"https:\/\/secure.gravatar.com\/avatar\/4315d6fb9ef244d729989f5f90268eb08d5bf8a3d84402f595fa194bb35784fd?s=96&d=mm&r=g\",\"contentUrl\":\"https:\/\/secure.gravatar.com\/avatar\/4315d6fb9ef244d729989f5f90268eb08d5bf8a3d84402f595fa194bb35784fd?s=96&d=mm&r=g\",\"caption\":\"David H\u00f8jmark\"},\"sameAs\":[\"https:\/\/www.kunmedierne.dk\"],\"url\":\"https:\/\/kunmedierne.dk\/mors\/author\/david\/\"}]}<\/script>\n<!-- \/ Yoast SEO plugin. -->","yoast_head_json":{"title":"73-\u00e5rig kvinde var kendt af politiet i forvejen - Mors","robots":{"index":"index","follow":"follow","max-snippet":"max-snippet:-1","max-image-preview":"max-image-preview:large","max-video-preview":"max-video-preview:-1"},"canonical":"https:\/\/kunmedierne.dk\/mors\/73-aarig-kvinde-var-kendt-af-politiet-i-forvejen\/","og_locale":"da_DK","og_type":"article","og_title":"73-\u00e5rig kvinde var kendt af politiet i forvejen - Mors","og_description":"NYK\u00d8BING: Der venter med stor sandsynlighed en retssag med mulighed for en f\u00e6ngselsdom for en 73-\u00e5rig kvinde fra Nyk\u00f8bing. Onsdag blev hendes bop\u00e6l ransaget af politiets s\u00e5kaldte flexpatrulje, der blandt andet arbejder med narkosager, og fundet p\u00e5 stedet var s\u00e5 omfattende, at kvinden blev anholdt og sigtet. &#8220;Man fandt en st\u00f8rre m\u00e6ngde amfetamin og i [&hellip;]","og_url":"https:\/\/kunmedierne.dk\/mors\/73-aarig-kvinde-var-kendt-af-politiet-i-forvejen\/","og_site_name":"Mors","article_published_time":"2020-06-25T08:23:55+00:00","article_modified_time":"2024-08-12T12:05:58+00:00","og_image":[{"width":770,"height":513,"url":"https:\/\/kunmedierne.dk\/mors\/wp-content\/uploads\/2020\/03\/politi-uniform.jpg","type":"image\/jpeg"}],"author":"David H\u00f8jmark","twitter_card":"summary_large_image","twitter_misc":{"Skrevet af":"David H\u00f8jmark","Estimeret l\u00e6setid":"2 minutter"},"schema":{"@context":"https:\/\/schema.org","@graph":[{"@type":"Article","@id":"https:\/\/kunmedierne.dk\/mors\/73-aarig-kvinde-var-kendt-af-politiet-i-forvejen\/#article","isPartOf":{"@id":"https:\/\/kunmedierne.dk\/mors\/73-aarig-kvinde-var-kendt-af-politiet-i-forvejen\/"},"author":{"name":"David H\u00f8jmark","@id":"https:\/\/kunmedierne.dk\/mors\/#\/schema\/person\/5fe23251bf1d0abbcdc6f7896579d548"},"headline":"73-\u00e5rig kvinde var kendt af politiet i forvejen","datePublished":"2020-06-25T08:23:55+00:00","dateModified":"2024-08-12T12:05:58+00:00","mainEntityOfPage":{"@id":"https:\/\/kunmedierne.dk\/mors\/73-aarig-kvinde-var-kendt-af-politiet-i-forvejen\/"},"wordCount":311,"commentCount":0,"publisher":{"@id":"https:\/\/kunmedierne.dk\/mors\/#organization"},"image":{"@id":"https:\/\/kunmedierne.dk\/mors\/73-aarig-kvinde-var-kendt-af-politiet-i-forvejen\/#primaryimage"},"thumbnailUrl":"https:\/\/kunmedierne.dk\/mors\/wp-content\/uploads\/2020\/03\/politi-uniform.jpg","articleSection":["112","Lokalt"],"inLanguage":"da-DK","potentialAction":[{"@type":"CommentAction","name":"Comment","target":["https:\/\/kunmedierne.dk\/mors\/73-aarig-kvinde-var-kendt-af-politiet-i-forvejen\/#respond"]}]},{"@type":"WebPage","@id":"https:\/\/kunmedierne.dk\/mors\/73-aarig-kvinde-var-kendt-af-politiet-i-forvejen\/","url":"https:\/\/kunmedierne.dk\/mors\/73-aarig-kvinde-var-kendt-af-politiet-i-forvejen\/","name":"73-\u00e5rig kvinde var kendt af politiet i forvejen - Mors","isPartOf":{"@id":"https:\/\/kunmedierne.dk\/mors\/#website"},"primaryImageOfPage":{"@id":"https:\/\/kunmedierne.dk\/mors\/73-aarig-kvinde-var-kendt-af-politiet-i-forvejen\/#primaryimage"},"image":{"@id":"https:\/\/kunmedierne.dk\/mors\/73-aarig-kvinde-var-kendt-af-politiet-i-forvejen\/#primaryimage"},"thumbnailUrl":"https:\/\/kunmedierne.dk\/mors\/wp-content\/uploads\/2020\/03\/politi-uniform.jpg","datePublished":"2020-06-25T08:23:55+00:00","dateModified":"2024-08-12T12:05:58+00:00","breadcrumb":{"@id":"https:\/\/kunmedierne.dk\/mors\/73-aarig-kvinde-var-kendt-af-politiet-i-forvejen\/#breadcrumb"},"inLanguage":"da-DK","potentialAction":[{"@type":"ReadAction","target":["https:\/\/kunmedierne.dk\/mors\/73-aarig-kvinde-var-kendt-af-politiet-i-forvejen\/"]}]},{"@type":"ImageObject","inLanguage":"da-DK","@id":"https:\/\/kunmedierne.dk\/mors\/73-aarig-kvinde-var-kendt-af-politiet-i-forvejen\/#primaryimage","url":"https:\/\/kunmedierne.dk\/mors\/wp-content\/uploads\/2020\/03\/politi-uniform.jpg","contentUrl":"https:\/\/kunmedierne.dk\/mors\/wp-content\/uploads\/2020\/03\/politi-uniform.jpg","width":770,"height":513,"caption":"Modelfoto: Kim Matth\u00e4i Leland"},{"@type":"BreadcrumbList","@id":"https:\/\/kunmedierne.dk\/mors\/73-aarig-kvinde-var-kendt-af-politiet-i-forvejen\/#breadcrumb","itemListElement":[{"@type":"ListItem","position":1,"name":"Hjem","item":"https:\/\/kunmedierne.dk\/mors\/"},{"@type":"ListItem","position":2,"name":"73-\u00e5rig kvinde var kendt af politiet i forvejen"}]},{"@type":"WebSite","@id":"https:\/\/kunmedierne.dk\/mors\/#website","url":"https:\/\/kunmedierne.dk\/mors\/","name":"Mors","description":"et netmedie med journalistik om livet p\u00e5 Mors","publisher":{"@id":"https:\/\/kunmedierne.dk\/mors\/#organization"},"potentialAction":[{"@type":"SearchAction","target":{"@type":"EntryPoint","urlTemplate":"https:\/\/kunmedierne.dk\/mors\/?s={search_term_string}"},"query-input":{"@type":"PropertyValueSpecification","valueRequired":true,"valueName":"search_term_string"}}],"inLanguage":"da-DK"},{"@type":"Organization","@id":"https:\/\/kunmedierne.dk\/mors\/#organization","name":"Mors","url":"https:\/\/kunmedierne.dk\/mors\/","logo":{"@type":"ImageObject","inLanguage":"da-DK","@id":"https:\/\/kunmedierne.dk\/mors\/#\/schema\/logo\/image\/","url":"https:\/\/kunmedierne.dk\/mors\/wp-content\/uploads\/2024\/08\/kunmors-logo.svg","contentUrl":"https:\/\/kunmedierne.dk\/mors\/wp-content\/uploads\/2024\/08\/kunmors-logo.svg","caption":"Mors"},"image":{"@id":"https:\/\/kunmedierne.dk\/mors\/#\/schema\/logo\/image\/"}},{"@type":"Person","@id":"https:\/\/kunmedierne.dk\/mors\/#\/schema\/person\/5fe23251bf1d0abbcdc6f7896579d548","name":"David H\u00f8jmark","image":{"@type":"ImageObject","inLanguage":"da-DK","@id":"https:\/\/kunmedierne.dk\/mors\/#\/schema\/person\/image\/","url":"https:\/\/secure.gravatar.com\/avatar\/4315d6fb9ef244d729989f5f90268eb08d5bf8a3d84402f595fa194bb35784fd?s=96&d=mm&r=g","contentUrl":"https:\/\/secure.gravatar.com\/avatar\/4315d6fb9ef244d729989f5f90268eb08d5bf8a3d84402f595fa194bb35784fd?s=96&d=mm&r=g","caption":"David H\u00f8jmark"},"sameAs":["https:\/\/www.kunmedierne.dk"],"url":"https:\/\/kunmedierne.dk\/mors\/author\/david\/"}]}},"_links":{"self":[{"href":"https:\/\/kunmedierne.dk\/mors\/wp-json\/wp\/v2\/posts\/26470","targetHints":{"allow":["GET"]}}],"collection":[{"href":"https:\/\/kunmedierne.dk\/mors\/wp-json\/wp\/v2\/posts"}],"about":[{"href":"https:\/\/kunmedierne.dk\/mors\/wp-json\/wp\/v2\/types\/post"}],"author":[{"embeddable":true,"href":"https:\/\/kunmedierne.dk\/mors\/wp-json\/wp\/v2\/users\/8"}],"replies":[{"embeddable":true,"href":"https:\/\/kunmedierne.dk\/mors\/wp-json\/wp\/v2\/comments?post=26470"}],"version-history":[{"count":1,"href":"https:\/\/kunmedierne.dk\/mors\/wp-json\/wp\/v2\/posts\/26470\/revisions"}],"predecessor-version":[{"id":26472,"href":"https:\/\/kunmedierne.dk\/mors\/wp-json\/wp\/v2\/posts\/26470\/revisions\/26472"}],"wp:featuredmedia":[{"embeddable":true,"href":"https:\/\/kunmedierne.dk\/mors\/wp-json\/wp\/v2\/media\/14630"}],"wp:attachment":[{"href":"https:\/\/kunmedierne.dk\/mors\/wp-json\/wp\/v2\/media?parent=26470"}],"wp:term":[{"taxonomy":"category","embeddable":true,"href":"https:\/\/kunmedierne.dk\/mors\/wp-json\/wp\/v2\/categories?post=26470"},{"taxonomy":"post_tag","embeddable":true,"href":"https:\/\/kunmedierne.dk\/mors\/wp-json\/wp\/v2\/tags?post=26470"}],"curies":[{"name":"wp","href":"https:\/\/api.w.org\/{rel}","templated":true}]}}