{"id":26432,"date":"2020-06-24T20:12:02","date_gmt":"2020-06-24T18:12:02","guid":{"rendered":"https:\/\/kunmedierne.dk\/mors\/?p=26432"},"modified":"2024-08-12T14:05:58","modified_gmt":"2024-08-12T12:05:58","slug":"nu-er-der-mur-omkring-albinoboernene-i-bukoba","status":"publish","type":"post","link":"https:\/\/kunmedierne.dk\/mors\/nu-er-der-mur-omkring-albinoboernene-i-bukoba\/","title":{"rendered":"Nu er der mur omkring albinob\u00f8rnene i Bukoba"},"content":{"rendered":"<p><strong>BUKOBA<\/strong>: Udsatte b\u00f8rn i Tanzania bliver nu beskyttet takket v\u00e6re hj\u00e6lp fra Mors.<\/p>\n<p>Det kan Anne Mette Schrader, formand for Mors\u00f8 U-Landsforening, med stor tilfredshed meddele, efter at der er kommet besked fra det afrikanske land om, en beskyttende mur rundt om albino- og handicapskolen Mugeza Mseto Primary School er meldt f\u00e6rdig 12. juni.<\/p>\n<p>&#8220;Dertil kommer, at der ogs\u00e5 er etableret en overd\u00e6kket sti fra skolebygningerne over til sovesalene og baderummene. Det er dermed ogs\u00e5 muligt at k\u00f8re de fysisk handicappede elever til og fra sovesalene i deres k\u00f8restol i al slags vejr,&#8221; fort\u00e6ller Anne Mette Schrader.<\/p>\n<p>Baggrunden for projektet er tragisk. P\u00e5 grund af overtro er albinoer udsat for drab og overgreb i flere lande i Afrika &#8211; blandt andet i Tanzania.<\/p>\n<p>&#8220;For at undg\u00e5 leml\u00e6stelse af albinob\u00f8rnene har myndighederne i Tanzania etableret kostskoler, hvor b\u00f8rnene kan bo og g\u00e5 i skole under beskyttende forhold, fra de er to-tre \u00e5r. Og netop s\u00e5dan en skole findes i udkanten af Bukoba,&#8221; siger Anne Mette Schrader.<\/p>\n<p>&nbsp;<\/p>\n<p><strong>Bygningerne var klar i 2017<\/strong><\/p>\n<p>Bukoba er venskabsby for Mors\u00f8 Kommune, og Mors\u00f8 U-Landsforening har med sin indsats v\u00e6ret med til at \u00e6ndre livet for de udsatte b\u00f8rn &#8211; ikke mindst i kraft af en stor donation p\u00e5 cirka 260.000 kroner fra Nyk\u00f8bing Mors Rotary Club i 2016. Den gjorde det muligt at bygge de nye sovesale og baderum og k\u00f8be alt inventar:\u00a0\u00a0senge, t\u00e6pper, linned, skabe, lamper med mere samt alle installationer i baderummene.<\/p>\n<p>Murstenene til byggeriet blev doneret af FN, og bygningerne var s\u00e5dan set klar allerede i 2017. De kunne dog ikke tages i brug, fordi myndighederne i Tanzania ikke vurderede, at det var forsvarligt at lade b\u00f8rnene overnatte i de nye huse, f\u00f8r der var bygget en forsvarlig mur omkring grunden.<\/p>\n<p>Men det er der s\u00e5 nu, og Anne Mette Schrader melder om flere f\u00f8lgegevinster af den. For eksempel er der ogs\u00e5 indrettet et konsultationslokale, s\u00e5 en lokal l\u00e6ge bevilget af Bukoba Municipal Council j\u00e6vnligt kan komme forbi og tilse b\u00f8rnene og samtidig tilbyde l\u00e6gehj\u00e6lp til landsbyens lokalbefolkning.<\/p>\n<p>&#8220;Vi gl\u00e6der os til at se det f\u00e6rdige resultat ved et kommende bestyrelsesbes\u00f8g i Bukoba, s\u00e5 snart det igen bliver muligt at rejse til Tanzania,&#8221; siger Anne Mette Schrader og takker alle, der har bidraget til projektet, s\u00e5 b\u00f8rnene kan flytte ind i tidsvarende bygninger med gode senge og ordentlige toilet- og badefaciliteter under beskyttende forhold.<\/p>\n<p>&nbsp;<\/p>\n<p><strong>Lukket under coronakrisen<\/strong><\/p>\n<p>Lige som i det meste af verden har ogs\u00e5 skolerne i Tanzania v\u00e6ret lukket under coronakrisen. De \u00e5bner igen 29. juni.<\/p>\n<p>&#8220;Nogle f\u00e5 albinob\u00f8rn blev hentet hjem til familien, hvis de kunne garantere for deres sikkerhed. De \u00f8vrige har opholdt sig p\u00e5 skolen under hele perioden,&#8221; fort\u00e6ller Anne Mette Schrader, som gl\u00e6der sig over forbedringen af livet for ikke blot b\u00f8rnene, men for hele omr\u00e5det.<\/p>\n<p>&#8220;Skolen er med til at sikre b\u00f8rnene en god skolegang og dermed bedre uddannelsesmuligheder, og det betyder meget for vores generelle arbejde i Bukoba, at folk med tilknytning til Mors har taget del og v\u00e6ret med til at s\u00e6tte et fingeraftryk over for disse b\u00f8rn,&#8221; siger hun.<\/p>\n<p>&nbsp;<\/p>\n<blockquote>\n<h3>FAKTA OM ALBINISME<\/h3>\n<p>Albinisme er en arvelig betinget lidelse med manglende melanin i \u00f8jne, hud og h\u00e5r, nedsat syn og \u00f8jne, der flakker.\u00a0Meget lys hud, hvidt eller helt lyst h\u00e5r og lysebl\u00e5 eller lysebrune \u00f8jne.<\/p>\n<p>&nbsp;<\/p>\n<p>Sygdommen er genetisk arvelig. Begge for\u00e6ldre skal v\u00e6re b\u00e6rere med risiko p\u00e5 25 % for et barn med albinisme.<\/p>\n<p>&nbsp;<\/p>\n<p>I Danmark f\u00f8des cirka tre b\u00f8rn om \u00e5ret med albinisme, hvilket svarer til en ud af 20.000 f\u00f8dsler.<\/p>\n<p>&nbsp;<\/p>\n<p>I Tanzania f\u00f8des en ud af 2000 med albinisme \u2013 i nogle omr\u00e5der op til en ud af 100.<\/p>\n<p>&nbsp;<\/p>\n<p>I Tanzania er hudkr\u00e6ft den hyppigste d\u00f8ds\u00e5rsag for albinoer. Gennemsnitlig levealder: 30 \u00e5r.<\/p><\/blockquote>\n<p>&nbsp;<\/p>\n<blockquote>\n<h3>Danske donationer gennem Mors\u00f8 U-Landsforening:<\/h3>\n<p>Nyk\u00f8bing Mors Lion\u2019s Club: 5000 kr.<\/p>\n<p>Indsamling blandt medlemmer af Mors\u00f8 U-Landsforening: 6700 kr.<\/p>\n<p>Indsamling ved bis\u00e6ttelsen for en tidligere volont\u00f8rs mor: 3.850 kr.<\/p>\n<p>Lego Medarbejdernes Jubil\u00e6umsfond: 25.000 kr.<\/p>\n<p>Mors\u00f8 U-Landsforening med st\u00f8tte fra Mors\u00f8 Kommunes Venskabsbysamarbejde: 67.236 kr.<\/p>\n<p><strong>Donationer i alt fra Danmark: 107.786 kr.<\/strong><\/p>\n<p>Resten er betalt af Unicef, der var p\u00e5 bes\u00f8g p\u00e5 skolen lige f\u00f8r, der blev lukket ned p\u00e5 grund af coronarestriktioner. Da Unicef s\u00e5 den store velvillighed til st\u00f8tte fra Mors, besluttede de at donere restbel\u00f8bet til f\u00e6rdigg\u00f8relse af hele projektet.<\/p><\/blockquote>\n<p><img loading=\"lazy\" decoding=\"async\" class=\"alignright size-full wp-image-26436\" src=\"https:\/\/kunmedierne.dk\/mors\/wp-content\/uploads\/2020\/06\/mu8h.jpg\" alt=\"\" width=\"770\" height=\"1371\" srcset=\"https:\/\/kunmedierne.dk\/mors\/wp-content\/uploads\/2020\/06\/mu8h.jpg 770w, https:\/\/kunmedierne.dk\/mors\/wp-content\/uploads\/2020\/06\/mu8h-168x300.jpg 168w, https:\/\/kunmedierne.dk\/mors\/wp-content\/uploads\/2020\/06\/mu8h-768x1367.jpg 768w, https:\/\/kunmedierne.dk\/mors\/wp-content\/uploads\/2020\/06\/mu8h-575x1024.jpg 575w, https:\/\/kunmedierne.dk\/mors\/wp-content\/uploads\/2020\/06\/mu8h-600x1068.jpg 600w\" sizes=\"auto, (max-width: 770px) 100vw, 770px\" \/><img loading=\"lazy\" decoding=\"async\" class=\"alignright size-full wp-image-26435\" src=\"https:\/\/kunmedierne.dk\/mors\/wp-content\/uploads\/2020\/06\/mu7h.jpg\" alt=\"\" width=\"770\" height=\"1371\" srcset=\"https:\/\/kunmedierne.dk\/mors\/wp-content\/uploads\/2020\/06\/mu7h.jpg 770w, https:\/\/kunmedierne.dk\/mors\/wp-content\/uploads\/2020\/06\/mu7h-168x300.jpg 168w, https:\/\/kunmedierne.dk\/mors\/wp-content\/uploads\/2020\/06\/mu7h-768x1367.jpg 768w, https:\/\/kunmedierne.dk\/mors\/wp-content\/uploads\/2020\/06\/mu7h-575x1024.jpg 575w, https:\/\/kunmedierne.dk\/mors\/wp-content\/uploads\/2020\/06\/mu7h-600x1068.jpg 600w\" sizes=\"auto, (max-width: 770px) 100vw, 770px\" \/><img loading=\"lazy\" decoding=\"async\" class=\"alignright size-full wp-image-26426\" src=\"https:\/\/kunmedierne.dk\/mors\/wp-content\/uploads\/2020\/06\/mu3h.jpg\" alt=\"\" width=\"770\" height=\"1027\" srcset=\"https:\/\/kunmedierne.dk\/mors\/wp-content\/uploads\/2020\/06\/mu3h.jpg 770w, https:\/\/kunmedierne.dk\/mors\/wp-content\/uploads\/2020\/06\/mu3h-225x300.jpg 225w, https:\/\/kunmedierne.dk\/mors\/wp-content\/uploads\/2020\/06\/mu3h-768x1024.jpg 768w, https:\/\/kunmedierne.dk\/mors\/wp-content\/uploads\/2020\/06\/mu3h-600x800.jpg 600w\" sizes=\"auto, (max-width: 770px) 100vw, 770px\" \/><img loading=\"lazy\" decoding=\"async\" class=\"alignright size-full wp-image-26430\" src=\"https:\/\/kunmedierne.dk\/mors\/wp-content\/uploads\/2020\/06\/mu6bund.jpg\" alt=\"\" width=\"770\" height=\"432\" srcset=\"https:\/\/kunmedierne.dk\/mors\/wp-content\/uploads\/2020\/06\/mu6bund.jpg 770w, https:\/\/kunmedierne.dk\/mors\/wp-content\/uploads\/2020\/06\/mu6bund-300x168.jpg 300w, https:\/\/kunmedierne.dk\/mors\/wp-content\/uploads\/2020\/06\/mu6bund-768x431.jpg 768w, https:\/\/kunmedierne.dk\/mors\/wp-content\/uploads\/2020\/06\/mu6bund-600x337.jpg 600w\" sizes=\"auto, (max-width: 770px) 100vw, 770px\" \/><\/p>\n<p>&nbsp;<\/p>\n<p>&nbsp;<\/p>\n<p>&nbsp;<\/p>\n<p>&nbsp;<\/p>\n<p>&nbsp;<\/p>\n<p>&nbsp;<\/p>\n<p>&nbsp;<\/p>\n<p>&nbsp;<\/p>\n","protected":false},"excerpt":{"rendered":"<p>BUKOBA: Udsatte b\u00f8rn i Tanzania bliver nu beskyttet takket v\u00e6re hj\u00e6lp fra Mors. Det kan Anne Mette Schrader, formand for Mors\u00f8 U-Landsforening, med stor tilfredshed meddele, efter at der er kommet besked fra det afrikanske land om, en beskyttende mur rundt om albino- og handicapskolen Mugeza Mseto Primary School er meldt f\u00e6rdig 12. juni. &#8220;Dertil [&hellip;]<\/p>\n","protected":false},"author":8,"featured_media":26418,"comment_status":"open","ping_status":"open","sticky":false,"template":"","format":"gallery","meta":{"_acf_changed":false,"footnotes":""},"categories":[51],"tags":[],"class_list":["post-26432","post","type-post","status-publish","format-gallery","has-post-thumbnail","hentry","category-lokalt","post_format-post-format-gallery"],"acf":[],"yoast_head":"<!-- This site is optimized with the Yoast SEO plugin v26.8 - https:\/\/yoast.com\/product\/yoast-seo-wordpress\/ -->\n<title>Nu er der mur omkring albinob\u00f8rnene i Bukoba - Mors<\/title>\n<meta name=\"robots\" content=\"index, follow, max-snippet:-1, max-image-preview:large, max-video-preview:-1\" \/>\n<link rel=\"canonical\" href=\"https:\/\/kunmedierne.dk\/mors\/nu-er-der-mur-omkring-albinoboernene-i-bukoba\/\" \/>\n<meta property=\"og:locale\" content=\"da_DK\" \/>\n<meta property=\"og:type\" content=\"article\" \/>\n<meta property=\"og:title\" content=\"Nu er der mur omkring albinob\u00f8rnene i Bukoba - Mors\" \/>\n<meta property=\"og:description\" content=\"BUKOBA: Udsatte b\u00f8rn i Tanzania bliver nu beskyttet takket v\u00e6re hj\u00e6lp fra Mors. Det kan Anne Mette Schrader, formand for Mors\u00f8 U-Landsforening, med stor tilfredshed meddele, efter at der er kommet besked fra det afrikanske land om, en beskyttende mur rundt om albino- og handicapskolen Mugeza Mseto Primary School er meldt f\u00e6rdig 12. juni. &#8220;Dertil [&hellip;]\" \/>\n<meta property=\"og:url\" content=\"https:\/\/kunmedierne.dk\/mors\/nu-er-der-mur-omkring-albinoboernene-i-bukoba\/\" \/>\n<meta property=\"og:site_name\" content=\"Mors\" \/>\n<meta property=\"article:published_time\" content=\"2020-06-24T18:12:02+00:00\" \/>\n<meta property=\"article:modified_time\" content=\"2024-08-12T12:05:58+00:00\" \/>\n<meta property=\"og:image\" content=\"https:\/\/kunmedierne.dk\/mors\/wp-content\/uploads\/2020\/06\/mu4.jpg\" \/>\n\t<meta property=\"og:image:width\" content=\"770\" \/>\n\t<meta property=\"og:image:height\" content=\"513\" \/>\n\t<meta property=\"og:image:type\" content=\"image\/jpeg\" \/>\n<meta name=\"author\" content=\"David H\u00f8jmark\" \/>\n<meta name=\"twitter:card\" content=\"summary_large_image\" \/>\n<meta name=\"twitter:label1\" content=\"Skrevet af\" \/>\n\t<meta name=\"twitter:data1\" content=\"David H\u00f8jmark\" \/>\n\t<meta name=\"twitter:label2\" content=\"Estimeret l\u00e6setid\" \/>\n\t<meta name=\"twitter:data2\" content=\"4 minutter\" \/>\n<script type=\"application\/ld+json\" class=\"yoast-schema-graph\">{\"@context\":\"https:\/\/schema.org\",\"@graph\":[{\"@type\":\"Article\",\"@id\":\"https:\/\/kunmedierne.dk\/mors\/nu-er-der-mur-omkring-albinoboernene-i-bukoba\/#article\",\"isPartOf\":{\"@id\":\"https:\/\/kunmedierne.dk\/mors\/nu-er-der-mur-omkring-albinoboernene-i-bukoba\/\"},\"author\":{\"name\":\"David H\u00f8jmark\",\"@id\":\"https:\/\/kunmedierne.dk\/mors\/#\/schema\/person\/5fe23251bf1d0abbcdc6f7896579d548\"},\"headline\":\"Nu er der mur omkring albinob\u00f8rnene i Bukoba\",\"datePublished\":\"2020-06-24T18:12:02+00:00\",\"dateModified\":\"2024-08-12T12:05:58+00:00\",\"mainEntityOfPage\":{\"@id\":\"https:\/\/kunmedierne.dk\/mors\/nu-er-der-mur-omkring-albinoboernene-i-bukoba\/\"},\"wordCount\":776,\"commentCount\":0,\"publisher\":{\"@id\":\"https:\/\/kunmedierne.dk\/mors\/#organization\"},\"image\":{\"@id\":\"https:\/\/kunmedierne.dk\/mors\/nu-er-der-mur-omkring-albinoboernene-i-bukoba\/#primaryimage\"},\"thumbnailUrl\":\"https:\/\/kunmedierne.dk\/mors\/wp-content\/uploads\/2020\/06\/mu4.jpg\",\"articleSection\":[\"Lokalt\"],\"inLanguage\":\"da-DK\",\"potentialAction\":[{\"@type\":\"CommentAction\",\"name\":\"Comment\",\"target\":[\"https:\/\/kunmedierne.dk\/mors\/nu-er-der-mur-omkring-albinoboernene-i-bukoba\/#respond\"]}]},{\"@type\":\"WebPage\",\"@id\":\"https:\/\/kunmedierne.dk\/mors\/nu-er-der-mur-omkring-albinoboernene-i-bukoba\/\",\"url\":\"https:\/\/kunmedierne.dk\/mors\/nu-er-der-mur-omkring-albinoboernene-i-bukoba\/\",\"name\":\"Nu er der mur omkring albinob\u00f8rnene i Bukoba - Mors\",\"isPartOf\":{\"@id\":\"https:\/\/kunmedierne.dk\/mors\/#website\"},\"primaryImageOfPage\":{\"@id\":\"https:\/\/kunmedierne.dk\/mors\/nu-er-der-mur-omkring-albinoboernene-i-bukoba\/#primaryimage\"},\"image\":{\"@id\":\"https:\/\/kunmedierne.dk\/mors\/nu-er-der-mur-omkring-albinoboernene-i-bukoba\/#primaryimage\"},\"thumbnailUrl\":\"https:\/\/kunmedierne.dk\/mors\/wp-content\/uploads\/2020\/06\/mu4.jpg\",\"datePublished\":\"2020-06-24T18:12:02+00:00\",\"dateModified\":\"2024-08-12T12:05:58+00:00\",\"breadcrumb\":{\"@id\":\"https:\/\/kunmedierne.dk\/mors\/nu-er-der-mur-omkring-albinoboernene-i-bukoba\/#breadcrumb\"},\"inLanguage\":\"da-DK\",\"potentialAction\":[{\"@type\":\"ReadAction\",\"target\":[\"https:\/\/kunmedierne.dk\/mors\/nu-er-der-mur-omkring-albinoboernene-i-bukoba\/\"]}]},{\"@type\":\"ImageObject\",\"inLanguage\":\"da-DK\",\"@id\":\"https:\/\/kunmedierne.dk\/mors\/nu-er-der-mur-omkring-albinoboernene-i-bukoba\/#primaryimage\",\"url\":\"https:\/\/kunmedierne.dk\/mors\/wp-content\/uploads\/2020\/06\/mu4.jpg\",\"contentUrl\":\"https:\/\/kunmedierne.dk\/mors\/wp-content\/uploads\/2020\/06\/mu4.jpg\",\"width\":770,\"height\":513,\"caption\":\"B\u00f8rnene p\u00e5 Mugeze Mseto Primary School kan nu leve i tryghed. Privatfoto\"},{\"@type\":\"BreadcrumbList\",\"@id\":\"https:\/\/kunmedierne.dk\/mors\/nu-er-der-mur-omkring-albinoboernene-i-bukoba\/#breadcrumb\",\"itemListElement\":[{\"@type\":\"ListItem\",\"position\":1,\"name\":\"Hjem\",\"item\":\"https:\/\/kunmedierne.dk\/mors\/\"},{\"@type\":\"ListItem\",\"position\":2,\"name\":\"Nu er der mur omkring albinob\u00f8rnene i Bukoba\"}]},{\"@type\":\"WebSite\",\"@id\":\"https:\/\/kunmedierne.dk\/mors\/#website\",\"url\":\"https:\/\/kunmedierne.dk\/mors\/\",\"name\":\"Mors\",\"description\":\"et netmedie med journalistik om livet p\u00e5 Mors\",\"publisher\":{\"@id\":\"https:\/\/kunmedierne.dk\/mors\/#organization\"},\"potentialAction\":[{\"@type\":\"SearchAction\",\"target\":{\"@type\":\"EntryPoint\",\"urlTemplate\":\"https:\/\/kunmedierne.dk\/mors\/?s={search_term_string}\"},\"query-input\":{\"@type\":\"PropertyValueSpecification\",\"valueRequired\":true,\"valueName\":\"search_term_string\"}}],\"inLanguage\":\"da-DK\"},{\"@type\":\"Organization\",\"@id\":\"https:\/\/kunmedierne.dk\/mors\/#organization\",\"name\":\"Mors\",\"url\":\"https:\/\/kunmedierne.dk\/mors\/\",\"logo\":{\"@type\":\"ImageObject\",\"inLanguage\":\"da-DK\",\"@id\":\"https:\/\/kunmedierne.dk\/mors\/#\/schema\/logo\/image\/\",\"url\":\"https:\/\/kunmedierne.dk\/mors\/wp-content\/uploads\/2024\/08\/kunmors-logo.svg\",\"contentUrl\":\"https:\/\/kunmedierne.dk\/mors\/wp-content\/uploads\/2024\/08\/kunmors-logo.svg\",\"caption\":\"Mors\"},\"image\":{\"@id\":\"https:\/\/kunmedierne.dk\/mors\/#\/schema\/logo\/image\/\"}},{\"@type\":\"Person\",\"@id\":\"https:\/\/kunmedierne.dk\/mors\/#\/schema\/person\/5fe23251bf1d0abbcdc6f7896579d548\",\"name\":\"David H\u00f8jmark\",\"image\":{\"@type\":\"ImageObject\",\"inLanguage\":\"da-DK\",\"@id\":\"https:\/\/kunmedierne.dk\/mors\/#\/schema\/person\/image\/\",\"url\":\"https:\/\/secure.gravatar.com\/avatar\/4315d6fb9ef244d729989f5f90268eb08d5bf8a3d84402f595fa194bb35784fd?s=96&d=mm&r=g\",\"contentUrl\":\"https:\/\/secure.gravatar.com\/avatar\/4315d6fb9ef244d729989f5f90268eb08d5bf8a3d84402f595fa194bb35784fd?s=96&d=mm&r=g\",\"caption\":\"David H\u00f8jmark\"},\"sameAs\":[\"https:\/\/www.kunmedierne.dk\"],\"url\":\"https:\/\/kunmedierne.dk\/mors\/author\/david\/\"}]}<\/script>\n<!-- \/ Yoast SEO plugin. -->","yoast_head_json":{"title":"Nu er der mur omkring albinob\u00f8rnene i Bukoba - Mors","robots":{"index":"index","follow":"follow","max-snippet":"max-snippet:-1","max-image-preview":"max-image-preview:large","max-video-preview":"max-video-preview:-1"},"canonical":"https:\/\/kunmedierne.dk\/mors\/nu-er-der-mur-omkring-albinoboernene-i-bukoba\/","og_locale":"da_DK","og_type":"article","og_title":"Nu er der mur omkring albinob\u00f8rnene i Bukoba - Mors","og_description":"BUKOBA: Udsatte b\u00f8rn i Tanzania bliver nu beskyttet takket v\u00e6re hj\u00e6lp fra Mors. Det kan Anne Mette Schrader, formand for Mors\u00f8 U-Landsforening, med stor tilfredshed meddele, efter at der er kommet besked fra det afrikanske land om, en beskyttende mur rundt om albino- og handicapskolen Mugeza Mseto Primary School er meldt f\u00e6rdig 12. juni. &#8220;Dertil [&hellip;]","og_url":"https:\/\/kunmedierne.dk\/mors\/nu-er-der-mur-omkring-albinoboernene-i-bukoba\/","og_site_name":"Mors","article_published_time":"2020-06-24T18:12:02+00:00","article_modified_time":"2024-08-12T12:05:58+00:00","og_image":[{"width":770,"height":513,"url":"https:\/\/kunmedierne.dk\/mors\/wp-content\/uploads\/2020\/06\/mu4.jpg","type":"image\/jpeg"}],"author":"David H\u00f8jmark","twitter_card":"summary_large_image","twitter_misc":{"Skrevet af":"David H\u00f8jmark","Estimeret l\u00e6setid":"4 minutter"},"schema":{"@context":"https:\/\/schema.org","@graph":[{"@type":"Article","@id":"https:\/\/kunmedierne.dk\/mors\/nu-er-der-mur-omkring-albinoboernene-i-bukoba\/#article","isPartOf":{"@id":"https:\/\/kunmedierne.dk\/mors\/nu-er-der-mur-omkring-albinoboernene-i-bukoba\/"},"author":{"name":"David H\u00f8jmark","@id":"https:\/\/kunmedierne.dk\/mors\/#\/schema\/person\/5fe23251bf1d0abbcdc6f7896579d548"},"headline":"Nu er der mur omkring albinob\u00f8rnene i Bukoba","datePublished":"2020-06-24T18:12:02+00:00","dateModified":"2024-08-12T12:05:58+00:00","mainEntityOfPage":{"@id":"https:\/\/kunmedierne.dk\/mors\/nu-er-der-mur-omkring-albinoboernene-i-bukoba\/"},"wordCount":776,"commentCount":0,"publisher":{"@id":"https:\/\/kunmedierne.dk\/mors\/#organization"},"image":{"@id":"https:\/\/kunmedierne.dk\/mors\/nu-er-der-mur-omkring-albinoboernene-i-bukoba\/#primaryimage"},"thumbnailUrl":"https:\/\/kunmedierne.dk\/mors\/wp-content\/uploads\/2020\/06\/mu4.jpg","articleSection":["Lokalt"],"inLanguage":"da-DK","potentialAction":[{"@type":"CommentAction","name":"Comment","target":["https:\/\/kunmedierne.dk\/mors\/nu-er-der-mur-omkring-albinoboernene-i-bukoba\/#respond"]}]},{"@type":"WebPage","@id":"https:\/\/kunmedierne.dk\/mors\/nu-er-der-mur-omkring-albinoboernene-i-bukoba\/","url":"https:\/\/kunmedierne.dk\/mors\/nu-er-der-mur-omkring-albinoboernene-i-bukoba\/","name":"Nu er der mur omkring albinob\u00f8rnene i Bukoba - Mors","isPartOf":{"@id":"https:\/\/kunmedierne.dk\/mors\/#website"},"primaryImageOfPage":{"@id":"https:\/\/kunmedierne.dk\/mors\/nu-er-der-mur-omkring-albinoboernene-i-bukoba\/#primaryimage"},"image":{"@id":"https:\/\/kunmedierne.dk\/mors\/nu-er-der-mur-omkring-albinoboernene-i-bukoba\/#primaryimage"},"thumbnailUrl":"https:\/\/kunmedierne.dk\/mors\/wp-content\/uploads\/2020\/06\/mu4.jpg","datePublished":"2020-06-24T18:12:02+00:00","dateModified":"2024-08-12T12:05:58+00:00","breadcrumb":{"@id":"https:\/\/kunmedierne.dk\/mors\/nu-er-der-mur-omkring-albinoboernene-i-bukoba\/#breadcrumb"},"inLanguage":"da-DK","potentialAction":[{"@type":"ReadAction","target":["https:\/\/kunmedierne.dk\/mors\/nu-er-der-mur-omkring-albinoboernene-i-bukoba\/"]}]},{"@type":"ImageObject","inLanguage":"da-DK","@id":"https:\/\/kunmedierne.dk\/mors\/nu-er-der-mur-omkring-albinoboernene-i-bukoba\/#primaryimage","url":"https:\/\/kunmedierne.dk\/mors\/wp-content\/uploads\/2020\/06\/mu4.jpg","contentUrl":"https:\/\/kunmedierne.dk\/mors\/wp-content\/uploads\/2020\/06\/mu4.jpg","width":770,"height":513,"caption":"B\u00f8rnene p\u00e5 Mugeze Mseto Primary School kan nu leve i tryghed. Privatfoto"},{"@type":"BreadcrumbList","@id":"https:\/\/kunmedierne.dk\/mors\/nu-er-der-mur-omkring-albinoboernene-i-bukoba\/#breadcrumb","itemListElement":[{"@type":"ListItem","position":1,"name":"Hjem","item":"https:\/\/kunmedierne.dk\/mors\/"},{"@type":"ListItem","position":2,"name":"Nu er der mur omkring albinob\u00f8rnene i Bukoba"}]},{"@type":"WebSite","@id":"https:\/\/kunmedierne.dk\/mors\/#website","url":"https:\/\/kunmedierne.dk\/mors\/","name":"Mors","description":"et netmedie med journalistik om livet p\u00e5 Mors","publisher":{"@id":"https:\/\/kunmedierne.dk\/mors\/#organization"},"potentialAction":[{"@type":"SearchAction","target":{"@type":"EntryPoint","urlTemplate":"https:\/\/kunmedierne.dk\/mors\/?s={search_term_string}"},"query-input":{"@type":"PropertyValueSpecification","valueRequired":true,"valueName":"search_term_string"}}],"inLanguage":"da-DK"},{"@type":"Organization","@id":"https:\/\/kunmedierne.dk\/mors\/#organization","name":"Mors","url":"https:\/\/kunmedierne.dk\/mors\/","logo":{"@type":"ImageObject","inLanguage":"da-DK","@id":"https:\/\/kunmedierne.dk\/mors\/#\/schema\/logo\/image\/","url":"https:\/\/kunmedierne.dk\/mors\/wp-content\/uploads\/2024\/08\/kunmors-logo.svg","contentUrl":"https:\/\/kunmedierne.dk\/mors\/wp-content\/uploads\/2024\/08\/kunmors-logo.svg","caption":"Mors"},"image":{"@id":"https:\/\/kunmedierne.dk\/mors\/#\/schema\/logo\/image\/"}},{"@type":"Person","@id":"https:\/\/kunmedierne.dk\/mors\/#\/schema\/person\/5fe23251bf1d0abbcdc6f7896579d548","name":"David H\u00f8jmark","image":{"@type":"ImageObject","inLanguage":"da-DK","@id":"https:\/\/kunmedierne.dk\/mors\/#\/schema\/person\/image\/","url":"https:\/\/secure.gravatar.com\/avatar\/4315d6fb9ef244d729989f5f90268eb08d5bf8a3d84402f595fa194bb35784fd?s=96&d=mm&r=g","contentUrl":"https:\/\/secure.gravatar.com\/avatar\/4315d6fb9ef244d729989f5f90268eb08d5bf8a3d84402f595fa194bb35784fd?s=96&d=mm&r=g","caption":"David H\u00f8jmark"},"sameAs":["https:\/\/www.kunmedierne.dk"],"url":"https:\/\/kunmedierne.dk\/mors\/author\/david\/"}]}},"_links":{"self":[{"href":"https:\/\/kunmedierne.dk\/mors\/wp-json\/wp\/v2\/posts\/26432","targetHints":{"allow":["GET"]}}],"collection":[{"href":"https:\/\/kunmedierne.dk\/mors\/wp-json\/wp\/v2\/posts"}],"about":[{"href":"https:\/\/kunmedierne.dk\/mors\/wp-json\/wp\/v2\/types\/post"}],"author":[{"embeddable":true,"href":"https:\/\/kunmedierne.dk\/mors\/wp-json\/wp\/v2\/users\/8"}],"replies":[{"embeddable":true,"href":"https:\/\/kunmedierne.dk\/mors\/wp-json\/wp\/v2\/comments?post=26432"}],"version-history":[{"count":5,"href":"https:\/\/kunmedierne.dk\/mors\/wp-json\/wp\/v2\/posts\/26432\/revisions"}],"predecessor-version":[{"id":26695,"href":"https:\/\/kunmedierne.dk\/mors\/wp-json\/wp\/v2\/posts\/26432\/revisions\/26695"}],"wp:featuredmedia":[{"embeddable":true,"href":"https:\/\/kunmedierne.dk\/mors\/wp-json\/wp\/v2\/media\/26418"}],"wp:attachment":[{"href":"https:\/\/kunmedierne.dk\/mors\/wp-json\/wp\/v2\/media?parent=26432"}],"wp:term":[{"taxonomy":"category","embeddable":true,"href":"https:\/\/kunmedierne.dk\/mors\/wp-json\/wp\/v2\/categories?post=26432"},{"taxonomy":"post_tag","embeddable":true,"href":"https:\/\/kunmedierne.dk\/mors\/wp-json\/wp\/v2\/tags?post=26432"}],"curies":[{"name":"wp","href":"https:\/\/api.w.org\/{rel}","templated":true}]}}