{"id":26211,"date":"2020-06-22T19:33:35","date_gmt":"2020-06-22T17:33:35","guid":{"rendered":"https:\/\/kunmedierne.dk\/mors\/?p=26211"},"modified":"2024-08-12T14:05:58","modified_gmt":"2024-08-12T12:05:58","slug":"det-er-en-kaempestor-dag","status":"publish","type":"post","link":"https:\/\/kunmedierne.dk\/mors\/det-er-en-kaempestor-dag\/","title":{"rendered":"&#8211; Det er en k\u00e6mpestor dag"},"content":{"rendered":"<p><strong>FLADE:\u00a0<\/strong>Tre \u00e5rs forarbejde er forbi, H\u00f8jskolen Mors har taget hul p\u00e5 sit f\u00f8rste kursusforl\u00f8b.<\/p>\n<p>S\u00f8ndag indlogerede lige knap 30 forventningsfulde kursister fra hele landet (og en enkelt fra Norge) ind i Flade, hvor forstanderparret Nikolei Seidelin og Mette Damiri tog imod med arme s\u00e5 \u00e5bne, som den slags overhovedet kan v\u00e6re.<\/p>\n<p>&#8220;Nu er det blevet alvor, nu er vi i ilden,&#8221; lyder det begejstret fra Nikolai Seidelin, som melder om en vellykket \u00e5bning, der ogs\u00e5 blev markeret med et glas champagne s\u00f8ndag aften.<\/p>\n<p>Mandag tog kursisterne, der er i alderen fra 45 og opefter, s\u00e5 hul p\u00e5 forl\u00f8bet med diverse kreative aktiviteter. Et af holdene skulle blandt andet b\u00e5de sejle i kajak og tegne &#8211; p\u00e5 samme tid. Og nu kommer dagene formentlig til at tage hinanden indtil den officielle \u00e5bning 1. august &#8211; blandt andet med en bootcamp for unge fra 22. juli.<\/p>\n<p>Lige nu er det dog forl\u00f8sningen over endelig at v\u00e6re kommet i gang med det, h\u00f8jskolen drejer sig om, der fylder.<\/p>\n<p>&#8220;Det er en k\u00e6mpestor dag. Det er det, bestyrelsen har arbejdet p\u00e5 i tre \u00e5r &#8211; og det er det, vi selv og alle de frivillige har knoklet for. S\u00e5 det er en stor lettelse, at vi endelig er kommet i gang, og det f\u00f8les helt rigtigt,&#8221; siger Nikolai Seidelin.<\/p>\n","protected":false},"excerpt":{"rendered":"<p>FLADE:\u00a0Tre \u00e5rs forarbejde er forbi, H\u00f8jskolen Mors har taget hul p\u00e5 sit f\u00f8rste kursusforl\u00f8b. S\u00f8ndag indlogerede lige knap 30 forventningsfulde kursister fra hele landet (og en enkelt fra Norge) ind i Flade, hvor forstanderparret Nikolei Seidelin og Mette Damiri tog imod med arme s\u00e5 \u00e5bne, som den slags overhovedet kan v\u00e6re. &#8220;Nu er det blevet [&hellip;]<\/p>\n","protected":false},"author":8,"featured_media":24333,"comment_status":"open","ping_status":"open","sticky":false,"template":"","format":"standard","meta":{"_acf_changed":false,"footnotes":""},"categories":[49],"tags":[],"class_list":["post-26211","post","type-post","status-publish","format-standard","has-post-thumbnail","hentry","category-kultur"],"acf":[],"yoast_head":"<!-- This site is optimized with the Yoast SEO plugin v26.8 - https:\/\/yoast.com\/product\/yoast-seo-wordpress\/ -->\n<title>- Det er en k\u00e6mpestor dag - Mors<\/title>\n<meta name=\"robots\" content=\"index, follow, max-snippet:-1, max-image-preview:large, max-video-preview:-1\" \/>\n<link rel=\"canonical\" href=\"https:\/\/kunmedierne.dk\/mors\/det-er-en-kaempestor-dag\/\" \/>\n<meta property=\"og:locale\" content=\"da_DK\" \/>\n<meta property=\"og:type\" content=\"article\" \/>\n<meta property=\"og:title\" content=\"- Det er en k\u00e6mpestor dag - Mors\" \/>\n<meta property=\"og:description\" content=\"FLADE:\u00a0Tre \u00e5rs forarbejde er forbi, H\u00f8jskolen Mors har taget hul p\u00e5 sit f\u00f8rste kursusforl\u00f8b. S\u00f8ndag indlogerede lige knap 30 forventningsfulde kursister fra hele landet (og en enkelt fra Norge) ind i Flade, hvor forstanderparret Nikolei Seidelin og Mette Damiri tog imod med arme s\u00e5 \u00e5bne, som den slags overhovedet kan v\u00e6re. &#8220;Nu er det blevet [&hellip;]\" \/>\n<meta property=\"og:url\" content=\"https:\/\/kunmedierne.dk\/mors\/det-er-en-kaempestor-dag\/\" \/>\n<meta property=\"og:site_name\" content=\"Mors\" \/>\n<meta property=\"article:published_time\" content=\"2020-06-22T17:33:35+00:00\" \/>\n<meta property=\"article:modified_time\" content=\"2024-08-12T12:05:58+00:00\" \/>\n<meta property=\"og:image\" content=\"https:\/\/kunmedierne.dk\/mors\/wp-content\/uploads\/2020\/06\/200606-h\u00f8jskolen-damiri-weidelin.jpg\" \/>\n\t<meta property=\"og:image:width\" content=\"770\" \/>\n\t<meta property=\"og:image:height\" content=\"513\" \/>\n\t<meta property=\"og:image:type\" content=\"image\/jpeg\" \/>\n<meta name=\"author\" content=\"David H\u00f8jmark\" \/>\n<meta name=\"twitter:card\" content=\"summary_large_image\" \/>\n<meta name=\"twitter:label1\" content=\"Skrevet af\" \/>\n\t<meta name=\"twitter:data1\" content=\"David H\u00f8jmark\" \/>\n\t<meta name=\"twitter:label2\" content=\"Estimeret l\u00e6setid\" \/>\n\t<meta name=\"twitter:data2\" content=\"1 minut\" \/>\n<script type=\"application\/ld+json\" class=\"yoast-schema-graph\">{\"@context\":\"https:\/\/schema.org\",\"@graph\":[{\"@type\":\"Article\",\"@id\":\"https:\/\/kunmedierne.dk\/mors\/det-er-en-kaempestor-dag\/#article\",\"isPartOf\":{\"@id\":\"https:\/\/kunmedierne.dk\/mors\/det-er-en-kaempestor-dag\/\"},\"author\":{\"name\":\"David H\u00f8jmark\",\"@id\":\"https:\/\/kunmedierne.dk\/mors\/#\/schema\/person\/5fe23251bf1d0abbcdc6f7896579d548\"},\"headline\":\"&#8211; Det er en k\u00e6mpestor dag\",\"datePublished\":\"2020-06-22T17:33:35+00:00\",\"dateModified\":\"2024-08-12T12:05:58+00:00\",\"mainEntityOfPage\":{\"@id\":\"https:\/\/kunmedierne.dk\/mors\/det-er-en-kaempestor-dag\/\"},\"wordCount\":231,\"commentCount\":0,\"publisher\":{\"@id\":\"https:\/\/kunmedierne.dk\/mors\/#organization\"},\"image\":{\"@id\":\"https:\/\/kunmedierne.dk\/mors\/det-er-en-kaempestor-dag\/#primaryimage\"},\"thumbnailUrl\":\"https:\/\/kunmedierne.dk\/mors\/wp-content\/uploads\/2020\/06\/200606-h\u00f8jskolen-damiri-weidelin.jpg\",\"articleSection\":[\"Kultur\"],\"inLanguage\":\"da-DK\",\"potentialAction\":[{\"@type\":\"CommentAction\",\"name\":\"Comment\",\"target\":[\"https:\/\/kunmedierne.dk\/mors\/det-er-en-kaempestor-dag\/#respond\"]}]},{\"@type\":\"WebPage\",\"@id\":\"https:\/\/kunmedierne.dk\/mors\/det-er-en-kaempestor-dag\/\",\"url\":\"https:\/\/kunmedierne.dk\/mors\/det-er-en-kaempestor-dag\/\",\"name\":\"- Det er en k\u00e6mpestor dag - Mors\",\"isPartOf\":{\"@id\":\"https:\/\/kunmedierne.dk\/mors\/#website\"},\"primaryImageOfPage\":{\"@id\":\"https:\/\/kunmedierne.dk\/mors\/det-er-en-kaempestor-dag\/#primaryimage\"},\"image\":{\"@id\":\"https:\/\/kunmedierne.dk\/mors\/det-er-en-kaempestor-dag\/#primaryimage\"},\"thumbnailUrl\":\"https:\/\/kunmedierne.dk\/mors\/wp-content\/uploads\/2020\/06\/200606-h\u00f8jskolen-damiri-weidelin.jpg\",\"datePublished\":\"2020-06-22T17:33:35+00:00\",\"dateModified\":\"2024-08-12T12:05:58+00:00\",\"breadcrumb\":{\"@id\":\"https:\/\/kunmedierne.dk\/mors\/det-er-en-kaempestor-dag\/#breadcrumb\"},\"inLanguage\":\"da-DK\",\"potentialAction\":[{\"@type\":\"ReadAction\",\"target\":[\"https:\/\/kunmedierne.dk\/mors\/det-er-en-kaempestor-dag\/\"]}]},{\"@type\":\"ImageObject\",\"inLanguage\":\"da-DK\",\"@id\":\"https:\/\/kunmedierne.dk\/mors\/det-er-en-kaempestor-dag\/#primaryimage\",\"url\":\"https:\/\/kunmedierne.dk\/mors\/wp-content\/uploads\/2020\/06\/200606-h\u00f8jskolen-damiri-weidelin.jpg\",\"contentUrl\":\"https:\/\/kunmedierne.dk\/mors\/wp-content\/uploads\/2020\/06\/200606-h\u00f8jskolen-damiri-weidelin.jpg\",\"width\":770,\"height\":513,\"caption\":\"Mette Damiri og Nikolai Seidelin, forstanderpar p\u00e5 H\u00f8jskolen Mors. Foto: David H\u00f8jmark\"},{\"@type\":\"BreadcrumbList\",\"@id\":\"https:\/\/kunmedierne.dk\/mors\/det-er-en-kaempestor-dag\/#breadcrumb\",\"itemListElement\":[{\"@type\":\"ListItem\",\"position\":1,\"name\":\"Hjem\",\"item\":\"https:\/\/kunmedierne.dk\/mors\/\"},{\"@type\":\"ListItem\",\"position\":2,\"name\":\"&#8211; Det er en k\u00e6mpestor dag\"}]},{\"@type\":\"WebSite\",\"@id\":\"https:\/\/kunmedierne.dk\/mors\/#website\",\"url\":\"https:\/\/kunmedierne.dk\/mors\/\",\"name\":\"Mors\",\"description\":\"et netmedie med journalistik om livet p\u00e5 Mors\",\"publisher\":{\"@id\":\"https:\/\/kunmedierne.dk\/mors\/#organization\"},\"potentialAction\":[{\"@type\":\"SearchAction\",\"target\":{\"@type\":\"EntryPoint\",\"urlTemplate\":\"https:\/\/kunmedierne.dk\/mors\/?s={search_term_string}\"},\"query-input\":{\"@type\":\"PropertyValueSpecification\",\"valueRequired\":true,\"valueName\":\"search_term_string\"}}],\"inLanguage\":\"da-DK\"},{\"@type\":\"Organization\",\"@id\":\"https:\/\/kunmedierne.dk\/mors\/#organization\",\"name\":\"Mors\",\"url\":\"https:\/\/kunmedierne.dk\/mors\/\",\"logo\":{\"@type\":\"ImageObject\",\"inLanguage\":\"da-DK\",\"@id\":\"https:\/\/kunmedierne.dk\/mors\/#\/schema\/logo\/image\/\",\"url\":\"https:\/\/kunmedierne.dk\/mors\/wp-content\/uploads\/2024\/08\/kunmors-logo.svg\",\"contentUrl\":\"https:\/\/kunmedierne.dk\/mors\/wp-content\/uploads\/2024\/08\/kunmors-logo.svg\",\"caption\":\"Mors\"},\"image\":{\"@id\":\"https:\/\/kunmedierne.dk\/mors\/#\/schema\/logo\/image\/\"}},{\"@type\":\"Person\",\"@id\":\"https:\/\/kunmedierne.dk\/mors\/#\/schema\/person\/5fe23251bf1d0abbcdc6f7896579d548\",\"name\":\"David H\u00f8jmark\",\"image\":{\"@type\":\"ImageObject\",\"inLanguage\":\"da-DK\",\"@id\":\"https:\/\/kunmedierne.dk\/mors\/#\/schema\/person\/image\/\",\"url\":\"https:\/\/secure.gravatar.com\/avatar\/4315d6fb9ef244d729989f5f90268eb08d5bf8a3d84402f595fa194bb35784fd?s=96&d=mm&r=g\",\"contentUrl\":\"https:\/\/secure.gravatar.com\/avatar\/4315d6fb9ef244d729989f5f90268eb08d5bf8a3d84402f595fa194bb35784fd?s=96&d=mm&r=g\",\"caption\":\"David H\u00f8jmark\"},\"sameAs\":[\"https:\/\/www.kunmedierne.dk\"],\"url\":\"https:\/\/kunmedierne.dk\/mors\/author\/david\/\"}]}<\/script>\n<!-- \/ Yoast SEO plugin. -->","yoast_head_json":{"title":"- Det er en k\u00e6mpestor dag - Mors","robots":{"index":"index","follow":"follow","max-snippet":"max-snippet:-1","max-image-preview":"max-image-preview:large","max-video-preview":"max-video-preview:-1"},"canonical":"https:\/\/kunmedierne.dk\/mors\/det-er-en-kaempestor-dag\/","og_locale":"da_DK","og_type":"article","og_title":"- Det er en k\u00e6mpestor dag - Mors","og_description":"FLADE:\u00a0Tre \u00e5rs forarbejde er forbi, H\u00f8jskolen Mors har taget hul p\u00e5 sit f\u00f8rste kursusforl\u00f8b. S\u00f8ndag indlogerede lige knap 30 forventningsfulde kursister fra hele landet (og en enkelt fra Norge) ind i Flade, hvor forstanderparret Nikolei Seidelin og Mette Damiri tog imod med arme s\u00e5 \u00e5bne, som den slags overhovedet kan v\u00e6re. &#8220;Nu er det blevet [&hellip;]","og_url":"https:\/\/kunmedierne.dk\/mors\/det-er-en-kaempestor-dag\/","og_site_name":"Mors","article_published_time":"2020-06-22T17:33:35+00:00","article_modified_time":"2024-08-12T12:05:58+00:00","og_image":[{"width":770,"height":513,"url":"https:\/\/kunmedierne.dk\/mors\/wp-content\/uploads\/2020\/06\/200606-h\u00f8jskolen-damiri-weidelin.jpg","type":"image\/jpeg"}],"author":"David H\u00f8jmark","twitter_card":"summary_large_image","twitter_misc":{"Skrevet af":"David H\u00f8jmark","Estimeret l\u00e6setid":"1 minut"},"schema":{"@context":"https:\/\/schema.org","@graph":[{"@type":"Article","@id":"https:\/\/kunmedierne.dk\/mors\/det-er-en-kaempestor-dag\/#article","isPartOf":{"@id":"https:\/\/kunmedierne.dk\/mors\/det-er-en-kaempestor-dag\/"},"author":{"name":"David H\u00f8jmark","@id":"https:\/\/kunmedierne.dk\/mors\/#\/schema\/person\/5fe23251bf1d0abbcdc6f7896579d548"},"headline":"&#8211; Det er en k\u00e6mpestor dag","datePublished":"2020-06-22T17:33:35+00:00","dateModified":"2024-08-12T12:05:58+00:00","mainEntityOfPage":{"@id":"https:\/\/kunmedierne.dk\/mors\/det-er-en-kaempestor-dag\/"},"wordCount":231,"commentCount":0,"publisher":{"@id":"https:\/\/kunmedierne.dk\/mors\/#organization"},"image":{"@id":"https:\/\/kunmedierne.dk\/mors\/det-er-en-kaempestor-dag\/#primaryimage"},"thumbnailUrl":"https:\/\/kunmedierne.dk\/mors\/wp-content\/uploads\/2020\/06\/200606-h\u00f8jskolen-damiri-weidelin.jpg","articleSection":["Kultur"],"inLanguage":"da-DK","potentialAction":[{"@type":"CommentAction","name":"Comment","target":["https:\/\/kunmedierne.dk\/mors\/det-er-en-kaempestor-dag\/#respond"]}]},{"@type":"WebPage","@id":"https:\/\/kunmedierne.dk\/mors\/det-er-en-kaempestor-dag\/","url":"https:\/\/kunmedierne.dk\/mors\/det-er-en-kaempestor-dag\/","name":"- Det er en k\u00e6mpestor dag - Mors","isPartOf":{"@id":"https:\/\/kunmedierne.dk\/mors\/#website"},"primaryImageOfPage":{"@id":"https:\/\/kunmedierne.dk\/mors\/det-er-en-kaempestor-dag\/#primaryimage"},"image":{"@id":"https:\/\/kunmedierne.dk\/mors\/det-er-en-kaempestor-dag\/#primaryimage"},"thumbnailUrl":"https:\/\/kunmedierne.dk\/mors\/wp-content\/uploads\/2020\/06\/200606-h\u00f8jskolen-damiri-weidelin.jpg","datePublished":"2020-06-22T17:33:35+00:00","dateModified":"2024-08-12T12:05:58+00:00","breadcrumb":{"@id":"https:\/\/kunmedierne.dk\/mors\/det-er-en-kaempestor-dag\/#breadcrumb"},"inLanguage":"da-DK","potentialAction":[{"@type":"ReadAction","target":["https:\/\/kunmedierne.dk\/mors\/det-er-en-kaempestor-dag\/"]}]},{"@type":"ImageObject","inLanguage":"da-DK","@id":"https:\/\/kunmedierne.dk\/mors\/det-er-en-kaempestor-dag\/#primaryimage","url":"https:\/\/kunmedierne.dk\/mors\/wp-content\/uploads\/2020\/06\/200606-h\u00f8jskolen-damiri-weidelin.jpg","contentUrl":"https:\/\/kunmedierne.dk\/mors\/wp-content\/uploads\/2020\/06\/200606-h\u00f8jskolen-damiri-weidelin.jpg","width":770,"height":513,"caption":"Mette Damiri og Nikolai Seidelin, forstanderpar p\u00e5 H\u00f8jskolen Mors. Foto: David H\u00f8jmark"},{"@type":"BreadcrumbList","@id":"https:\/\/kunmedierne.dk\/mors\/det-er-en-kaempestor-dag\/#breadcrumb","itemListElement":[{"@type":"ListItem","position":1,"name":"Hjem","item":"https:\/\/kunmedierne.dk\/mors\/"},{"@type":"ListItem","position":2,"name":"&#8211; Det er en k\u00e6mpestor dag"}]},{"@type":"WebSite","@id":"https:\/\/kunmedierne.dk\/mors\/#website","url":"https:\/\/kunmedierne.dk\/mors\/","name":"Mors","description":"et netmedie med journalistik om livet p\u00e5 Mors","publisher":{"@id":"https:\/\/kunmedierne.dk\/mors\/#organization"},"potentialAction":[{"@type":"SearchAction","target":{"@type":"EntryPoint","urlTemplate":"https:\/\/kunmedierne.dk\/mors\/?s={search_term_string}"},"query-input":{"@type":"PropertyValueSpecification","valueRequired":true,"valueName":"search_term_string"}}],"inLanguage":"da-DK"},{"@type":"Organization","@id":"https:\/\/kunmedierne.dk\/mors\/#organization","name":"Mors","url":"https:\/\/kunmedierne.dk\/mors\/","logo":{"@type":"ImageObject","inLanguage":"da-DK","@id":"https:\/\/kunmedierne.dk\/mors\/#\/schema\/logo\/image\/","url":"https:\/\/kunmedierne.dk\/mors\/wp-content\/uploads\/2024\/08\/kunmors-logo.svg","contentUrl":"https:\/\/kunmedierne.dk\/mors\/wp-content\/uploads\/2024\/08\/kunmors-logo.svg","caption":"Mors"},"image":{"@id":"https:\/\/kunmedierne.dk\/mors\/#\/schema\/logo\/image\/"}},{"@type":"Person","@id":"https:\/\/kunmedierne.dk\/mors\/#\/schema\/person\/5fe23251bf1d0abbcdc6f7896579d548","name":"David H\u00f8jmark","image":{"@type":"ImageObject","inLanguage":"da-DK","@id":"https:\/\/kunmedierne.dk\/mors\/#\/schema\/person\/image\/","url":"https:\/\/secure.gravatar.com\/avatar\/4315d6fb9ef244d729989f5f90268eb08d5bf8a3d84402f595fa194bb35784fd?s=96&d=mm&r=g","contentUrl":"https:\/\/secure.gravatar.com\/avatar\/4315d6fb9ef244d729989f5f90268eb08d5bf8a3d84402f595fa194bb35784fd?s=96&d=mm&r=g","caption":"David H\u00f8jmark"},"sameAs":["https:\/\/www.kunmedierne.dk"],"url":"https:\/\/kunmedierne.dk\/mors\/author\/david\/"}]}},"_links":{"self":[{"href":"https:\/\/kunmedierne.dk\/mors\/wp-json\/wp\/v2\/posts\/26211","targetHints":{"allow":["GET"]}}],"collection":[{"href":"https:\/\/kunmedierne.dk\/mors\/wp-json\/wp\/v2\/posts"}],"about":[{"href":"https:\/\/kunmedierne.dk\/mors\/wp-json\/wp\/v2\/types\/post"}],"author":[{"embeddable":true,"href":"https:\/\/kunmedierne.dk\/mors\/wp-json\/wp\/v2\/users\/8"}],"replies":[{"embeddable":true,"href":"https:\/\/kunmedierne.dk\/mors\/wp-json\/wp\/v2\/comments?post=26211"}],"version-history":[{"count":1,"href":"https:\/\/kunmedierne.dk\/mors\/wp-json\/wp\/v2\/posts\/26211\/revisions"}],"predecessor-version":[{"id":26212,"href":"https:\/\/kunmedierne.dk\/mors\/wp-json\/wp\/v2\/posts\/26211\/revisions\/26212"}],"wp:featuredmedia":[{"embeddable":true,"href":"https:\/\/kunmedierne.dk\/mors\/wp-json\/wp\/v2\/media\/24333"}],"wp:attachment":[{"href":"https:\/\/kunmedierne.dk\/mors\/wp-json\/wp\/v2\/media?parent=26211"}],"wp:term":[{"taxonomy":"category","embeddable":true,"href":"https:\/\/kunmedierne.dk\/mors\/wp-json\/wp\/v2\/categories?post=26211"},{"taxonomy":"post_tag","embeddable":true,"href":"https:\/\/kunmedierne.dk\/mors\/wp-json\/wp\/v2\/tags?post=26211"}],"curies":[{"name":"wp","href":"https:\/\/api.w.org\/{rel}","templated":true}]}}