{"id":25950,"date":"2020-06-20T18:15:17","date_gmt":"2020-06-20T16:15:17","guid":{"rendered":"https:\/\/kunmedierne.dk\/mors\/?p=25950"},"modified":"2024-08-12T14:05:59","modified_gmt":"2024-08-12T12:05:59","slug":"delfiner-hyggede-sig-med-naessie","status":"publish","type":"post","link":"https:\/\/kunmedierne.dk\/mors\/delfiner-hyggede-sig-med-naessie\/","title":{"rendered":"Delfiner hyggede sig med N\u00e6ssie"},"content":{"rendered":"<p><strong>N\u00c6SSUND<\/strong>: N\u00e6ssundf\u00e6rgen har nu ogs\u00e5 delfinsafari p\u00e5 sit repertoire.<\/p>\n<p>I hvert fald blev den gamle f\u00e6rge forleden m\u00f8dt af en flok under en overfart, mens skipper Benny Bak var p\u00e5 vej fra Mors mod Thy.<\/p>\n<p>&#8220;S\u00e5 kunne jeg se, at de sprang i vandet l\u00e6ngere ude. Der var fem styk. De kredsede lidt rundt, s\u00e5 jeg tror, der var nogle sild, de var ved at indfange,&#8221; fort\u00e6ller Benny Bak.<\/p>\n<p>Han sejlede derefter imod delfinerne, som ogs\u00e5 s\u00f8gte t\u00e6t p\u00e5 f\u00e6rgen, s\u00e5 han kunne filme nogle af dem med sin mobiltelefon.<\/p>\n<p>&#8220;Det er fascinerende dyr at se p\u00e5. Bare det at de springer op af vandet og laver den der hv\u00e6sende lyd, n\u00e5r de bl\u00e6ser vand ud. Og s\u00e5 kom de helt op imod b\u00e5den, de var slet ikke bange &#8211; de er jo meget nysgerrige,&#8221; siger han.<\/p>\n<p>&nbsp;<\/p>\n<p><strong>M\u00e5ske op til 12 delfiner<\/strong><\/p>\n<p>I mere end to timer gentog delfinerne deres flirt med N\u00e6ssundf\u00e6rgen, hver gang Benny Bak f\u00f8rte den tilbage efter at have v\u00e6ret i havn.<\/p>\n<p>&#8220;Der har nok v\u00e6ret noget at spise, siden de blev der s\u00e5 l\u00e6nge,&#8221; vurderer Benny Bak, der ogs\u00e5 fort\u00e6ller, at n\u00e5r han satte f\u00e6rgen i bak, forsvandt delfinerne p\u00e5 grund af den anderledes lyd &#8211; for s\u00e5 kort efter at dukke op igen.<\/p>\n<p>&#8220;De kom meget t\u00e6t p\u00e5 &#8211; fem-seks meter, vil jeg tro,&#8221; siger han.<\/p>\n<p>If\u00f8lge \u00f8jenvidner p\u00e5 land var der op til 12 delfiner i flokken. S\u00e5 mange s\u00e5 Benny Bak ikke, men det var til geng\u00e6ld heller ikke hans f\u00f8rste m\u00f8de med delfiner.<\/p>\n<p>&#8220;Jeg havde en b\u00e5d i Vorup\u00f8r for nogle \u00e5r siden. Der sprang de ogs\u00e5 op foran den. Men der havde jeg ikke nogen telefon med mig &#8211; det var f\u00f8r smartphones blev opfundet,&#8221; siger han.<\/p>\n<p>Du kan se den mere end to minutter lange video med delfinerne p\u00e5 Facebook-siden for N\u00e6ssundf\u00e6rgens Venner <a href=\"https:\/\/www.facebook.com\/groups\/964851116922104\/\" target=\"_blank\" rel=\"noopener noreferrer\">her<\/a>.<\/p>\n<div id=\"attachment_25952\" style=\"width: 780px\" class=\"wp-caption alignright\"><img loading=\"lazy\" decoding=\"async\" aria-describedby=\"caption-attachment-25952\" class=\"wp-image-25952 size-full\" src=\"https:\/\/kunmedierne.dk\/mors\/wp-content\/uploads\/2020\/06\/christopher-laberinto-NbEvMHEJM1U-unsplash.jpg\" alt=\"\" width=\"770\" height=\"513\" srcset=\"https:\/\/kunmedierne.dk\/mors\/wp-content\/uploads\/2020\/06\/christopher-laberinto-NbEvMHEJM1U-unsplash.jpg 770w, https:\/\/kunmedierne.dk\/mors\/wp-content\/uploads\/2020\/06\/christopher-laberinto-NbEvMHEJM1U-unsplash-300x200.jpg 300w, https:\/\/kunmedierne.dk\/mors\/wp-content\/uploads\/2020\/06\/christopher-laberinto-NbEvMHEJM1U-unsplash-768x512.jpg 768w, https:\/\/kunmedierne.dk\/mors\/wp-content\/uploads\/2020\/06\/christopher-laberinto-NbEvMHEJM1U-unsplash-360x240.jpg 360w, https:\/\/kunmedierne.dk\/mors\/wp-content\/uploads\/2020\/06\/christopher-laberinto-NbEvMHEJM1U-unsplash-600x400.jpg 600w\" sizes=\"auto, (max-width: 770px) 100vw, 770px\" \/><p id=\"caption-attachment-25952\" class=\"wp-caption-text\">Er man heldig, kan man f\u00e5 lov til at se delfiner hoppe h\u00f8jt over vandoverfladen som her. Foto: Christopher Laberinto\/Unsplash<\/p><\/div>\n","protected":false},"excerpt":{"rendered":"<p>N\u00c6SSUND: N\u00e6ssundf\u00e6rgen har nu ogs\u00e5 delfinsafari p\u00e5 sit repertoire. I hvert fald blev den gamle f\u00e6rge forleden m\u00f8dt af en flok under en overfart, mens skipper Benny Bak var p\u00e5 vej fra Mors mod Thy. &#8220;S\u00e5 kunne jeg se, at de sprang i vandet l\u00e6ngere ude. Der var fem styk. De kredsede lidt rundt, s\u00e5 [&hellip;]<\/p>\n","protected":false},"author":8,"featured_media":25951,"comment_status":"open","ping_status":"open","sticky":false,"template":"","format":"standard","meta":{"_acf_changed":false,"footnotes":""},"categories":[51],"tags":[],"class_list":["post-25950","post","type-post","status-publish","format-standard","has-post-thumbnail","hentry","category-lokalt"],"acf":[],"yoast_head":"<!-- This site is optimized with the Yoast SEO plugin v26.8 - https:\/\/yoast.com\/product\/yoast-seo-wordpress\/ -->\n<title>Delfiner hyggede sig med N\u00e6ssie - Mors<\/title>\n<meta name=\"robots\" content=\"index, follow, max-snippet:-1, max-image-preview:large, max-video-preview:-1\" \/>\n<link rel=\"canonical\" href=\"https:\/\/kunmedierne.dk\/mors\/delfiner-hyggede-sig-med-naessie\/\" \/>\n<meta property=\"og:locale\" content=\"da_DK\" \/>\n<meta property=\"og:type\" content=\"article\" \/>\n<meta property=\"og:title\" content=\"Delfiner hyggede sig med N\u00e6ssie - Mors\" \/>\n<meta property=\"og:description\" content=\"N\u00c6SSUND: N\u00e6ssundf\u00e6rgen har nu ogs\u00e5 delfinsafari p\u00e5 sit repertoire. I hvert fald blev den gamle f\u00e6rge forleden m\u00f8dt af en flok under en overfart, mens skipper Benny Bak var p\u00e5 vej fra Mors mod Thy. &#8220;S\u00e5 kunne jeg se, at de sprang i vandet l\u00e6ngere ude. Der var fem styk. De kredsede lidt rundt, s\u00e5 [&hellip;]\" \/>\n<meta property=\"og:url\" content=\"https:\/\/kunmedierne.dk\/mors\/delfiner-hyggede-sig-med-naessie\/\" \/>\n<meta property=\"og:site_name\" content=\"Mors\" \/>\n<meta property=\"article:published_time\" content=\"2020-06-20T16:15:17+00:00\" \/>\n<meta property=\"article:modified_time\" content=\"2024-08-12T12:05:59+00:00\" \/>\n<meta property=\"og:image\" content=\"https:\/\/kunmedierne.dk\/mors\/wp-content\/uploads\/2020\/06\/delfiner.jpg\" \/>\n\t<meta property=\"og:image:width\" content=\"770\" \/>\n\t<meta property=\"og:image:height\" content=\"520\" \/>\n\t<meta property=\"og:image:type\" content=\"image\/jpeg\" \/>\n<meta name=\"author\" content=\"David H\u00f8jmark\" \/>\n<meta name=\"twitter:card\" content=\"summary_large_image\" \/>\n<meta name=\"twitter:label1\" content=\"Skrevet af\" \/>\n\t<meta name=\"twitter:data1\" content=\"David H\u00f8jmark\" \/>\n\t<meta name=\"twitter:label2\" content=\"Estimeret l\u00e6setid\" \/>\n\t<meta name=\"twitter:data2\" content=\"2 minutter\" \/>\n<script type=\"application\/ld+json\" class=\"yoast-schema-graph\">{\"@context\":\"https:\/\/schema.org\",\"@graph\":[{\"@type\":\"Article\",\"@id\":\"https:\/\/kunmedierne.dk\/mors\/delfiner-hyggede-sig-med-naessie\/#article\",\"isPartOf\":{\"@id\":\"https:\/\/kunmedierne.dk\/mors\/delfiner-hyggede-sig-med-naessie\/\"},\"author\":{\"name\":\"David H\u00f8jmark\",\"@id\":\"https:\/\/kunmedierne.dk\/mors\/#\/schema\/person\/5fe23251bf1d0abbcdc6f7896579d548\"},\"headline\":\"Delfiner hyggede sig med N\u00e6ssie\",\"datePublished\":\"2020-06-20T16:15:17+00:00\",\"dateModified\":\"2024-08-12T12:05:59+00:00\",\"mainEntityOfPage\":{\"@id\":\"https:\/\/kunmedierne.dk\/mors\/delfiner-hyggede-sig-med-naessie\/\"},\"wordCount\":373,\"commentCount\":0,\"publisher\":{\"@id\":\"https:\/\/kunmedierne.dk\/mors\/#organization\"},\"image\":{\"@id\":\"https:\/\/kunmedierne.dk\/mors\/delfiner-hyggede-sig-med-naessie\/#primaryimage\"},\"thumbnailUrl\":\"https:\/\/kunmedierne.dk\/mors\/wp-content\/uploads\/2020\/06\/delfiner.jpg\",\"articleSection\":[\"Lokalt\"],\"inLanguage\":\"da-DK\",\"potentialAction\":[{\"@type\":\"CommentAction\",\"name\":\"Comment\",\"target\":[\"https:\/\/kunmedierne.dk\/mors\/delfiner-hyggede-sig-med-naessie\/#respond\"]}]},{\"@type\":\"WebPage\",\"@id\":\"https:\/\/kunmedierne.dk\/mors\/delfiner-hyggede-sig-med-naessie\/\",\"url\":\"https:\/\/kunmedierne.dk\/mors\/delfiner-hyggede-sig-med-naessie\/\",\"name\":\"Delfiner hyggede sig med N\u00e6ssie - Mors\",\"isPartOf\":{\"@id\":\"https:\/\/kunmedierne.dk\/mors\/#website\"},\"primaryImageOfPage\":{\"@id\":\"https:\/\/kunmedierne.dk\/mors\/delfiner-hyggede-sig-med-naessie\/#primaryimage\"},\"image\":{\"@id\":\"https:\/\/kunmedierne.dk\/mors\/delfiner-hyggede-sig-med-naessie\/#primaryimage\"},\"thumbnailUrl\":\"https:\/\/kunmedierne.dk\/mors\/wp-content\/uploads\/2020\/06\/delfiner.jpg\",\"datePublished\":\"2020-06-20T16:15:17+00:00\",\"dateModified\":\"2024-08-12T12:05:59+00:00\",\"breadcrumb\":{\"@id\":\"https:\/\/kunmedierne.dk\/mors\/delfiner-hyggede-sig-med-naessie\/#breadcrumb\"},\"inLanguage\":\"da-DK\",\"potentialAction\":[{\"@type\":\"ReadAction\",\"target\":[\"https:\/\/kunmedierne.dk\/mors\/delfiner-hyggede-sig-med-naessie\/\"]}]},{\"@type\":\"ImageObject\",\"inLanguage\":\"da-DK\",\"@id\":\"https:\/\/kunmedierne.dk\/mors\/delfiner-hyggede-sig-med-naessie\/#primaryimage\",\"url\":\"https:\/\/kunmedierne.dk\/mors\/wp-content\/uploads\/2020\/06\/delfiner.jpg\",\"contentUrl\":\"https:\/\/kunmedierne.dk\/mors\/wp-content\/uploads\/2020\/06\/delfiner.jpg\",\"width\":770,\"height\":520,\"caption\":\"Screendump fra Benny Baks video af delfiner.\"},{\"@type\":\"BreadcrumbList\",\"@id\":\"https:\/\/kunmedierne.dk\/mors\/delfiner-hyggede-sig-med-naessie\/#breadcrumb\",\"itemListElement\":[{\"@type\":\"ListItem\",\"position\":1,\"name\":\"Hjem\",\"item\":\"https:\/\/kunmedierne.dk\/mors\/\"},{\"@type\":\"ListItem\",\"position\":2,\"name\":\"Delfiner hyggede sig med N\u00e6ssie\"}]},{\"@type\":\"WebSite\",\"@id\":\"https:\/\/kunmedierne.dk\/mors\/#website\",\"url\":\"https:\/\/kunmedierne.dk\/mors\/\",\"name\":\"Mors\",\"description\":\"et netmedie med journalistik om livet p\u00e5 Mors\",\"publisher\":{\"@id\":\"https:\/\/kunmedierne.dk\/mors\/#organization\"},\"potentialAction\":[{\"@type\":\"SearchAction\",\"target\":{\"@type\":\"EntryPoint\",\"urlTemplate\":\"https:\/\/kunmedierne.dk\/mors\/?s={search_term_string}\"},\"query-input\":{\"@type\":\"PropertyValueSpecification\",\"valueRequired\":true,\"valueName\":\"search_term_string\"}}],\"inLanguage\":\"da-DK\"},{\"@type\":\"Organization\",\"@id\":\"https:\/\/kunmedierne.dk\/mors\/#organization\",\"name\":\"Mors\",\"url\":\"https:\/\/kunmedierne.dk\/mors\/\",\"logo\":{\"@type\":\"ImageObject\",\"inLanguage\":\"da-DK\",\"@id\":\"https:\/\/kunmedierne.dk\/mors\/#\/schema\/logo\/image\/\",\"url\":\"https:\/\/kunmedierne.dk\/mors\/wp-content\/uploads\/2024\/08\/kunmors-logo.svg\",\"contentUrl\":\"https:\/\/kunmedierne.dk\/mors\/wp-content\/uploads\/2024\/08\/kunmors-logo.svg\",\"caption\":\"Mors\"},\"image\":{\"@id\":\"https:\/\/kunmedierne.dk\/mors\/#\/schema\/logo\/image\/\"}},{\"@type\":\"Person\",\"@id\":\"https:\/\/kunmedierne.dk\/mors\/#\/schema\/person\/5fe23251bf1d0abbcdc6f7896579d548\",\"name\":\"David H\u00f8jmark\",\"image\":{\"@type\":\"ImageObject\",\"inLanguage\":\"da-DK\",\"@id\":\"https:\/\/kunmedierne.dk\/mors\/#\/schema\/person\/image\/\",\"url\":\"https:\/\/secure.gravatar.com\/avatar\/4315d6fb9ef244d729989f5f90268eb08d5bf8a3d84402f595fa194bb35784fd?s=96&d=mm&r=g\",\"contentUrl\":\"https:\/\/secure.gravatar.com\/avatar\/4315d6fb9ef244d729989f5f90268eb08d5bf8a3d84402f595fa194bb35784fd?s=96&d=mm&r=g\",\"caption\":\"David H\u00f8jmark\"},\"sameAs\":[\"https:\/\/www.kunmedierne.dk\"],\"url\":\"https:\/\/kunmedierne.dk\/mors\/author\/david\/\"}]}<\/script>\n<!-- \/ Yoast SEO plugin. -->","yoast_head_json":{"title":"Delfiner hyggede sig med N\u00e6ssie - Mors","robots":{"index":"index","follow":"follow","max-snippet":"max-snippet:-1","max-image-preview":"max-image-preview:large","max-video-preview":"max-video-preview:-1"},"canonical":"https:\/\/kunmedierne.dk\/mors\/delfiner-hyggede-sig-med-naessie\/","og_locale":"da_DK","og_type":"article","og_title":"Delfiner hyggede sig med N\u00e6ssie - Mors","og_description":"N\u00c6SSUND: N\u00e6ssundf\u00e6rgen har nu ogs\u00e5 delfinsafari p\u00e5 sit repertoire. I hvert fald blev den gamle f\u00e6rge forleden m\u00f8dt af en flok under en overfart, mens skipper Benny Bak var p\u00e5 vej fra Mors mod Thy. &#8220;S\u00e5 kunne jeg se, at de sprang i vandet l\u00e6ngere ude. Der var fem styk. De kredsede lidt rundt, s\u00e5 [&hellip;]","og_url":"https:\/\/kunmedierne.dk\/mors\/delfiner-hyggede-sig-med-naessie\/","og_site_name":"Mors","article_published_time":"2020-06-20T16:15:17+00:00","article_modified_time":"2024-08-12T12:05:59+00:00","og_image":[{"width":770,"height":520,"url":"https:\/\/kunmedierne.dk\/mors\/wp-content\/uploads\/2020\/06\/delfiner.jpg","type":"image\/jpeg"}],"author":"David H\u00f8jmark","twitter_card":"summary_large_image","twitter_misc":{"Skrevet af":"David H\u00f8jmark","Estimeret l\u00e6setid":"2 minutter"},"schema":{"@context":"https:\/\/schema.org","@graph":[{"@type":"Article","@id":"https:\/\/kunmedierne.dk\/mors\/delfiner-hyggede-sig-med-naessie\/#article","isPartOf":{"@id":"https:\/\/kunmedierne.dk\/mors\/delfiner-hyggede-sig-med-naessie\/"},"author":{"name":"David H\u00f8jmark","@id":"https:\/\/kunmedierne.dk\/mors\/#\/schema\/person\/5fe23251bf1d0abbcdc6f7896579d548"},"headline":"Delfiner hyggede sig med N\u00e6ssie","datePublished":"2020-06-20T16:15:17+00:00","dateModified":"2024-08-12T12:05:59+00:00","mainEntityOfPage":{"@id":"https:\/\/kunmedierne.dk\/mors\/delfiner-hyggede-sig-med-naessie\/"},"wordCount":373,"commentCount":0,"publisher":{"@id":"https:\/\/kunmedierne.dk\/mors\/#organization"},"image":{"@id":"https:\/\/kunmedierne.dk\/mors\/delfiner-hyggede-sig-med-naessie\/#primaryimage"},"thumbnailUrl":"https:\/\/kunmedierne.dk\/mors\/wp-content\/uploads\/2020\/06\/delfiner.jpg","articleSection":["Lokalt"],"inLanguage":"da-DK","potentialAction":[{"@type":"CommentAction","name":"Comment","target":["https:\/\/kunmedierne.dk\/mors\/delfiner-hyggede-sig-med-naessie\/#respond"]}]},{"@type":"WebPage","@id":"https:\/\/kunmedierne.dk\/mors\/delfiner-hyggede-sig-med-naessie\/","url":"https:\/\/kunmedierne.dk\/mors\/delfiner-hyggede-sig-med-naessie\/","name":"Delfiner hyggede sig med N\u00e6ssie - Mors","isPartOf":{"@id":"https:\/\/kunmedierne.dk\/mors\/#website"},"primaryImageOfPage":{"@id":"https:\/\/kunmedierne.dk\/mors\/delfiner-hyggede-sig-med-naessie\/#primaryimage"},"image":{"@id":"https:\/\/kunmedierne.dk\/mors\/delfiner-hyggede-sig-med-naessie\/#primaryimage"},"thumbnailUrl":"https:\/\/kunmedierne.dk\/mors\/wp-content\/uploads\/2020\/06\/delfiner.jpg","datePublished":"2020-06-20T16:15:17+00:00","dateModified":"2024-08-12T12:05:59+00:00","breadcrumb":{"@id":"https:\/\/kunmedierne.dk\/mors\/delfiner-hyggede-sig-med-naessie\/#breadcrumb"},"inLanguage":"da-DK","potentialAction":[{"@type":"ReadAction","target":["https:\/\/kunmedierne.dk\/mors\/delfiner-hyggede-sig-med-naessie\/"]}]},{"@type":"ImageObject","inLanguage":"da-DK","@id":"https:\/\/kunmedierne.dk\/mors\/delfiner-hyggede-sig-med-naessie\/#primaryimage","url":"https:\/\/kunmedierne.dk\/mors\/wp-content\/uploads\/2020\/06\/delfiner.jpg","contentUrl":"https:\/\/kunmedierne.dk\/mors\/wp-content\/uploads\/2020\/06\/delfiner.jpg","width":770,"height":520,"caption":"Screendump fra Benny Baks video af delfiner."},{"@type":"BreadcrumbList","@id":"https:\/\/kunmedierne.dk\/mors\/delfiner-hyggede-sig-med-naessie\/#breadcrumb","itemListElement":[{"@type":"ListItem","position":1,"name":"Hjem","item":"https:\/\/kunmedierne.dk\/mors\/"},{"@type":"ListItem","position":2,"name":"Delfiner hyggede sig med N\u00e6ssie"}]},{"@type":"WebSite","@id":"https:\/\/kunmedierne.dk\/mors\/#website","url":"https:\/\/kunmedierne.dk\/mors\/","name":"Mors","description":"et netmedie med journalistik om livet p\u00e5 Mors","publisher":{"@id":"https:\/\/kunmedierne.dk\/mors\/#organization"},"potentialAction":[{"@type":"SearchAction","target":{"@type":"EntryPoint","urlTemplate":"https:\/\/kunmedierne.dk\/mors\/?s={search_term_string}"},"query-input":{"@type":"PropertyValueSpecification","valueRequired":true,"valueName":"search_term_string"}}],"inLanguage":"da-DK"},{"@type":"Organization","@id":"https:\/\/kunmedierne.dk\/mors\/#organization","name":"Mors","url":"https:\/\/kunmedierne.dk\/mors\/","logo":{"@type":"ImageObject","inLanguage":"da-DK","@id":"https:\/\/kunmedierne.dk\/mors\/#\/schema\/logo\/image\/","url":"https:\/\/kunmedierne.dk\/mors\/wp-content\/uploads\/2024\/08\/kunmors-logo.svg","contentUrl":"https:\/\/kunmedierne.dk\/mors\/wp-content\/uploads\/2024\/08\/kunmors-logo.svg","caption":"Mors"},"image":{"@id":"https:\/\/kunmedierne.dk\/mors\/#\/schema\/logo\/image\/"}},{"@type":"Person","@id":"https:\/\/kunmedierne.dk\/mors\/#\/schema\/person\/5fe23251bf1d0abbcdc6f7896579d548","name":"David H\u00f8jmark","image":{"@type":"ImageObject","inLanguage":"da-DK","@id":"https:\/\/kunmedierne.dk\/mors\/#\/schema\/person\/image\/","url":"https:\/\/secure.gravatar.com\/avatar\/4315d6fb9ef244d729989f5f90268eb08d5bf8a3d84402f595fa194bb35784fd?s=96&d=mm&r=g","contentUrl":"https:\/\/secure.gravatar.com\/avatar\/4315d6fb9ef244d729989f5f90268eb08d5bf8a3d84402f595fa194bb35784fd?s=96&d=mm&r=g","caption":"David H\u00f8jmark"},"sameAs":["https:\/\/www.kunmedierne.dk"],"url":"https:\/\/kunmedierne.dk\/mors\/author\/david\/"}]}},"_links":{"self":[{"href":"https:\/\/kunmedierne.dk\/mors\/wp-json\/wp\/v2\/posts\/25950","targetHints":{"allow":["GET"]}}],"collection":[{"href":"https:\/\/kunmedierne.dk\/mors\/wp-json\/wp\/v2\/posts"}],"about":[{"href":"https:\/\/kunmedierne.dk\/mors\/wp-json\/wp\/v2\/types\/post"}],"author":[{"embeddable":true,"href":"https:\/\/kunmedierne.dk\/mors\/wp-json\/wp\/v2\/users\/8"}],"replies":[{"embeddable":true,"href":"https:\/\/kunmedierne.dk\/mors\/wp-json\/wp\/v2\/comments?post=25950"}],"version-history":[{"count":3,"href":"https:\/\/kunmedierne.dk\/mors\/wp-json\/wp\/v2\/posts\/25950\/revisions"}],"predecessor-version":[{"id":25955,"href":"https:\/\/kunmedierne.dk\/mors\/wp-json\/wp\/v2\/posts\/25950\/revisions\/25955"}],"wp:featuredmedia":[{"embeddable":true,"href":"https:\/\/kunmedierne.dk\/mors\/wp-json\/wp\/v2\/media\/25951"}],"wp:attachment":[{"href":"https:\/\/kunmedierne.dk\/mors\/wp-json\/wp\/v2\/media?parent=25950"}],"wp:term":[{"taxonomy":"category","embeddable":true,"href":"https:\/\/kunmedierne.dk\/mors\/wp-json\/wp\/v2\/categories?post=25950"},{"taxonomy":"post_tag","embeddable":true,"href":"https:\/\/kunmedierne.dk\/mors\/wp-json\/wp\/v2\/tags?post=25950"}],"curies":[{"name":"wp","href":"https:\/\/api.w.org\/{rel}","templated":true}]}}