{"id":25932,"date":"2020-06-20T13:48:09","date_gmt":"2020-06-20T11:48:09","guid":{"rendered":"https:\/\/kunmedierne.dk\/mors\/?p=25932"},"modified":"2024-08-12T14:05:59","modified_gmt":"2024-08-12T12:05:59","slug":"efter-21-aar-som-frisoer-i-froeslev-flytter-kirsten-marie-ind-i-eget-hus","status":"publish","type":"post","link":"https:\/\/kunmedierne.dk\/mors\/efter-21-aar-som-frisoer-i-froeslev-flytter-kirsten-marie-ind-i-eget-hus\/","title":{"rendered":"Efter 21 \u00e5r som fris\u00f8r i Fr\u00f8slev flytter Kirsten Marie ind i eget hus"},"content":{"rendered":"<p><strong>NYK\u00d8BING<\/strong>: Dr\u00f8mmen om at arbejde under eget tag g\u00e5r snart i opfyldelse for en af \u00f8ens fris\u00f8rer.<\/p>\n<p>Efter 21 \u00e5r i Fr\u00f8slev rykker Kirsten Marie Odgaard til Syrenvej 11 i Nyk\u00f8bing, hvor hun bor &#8211; og hvor hun fremover vil tage imod i en spritny salon.<\/p>\n<p>&#8220;Det er friheden i at v\u00e6re herhjemme. Hvis der en dag er et hul, kan jeg skr\u00e6lle kartofler eller st\u00f8vsuge,&#8221; fort\u00e6ller hun om \u00e9n af de praktiske fordele ved at \u00e5bne Din Fris\u00f8r under eget tag.<\/p>\n<a class=\"dvrt-link\" onClick=\"cdmtrack_click(116504,jQuery(this));return false\" href=\"https:\/\/www.nybolig.dk\/ejendomsmaeglere\/nordvestjylland\/nybolig-morsoe-nykoebing-mors\"><img decoding=\"async\" style=\"width:100%;\" src=\"https:\/\/kunmedierne.dk\/mors\/wp-content\/uploads\/2024\/04\/250825Nybolig.jpg\"><\/a><script>cdmtrack_view(116504);<\/script>\n<p>En anden er, at hun kan \u00e5bne butikken tidligere om morgenen, s\u00e5 kunder ogs\u00e5 kan blive klippet, inden de skal m\u00f8de p\u00e5 arbejde.<\/p>\n<p>\u00c5bningen sker 3. juli, men forinden venter en n\u00e6sten lige s\u00e5 stor m\u00e6rkedag i Kirsten Marie Odgaards liv, n\u00e5r hun efter 21 \u00e5r i Fr\u00f8slev siger farvel til b\u00e5de byen og kunderne &#8211; og ikke mindst sin kollega Bente Serup, som hun sammen har drevet Klip Inn med.<\/p>\n<p>Det bliver 30. juni.<\/p>\n<p>&#8220;Vi har arbejdet sammen i 30 \u00e5r, s\u00e5 det bliver h\u00e5rdt. Alvoren er ogs\u00e5 ved at g\u00e5 op for mig,&#8221; siger hun om afskeden med Bente Serup, der tager videre til H\u00e5rtoppen, hvor de to ogs\u00e5 n\u00e5ede at arbejde sammen i ni \u00e5r, inden de \u00e5bnede i Fr\u00f8slev.<\/p>\n<a class=\"dvrt-link\" onClick=\"cdmtrack_click(114591,jQuery(this));return false\" href=\"https:\/\/www.facebook.com\/kopogkandemors\"><img decoding=\"async\" style=\"width:100%;\" src=\"https:\/\/kunmedierne.dk\/mors\/wp-content\/uploads\/2024\/03\/kop-og-kande-ja-tak-tilbud.jpg\"><\/a><script>cdmtrack_view(114591);<\/script>\n<p>Nu er Kirsten Marie Odgaard sp\u00e6ndt p\u00e5, hvor mange af stamkunderne, der tager med hende til Din Fris\u00f8r.<\/p>\n<p>&#8220;Det bliver sp\u00e6ndende, men jeg h\u00e5ber, at de f\u00f8lger med. Det kan man jo ikke vide, men der er da nogen, der har meldt ud, at de g\u00f8r det,&#8221; siger hun.<\/p>\n<p>&nbsp;<\/p>\n<blockquote>\n<h2>\u00d8ENS IV\u00c6RKS\u00c6TTERE<\/h2>\n<h5>Dette er en serie, der pr\u00e6senterer iv\u00e6rks\u00e6ttere p\u00e5 Mors. Din Fris\u00f8r\u00a0er nummer tre i r\u00e6kken. Tidligere har vi fortalt om: <a href=\"https:\/\/kunmedierne.dk\/mors\/nyt-vvs-firma-har-faaet-den-perfekte-start\/\" target=\"_blank\" rel=\"noopener noreferrer\">Mors\u00f8 VVS-teknik<\/a>\u00a0og\u00a0<a href=\"https:\/\/kunmedierne.dk\/mors\/nu-skal-droemmen-foeres-ud-i-livet\/\" target=\"_blank\" rel=\"noopener noreferrer\">By Breinholt<\/a>.<\/h5>\n<h5>Har du et tip om en iv\u00e6rks\u00e6tter, kan du sende det til os p\u00e5 e-mail: redaktion@kunmedierne.dk\/mors<\/h5>\n<\/blockquote>\n","protected":false},"excerpt":{"rendered":"<p>NYK\u00d8BING: Dr\u00f8mmen om at arbejde under eget tag g\u00e5r snart i opfyldelse for en af \u00f8ens fris\u00f8rer. Efter 21 \u00e5r i Fr\u00f8slev rykker Kirsten Marie Odgaard til Syrenvej 11 i Nyk\u00f8bing, hvor hun bor &#8211; og hvor hun fremover vil tage imod i en spritny salon. &#8220;Det er friheden i at v\u00e6re herhjemme. Hvis der [&hellip;]<\/p>\n","protected":false},"author":8,"featured_media":25933,"comment_status":"open","ping_status":"open","sticky":false,"template":"","format":"standard","meta":{"_acf_changed":false,"footnotes":""},"categories":[51],"tags":[159],"class_list":["post-25932","post","type-post","status-publish","format-standard","has-post-thumbnail","hentry","category-lokalt","tag-erhverv"],"acf":[],"yoast_head":"<!-- This site is optimized with the Yoast SEO plugin v26.8 - https:\/\/yoast.com\/product\/yoast-seo-wordpress\/ -->\n<title>Efter 21 \u00e5r som fris\u00f8r i Fr\u00f8slev flytter Kirsten Marie ind i eget hus - Mors<\/title>\n<meta name=\"robots\" content=\"index, follow, max-snippet:-1, max-image-preview:large, max-video-preview:-1\" \/>\n<link rel=\"canonical\" href=\"https:\/\/kunmedierne.dk\/mors\/efter-21-aar-som-frisoer-i-froeslev-flytter-kirsten-marie-ind-i-eget-hus\/\" \/>\n<meta property=\"og:locale\" content=\"da_DK\" \/>\n<meta property=\"og:type\" content=\"article\" \/>\n<meta property=\"og:title\" content=\"Efter 21 \u00e5r som fris\u00f8r i Fr\u00f8slev flytter Kirsten Marie ind i eget hus - Mors\" \/>\n<meta property=\"og:description\" content=\"NYK\u00d8BING: Dr\u00f8mmen om at arbejde under eget tag g\u00e5r snart i opfyldelse for en af \u00f8ens fris\u00f8rer. Efter 21 \u00e5r i Fr\u00f8slev rykker Kirsten Marie Odgaard til Syrenvej 11 i Nyk\u00f8bing, hvor hun bor &#8211; og hvor hun fremover vil tage imod i en spritny salon. &#8220;Det er friheden i at v\u00e6re herhjemme. Hvis der [&hellip;]\" \/>\n<meta property=\"og:url\" content=\"https:\/\/kunmedierne.dk\/mors\/efter-21-aar-som-frisoer-i-froeslev-flytter-kirsten-marie-ind-i-eget-hus\/\" \/>\n<meta property=\"og:site_name\" content=\"Mors\" \/>\n<meta property=\"article:published_time\" content=\"2020-06-20T11:48:09+00:00\" \/>\n<meta property=\"article:modified_time\" content=\"2024-08-12T12:05:59+00:00\" \/>\n<meta property=\"og:image\" content=\"https:\/\/kunmedierne.dk\/mors\/wp-content\/uploads\/2020\/06\/kirsten-marie-odgaard.jpg\" \/>\n\t<meta property=\"og:image:width\" content=\"770\" \/>\n\t<meta property=\"og:image:height\" content=\"513\" \/>\n\t<meta property=\"og:image:type\" content=\"image\/jpeg\" \/>\n<meta name=\"author\" content=\"David H\u00f8jmark\" \/>\n<meta name=\"twitter:card\" content=\"summary_large_image\" \/>\n<meta name=\"twitter:label1\" content=\"Skrevet af\" \/>\n\t<meta name=\"twitter:data1\" content=\"David H\u00f8jmark\" \/>\n\t<meta name=\"twitter:label2\" content=\"Estimeret l\u00e6setid\" \/>\n\t<meta name=\"twitter:data2\" content=\"2 minutter\" \/>\n<script type=\"application\/ld+json\" class=\"yoast-schema-graph\">{\"@context\":\"https:\/\/schema.org\",\"@graph\":[{\"@type\":\"Article\",\"@id\":\"https:\/\/kunmedierne.dk\/mors\/efter-21-aar-som-frisoer-i-froeslev-flytter-kirsten-marie-ind-i-eget-hus\/#article\",\"isPartOf\":{\"@id\":\"https:\/\/kunmedierne.dk\/mors\/efter-21-aar-som-frisoer-i-froeslev-flytter-kirsten-marie-ind-i-eget-hus\/\"},\"author\":{\"name\":\"David H\u00f8jmark\",\"@id\":\"https:\/\/kunmedierne.dk\/mors\/#\/schema\/person\/5fe23251bf1d0abbcdc6f7896579d548\"},\"headline\":\"Efter 21 \u00e5r som fris\u00f8r i Fr\u00f8slev flytter Kirsten Marie ind i eget hus\",\"datePublished\":\"2020-06-20T11:48:09+00:00\",\"dateModified\":\"2024-08-12T12:05:59+00:00\",\"mainEntityOfPage\":{\"@id\":\"https:\/\/kunmedierne.dk\/mors\/efter-21-aar-som-frisoer-i-froeslev-flytter-kirsten-marie-ind-i-eget-hus\/\"},\"wordCount\":351,\"commentCount\":0,\"publisher\":{\"@id\":\"https:\/\/kunmedierne.dk\/mors\/#organization\"},\"image\":{\"@id\":\"https:\/\/kunmedierne.dk\/mors\/efter-21-aar-som-frisoer-i-froeslev-flytter-kirsten-marie-ind-i-eget-hus\/#primaryimage\"},\"thumbnailUrl\":\"https:\/\/kunmedierne.dk\/mors\/wp-content\/uploads\/2020\/06\/kirsten-marie-odgaard.jpg\",\"keywords\":[\"Erhverv\"],\"articleSection\":[\"Lokalt\"],\"inLanguage\":\"da-DK\",\"potentialAction\":[{\"@type\":\"CommentAction\",\"name\":\"Comment\",\"target\":[\"https:\/\/kunmedierne.dk\/mors\/efter-21-aar-som-frisoer-i-froeslev-flytter-kirsten-marie-ind-i-eget-hus\/#respond\"]}]},{\"@type\":\"WebPage\",\"@id\":\"https:\/\/kunmedierne.dk\/mors\/efter-21-aar-som-frisoer-i-froeslev-flytter-kirsten-marie-ind-i-eget-hus\/\",\"url\":\"https:\/\/kunmedierne.dk\/mors\/efter-21-aar-som-frisoer-i-froeslev-flytter-kirsten-marie-ind-i-eget-hus\/\",\"name\":\"Efter 21 \u00e5r som fris\u00f8r i Fr\u00f8slev flytter Kirsten Marie ind i eget hus - Mors\",\"isPartOf\":{\"@id\":\"https:\/\/kunmedierne.dk\/mors\/#website\"},\"primaryImageOfPage\":{\"@id\":\"https:\/\/kunmedierne.dk\/mors\/efter-21-aar-som-frisoer-i-froeslev-flytter-kirsten-marie-ind-i-eget-hus\/#primaryimage\"},\"image\":{\"@id\":\"https:\/\/kunmedierne.dk\/mors\/efter-21-aar-som-frisoer-i-froeslev-flytter-kirsten-marie-ind-i-eget-hus\/#primaryimage\"},\"thumbnailUrl\":\"https:\/\/kunmedierne.dk\/mors\/wp-content\/uploads\/2020\/06\/kirsten-marie-odgaard.jpg\",\"datePublished\":\"2020-06-20T11:48:09+00:00\",\"dateModified\":\"2024-08-12T12:05:59+00:00\",\"breadcrumb\":{\"@id\":\"https:\/\/kunmedierne.dk\/mors\/efter-21-aar-som-frisoer-i-froeslev-flytter-kirsten-marie-ind-i-eget-hus\/#breadcrumb\"},\"inLanguage\":\"da-DK\",\"potentialAction\":[{\"@type\":\"ReadAction\",\"target\":[\"https:\/\/kunmedierne.dk\/mors\/efter-21-aar-som-frisoer-i-froeslev-flytter-kirsten-marie-ind-i-eget-hus\/\"]}]},{\"@type\":\"ImageObject\",\"inLanguage\":\"da-DK\",\"@id\":\"https:\/\/kunmedierne.dk\/mors\/efter-21-aar-som-frisoer-i-froeslev-flytter-kirsten-marie-ind-i-eget-hus\/#primaryimage\",\"url\":\"https:\/\/kunmedierne.dk\/mors\/wp-content\/uploads\/2020\/06\/kirsten-marie-odgaard.jpg\",\"contentUrl\":\"https:\/\/kunmedierne.dk\/mors\/wp-content\/uploads\/2020\/06\/kirsten-marie-odgaard.jpg\",\"width\":770,\"height\":513,\"caption\":\"Kirsten Marie Odgaard. Privatfoto og Markus Winkler\/Unsplash\"},{\"@type\":\"BreadcrumbList\",\"@id\":\"https:\/\/kunmedierne.dk\/mors\/efter-21-aar-som-frisoer-i-froeslev-flytter-kirsten-marie-ind-i-eget-hus\/#breadcrumb\",\"itemListElement\":[{\"@type\":\"ListItem\",\"position\":1,\"name\":\"Hjem\",\"item\":\"https:\/\/kunmedierne.dk\/mors\/\"},{\"@type\":\"ListItem\",\"position\":2,\"name\":\"Efter 21 \u00e5r som fris\u00f8r i Fr\u00f8slev flytter Kirsten Marie ind i eget hus\"}]},{\"@type\":\"WebSite\",\"@id\":\"https:\/\/kunmedierne.dk\/mors\/#website\",\"url\":\"https:\/\/kunmedierne.dk\/mors\/\",\"name\":\"Mors\",\"description\":\"et netmedie med journalistik om livet p\u00e5 Mors\",\"publisher\":{\"@id\":\"https:\/\/kunmedierne.dk\/mors\/#organization\"},\"potentialAction\":[{\"@type\":\"SearchAction\",\"target\":{\"@type\":\"EntryPoint\",\"urlTemplate\":\"https:\/\/kunmedierne.dk\/mors\/?s={search_term_string}\"},\"query-input\":{\"@type\":\"PropertyValueSpecification\",\"valueRequired\":true,\"valueName\":\"search_term_string\"}}],\"inLanguage\":\"da-DK\"},{\"@type\":\"Organization\",\"@id\":\"https:\/\/kunmedierne.dk\/mors\/#organization\",\"name\":\"Mors\",\"url\":\"https:\/\/kunmedierne.dk\/mors\/\",\"logo\":{\"@type\":\"ImageObject\",\"inLanguage\":\"da-DK\",\"@id\":\"https:\/\/kunmedierne.dk\/mors\/#\/schema\/logo\/image\/\",\"url\":\"https:\/\/kunmedierne.dk\/mors\/wp-content\/uploads\/2024\/08\/kunmors-logo.svg\",\"contentUrl\":\"https:\/\/kunmedierne.dk\/mors\/wp-content\/uploads\/2024\/08\/kunmors-logo.svg\",\"caption\":\"Mors\"},\"image\":{\"@id\":\"https:\/\/kunmedierne.dk\/mors\/#\/schema\/logo\/image\/\"}},{\"@type\":\"Person\",\"@id\":\"https:\/\/kunmedierne.dk\/mors\/#\/schema\/person\/5fe23251bf1d0abbcdc6f7896579d548\",\"name\":\"David H\u00f8jmark\",\"image\":{\"@type\":\"ImageObject\",\"inLanguage\":\"da-DK\",\"@id\":\"https:\/\/kunmedierne.dk\/mors\/#\/schema\/person\/image\/\",\"url\":\"https:\/\/secure.gravatar.com\/avatar\/4315d6fb9ef244d729989f5f90268eb08d5bf8a3d84402f595fa194bb35784fd?s=96&d=mm&r=g\",\"contentUrl\":\"https:\/\/secure.gravatar.com\/avatar\/4315d6fb9ef244d729989f5f90268eb08d5bf8a3d84402f595fa194bb35784fd?s=96&d=mm&r=g\",\"caption\":\"David H\u00f8jmark\"},\"sameAs\":[\"https:\/\/www.kunmedierne.dk\"],\"url\":\"https:\/\/kunmedierne.dk\/mors\/author\/david\/\"}]}<\/script>\n<!-- \/ Yoast SEO plugin. -->","yoast_head_json":{"title":"Efter 21 \u00e5r som fris\u00f8r i Fr\u00f8slev flytter Kirsten Marie ind i eget hus - Mors","robots":{"index":"index","follow":"follow","max-snippet":"max-snippet:-1","max-image-preview":"max-image-preview:large","max-video-preview":"max-video-preview:-1"},"canonical":"https:\/\/kunmedierne.dk\/mors\/efter-21-aar-som-frisoer-i-froeslev-flytter-kirsten-marie-ind-i-eget-hus\/","og_locale":"da_DK","og_type":"article","og_title":"Efter 21 \u00e5r som fris\u00f8r i Fr\u00f8slev flytter Kirsten Marie ind i eget hus - Mors","og_description":"NYK\u00d8BING: Dr\u00f8mmen om at arbejde under eget tag g\u00e5r snart i opfyldelse for en af \u00f8ens fris\u00f8rer. Efter 21 \u00e5r i Fr\u00f8slev rykker Kirsten Marie Odgaard til Syrenvej 11 i Nyk\u00f8bing, hvor hun bor &#8211; og hvor hun fremover vil tage imod i en spritny salon. &#8220;Det er friheden i at v\u00e6re herhjemme. Hvis der [&hellip;]","og_url":"https:\/\/kunmedierne.dk\/mors\/efter-21-aar-som-frisoer-i-froeslev-flytter-kirsten-marie-ind-i-eget-hus\/","og_site_name":"Mors","article_published_time":"2020-06-20T11:48:09+00:00","article_modified_time":"2024-08-12T12:05:59+00:00","og_image":[{"width":770,"height":513,"url":"https:\/\/kunmedierne.dk\/mors\/wp-content\/uploads\/2020\/06\/kirsten-marie-odgaard.jpg","type":"image\/jpeg"}],"author":"David H\u00f8jmark","twitter_card":"summary_large_image","twitter_misc":{"Skrevet af":"David H\u00f8jmark","Estimeret l\u00e6setid":"2 minutter"},"schema":{"@context":"https:\/\/schema.org","@graph":[{"@type":"Article","@id":"https:\/\/kunmedierne.dk\/mors\/efter-21-aar-som-frisoer-i-froeslev-flytter-kirsten-marie-ind-i-eget-hus\/#article","isPartOf":{"@id":"https:\/\/kunmedierne.dk\/mors\/efter-21-aar-som-frisoer-i-froeslev-flytter-kirsten-marie-ind-i-eget-hus\/"},"author":{"name":"David H\u00f8jmark","@id":"https:\/\/kunmedierne.dk\/mors\/#\/schema\/person\/5fe23251bf1d0abbcdc6f7896579d548"},"headline":"Efter 21 \u00e5r som fris\u00f8r i Fr\u00f8slev flytter Kirsten Marie ind i eget hus","datePublished":"2020-06-20T11:48:09+00:00","dateModified":"2024-08-12T12:05:59+00:00","mainEntityOfPage":{"@id":"https:\/\/kunmedierne.dk\/mors\/efter-21-aar-som-frisoer-i-froeslev-flytter-kirsten-marie-ind-i-eget-hus\/"},"wordCount":351,"commentCount":0,"publisher":{"@id":"https:\/\/kunmedierne.dk\/mors\/#organization"},"image":{"@id":"https:\/\/kunmedierne.dk\/mors\/efter-21-aar-som-frisoer-i-froeslev-flytter-kirsten-marie-ind-i-eget-hus\/#primaryimage"},"thumbnailUrl":"https:\/\/kunmedierne.dk\/mors\/wp-content\/uploads\/2020\/06\/kirsten-marie-odgaard.jpg","keywords":["Erhverv"],"articleSection":["Lokalt"],"inLanguage":"da-DK","potentialAction":[{"@type":"CommentAction","name":"Comment","target":["https:\/\/kunmedierne.dk\/mors\/efter-21-aar-som-frisoer-i-froeslev-flytter-kirsten-marie-ind-i-eget-hus\/#respond"]}]},{"@type":"WebPage","@id":"https:\/\/kunmedierne.dk\/mors\/efter-21-aar-som-frisoer-i-froeslev-flytter-kirsten-marie-ind-i-eget-hus\/","url":"https:\/\/kunmedierne.dk\/mors\/efter-21-aar-som-frisoer-i-froeslev-flytter-kirsten-marie-ind-i-eget-hus\/","name":"Efter 21 \u00e5r som fris\u00f8r i Fr\u00f8slev flytter Kirsten Marie ind i eget hus - Mors","isPartOf":{"@id":"https:\/\/kunmedierne.dk\/mors\/#website"},"primaryImageOfPage":{"@id":"https:\/\/kunmedierne.dk\/mors\/efter-21-aar-som-frisoer-i-froeslev-flytter-kirsten-marie-ind-i-eget-hus\/#primaryimage"},"image":{"@id":"https:\/\/kunmedierne.dk\/mors\/efter-21-aar-som-frisoer-i-froeslev-flytter-kirsten-marie-ind-i-eget-hus\/#primaryimage"},"thumbnailUrl":"https:\/\/kunmedierne.dk\/mors\/wp-content\/uploads\/2020\/06\/kirsten-marie-odgaard.jpg","datePublished":"2020-06-20T11:48:09+00:00","dateModified":"2024-08-12T12:05:59+00:00","breadcrumb":{"@id":"https:\/\/kunmedierne.dk\/mors\/efter-21-aar-som-frisoer-i-froeslev-flytter-kirsten-marie-ind-i-eget-hus\/#breadcrumb"},"inLanguage":"da-DK","potentialAction":[{"@type":"ReadAction","target":["https:\/\/kunmedierne.dk\/mors\/efter-21-aar-som-frisoer-i-froeslev-flytter-kirsten-marie-ind-i-eget-hus\/"]}]},{"@type":"ImageObject","inLanguage":"da-DK","@id":"https:\/\/kunmedierne.dk\/mors\/efter-21-aar-som-frisoer-i-froeslev-flytter-kirsten-marie-ind-i-eget-hus\/#primaryimage","url":"https:\/\/kunmedierne.dk\/mors\/wp-content\/uploads\/2020\/06\/kirsten-marie-odgaard.jpg","contentUrl":"https:\/\/kunmedierne.dk\/mors\/wp-content\/uploads\/2020\/06\/kirsten-marie-odgaard.jpg","width":770,"height":513,"caption":"Kirsten Marie Odgaard. Privatfoto og Markus Winkler\/Unsplash"},{"@type":"BreadcrumbList","@id":"https:\/\/kunmedierne.dk\/mors\/efter-21-aar-som-frisoer-i-froeslev-flytter-kirsten-marie-ind-i-eget-hus\/#breadcrumb","itemListElement":[{"@type":"ListItem","position":1,"name":"Hjem","item":"https:\/\/kunmedierne.dk\/mors\/"},{"@type":"ListItem","position":2,"name":"Efter 21 \u00e5r som fris\u00f8r i Fr\u00f8slev flytter Kirsten Marie ind i eget hus"}]},{"@type":"WebSite","@id":"https:\/\/kunmedierne.dk\/mors\/#website","url":"https:\/\/kunmedierne.dk\/mors\/","name":"Mors","description":"et netmedie med journalistik om livet p\u00e5 Mors","publisher":{"@id":"https:\/\/kunmedierne.dk\/mors\/#organization"},"potentialAction":[{"@type":"SearchAction","target":{"@type":"EntryPoint","urlTemplate":"https:\/\/kunmedierne.dk\/mors\/?s={search_term_string}"},"query-input":{"@type":"PropertyValueSpecification","valueRequired":true,"valueName":"search_term_string"}}],"inLanguage":"da-DK"},{"@type":"Organization","@id":"https:\/\/kunmedierne.dk\/mors\/#organization","name":"Mors","url":"https:\/\/kunmedierne.dk\/mors\/","logo":{"@type":"ImageObject","inLanguage":"da-DK","@id":"https:\/\/kunmedierne.dk\/mors\/#\/schema\/logo\/image\/","url":"https:\/\/kunmedierne.dk\/mors\/wp-content\/uploads\/2024\/08\/kunmors-logo.svg","contentUrl":"https:\/\/kunmedierne.dk\/mors\/wp-content\/uploads\/2024\/08\/kunmors-logo.svg","caption":"Mors"},"image":{"@id":"https:\/\/kunmedierne.dk\/mors\/#\/schema\/logo\/image\/"}},{"@type":"Person","@id":"https:\/\/kunmedierne.dk\/mors\/#\/schema\/person\/5fe23251bf1d0abbcdc6f7896579d548","name":"David H\u00f8jmark","image":{"@type":"ImageObject","inLanguage":"da-DK","@id":"https:\/\/kunmedierne.dk\/mors\/#\/schema\/person\/image\/","url":"https:\/\/secure.gravatar.com\/avatar\/4315d6fb9ef244d729989f5f90268eb08d5bf8a3d84402f595fa194bb35784fd?s=96&d=mm&r=g","contentUrl":"https:\/\/secure.gravatar.com\/avatar\/4315d6fb9ef244d729989f5f90268eb08d5bf8a3d84402f595fa194bb35784fd?s=96&d=mm&r=g","caption":"David H\u00f8jmark"},"sameAs":["https:\/\/www.kunmedierne.dk"],"url":"https:\/\/kunmedierne.dk\/mors\/author\/david\/"}]}},"_links":{"self":[{"href":"https:\/\/kunmedierne.dk\/mors\/wp-json\/wp\/v2\/posts\/25932","targetHints":{"allow":["GET"]}}],"collection":[{"href":"https:\/\/kunmedierne.dk\/mors\/wp-json\/wp\/v2\/posts"}],"about":[{"href":"https:\/\/kunmedierne.dk\/mors\/wp-json\/wp\/v2\/types\/post"}],"author":[{"embeddable":true,"href":"https:\/\/kunmedierne.dk\/mors\/wp-json\/wp\/v2\/users\/8"}],"replies":[{"embeddable":true,"href":"https:\/\/kunmedierne.dk\/mors\/wp-json\/wp\/v2\/comments?post=25932"}],"version-history":[{"count":7,"href":"https:\/\/kunmedierne.dk\/mors\/wp-json\/wp\/v2\/posts\/25932\/revisions"}],"predecessor-version":[{"id":69572,"href":"https:\/\/kunmedierne.dk\/mors\/wp-json\/wp\/v2\/posts\/25932\/revisions\/69572"}],"wp:featuredmedia":[{"embeddable":true,"href":"https:\/\/kunmedierne.dk\/mors\/wp-json\/wp\/v2\/media\/25933"}],"wp:attachment":[{"href":"https:\/\/kunmedierne.dk\/mors\/wp-json\/wp\/v2\/media?parent=25932"}],"wp:term":[{"taxonomy":"category","embeddable":true,"href":"https:\/\/kunmedierne.dk\/mors\/wp-json\/wp\/v2\/categories?post=25932"},{"taxonomy":"post_tag","embeddable":true,"href":"https:\/\/kunmedierne.dk\/mors\/wp-json\/wp\/v2\/tags?post=25932"}],"curies":[{"name":"wp","href":"https:\/\/api.w.org\/{rel}","templated":true}]}}