{"id":25830,"date":"2020-06-19T15:23:43","date_gmt":"2020-06-19T13:23:43","guid":{"rendered":"https:\/\/kunmedierne.dk\/mors\/?p=25830"},"modified":"2024-08-12T14:05:59","modified_gmt":"2024-08-12T12:05:59","slug":"vif-mors-faar-oeens-foerste-bouldervaeg","status":"publish","type":"post","link":"https:\/\/kunmedierne.dk\/mors\/vif-mors-faar-oeens-foerste-bouldervaeg\/","title":{"rendered":"VIF Mors f\u00e5r \u00f8ens f\u00f8rste boulderv\u00e6g"},"content":{"rendered":"<p><strong>HVIDBJERG<\/strong>: Bev\u00e6gelse, motorik og teknik kommer snart til at g\u00e5 h\u00e5nd i h\u00e5nd p\u00e5 en 4,5 meter h\u00f8j v\u00e6g i Sydvestmors Kultur- og Fritidscenter.<\/p>\n<p>Det s\u00f8rger VIF Mors for med indk\u00f8bet af en s\u00e5kaldt boulderv\u00e6g &#8211; en slags klatrev\u00e6g med et faldunderlag, der g\u00f8r den sikker at f\u00e6rdes p\u00e5.<\/p>\n<p>I en pressemeddelelse fort\u00e6ller foreningen fra Sydvestmors, at bouldering er nemt at g\u00e5 til.<\/p>\n<p>&#8220;Der stilles ingen krav til brug af sikkerhedsliner, og det kan derfor anvendes af en bred m\u00e5lgruppe. Klatring er en sportsgren, der er hastigt voksende p\u00e5 landsplan, og vi i VIF Mors er glade for v\u00e6re de f\u00f8rste p\u00e5 Mors, der kan tilbyde klatring p\u00e5 en boulderv\u00e6g,&#8221; hedder det.<\/p>\n<p>Prisen p\u00e5 boulderv\u00e6ggen l\u00f8ber op i 275.000 kroner. Heraf har VIF Mors modtaget 55.000 kroner i st\u00f8tte og kan nu se frem til at opf\u00f8re den markante nyhed i SKF.<\/p>\n<p>&#8220;VIF Mors ser is\u00e6r frem til, at vi nu kan skabe en alternativ aktivitet til vores ellers traditionelle idr\u00e6tstilbud. En alsidig sport, der kan dyrkes af alle uanset alder og fysik. En sportsgren, der styrker b\u00e5de koordineringsevnen, motorikken samt balance og styrke,&#8221; lyder det fra VIF Mors, som naturligvis ogs\u00e5 h\u00e5ber at se nye ansigter i foreningen.<\/p>\n<p>Blandt st\u00f8tten til indk\u00f8bet er 30.000 kroner bevilget af DIF&#8217;s og DGI&#8217;s foreningspulje, der \u00e5rligt uddeler cirka 44 mio. kr. p\u00e5 landsplan til projekter i idr\u00e6tsforeninger.<\/p>\n","protected":false},"excerpt":{"rendered":"<p>HVIDBJERG: Bev\u00e6gelse, motorik og teknik kommer snart til at g\u00e5 h\u00e5nd i h\u00e5nd p\u00e5 en 4,5 meter h\u00f8j v\u00e6g i Sydvestmors Kultur- og Fritidscenter. Det s\u00f8rger VIF Mors for med indk\u00f8bet af en s\u00e5kaldt boulderv\u00e6g &#8211; en slags klatrev\u00e6g med et faldunderlag, der g\u00f8r den sikker at f\u00e6rdes p\u00e5. I en pressemeddelelse fort\u00e6ller foreningen fra [&hellip;]<\/p>\n","protected":false},"author":8,"featured_media":25832,"comment_status":"open","ping_status":"open","sticky":false,"template":"","format":"standard","meta":{"_acf_changed":false,"footnotes":""},"categories":[51,53],"tags":[],"class_list":["post-25830","post","type-post","status-publish","format-standard","has-post-thumbnail","hentry","category-lokalt","category-sport"],"acf":[],"yoast_head":"<!-- This site is optimized with the Yoast SEO plugin v26.8 - https:\/\/yoast.com\/product\/yoast-seo-wordpress\/ -->\n<title>VIF Mors f\u00e5r \u00f8ens f\u00f8rste boulderv\u00e6g - Mors<\/title>\n<meta name=\"robots\" content=\"index, follow, max-snippet:-1, max-image-preview:large, max-video-preview:-1\" \/>\n<link rel=\"canonical\" href=\"https:\/\/kunmedierne.dk\/mors\/vif-mors-faar-oeens-foerste-bouldervaeg\/\" \/>\n<meta property=\"og:locale\" content=\"da_DK\" \/>\n<meta property=\"og:type\" content=\"article\" \/>\n<meta property=\"og:title\" content=\"VIF Mors f\u00e5r \u00f8ens f\u00f8rste boulderv\u00e6g - Mors\" \/>\n<meta property=\"og:description\" content=\"HVIDBJERG: Bev\u00e6gelse, motorik og teknik kommer snart til at g\u00e5 h\u00e5nd i h\u00e5nd p\u00e5 en 4,5 meter h\u00f8j v\u00e6g i Sydvestmors Kultur- og Fritidscenter. Det s\u00f8rger VIF Mors for med indk\u00f8bet af en s\u00e5kaldt boulderv\u00e6g &#8211; en slags klatrev\u00e6g med et faldunderlag, der g\u00f8r den sikker at f\u00e6rdes p\u00e5. I en pressemeddelelse fort\u00e6ller foreningen fra [&hellip;]\" \/>\n<meta property=\"og:url\" content=\"https:\/\/kunmedierne.dk\/mors\/vif-mors-faar-oeens-foerste-bouldervaeg\/\" \/>\n<meta property=\"og:site_name\" content=\"Mors\" \/>\n<meta property=\"article:published_time\" content=\"2020-06-19T13:23:43+00:00\" \/>\n<meta property=\"article:modified_time\" content=\"2024-08-12T12:05:59+00:00\" \/>\n<meta property=\"og:image\" content=\"https:\/\/kunmedierne.dk\/mors\/wp-content\/uploads\/2020\/06\/vif-mors-boulders-drawing.jpg\" \/>\n\t<meta property=\"og:image:width\" content=\"770\" \/>\n\t<meta property=\"og:image:height\" content=\"513\" \/>\n\t<meta property=\"og:image:type\" content=\"image\/jpeg\" \/>\n<meta name=\"author\" content=\"David H\u00f8jmark\" \/>\n<meta name=\"twitter:card\" content=\"summary_large_image\" \/>\n<meta name=\"twitter:label1\" content=\"Skrevet af\" \/>\n\t<meta name=\"twitter:data1\" content=\"David H\u00f8jmark\" \/>\n\t<meta name=\"twitter:label2\" content=\"Estimeret l\u00e6setid\" \/>\n\t<meta name=\"twitter:data2\" content=\"1 minut\" \/>\n<script type=\"application\/ld+json\" class=\"yoast-schema-graph\">{\"@context\":\"https:\/\/schema.org\",\"@graph\":[{\"@type\":\"Article\",\"@id\":\"https:\/\/kunmedierne.dk\/mors\/vif-mors-faar-oeens-foerste-bouldervaeg\/#article\",\"isPartOf\":{\"@id\":\"https:\/\/kunmedierne.dk\/mors\/vif-mors-faar-oeens-foerste-bouldervaeg\/\"},\"author\":{\"name\":\"David H\u00f8jmark\",\"@id\":\"https:\/\/kunmedierne.dk\/mors\/#\/schema\/person\/5fe23251bf1d0abbcdc6f7896579d548\"},\"headline\":\"VIF Mors f\u00e5r \u00f8ens f\u00f8rste boulderv\u00e6g\",\"datePublished\":\"2020-06-19T13:23:43+00:00\",\"dateModified\":\"2024-08-12T12:05:59+00:00\",\"mainEntityOfPage\":{\"@id\":\"https:\/\/kunmedierne.dk\/mors\/vif-mors-faar-oeens-foerste-bouldervaeg\/\"},\"wordCount\":259,\"commentCount\":0,\"publisher\":{\"@id\":\"https:\/\/kunmedierne.dk\/mors\/#organization\"},\"image\":{\"@id\":\"https:\/\/kunmedierne.dk\/mors\/vif-mors-faar-oeens-foerste-bouldervaeg\/#primaryimage\"},\"thumbnailUrl\":\"https:\/\/kunmedierne.dk\/mors\/wp-content\/uploads\/2020\/06\/vif-mors-boulders-drawing.jpg\",\"articleSection\":[\"Lokalt\",\"Sport\"],\"inLanguage\":\"da-DK\",\"potentialAction\":[{\"@type\":\"CommentAction\",\"name\":\"Comment\",\"target\":[\"https:\/\/kunmedierne.dk\/mors\/vif-mors-faar-oeens-foerste-bouldervaeg\/#respond\"]}]},{\"@type\":\"WebPage\",\"@id\":\"https:\/\/kunmedierne.dk\/mors\/vif-mors-faar-oeens-foerste-bouldervaeg\/\",\"url\":\"https:\/\/kunmedierne.dk\/mors\/vif-mors-faar-oeens-foerste-bouldervaeg\/\",\"name\":\"VIF Mors f\u00e5r \u00f8ens f\u00f8rste boulderv\u00e6g - Mors\",\"isPartOf\":{\"@id\":\"https:\/\/kunmedierne.dk\/mors\/#website\"},\"primaryImageOfPage\":{\"@id\":\"https:\/\/kunmedierne.dk\/mors\/vif-mors-faar-oeens-foerste-bouldervaeg\/#primaryimage\"},\"image\":{\"@id\":\"https:\/\/kunmedierne.dk\/mors\/vif-mors-faar-oeens-foerste-bouldervaeg\/#primaryimage\"},\"thumbnailUrl\":\"https:\/\/kunmedierne.dk\/mors\/wp-content\/uploads\/2020\/06\/vif-mors-boulders-drawing.jpg\",\"datePublished\":\"2020-06-19T13:23:43+00:00\",\"dateModified\":\"2024-08-12T12:05:59+00:00\",\"breadcrumb\":{\"@id\":\"https:\/\/kunmedierne.dk\/mors\/vif-mors-faar-oeens-foerste-bouldervaeg\/#breadcrumb\"},\"inLanguage\":\"da-DK\",\"potentialAction\":[{\"@type\":\"ReadAction\",\"target\":[\"https:\/\/kunmedierne.dk\/mors\/vif-mors-faar-oeens-foerste-bouldervaeg\/\"]}]},{\"@type\":\"ImageObject\",\"inLanguage\":\"da-DK\",\"@id\":\"https:\/\/kunmedierne.dk\/mors\/vif-mors-faar-oeens-foerste-bouldervaeg\/#primaryimage\",\"url\":\"https:\/\/kunmedierne.dk\/mors\/wp-content\/uploads\/2020\/06\/vif-mors-boulders-drawing.jpg\",\"contentUrl\":\"https:\/\/kunmedierne.dk\/mors\/wp-content\/uploads\/2020\/06\/vif-mors-boulders-drawing.jpg\",\"width\":770,\"height\":513},{\"@type\":\"BreadcrumbList\",\"@id\":\"https:\/\/kunmedierne.dk\/mors\/vif-mors-faar-oeens-foerste-bouldervaeg\/#breadcrumb\",\"itemListElement\":[{\"@type\":\"ListItem\",\"position\":1,\"name\":\"Hjem\",\"item\":\"https:\/\/kunmedierne.dk\/mors\/\"},{\"@type\":\"ListItem\",\"position\":2,\"name\":\"VIF Mors f\u00e5r \u00f8ens f\u00f8rste boulderv\u00e6g\"}]},{\"@type\":\"WebSite\",\"@id\":\"https:\/\/kunmedierne.dk\/mors\/#website\",\"url\":\"https:\/\/kunmedierne.dk\/mors\/\",\"name\":\"Mors\",\"description\":\"et netmedie med journalistik om livet p\u00e5 Mors\",\"publisher\":{\"@id\":\"https:\/\/kunmedierne.dk\/mors\/#organization\"},\"potentialAction\":[{\"@type\":\"SearchAction\",\"target\":{\"@type\":\"EntryPoint\",\"urlTemplate\":\"https:\/\/kunmedierne.dk\/mors\/?s={search_term_string}\"},\"query-input\":{\"@type\":\"PropertyValueSpecification\",\"valueRequired\":true,\"valueName\":\"search_term_string\"}}],\"inLanguage\":\"da-DK\"},{\"@type\":\"Organization\",\"@id\":\"https:\/\/kunmedierne.dk\/mors\/#organization\",\"name\":\"Mors\",\"url\":\"https:\/\/kunmedierne.dk\/mors\/\",\"logo\":{\"@type\":\"ImageObject\",\"inLanguage\":\"da-DK\",\"@id\":\"https:\/\/kunmedierne.dk\/mors\/#\/schema\/logo\/image\/\",\"url\":\"https:\/\/kunmedierne.dk\/mors\/wp-content\/uploads\/2024\/08\/kunmors-logo.svg\",\"contentUrl\":\"https:\/\/kunmedierne.dk\/mors\/wp-content\/uploads\/2024\/08\/kunmors-logo.svg\",\"caption\":\"Mors\"},\"image\":{\"@id\":\"https:\/\/kunmedierne.dk\/mors\/#\/schema\/logo\/image\/\"}},{\"@type\":\"Person\",\"@id\":\"https:\/\/kunmedierne.dk\/mors\/#\/schema\/person\/5fe23251bf1d0abbcdc6f7896579d548\",\"name\":\"David H\u00f8jmark\",\"image\":{\"@type\":\"ImageObject\",\"inLanguage\":\"da-DK\",\"@id\":\"https:\/\/kunmedierne.dk\/mors\/#\/schema\/person\/image\/\",\"url\":\"https:\/\/secure.gravatar.com\/avatar\/4315d6fb9ef244d729989f5f90268eb08d5bf8a3d84402f595fa194bb35784fd?s=96&d=mm&r=g\",\"contentUrl\":\"https:\/\/secure.gravatar.com\/avatar\/4315d6fb9ef244d729989f5f90268eb08d5bf8a3d84402f595fa194bb35784fd?s=96&d=mm&r=g\",\"caption\":\"David H\u00f8jmark\"},\"sameAs\":[\"https:\/\/www.kunmedierne.dk\"],\"url\":\"https:\/\/kunmedierne.dk\/mors\/author\/david\/\"}]}<\/script>\n<!-- \/ Yoast SEO plugin. -->","yoast_head_json":{"title":"VIF Mors f\u00e5r \u00f8ens f\u00f8rste boulderv\u00e6g - Mors","robots":{"index":"index","follow":"follow","max-snippet":"max-snippet:-1","max-image-preview":"max-image-preview:large","max-video-preview":"max-video-preview:-1"},"canonical":"https:\/\/kunmedierne.dk\/mors\/vif-mors-faar-oeens-foerste-bouldervaeg\/","og_locale":"da_DK","og_type":"article","og_title":"VIF Mors f\u00e5r \u00f8ens f\u00f8rste boulderv\u00e6g - Mors","og_description":"HVIDBJERG: Bev\u00e6gelse, motorik og teknik kommer snart til at g\u00e5 h\u00e5nd i h\u00e5nd p\u00e5 en 4,5 meter h\u00f8j v\u00e6g i Sydvestmors Kultur- og Fritidscenter. Det s\u00f8rger VIF Mors for med indk\u00f8bet af en s\u00e5kaldt boulderv\u00e6g &#8211; en slags klatrev\u00e6g med et faldunderlag, der g\u00f8r den sikker at f\u00e6rdes p\u00e5. I en pressemeddelelse fort\u00e6ller foreningen fra [&hellip;]","og_url":"https:\/\/kunmedierne.dk\/mors\/vif-mors-faar-oeens-foerste-bouldervaeg\/","og_site_name":"Mors","article_published_time":"2020-06-19T13:23:43+00:00","article_modified_time":"2024-08-12T12:05:59+00:00","og_image":[{"width":770,"height":513,"url":"https:\/\/kunmedierne.dk\/mors\/wp-content\/uploads\/2020\/06\/vif-mors-boulders-drawing.jpg","type":"image\/jpeg"}],"author":"David H\u00f8jmark","twitter_card":"summary_large_image","twitter_misc":{"Skrevet af":"David H\u00f8jmark","Estimeret l\u00e6setid":"1 minut"},"schema":{"@context":"https:\/\/schema.org","@graph":[{"@type":"Article","@id":"https:\/\/kunmedierne.dk\/mors\/vif-mors-faar-oeens-foerste-bouldervaeg\/#article","isPartOf":{"@id":"https:\/\/kunmedierne.dk\/mors\/vif-mors-faar-oeens-foerste-bouldervaeg\/"},"author":{"name":"David H\u00f8jmark","@id":"https:\/\/kunmedierne.dk\/mors\/#\/schema\/person\/5fe23251bf1d0abbcdc6f7896579d548"},"headline":"VIF Mors f\u00e5r \u00f8ens f\u00f8rste boulderv\u00e6g","datePublished":"2020-06-19T13:23:43+00:00","dateModified":"2024-08-12T12:05:59+00:00","mainEntityOfPage":{"@id":"https:\/\/kunmedierne.dk\/mors\/vif-mors-faar-oeens-foerste-bouldervaeg\/"},"wordCount":259,"commentCount":0,"publisher":{"@id":"https:\/\/kunmedierne.dk\/mors\/#organization"},"image":{"@id":"https:\/\/kunmedierne.dk\/mors\/vif-mors-faar-oeens-foerste-bouldervaeg\/#primaryimage"},"thumbnailUrl":"https:\/\/kunmedierne.dk\/mors\/wp-content\/uploads\/2020\/06\/vif-mors-boulders-drawing.jpg","articleSection":["Lokalt","Sport"],"inLanguage":"da-DK","potentialAction":[{"@type":"CommentAction","name":"Comment","target":["https:\/\/kunmedierne.dk\/mors\/vif-mors-faar-oeens-foerste-bouldervaeg\/#respond"]}]},{"@type":"WebPage","@id":"https:\/\/kunmedierne.dk\/mors\/vif-mors-faar-oeens-foerste-bouldervaeg\/","url":"https:\/\/kunmedierne.dk\/mors\/vif-mors-faar-oeens-foerste-bouldervaeg\/","name":"VIF Mors f\u00e5r \u00f8ens f\u00f8rste boulderv\u00e6g - Mors","isPartOf":{"@id":"https:\/\/kunmedierne.dk\/mors\/#website"},"primaryImageOfPage":{"@id":"https:\/\/kunmedierne.dk\/mors\/vif-mors-faar-oeens-foerste-bouldervaeg\/#primaryimage"},"image":{"@id":"https:\/\/kunmedierne.dk\/mors\/vif-mors-faar-oeens-foerste-bouldervaeg\/#primaryimage"},"thumbnailUrl":"https:\/\/kunmedierne.dk\/mors\/wp-content\/uploads\/2020\/06\/vif-mors-boulders-drawing.jpg","datePublished":"2020-06-19T13:23:43+00:00","dateModified":"2024-08-12T12:05:59+00:00","breadcrumb":{"@id":"https:\/\/kunmedierne.dk\/mors\/vif-mors-faar-oeens-foerste-bouldervaeg\/#breadcrumb"},"inLanguage":"da-DK","potentialAction":[{"@type":"ReadAction","target":["https:\/\/kunmedierne.dk\/mors\/vif-mors-faar-oeens-foerste-bouldervaeg\/"]}]},{"@type":"ImageObject","inLanguage":"da-DK","@id":"https:\/\/kunmedierne.dk\/mors\/vif-mors-faar-oeens-foerste-bouldervaeg\/#primaryimage","url":"https:\/\/kunmedierne.dk\/mors\/wp-content\/uploads\/2020\/06\/vif-mors-boulders-drawing.jpg","contentUrl":"https:\/\/kunmedierne.dk\/mors\/wp-content\/uploads\/2020\/06\/vif-mors-boulders-drawing.jpg","width":770,"height":513},{"@type":"BreadcrumbList","@id":"https:\/\/kunmedierne.dk\/mors\/vif-mors-faar-oeens-foerste-bouldervaeg\/#breadcrumb","itemListElement":[{"@type":"ListItem","position":1,"name":"Hjem","item":"https:\/\/kunmedierne.dk\/mors\/"},{"@type":"ListItem","position":2,"name":"VIF Mors f\u00e5r \u00f8ens f\u00f8rste boulderv\u00e6g"}]},{"@type":"WebSite","@id":"https:\/\/kunmedierne.dk\/mors\/#website","url":"https:\/\/kunmedierne.dk\/mors\/","name":"Mors","description":"et netmedie med journalistik om livet p\u00e5 Mors","publisher":{"@id":"https:\/\/kunmedierne.dk\/mors\/#organization"},"potentialAction":[{"@type":"SearchAction","target":{"@type":"EntryPoint","urlTemplate":"https:\/\/kunmedierne.dk\/mors\/?s={search_term_string}"},"query-input":{"@type":"PropertyValueSpecification","valueRequired":true,"valueName":"search_term_string"}}],"inLanguage":"da-DK"},{"@type":"Organization","@id":"https:\/\/kunmedierne.dk\/mors\/#organization","name":"Mors","url":"https:\/\/kunmedierne.dk\/mors\/","logo":{"@type":"ImageObject","inLanguage":"da-DK","@id":"https:\/\/kunmedierne.dk\/mors\/#\/schema\/logo\/image\/","url":"https:\/\/kunmedierne.dk\/mors\/wp-content\/uploads\/2024\/08\/kunmors-logo.svg","contentUrl":"https:\/\/kunmedierne.dk\/mors\/wp-content\/uploads\/2024\/08\/kunmors-logo.svg","caption":"Mors"},"image":{"@id":"https:\/\/kunmedierne.dk\/mors\/#\/schema\/logo\/image\/"}},{"@type":"Person","@id":"https:\/\/kunmedierne.dk\/mors\/#\/schema\/person\/5fe23251bf1d0abbcdc6f7896579d548","name":"David H\u00f8jmark","image":{"@type":"ImageObject","inLanguage":"da-DK","@id":"https:\/\/kunmedierne.dk\/mors\/#\/schema\/person\/image\/","url":"https:\/\/secure.gravatar.com\/avatar\/4315d6fb9ef244d729989f5f90268eb08d5bf8a3d84402f595fa194bb35784fd?s=96&d=mm&r=g","contentUrl":"https:\/\/secure.gravatar.com\/avatar\/4315d6fb9ef244d729989f5f90268eb08d5bf8a3d84402f595fa194bb35784fd?s=96&d=mm&r=g","caption":"David H\u00f8jmark"},"sameAs":["https:\/\/www.kunmedierne.dk"],"url":"https:\/\/kunmedierne.dk\/mors\/author\/david\/"}]}},"_links":{"self":[{"href":"https:\/\/kunmedierne.dk\/mors\/wp-json\/wp\/v2\/posts\/25830","targetHints":{"allow":["GET"]}}],"collection":[{"href":"https:\/\/kunmedierne.dk\/mors\/wp-json\/wp\/v2\/posts"}],"about":[{"href":"https:\/\/kunmedierne.dk\/mors\/wp-json\/wp\/v2\/types\/post"}],"author":[{"embeddable":true,"href":"https:\/\/kunmedierne.dk\/mors\/wp-json\/wp\/v2\/users\/8"}],"replies":[{"embeddable":true,"href":"https:\/\/kunmedierne.dk\/mors\/wp-json\/wp\/v2\/comments?post=25830"}],"version-history":[{"count":2,"href":"https:\/\/kunmedierne.dk\/mors\/wp-json\/wp\/v2\/posts\/25830\/revisions"}],"predecessor-version":[{"id":25833,"href":"https:\/\/kunmedierne.dk\/mors\/wp-json\/wp\/v2\/posts\/25830\/revisions\/25833"}],"wp:featuredmedia":[{"embeddable":true,"href":"https:\/\/kunmedierne.dk\/mors\/wp-json\/wp\/v2\/media\/25832"}],"wp:attachment":[{"href":"https:\/\/kunmedierne.dk\/mors\/wp-json\/wp\/v2\/media?parent=25830"}],"wp:term":[{"taxonomy":"category","embeddable":true,"href":"https:\/\/kunmedierne.dk\/mors\/wp-json\/wp\/v2\/categories?post=25830"},{"taxonomy":"post_tag","embeddable":true,"href":"https:\/\/kunmedierne.dk\/mors\/wp-json\/wp\/v2\/tags?post=25830"}],"curies":[{"name":"wp","href":"https:\/\/api.w.org\/{rel}","templated":true}]}}