{"id":25775,"date":"2020-06-18T17:32:02","date_gmt":"2020-06-18T15:32:02","guid":{"rendered":"https:\/\/kunmedierne.dk\/mors\/?p=25775"},"modified":"2024-08-12T14:05:59","modified_gmt":"2024-08-12T12:05:59","slug":"kommunen-skal-spare-faerre-kommer-i-botilbud","status":"publish","type":"post","link":"https:\/\/kunmedierne.dk\/mors\/kommunen-skal-spare-faerre-kommer-i-botilbud\/","title":{"rendered":"Kommunen skal spare: F\u00e6rre kommer i botilbud"},"content":{"rendered":"<p><strong>MORS<\/strong>: Dem, der kan klare sig selv derhjemme, skal i h\u00f8jere grad g\u00f8re det.<\/p>\n<p>S\u00e5dan er udsigten for borgere p\u00e5 det specialiserede socialomr\u00e5de for voksne i Mors\u00f8 Kommune, meddeler Henning S\u00f8rensen (V), formand for det sociale udvalg i kommunalbestyrelsen.<\/p>\n<p>Baggrunden er sidste \u00e5rs overskridelse af budgettet p\u00e5 det sociale omr\u00e5de med 25 mio. kroner. Det f\u00f8rte til en kontakt til Kommunernes Landsforenings Konsulentvirksomhed (KLK) med et \u00f8nske om, at \u00f8jne udefra kiggede p\u00e5 tallene og kom med bud p\u00e5, hvordan Mors\u00f8 Kommune kunne forbedre dem.<\/p>\n<p>&#8220;Vi kunne ikke leve med, at det blev ved med at accelerere p\u00e5 den m\u00e5de, for det ville t\u00f8mme vores kommunekasse. Vi var klar over, at vi skulle have sat ind p\u00e5 et eller andet omr\u00e5de, s\u00e5 vi bad dem om at kulegrave vores specialiserede omr\u00e5de,&#8221; fort\u00e6ller Henning S\u00f8rensen.<\/p>\n<p>I slutningen af 2019 kom s\u00e5 anbefalingerne fra KLK, som blandt andet havde sammenlignet Mors\u00f8 Kommune med kommunerne Odsherred, Nyborg, Kalundborg, Guldborgsund og T\u00f8nder.<\/p>\n<p>Og tallene er i\u00f8jnefaldende, mener Henning S\u00f8rensen.<\/p>\n<p>&#8220;N\u00e5r vi bruger 17.000 kroner pr. borger fra 18 til 64 \u00e5r, ligger de alle sammen under 12.000 kroner pr. borger. Struer, Lemvig, Thisted og Jammerbugt ligger ogs\u00e5 alle sammen under os. S\u00e5 vi var i hvert fald klar over, at vi skulle have sat ind,&#8221; siger han.<\/p>\n<p>&#8220;Det er forkert at sige, at vi er for gode ved vores borgere, men vi skal i hvert fald have omlagt vores service. Vi har blandt andet alt for mange, der er i botilbud, som m\u00e5ske kunne n\u00f8jes med at f\u00e5 noget bost\u00f8tte i eget hjem,&#8221; siger han og tilf\u00f8jer:<\/p>\n<p>&#8220;Der skal jeg feje for egen d\u00f8r, for jeg var nok ikke helt klar over, at hvis man havde bost\u00f8tte mere end en gang om ugen, blev man tilbudt et fast botilbud.&#8221;<\/p>\n<p>&nbsp;<\/p>\n<p><strong>To sager for hver borger<\/strong><\/p>\n<p>S\u00e5 det bliver alts\u00e5 en del af det nye serviceniveau i Mors\u00f8 Kommune: Voksne inden for det specialiserede socialomr\u00e5de skal fremover i h\u00f8jere grad klare sig selv i hjemmet frem for at blive tilknyttet et botilbud.<\/p>\n<p>&#8220;Det er i hvert fald et af de omr\u00e5der, hvor vi fremover skal visitere p\u00e5 en anden m\u00e5de, end vi har gjort hidtil,&#8221; siger Henning S\u00f8rensen og tilf\u00f8jer, at det ogs\u00e5 falder i tr\u00e5d med Region Nordjyllands \u00f8nsker om mere egenmestring blandt borgerne p\u00e5 omr\u00e5det end hidtil.<\/p>\n<p>Han tilf\u00f8jer, at formodningen om en \u00f8konomisk gevinst ved at samle det specialiserede omr\u00e5de med job og uddannelse heller ikke har vist sig at holdet stik. Samtidig har kommunen haft en tendens til at oprette en sag p\u00e5 socialomr\u00e5det for borgere uden job, hvilket ogs\u00e5 har givet ekstra udgifter.<\/p>\n<p>&#8220;Det sker kun i meget sj\u00e6ldne tilf\u00e6lde fremover. Hvis man er visiteret til job og uddannelse og ressourcer, skal man s\u00e5 vidt muligt ikke have en sag inden for socialstyrelsen samtidig,&#8221; siger Henning S\u00f8rensen.<\/p>\n<p>&#8220;Der har vi v\u00e6ret for slemme til at tage over for de enkelte,&#8221; tilf\u00f8jer han.<\/p>\n<p>&nbsp;<\/p>\n<p><strong>Vil helst klare sig selv<\/strong><\/p>\n<p>Udvalgsformanden er indforst\u00e5et med, at mere hj\u00e6lp til selvhj\u00e6lp for borgere inden for det sociale omr\u00e5de vil blive set som en forringelse af kommunens serviceniveau.<\/p>\n<p>&#8220;Det kan godt v\u00e6re, at nogle vil synes, at det bliver en serviceforringelse, men p\u00e5 den anden side ved vi ogs\u00e5, at vi helst have det s\u00e5dan, at vi kan klare os selv. Og det vil dem, der er udfordrede jo ogs\u00e5. S\u00e5 det er det, vi skal l\u00e6re at sadle om til: Vi skal l\u00e6re endnu flere at klare sig selv, uden at vi skal tage ansvar fra dem,&#8221; siger han.<\/p>\n<p>Henning S\u00f8rensen sammenligner med dengang, Dagcenter Havnen og Aktivitetscenter Nymo blev lagt sammen til Mors\u00f8 Kompetencecenter &#8211; en beslutning, han i dag vurderer som den sv\u00e6reste, han har v\u00e6ret med til politiker.<\/p>\n<p>&#8220;Men det endte med, at de sagde: &#8216;Hold da op, nu g\u00e5r vi p\u00e5 arbejde! Vi f\u00e5r l\u00f8n som alle andre!&#8217; Det blev simpelthen en succeshistorie, og det h\u00e5ber vi, at noget af det her ogs\u00e5 vil blive, fordi nogle finder ud af, at de godt kan klare sig selv,&#8221; siger han.<\/p>\n","protected":false},"excerpt":{"rendered":"<p>MORS: Dem, der kan klare sig selv derhjemme, skal i h\u00f8jere grad g\u00f8re det. S\u00e5dan er udsigten for borgere p\u00e5 det specialiserede socialomr\u00e5de for voksne i Mors\u00f8 Kommune, meddeler Henning S\u00f8rensen (V), formand for det sociale udvalg i kommunalbestyrelsen. Baggrunden er sidste \u00e5rs overskridelse af budgettet p\u00e5 det sociale omr\u00e5de med 25 mio. kroner. Det [&hellip;]<\/p>\n","protected":false},"author":8,"featured_media":13431,"comment_status":"open","ping_status":"open","sticky":false,"template":"","format":"standard","meta":{"_acf_changed":false,"footnotes":""},"categories":[51],"tags":[],"class_list":["post-25775","post","type-post","status-publish","format-standard","has-post-thumbnail","hentry","category-lokalt"],"acf":[],"yoast_head":"<!-- This site is optimized with the Yoast SEO plugin v26.8 - https:\/\/yoast.com\/product\/yoast-seo-wordpress\/ -->\n<title>Kommunen skal spare: F\u00e6rre kommer i botilbud - Mors<\/title>\n<meta name=\"robots\" content=\"index, follow, max-snippet:-1, max-image-preview:large, max-video-preview:-1\" \/>\n<link rel=\"canonical\" href=\"https:\/\/kunmedierne.dk\/mors\/kommunen-skal-spare-faerre-kommer-i-botilbud\/\" \/>\n<meta property=\"og:locale\" content=\"da_DK\" \/>\n<meta property=\"og:type\" content=\"article\" \/>\n<meta property=\"og:title\" content=\"Kommunen skal spare: F\u00e6rre kommer i botilbud - Mors\" \/>\n<meta property=\"og:description\" content=\"MORS: Dem, der kan klare sig selv derhjemme, skal i h\u00f8jere grad g\u00f8re det. S\u00e5dan er udsigten for borgere p\u00e5 det specialiserede socialomr\u00e5de for voksne i Mors\u00f8 Kommune, meddeler Henning S\u00f8rensen (V), formand for det sociale udvalg i kommunalbestyrelsen. Baggrunden er sidste \u00e5rs overskridelse af budgettet p\u00e5 det sociale omr\u00e5de med 25 mio. kroner. Det [&hellip;]\" \/>\n<meta property=\"og:url\" content=\"https:\/\/kunmedierne.dk\/mors\/kommunen-skal-spare-faerre-kommer-i-botilbud\/\" \/>\n<meta property=\"og:site_name\" content=\"Mors\" \/>\n<meta property=\"article:published_time\" content=\"2020-06-18T15:32:02+00:00\" \/>\n<meta property=\"article:modified_time\" content=\"2024-08-12T12:05:59+00:00\" \/>\n<meta property=\"og:image\" content=\"https:\/\/kunmedierne.dk\/mors\/wp-content\/uploads\/2020\/03\/200311-mors\u00f8-kommune2.jpg\" \/>\n\t<meta property=\"og:image:width\" content=\"770\" \/>\n\t<meta property=\"og:image:height\" content=\"513\" \/>\n\t<meta property=\"og:image:type\" content=\"image\/jpeg\" \/>\n<meta name=\"author\" content=\"David H\u00f8jmark\" \/>\n<meta name=\"twitter:card\" content=\"summary_large_image\" \/>\n<meta name=\"twitter:label1\" content=\"Skrevet af\" \/>\n\t<meta name=\"twitter:data1\" content=\"David H\u00f8jmark\" \/>\n\t<meta name=\"twitter:label2\" content=\"Estimeret l\u00e6setid\" \/>\n\t<meta name=\"twitter:data2\" content=\"4 minutter\" \/>\n<script type=\"application\/ld+json\" class=\"yoast-schema-graph\">{\"@context\":\"https:\/\/schema.org\",\"@graph\":[{\"@type\":\"Article\",\"@id\":\"https:\/\/kunmedierne.dk\/mors\/kommunen-skal-spare-faerre-kommer-i-botilbud\/#article\",\"isPartOf\":{\"@id\":\"https:\/\/kunmedierne.dk\/mors\/kommunen-skal-spare-faerre-kommer-i-botilbud\/\"},\"author\":{\"name\":\"David H\u00f8jmark\",\"@id\":\"https:\/\/kunmedierne.dk\/mors\/#\/schema\/person\/5fe23251bf1d0abbcdc6f7896579d548\"},\"headline\":\"Kommunen skal spare: F\u00e6rre kommer i botilbud\",\"datePublished\":\"2020-06-18T15:32:02+00:00\",\"dateModified\":\"2024-08-12T12:05:59+00:00\",\"mainEntityOfPage\":{\"@id\":\"https:\/\/kunmedierne.dk\/mors\/kommunen-skal-spare-faerre-kommer-i-botilbud\/\"},\"wordCount\":725,\"commentCount\":0,\"publisher\":{\"@id\":\"https:\/\/kunmedierne.dk\/mors\/#organization\"},\"image\":{\"@id\":\"https:\/\/kunmedierne.dk\/mors\/kommunen-skal-spare-faerre-kommer-i-botilbud\/#primaryimage\"},\"thumbnailUrl\":\"https:\/\/kunmedierne.dk\/mors\/wp-content\/uploads\/2020\/03\/200311-mors\u00f8-kommune2.jpg\",\"articleSection\":[\"Lokalt\"],\"inLanguage\":\"da-DK\",\"potentialAction\":[{\"@type\":\"CommentAction\",\"name\":\"Comment\",\"target\":[\"https:\/\/kunmedierne.dk\/mors\/kommunen-skal-spare-faerre-kommer-i-botilbud\/#respond\"]}]},{\"@type\":\"WebPage\",\"@id\":\"https:\/\/kunmedierne.dk\/mors\/kommunen-skal-spare-faerre-kommer-i-botilbud\/\",\"url\":\"https:\/\/kunmedierne.dk\/mors\/kommunen-skal-spare-faerre-kommer-i-botilbud\/\",\"name\":\"Kommunen skal spare: F\u00e6rre kommer i botilbud - Mors\",\"isPartOf\":{\"@id\":\"https:\/\/kunmedierne.dk\/mors\/#website\"},\"primaryImageOfPage\":{\"@id\":\"https:\/\/kunmedierne.dk\/mors\/kommunen-skal-spare-faerre-kommer-i-botilbud\/#primaryimage\"},\"image\":{\"@id\":\"https:\/\/kunmedierne.dk\/mors\/kommunen-skal-spare-faerre-kommer-i-botilbud\/#primaryimage\"},\"thumbnailUrl\":\"https:\/\/kunmedierne.dk\/mors\/wp-content\/uploads\/2020\/03\/200311-mors\u00f8-kommune2.jpg\",\"datePublished\":\"2020-06-18T15:32:02+00:00\",\"dateModified\":\"2024-08-12T12:05:59+00:00\",\"breadcrumb\":{\"@id\":\"https:\/\/kunmedierne.dk\/mors\/kommunen-skal-spare-faerre-kommer-i-botilbud\/#breadcrumb\"},\"inLanguage\":\"da-DK\",\"potentialAction\":[{\"@type\":\"ReadAction\",\"target\":[\"https:\/\/kunmedierne.dk\/mors\/kommunen-skal-spare-faerre-kommer-i-botilbud\/\"]}]},{\"@type\":\"ImageObject\",\"inLanguage\":\"da-DK\",\"@id\":\"https:\/\/kunmedierne.dk\/mors\/kommunen-skal-spare-faerre-kommer-i-botilbud\/#primaryimage\",\"url\":\"https:\/\/kunmedierne.dk\/mors\/wp-content\/uploads\/2020\/03\/200311-mors\u00f8-kommune2.jpg\",\"contentUrl\":\"https:\/\/kunmedierne.dk\/mors\/wp-content\/uploads\/2020\/03\/200311-mors\u00f8-kommune2.jpg\",\"width\":770,\"height\":513,\"caption\":\"Logo: Mors\u00f8 Kommune\"},{\"@type\":\"BreadcrumbList\",\"@id\":\"https:\/\/kunmedierne.dk\/mors\/kommunen-skal-spare-faerre-kommer-i-botilbud\/#breadcrumb\",\"itemListElement\":[{\"@type\":\"ListItem\",\"position\":1,\"name\":\"Hjem\",\"item\":\"https:\/\/kunmedierne.dk\/mors\/\"},{\"@type\":\"ListItem\",\"position\":2,\"name\":\"Kommunen skal spare: F\u00e6rre kommer i botilbud\"}]},{\"@type\":\"WebSite\",\"@id\":\"https:\/\/kunmedierne.dk\/mors\/#website\",\"url\":\"https:\/\/kunmedierne.dk\/mors\/\",\"name\":\"Mors\",\"description\":\"et netmedie med journalistik om livet p\u00e5 Mors\",\"publisher\":{\"@id\":\"https:\/\/kunmedierne.dk\/mors\/#organization\"},\"potentialAction\":[{\"@type\":\"SearchAction\",\"target\":{\"@type\":\"EntryPoint\",\"urlTemplate\":\"https:\/\/kunmedierne.dk\/mors\/?s={search_term_string}\"},\"query-input\":{\"@type\":\"PropertyValueSpecification\",\"valueRequired\":true,\"valueName\":\"search_term_string\"}}],\"inLanguage\":\"da-DK\"},{\"@type\":\"Organization\",\"@id\":\"https:\/\/kunmedierne.dk\/mors\/#organization\",\"name\":\"Mors\",\"url\":\"https:\/\/kunmedierne.dk\/mors\/\",\"logo\":{\"@type\":\"ImageObject\",\"inLanguage\":\"da-DK\",\"@id\":\"https:\/\/kunmedierne.dk\/mors\/#\/schema\/logo\/image\/\",\"url\":\"https:\/\/kunmedierne.dk\/mors\/wp-content\/uploads\/2024\/08\/kunmors-logo.svg\",\"contentUrl\":\"https:\/\/kunmedierne.dk\/mors\/wp-content\/uploads\/2024\/08\/kunmors-logo.svg\",\"caption\":\"Mors\"},\"image\":{\"@id\":\"https:\/\/kunmedierne.dk\/mors\/#\/schema\/logo\/image\/\"}},{\"@type\":\"Person\",\"@id\":\"https:\/\/kunmedierne.dk\/mors\/#\/schema\/person\/5fe23251bf1d0abbcdc6f7896579d548\",\"name\":\"David H\u00f8jmark\",\"image\":{\"@type\":\"ImageObject\",\"inLanguage\":\"da-DK\",\"@id\":\"https:\/\/kunmedierne.dk\/mors\/#\/schema\/person\/image\/\",\"url\":\"https:\/\/secure.gravatar.com\/avatar\/4315d6fb9ef244d729989f5f90268eb08d5bf8a3d84402f595fa194bb35784fd?s=96&d=mm&r=g\",\"contentUrl\":\"https:\/\/secure.gravatar.com\/avatar\/4315d6fb9ef244d729989f5f90268eb08d5bf8a3d84402f595fa194bb35784fd?s=96&d=mm&r=g\",\"caption\":\"David H\u00f8jmark\"},\"sameAs\":[\"https:\/\/www.kunmedierne.dk\"],\"url\":\"https:\/\/kunmedierne.dk\/mors\/author\/david\/\"}]}<\/script>\n<!-- \/ Yoast SEO plugin. -->","yoast_head_json":{"title":"Kommunen skal spare: F\u00e6rre kommer i botilbud - Mors","robots":{"index":"index","follow":"follow","max-snippet":"max-snippet:-1","max-image-preview":"max-image-preview:large","max-video-preview":"max-video-preview:-1"},"canonical":"https:\/\/kunmedierne.dk\/mors\/kommunen-skal-spare-faerre-kommer-i-botilbud\/","og_locale":"da_DK","og_type":"article","og_title":"Kommunen skal spare: F\u00e6rre kommer i botilbud - Mors","og_description":"MORS: Dem, der kan klare sig selv derhjemme, skal i h\u00f8jere grad g\u00f8re det. S\u00e5dan er udsigten for borgere p\u00e5 det specialiserede socialomr\u00e5de for voksne i Mors\u00f8 Kommune, meddeler Henning S\u00f8rensen (V), formand for det sociale udvalg i kommunalbestyrelsen. Baggrunden er sidste \u00e5rs overskridelse af budgettet p\u00e5 det sociale omr\u00e5de med 25 mio. kroner. Det [&hellip;]","og_url":"https:\/\/kunmedierne.dk\/mors\/kommunen-skal-spare-faerre-kommer-i-botilbud\/","og_site_name":"Mors","article_published_time":"2020-06-18T15:32:02+00:00","article_modified_time":"2024-08-12T12:05:59+00:00","og_image":[{"width":770,"height":513,"url":"https:\/\/kunmedierne.dk\/mors\/wp-content\/uploads\/2020\/03\/200311-mors\u00f8-kommune2.jpg","type":"image\/jpeg"}],"author":"David H\u00f8jmark","twitter_card":"summary_large_image","twitter_misc":{"Skrevet af":"David H\u00f8jmark","Estimeret l\u00e6setid":"4 minutter"},"schema":{"@context":"https:\/\/schema.org","@graph":[{"@type":"Article","@id":"https:\/\/kunmedierne.dk\/mors\/kommunen-skal-spare-faerre-kommer-i-botilbud\/#article","isPartOf":{"@id":"https:\/\/kunmedierne.dk\/mors\/kommunen-skal-spare-faerre-kommer-i-botilbud\/"},"author":{"name":"David H\u00f8jmark","@id":"https:\/\/kunmedierne.dk\/mors\/#\/schema\/person\/5fe23251bf1d0abbcdc6f7896579d548"},"headline":"Kommunen skal spare: F\u00e6rre kommer i botilbud","datePublished":"2020-06-18T15:32:02+00:00","dateModified":"2024-08-12T12:05:59+00:00","mainEntityOfPage":{"@id":"https:\/\/kunmedierne.dk\/mors\/kommunen-skal-spare-faerre-kommer-i-botilbud\/"},"wordCount":725,"commentCount":0,"publisher":{"@id":"https:\/\/kunmedierne.dk\/mors\/#organization"},"image":{"@id":"https:\/\/kunmedierne.dk\/mors\/kommunen-skal-spare-faerre-kommer-i-botilbud\/#primaryimage"},"thumbnailUrl":"https:\/\/kunmedierne.dk\/mors\/wp-content\/uploads\/2020\/03\/200311-mors\u00f8-kommune2.jpg","articleSection":["Lokalt"],"inLanguage":"da-DK","potentialAction":[{"@type":"CommentAction","name":"Comment","target":["https:\/\/kunmedierne.dk\/mors\/kommunen-skal-spare-faerre-kommer-i-botilbud\/#respond"]}]},{"@type":"WebPage","@id":"https:\/\/kunmedierne.dk\/mors\/kommunen-skal-spare-faerre-kommer-i-botilbud\/","url":"https:\/\/kunmedierne.dk\/mors\/kommunen-skal-spare-faerre-kommer-i-botilbud\/","name":"Kommunen skal spare: F\u00e6rre kommer i botilbud - Mors","isPartOf":{"@id":"https:\/\/kunmedierne.dk\/mors\/#website"},"primaryImageOfPage":{"@id":"https:\/\/kunmedierne.dk\/mors\/kommunen-skal-spare-faerre-kommer-i-botilbud\/#primaryimage"},"image":{"@id":"https:\/\/kunmedierne.dk\/mors\/kommunen-skal-spare-faerre-kommer-i-botilbud\/#primaryimage"},"thumbnailUrl":"https:\/\/kunmedierne.dk\/mors\/wp-content\/uploads\/2020\/03\/200311-mors\u00f8-kommune2.jpg","datePublished":"2020-06-18T15:32:02+00:00","dateModified":"2024-08-12T12:05:59+00:00","breadcrumb":{"@id":"https:\/\/kunmedierne.dk\/mors\/kommunen-skal-spare-faerre-kommer-i-botilbud\/#breadcrumb"},"inLanguage":"da-DK","potentialAction":[{"@type":"ReadAction","target":["https:\/\/kunmedierne.dk\/mors\/kommunen-skal-spare-faerre-kommer-i-botilbud\/"]}]},{"@type":"ImageObject","inLanguage":"da-DK","@id":"https:\/\/kunmedierne.dk\/mors\/kommunen-skal-spare-faerre-kommer-i-botilbud\/#primaryimage","url":"https:\/\/kunmedierne.dk\/mors\/wp-content\/uploads\/2020\/03\/200311-mors\u00f8-kommune2.jpg","contentUrl":"https:\/\/kunmedierne.dk\/mors\/wp-content\/uploads\/2020\/03\/200311-mors\u00f8-kommune2.jpg","width":770,"height":513,"caption":"Logo: Mors\u00f8 Kommune"},{"@type":"BreadcrumbList","@id":"https:\/\/kunmedierne.dk\/mors\/kommunen-skal-spare-faerre-kommer-i-botilbud\/#breadcrumb","itemListElement":[{"@type":"ListItem","position":1,"name":"Hjem","item":"https:\/\/kunmedierne.dk\/mors\/"},{"@type":"ListItem","position":2,"name":"Kommunen skal spare: F\u00e6rre kommer i botilbud"}]},{"@type":"WebSite","@id":"https:\/\/kunmedierne.dk\/mors\/#website","url":"https:\/\/kunmedierne.dk\/mors\/","name":"Mors","description":"et netmedie med journalistik om livet p\u00e5 Mors","publisher":{"@id":"https:\/\/kunmedierne.dk\/mors\/#organization"},"potentialAction":[{"@type":"SearchAction","target":{"@type":"EntryPoint","urlTemplate":"https:\/\/kunmedierne.dk\/mors\/?s={search_term_string}"},"query-input":{"@type":"PropertyValueSpecification","valueRequired":true,"valueName":"search_term_string"}}],"inLanguage":"da-DK"},{"@type":"Organization","@id":"https:\/\/kunmedierne.dk\/mors\/#organization","name":"Mors","url":"https:\/\/kunmedierne.dk\/mors\/","logo":{"@type":"ImageObject","inLanguage":"da-DK","@id":"https:\/\/kunmedierne.dk\/mors\/#\/schema\/logo\/image\/","url":"https:\/\/kunmedierne.dk\/mors\/wp-content\/uploads\/2024\/08\/kunmors-logo.svg","contentUrl":"https:\/\/kunmedierne.dk\/mors\/wp-content\/uploads\/2024\/08\/kunmors-logo.svg","caption":"Mors"},"image":{"@id":"https:\/\/kunmedierne.dk\/mors\/#\/schema\/logo\/image\/"}},{"@type":"Person","@id":"https:\/\/kunmedierne.dk\/mors\/#\/schema\/person\/5fe23251bf1d0abbcdc6f7896579d548","name":"David H\u00f8jmark","image":{"@type":"ImageObject","inLanguage":"da-DK","@id":"https:\/\/kunmedierne.dk\/mors\/#\/schema\/person\/image\/","url":"https:\/\/secure.gravatar.com\/avatar\/4315d6fb9ef244d729989f5f90268eb08d5bf8a3d84402f595fa194bb35784fd?s=96&d=mm&r=g","contentUrl":"https:\/\/secure.gravatar.com\/avatar\/4315d6fb9ef244d729989f5f90268eb08d5bf8a3d84402f595fa194bb35784fd?s=96&d=mm&r=g","caption":"David H\u00f8jmark"},"sameAs":["https:\/\/www.kunmedierne.dk"],"url":"https:\/\/kunmedierne.dk\/mors\/author\/david\/"}]}},"_links":{"self":[{"href":"https:\/\/kunmedierne.dk\/mors\/wp-json\/wp\/v2\/posts\/25775","targetHints":{"allow":["GET"]}}],"collection":[{"href":"https:\/\/kunmedierne.dk\/mors\/wp-json\/wp\/v2\/posts"}],"about":[{"href":"https:\/\/kunmedierne.dk\/mors\/wp-json\/wp\/v2\/types\/post"}],"author":[{"embeddable":true,"href":"https:\/\/kunmedierne.dk\/mors\/wp-json\/wp\/v2\/users\/8"}],"replies":[{"embeddable":true,"href":"https:\/\/kunmedierne.dk\/mors\/wp-json\/wp\/v2\/comments?post=25775"}],"version-history":[{"count":1,"href":"https:\/\/kunmedierne.dk\/mors\/wp-json\/wp\/v2\/posts\/25775\/revisions"}],"predecessor-version":[{"id":25776,"href":"https:\/\/kunmedierne.dk\/mors\/wp-json\/wp\/v2\/posts\/25775\/revisions\/25776"}],"wp:featuredmedia":[{"embeddable":true,"href":"https:\/\/kunmedierne.dk\/mors\/wp-json\/wp\/v2\/media\/13431"}],"wp:attachment":[{"href":"https:\/\/kunmedierne.dk\/mors\/wp-json\/wp\/v2\/media?parent=25775"}],"wp:term":[{"taxonomy":"category","embeddable":true,"href":"https:\/\/kunmedierne.dk\/mors\/wp-json\/wp\/v2\/categories?post=25775"},{"taxonomy":"post_tag","embeddable":true,"href":"https:\/\/kunmedierne.dk\/mors\/wp-json\/wp\/v2\/tags?post=25775"}],"curies":[{"name":"wp","href":"https:\/\/api.w.org\/{rel}","templated":true}]}}