{"id":25767,"date":"2020-06-18T15:25:38","date_gmt":"2020-06-18T13:25:38","guid":{"rendered":"https:\/\/kunmedierne.dk\/mors\/?p=25767"},"modified":"2024-08-12T14:05:59","modified_gmt":"2024-08-12T12:05:59","slug":"paa-vej-mod-nyt-stort-kapitel-i-skolelivet","status":"publish","type":"post","link":"https:\/\/kunmedierne.dk\/mors\/paa-vej-mod-nyt-stort-kapitel-i-skolelivet\/","title":{"rendered":"P\u00e5 vej mod nyt stort kapitel i skolelivet"},"content":{"rendered":"<p><strong>NYK\u00d8BING<\/strong>: De fleste husker f\u00f8rste skoledag i resten af livet. Men hvad med de andre m\u00e6rkedage i de mange \u00e5r som skoleelev? For eksempel afskeden med barndommens skole inden det nye kapitel i de \u00e6ldste klasser?<\/p>\n<p>Den periode er blandt andet aktuel for\u00a06. klasse fra Sydmors Skole og B\u00f8rnehus, og i dag fik eleverne en p\u00e5 opleveren som et led i afskeden med tiden som sin helt egen klasse, inden de efter sommerferien bliver en del af Dueholmskolen.<\/p>\n<div id=\"attachment_25770\" style=\"width: 210px\" class=\"wp-caption alignright\"><img loading=\"lazy\" decoding=\"async\" aria-describedby=\"caption-attachment-25770\" class=\"wp-image-25770\" src=\"https:\/\/kunmedierne.dk\/mors\/wp-content\/uploads\/2020\/06\/200619-sydmors-skole2.jpg\" alt=\"\" width=\"200\" height=\"267\" srcset=\"https:\/\/kunmedierne.dk\/mors\/wp-content\/uploads\/2020\/06\/200619-sydmors-skole2.jpg 770w, https:\/\/kunmedierne.dk\/mors\/wp-content\/uploads\/2020\/06\/200619-sydmors-skole2-225x300.jpg 225w, https:\/\/kunmedierne.dk\/mors\/wp-content\/uploads\/2020\/06\/200619-sydmors-skole2-768x1024.jpg 768w, https:\/\/kunmedierne.dk\/mors\/wp-content\/uploads\/2020\/06\/200619-sydmors-skole2-600x800.jpg 600w\" sizes=\"auto, (max-width: 200px) 100vw, 200px\" \/><p id=\"caption-attachment-25770\" class=\"wp-caption-text\">Instruktion inden skift til v\u00e5ddragter. Foto: Lena Hyllen<\/p><\/div>\n<p>De var nemlig i Nyk\u00f8bing, hvor Mors\u00f8 Ungdomsskole havde s\u00f8rget for alt udstyr til et par timer p\u00e5 fjorden &#8211; if\u00f8rt v\u00e5ddragter og med kajak og stand up paddling som et par af udfordringerne. Og ikke mindst med en fuld fart hen over vandet i en gummib\u00e5d trukket af en speedb\u00e5d.<\/p>\n<p>&#8220;Det var en fed dag. Det var sjovt at pr\u00f8ve nogle ting, man ikke lige pr\u00f8ver til hverdag,&#8221; fortalte Sara Kibsgaard Madsen, da KunMors talte med hende efter dagens program.<\/p>\n<p>Jeppe Futtrup supplerede eftert\u00e6nksomt:<\/p>\n<p>&#8220;Man kunne faktisk f\u00f8le sig lidt professionel ved at f\u00e5 v\u00e5ddragten p\u00e5 og komme ud p\u00e5 dybt vand.&#8221;<\/p>\n<p>&nbsp;<\/p>\n<p><strong>Var glad for at turde<\/strong><\/p>\n<p>Det kom de nemlig &#8211; b\u00e5de i direkte og overf\u00f8rt betydning, og if\u00f8lge klassel\u00e6rer Lena Hyllen var det ogs\u00e5 med til at g\u00f8re dagen til en af dem, eleverne vil huske som en del af afskeden med den skole, de troppede op i som sm\u00e5.<\/p>\n<p>&#8220;Man kan se, at de nyder at v\u00e6re sammen og hj\u00e6lpe hinanden,&#8221; sagde hun, mens de 14 piger og drenge i ro og mag pakkede sammen og lignede nogle, der aldrig havde v\u00e6ret andet end bedste venner igennem alle \u00e5rene p\u00e5 Sydmors Skole og B\u00f8rnehus.<\/p>\n<p>Og at de er klar til de nye omgivelser p\u00e5 en st\u00f8rre skole i en st\u00f8rre by, er der vist ikke s\u00e5 meget tvivl om. Dagens st\u00f8rste udfordring som passager i en gummib\u00e5d bag en speedb\u00e5d i fuld fart kr\u00e6vede vovemod &#8211; men kunne ogs\u00e5 h\u00e5ndteres i ro og mag.<\/p>\n<p>&#8220;Man kunne vise med h\u00e5nden, hvis man syntes, det gik for hurtigt &#8211; eller for langsomt,&#8221; forklarede Jeppe Futtrup med en tommelfinger skiftevis op og ned som demonstration.<\/p>\n<p>Og den unge skoleelev var i hvert fald ikke blevet skr\u00e6mt af udfordringen, som han gerne kaster sig ud i igen.\u00a0Det samme er formentlig tilf\u00e6ldet for Sara Kibsgaard Madsen. For som hun sagde:<\/p>\n<p>&#8220;Man skulle godt nok bruge sine kr\u00e6fter for at holde fast. Og n\u00e5r man s\u00e5 de andre pr\u00f8ve, var det s\u00e5dan lidt: &#8216;T\u00f8r jeg det?&#8217; Men da man s\u00e5 selv pr\u00f8vede det, var man faktisk glad for det.&#8221;<\/p>\n<div id=\"attachment_25771\" style=\"width: 780px\" class=\"wp-caption alignright\"><img loading=\"lazy\" decoding=\"async\" aria-describedby=\"caption-attachment-25771\" class=\"size-full wp-image-25771\" src=\"https:\/\/kunmedierne.dk\/mors\/wp-content\/uploads\/2020\/06\/200619-sydmors-skole1.jpg\" alt=\"\" width=\"770\" height=\"479\" srcset=\"https:\/\/kunmedierne.dk\/mors\/wp-content\/uploads\/2020\/06\/200619-sydmors-skole1.jpg 770w, https:\/\/kunmedierne.dk\/mors\/wp-content\/uploads\/2020\/06\/200619-sydmors-skole1-300x187.jpg 300w, https:\/\/kunmedierne.dk\/mors\/wp-content\/uploads\/2020\/06\/200619-sydmors-skole1-768x478.jpg 768w, https:\/\/kunmedierne.dk\/mors\/wp-content\/uploads\/2020\/06\/200619-sydmors-skole1-600x373.jpg 600w\" sizes=\"auto, (max-width: 770px) 100vw, 770px\" \/><p id=\"caption-attachment-25771\" class=\"wp-caption-text\">6. klasse p\u00e5 Sydmors Skole og B\u00f8rnehus. Foto: Lena Hyllen<\/p><\/div>\n","protected":false},"excerpt":{"rendered":"<p>NYK\u00d8BING: De fleste husker f\u00f8rste skoledag i resten af livet. Men hvad med de andre m\u00e6rkedage i de mange \u00e5r som skoleelev? For eksempel afskeden med barndommens skole inden det nye kapitel i de \u00e6ldste klasser? Den periode er blandt andet aktuel for\u00a06. klasse fra Sydmors Skole og B\u00f8rnehus, og i dag fik eleverne en [&hellip;]<\/p>\n","protected":false},"author":8,"featured_media":25769,"comment_status":"open","ping_status":"open","sticky":false,"template":"","format":"standard","meta":{"_acf_changed":false,"footnotes":""},"categories":[51],"tags":[170],"class_list":["post-25767","post","type-post","status-publish","format-standard","has-post-thumbnail","hentry","category-lokalt","tag-uddannelse"],"acf":[],"yoast_head":"<!-- This site is optimized with the Yoast SEO plugin v26.8 - https:\/\/yoast.com\/product\/yoast-seo-wordpress\/ -->\n<title>P\u00e5 vej mod nyt stort kapitel i skolelivet - Mors<\/title>\n<meta name=\"robots\" content=\"index, follow, max-snippet:-1, max-image-preview:large, max-video-preview:-1\" \/>\n<link rel=\"canonical\" href=\"https:\/\/kunmedierne.dk\/mors\/paa-vej-mod-nyt-stort-kapitel-i-skolelivet\/\" \/>\n<meta property=\"og:locale\" content=\"da_DK\" \/>\n<meta property=\"og:type\" content=\"article\" \/>\n<meta property=\"og:title\" content=\"P\u00e5 vej mod nyt stort kapitel i skolelivet - Mors\" \/>\n<meta property=\"og:description\" content=\"NYK\u00d8BING: De fleste husker f\u00f8rste skoledag i resten af livet. Men hvad med de andre m\u00e6rkedage i de mange \u00e5r som skoleelev? For eksempel afskeden med barndommens skole inden det nye kapitel i de \u00e6ldste klasser? Den periode er blandt andet aktuel for\u00a06. klasse fra Sydmors Skole og B\u00f8rnehus, og i dag fik eleverne en [&hellip;]\" \/>\n<meta property=\"og:url\" content=\"https:\/\/kunmedierne.dk\/mors\/paa-vej-mod-nyt-stort-kapitel-i-skolelivet\/\" \/>\n<meta property=\"og:site_name\" content=\"Mors\" \/>\n<meta property=\"article:published_time\" content=\"2020-06-18T13:25:38+00:00\" \/>\n<meta property=\"article:modified_time\" content=\"2024-08-12T12:05:59+00:00\" \/>\n<meta property=\"og:image\" content=\"https:\/\/kunmedierne.dk\/mors\/wp-content\/uploads\/2020\/06\/200619-sydmors-skole-sara-jeppe.jpg\" \/>\n\t<meta property=\"og:image:width\" content=\"770\" \/>\n\t<meta property=\"og:image:height\" content=\"513\" \/>\n\t<meta property=\"og:image:type\" content=\"image\/jpeg\" \/>\n<meta name=\"author\" content=\"David H\u00f8jmark\" \/>\n<meta name=\"twitter:card\" content=\"summary_large_image\" \/>\n<meta name=\"twitter:label1\" content=\"Skrevet af\" \/>\n\t<meta name=\"twitter:data1\" content=\"David H\u00f8jmark\" \/>\n\t<meta name=\"twitter:label2\" content=\"Estimeret l\u00e6setid\" \/>\n\t<meta name=\"twitter:data2\" content=\"3 minutter\" \/>\n<script type=\"application\/ld+json\" class=\"yoast-schema-graph\">{\"@context\":\"https:\/\/schema.org\",\"@graph\":[{\"@type\":\"Article\",\"@id\":\"https:\/\/kunmedierne.dk\/mors\/paa-vej-mod-nyt-stort-kapitel-i-skolelivet\/#article\",\"isPartOf\":{\"@id\":\"https:\/\/kunmedierne.dk\/mors\/paa-vej-mod-nyt-stort-kapitel-i-skolelivet\/\"},\"author\":{\"name\":\"David H\u00f8jmark\",\"@id\":\"https:\/\/kunmedierne.dk\/mors\/#\/schema\/person\/5fe23251bf1d0abbcdc6f7896579d548\"},\"headline\":\"P\u00e5 vej mod nyt stort kapitel i skolelivet\",\"datePublished\":\"2020-06-18T13:25:38+00:00\",\"dateModified\":\"2024-08-12T12:05:59+00:00\",\"mainEntityOfPage\":{\"@id\":\"https:\/\/kunmedierne.dk\/mors\/paa-vej-mod-nyt-stort-kapitel-i-skolelivet\/\"},\"wordCount\":507,\"commentCount\":0,\"publisher\":{\"@id\":\"https:\/\/kunmedierne.dk\/mors\/#organization\"},\"image\":{\"@id\":\"https:\/\/kunmedierne.dk\/mors\/paa-vej-mod-nyt-stort-kapitel-i-skolelivet\/#primaryimage\"},\"thumbnailUrl\":\"https:\/\/kunmedierne.dk\/mors\/wp-content\/uploads\/2020\/06\/200619-sydmors-skole-sara-jeppe.jpg\",\"keywords\":[\"Skoler og uddannelse\"],\"articleSection\":[\"Lokalt\"],\"inLanguage\":\"da-DK\",\"potentialAction\":[{\"@type\":\"CommentAction\",\"name\":\"Comment\",\"target\":[\"https:\/\/kunmedierne.dk\/mors\/paa-vej-mod-nyt-stort-kapitel-i-skolelivet\/#respond\"]}]},{\"@type\":\"WebPage\",\"@id\":\"https:\/\/kunmedierne.dk\/mors\/paa-vej-mod-nyt-stort-kapitel-i-skolelivet\/\",\"url\":\"https:\/\/kunmedierne.dk\/mors\/paa-vej-mod-nyt-stort-kapitel-i-skolelivet\/\",\"name\":\"P\u00e5 vej mod nyt stort kapitel i skolelivet - Mors\",\"isPartOf\":{\"@id\":\"https:\/\/kunmedierne.dk\/mors\/#website\"},\"primaryImageOfPage\":{\"@id\":\"https:\/\/kunmedierne.dk\/mors\/paa-vej-mod-nyt-stort-kapitel-i-skolelivet\/#primaryimage\"},\"image\":{\"@id\":\"https:\/\/kunmedierne.dk\/mors\/paa-vej-mod-nyt-stort-kapitel-i-skolelivet\/#primaryimage\"},\"thumbnailUrl\":\"https:\/\/kunmedierne.dk\/mors\/wp-content\/uploads\/2020\/06\/200619-sydmors-skole-sara-jeppe.jpg\",\"datePublished\":\"2020-06-18T13:25:38+00:00\",\"dateModified\":\"2024-08-12T12:05:59+00:00\",\"breadcrumb\":{\"@id\":\"https:\/\/kunmedierne.dk\/mors\/paa-vej-mod-nyt-stort-kapitel-i-skolelivet\/#breadcrumb\"},\"inLanguage\":\"da-DK\",\"potentialAction\":[{\"@type\":\"ReadAction\",\"target\":[\"https:\/\/kunmedierne.dk\/mors\/paa-vej-mod-nyt-stort-kapitel-i-skolelivet\/\"]}]},{\"@type\":\"ImageObject\",\"inLanguage\":\"da-DK\",\"@id\":\"https:\/\/kunmedierne.dk\/mors\/paa-vej-mod-nyt-stort-kapitel-i-skolelivet\/#primaryimage\",\"url\":\"https:\/\/kunmedierne.dk\/mors\/wp-content\/uploads\/2020\/06\/200619-sydmors-skole-sara-jeppe.jpg\",\"contentUrl\":\"https:\/\/kunmedierne.dk\/mors\/wp-content\/uploads\/2020\/06\/200619-sydmors-skole-sara-jeppe.jpg\",\"width\":770,\"height\":513,\"caption\":\"Sara Kibsgaard Madsen og Jeppe Futtrup efter udfordringerne p\u00e5 vandet. Foto: David H\u00f8jmark\"},{\"@type\":\"BreadcrumbList\",\"@id\":\"https:\/\/kunmedierne.dk\/mors\/paa-vej-mod-nyt-stort-kapitel-i-skolelivet\/#breadcrumb\",\"itemListElement\":[{\"@type\":\"ListItem\",\"position\":1,\"name\":\"Hjem\",\"item\":\"https:\/\/kunmedierne.dk\/mors\/\"},{\"@type\":\"ListItem\",\"position\":2,\"name\":\"P\u00e5 vej mod nyt stort kapitel i skolelivet\"}]},{\"@type\":\"WebSite\",\"@id\":\"https:\/\/kunmedierne.dk\/mors\/#website\",\"url\":\"https:\/\/kunmedierne.dk\/mors\/\",\"name\":\"Mors\",\"description\":\"et netmedie med journalistik om livet p\u00e5 Mors\",\"publisher\":{\"@id\":\"https:\/\/kunmedierne.dk\/mors\/#organization\"},\"potentialAction\":[{\"@type\":\"SearchAction\",\"target\":{\"@type\":\"EntryPoint\",\"urlTemplate\":\"https:\/\/kunmedierne.dk\/mors\/?s={search_term_string}\"},\"query-input\":{\"@type\":\"PropertyValueSpecification\",\"valueRequired\":true,\"valueName\":\"search_term_string\"}}],\"inLanguage\":\"da-DK\"},{\"@type\":\"Organization\",\"@id\":\"https:\/\/kunmedierne.dk\/mors\/#organization\",\"name\":\"Mors\",\"url\":\"https:\/\/kunmedierne.dk\/mors\/\",\"logo\":{\"@type\":\"ImageObject\",\"inLanguage\":\"da-DK\",\"@id\":\"https:\/\/kunmedierne.dk\/mors\/#\/schema\/logo\/image\/\",\"url\":\"https:\/\/kunmedierne.dk\/mors\/wp-content\/uploads\/2024\/08\/kunmors-logo.svg\",\"contentUrl\":\"https:\/\/kunmedierne.dk\/mors\/wp-content\/uploads\/2024\/08\/kunmors-logo.svg\",\"caption\":\"Mors\"},\"image\":{\"@id\":\"https:\/\/kunmedierne.dk\/mors\/#\/schema\/logo\/image\/\"}},{\"@type\":\"Person\",\"@id\":\"https:\/\/kunmedierne.dk\/mors\/#\/schema\/person\/5fe23251bf1d0abbcdc6f7896579d548\",\"name\":\"David H\u00f8jmark\",\"image\":{\"@type\":\"ImageObject\",\"inLanguage\":\"da-DK\",\"@id\":\"https:\/\/kunmedierne.dk\/mors\/#\/schema\/person\/image\/\",\"url\":\"https:\/\/secure.gravatar.com\/avatar\/4315d6fb9ef244d729989f5f90268eb08d5bf8a3d84402f595fa194bb35784fd?s=96&d=mm&r=g\",\"contentUrl\":\"https:\/\/secure.gravatar.com\/avatar\/4315d6fb9ef244d729989f5f90268eb08d5bf8a3d84402f595fa194bb35784fd?s=96&d=mm&r=g\",\"caption\":\"David H\u00f8jmark\"},\"sameAs\":[\"https:\/\/www.kunmedierne.dk\"],\"url\":\"https:\/\/kunmedierne.dk\/mors\/author\/david\/\"}]}<\/script>\n<!-- \/ Yoast SEO plugin. -->","yoast_head_json":{"title":"P\u00e5 vej mod nyt stort kapitel i skolelivet - Mors","robots":{"index":"index","follow":"follow","max-snippet":"max-snippet:-1","max-image-preview":"max-image-preview:large","max-video-preview":"max-video-preview:-1"},"canonical":"https:\/\/kunmedierne.dk\/mors\/paa-vej-mod-nyt-stort-kapitel-i-skolelivet\/","og_locale":"da_DK","og_type":"article","og_title":"P\u00e5 vej mod nyt stort kapitel i skolelivet - Mors","og_description":"NYK\u00d8BING: De fleste husker f\u00f8rste skoledag i resten af livet. Men hvad med de andre m\u00e6rkedage i de mange \u00e5r som skoleelev? For eksempel afskeden med barndommens skole inden det nye kapitel i de \u00e6ldste klasser? Den periode er blandt andet aktuel for\u00a06. klasse fra Sydmors Skole og B\u00f8rnehus, og i dag fik eleverne en [&hellip;]","og_url":"https:\/\/kunmedierne.dk\/mors\/paa-vej-mod-nyt-stort-kapitel-i-skolelivet\/","og_site_name":"Mors","article_published_time":"2020-06-18T13:25:38+00:00","article_modified_time":"2024-08-12T12:05:59+00:00","og_image":[{"width":770,"height":513,"url":"https:\/\/kunmedierne.dk\/mors\/wp-content\/uploads\/2020\/06\/200619-sydmors-skole-sara-jeppe.jpg","type":"image\/jpeg"}],"author":"David H\u00f8jmark","twitter_card":"summary_large_image","twitter_misc":{"Skrevet af":"David H\u00f8jmark","Estimeret l\u00e6setid":"3 minutter"},"schema":{"@context":"https:\/\/schema.org","@graph":[{"@type":"Article","@id":"https:\/\/kunmedierne.dk\/mors\/paa-vej-mod-nyt-stort-kapitel-i-skolelivet\/#article","isPartOf":{"@id":"https:\/\/kunmedierne.dk\/mors\/paa-vej-mod-nyt-stort-kapitel-i-skolelivet\/"},"author":{"name":"David H\u00f8jmark","@id":"https:\/\/kunmedierne.dk\/mors\/#\/schema\/person\/5fe23251bf1d0abbcdc6f7896579d548"},"headline":"P\u00e5 vej mod nyt stort kapitel i skolelivet","datePublished":"2020-06-18T13:25:38+00:00","dateModified":"2024-08-12T12:05:59+00:00","mainEntityOfPage":{"@id":"https:\/\/kunmedierne.dk\/mors\/paa-vej-mod-nyt-stort-kapitel-i-skolelivet\/"},"wordCount":507,"commentCount":0,"publisher":{"@id":"https:\/\/kunmedierne.dk\/mors\/#organization"},"image":{"@id":"https:\/\/kunmedierne.dk\/mors\/paa-vej-mod-nyt-stort-kapitel-i-skolelivet\/#primaryimage"},"thumbnailUrl":"https:\/\/kunmedierne.dk\/mors\/wp-content\/uploads\/2020\/06\/200619-sydmors-skole-sara-jeppe.jpg","keywords":["Skoler og uddannelse"],"articleSection":["Lokalt"],"inLanguage":"da-DK","potentialAction":[{"@type":"CommentAction","name":"Comment","target":["https:\/\/kunmedierne.dk\/mors\/paa-vej-mod-nyt-stort-kapitel-i-skolelivet\/#respond"]}]},{"@type":"WebPage","@id":"https:\/\/kunmedierne.dk\/mors\/paa-vej-mod-nyt-stort-kapitel-i-skolelivet\/","url":"https:\/\/kunmedierne.dk\/mors\/paa-vej-mod-nyt-stort-kapitel-i-skolelivet\/","name":"P\u00e5 vej mod nyt stort kapitel i skolelivet - Mors","isPartOf":{"@id":"https:\/\/kunmedierne.dk\/mors\/#website"},"primaryImageOfPage":{"@id":"https:\/\/kunmedierne.dk\/mors\/paa-vej-mod-nyt-stort-kapitel-i-skolelivet\/#primaryimage"},"image":{"@id":"https:\/\/kunmedierne.dk\/mors\/paa-vej-mod-nyt-stort-kapitel-i-skolelivet\/#primaryimage"},"thumbnailUrl":"https:\/\/kunmedierne.dk\/mors\/wp-content\/uploads\/2020\/06\/200619-sydmors-skole-sara-jeppe.jpg","datePublished":"2020-06-18T13:25:38+00:00","dateModified":"2024-08-12T12:05:59+00:00","breadcrumb":{"@id":"https:\/\/kunmedierne.dk\/mors\/paa-vej-mod-nyt-stort-kapitel-i-skolelivet\/#breadcrumb"},"inLanguage":"da-DK","potentialAction":[{"@type":"ReadAction","target":["https:\/\/kunmedierne.dk\/mors\/paa-vej-mod-nyt-stort-kapitel-i-skolelivet\/"]}]},{"@type":"ImageObject","inLanguage":"da-DK","@id":"https:\/\/kunmedierne.dk\/mors\/paa-vej-mod-nyt-stort-kapitel-i-skolelivet\/#primaryimage","url":"https:\/\/kunmedierne.dk\/mors\/wp-content\/uploads\/2020\/06\/200619-sydmors-skole-sara-jeppe.jpg","contentUrl":"https:\/\/kunmedierne.dk\/mors\/wp-content\/uploads\/2020\/06\/200619-sydmors-skole-sara-jeppe.jpg","width":770,"height":513,"caption":"Sara Kibsgaard Madsen og Jeppe Futtrup efter udfordringerne p\u00e5 vandet. Foto: David H\u00f8jmark"},{"@type":"BreadcrumbList","@id":"https:\/\/kunmedierne.dk\/mors\/paa-vej-mod-nyt-stort-kapitel-i-skolelivet\/#breadcrumb","itemListElement":[{"@type":"ListItem","position":1,"name":"Hjem","item":"https:\/\/kunmedierne.dk\/mors\/"},{"@type":"ListItem","position":2,"name":"P\u00e5 vej mod nyt stort kapitel i skolelivet"}]},{"@type":"WebSite","@id":"https:\/\/kunmedierne.dk\/mors\/#website","url":"https:\/\/kunmedierne.dk\/mors\/","name":"Mors","description":"et netmedie med journalistik om livet p\u00e5 Mors","publisher":{"@id":"https:\/\/kunmedierne.dk\/mors\/#organization"},"potentialAction":[{"@type":"SearchAction","target":{"@type":"EntryPoint","urlTemplate":"https:\/\/kunmedierne.dk\/mors\/?s={search_term_string}"},"query-input":{"@type":"PropertyValueSpecification","valueRequired":true,"valueName":"search_term_string"}}],"inLanguage":"da-DK"},{"@type":"Organization","@id":"https:\/\/kunmedierne.dk\/mors\/#organization","name":"Mors","url":"https:\/\/kunmedierne.dk\/mors\/","logo":{"@type":"ImageObject","inLanguage":"da-DK","@id":"https:\/\/kunmedierne.dk\/mors\/#\/schema\/logo\/image\/","url":"https:\/\/kunmedierne.dk\/mors\/wp-content\/uploads\/2024\/08\/kunmors-logo.svg","contentUrl":"https:\/\/kunmedierne.dk\/mors\/wp-content\/uploads\/2024\/08\/kunmors-logo.svg","caption":"Mors"},"image":{"@id":"https:\/\/kunmedierne.dk\/mors\/#\/schema\/logo\/image\/"}},{"@type":"Person","@id":"https:\/\/kunmedierne.dk\/mors\/#\/schema\/person\/5fe23251bf1d0abbcdc6f7896579d548","name":"David H\u00f8jmark","image":{"@type":"ImageObject","inLanguage":"da-DK","@id":"https:\/\/kunmedierne.dk\/mors\/#\/schema\/person\/image\/","url":"https:\/\/secure.gravatar.com\/avatar\/4315d6fb9ef244d729989f5f90268eb08d5bf8a3d84402f595fa194bb35784fd?s=96&d=mm&r=g","contentUrl":"https:\/\/secure.gravatar.com\/avatar\/4315d6fb9ef244d729989f5f90268eb08d5bf8a3d84402f595fa194bb35784fd?s=96&d=mm&r=g","caption":"David H\u00f8jmark"},"sameAs":["https:\/\/www.kunmedierne.dk"],"url":"https:\/\/kunmedierne.dk\/mors\/author\/david\/"}]}},"_links":{"self":[{"href":"https:\/\/kunmedierne.dk\/mors\/wp-json\/wp\/v2\/posts\/25767","targetHints":{"allow":["GET"]}}],"collection":[{"href":"https:\/\/kunmedierne.dk\/mors\/wp-json\/wp\/v2\/posts"}],"about":[{"href":"https:\/\/kunmedierne.dk\/mors\/wp-json\/wp\/v2\/types\/post"}],"author":[{"embeddable":true,"href":"https:\/\/kunmedierne.dk\/mors\/wp-json\/wp\/v2\/users\/8"}],"replies":[{"embeddable":true,"href":"https:\/\/kunmedierne.dk\/mors\/wp-json\/wp\/v2\/comments?post=25767"}],"version-history":[{"count":3,"href":"https:\/\/kunmedierne.dk\/mors\/wp-json\/wp\/v2\/posts\/25767\/revisions"}],"predecessor-version":[{"id":25773,"href":"https:\/\/kunmedierne.dk\/mors\/wp-json\/wp\/v2\/posts\/25767\/revisions\/25773"}],"wp:featuredmedia":[{"embeddable":true,"href":"https:\/\/kunmedierne.dk\/mors\/wp-json\/wp\/v2\/media\/25769"}],"wp:attachment":[{"href":"https:\/\/kunmedierne.dk\/mors\/wp-json\/wp\/v2\/media?parent=25767"}],"wp:term":[{"taxonomy":"category","embeddable":true,"href":"https:\/\/kunmedierne.dk\/mors\/wp-json\/wp\/v2\/categories?post=25767"},{"taxonomy":"post_tag","embeddable":true,"href":"https:\/\/kunmedierne.dk\/mors\/wp-json\/wp\/v2\/tags?post=25767"}],"curies":[{"name":"wp","href":"https:\/\/api.w.org\/{rel}","templated":true}]}}