{"id":25730,"date":"2020-06-18T10:11:52","date_gmt":"2020-06-18T08:11:52","guid":{"rendered":"https:\/\/kunmedierne.dk\/mors\/?p=25730"},"modified":"2024-08-12T14:05:59","modified_gmt":"2024-08-12T12:05:59","slug":"m-c-holms-skole-praesenterer-ny-viceskoleleder","status":"publish","type":"post","link":"https:\/\/kunmedierne.dk\/mors\/m-c-holms-skole-praesenterer-ny-viceskoleleder\/","title":{"rendered":"M. C. Holms Skole pr\u00e6senterer ny viceskoleleder"},"content":{"rendered":"<p class=\"v1Default\"><b>NYK\u00d8BING:\u00a0<\/b>De mindste skoleelever i Nyk\u00f8bing kan efter sommerferien se frem til at m\u00f8de deres nye viceskoleleder p\u00e5 M. C. Holms Skole. Hun hedder Vinnie Dalgaard og kommer fra en stilling som skoleleder ved Vestervig Skole i Thy.<\/p>\n<p>I en pressemeddelelse fra Mors\u00f8 Kommune lyder det, at ans\u00e6ttelsesudvalget er glad for at kunne pr\u00e6sentere den nye leder, som udvalget har vurderet er den helt rigtige til at fors\u00e6tte skolens kurs mod st\u00f8rst mulig l\u00e6ring, trivsel, dannelse og udvikling for b\u00f8rn p\u00e5 Mors.<\/p>\n<p class=\"v1Default\">&#8220;Vi har ansat en ny dygtig viceskoleleder med en baggrund og erfaring, som vil komme b\u00e5de elever, for\u00e6ldre og medarbejdere til gode. Vinnie Dalgaard er ogs\u00e5 god til at skabe relationer, samarbejde og trivsel, og hun har en tilknytning til lokalomr\u00e5det. Vi gl\u00e6der os meget til samarbejdet,&#8221; udtaler skoleleder Ren\u00e9 Bojsen fra M. C. Holms Skole.<\/p>\n<p class=\"v1Default\"><b><\/b>I sin ans\u00f8gning giver Vinnie Dalgaard blandt andet f\u00f8lgende beskrivelse af sig selv:<\/p>\n<p class=\"v1Default\">&#8220;Jeg er positiv, engageret og detaljeorienteret. Jeg trives i samarbejde med mine kolleger og medarbejdere med afs\u00e6t i et i min optik essentielt fundament best\u00e5ende af et anerkendende, trygt og tillidsfuldt arbejdsmilj\u00f8. Jeg er pligtopfyldende og stiller h\u00f8je krav til b\u00e5de mig selv og andre.&#8221;<\/p>\n<p class=\"v1Default\">Hun skriver ogs\u00e5:<\/p>\n<p class=\"v1Default\">&#8220;Jeg er nysgerrig p\u00e5 og god til at skabe en gensidig tillidsfuld kontakt til mennesker omkring mig. Jeg er m\u00e5lrettet og gerne den, der tager en god andel af opgaverne og arbejder engageret med disse. Et godt arbejdsmilj\u00f8 ser jeg som det absolut v\u00e6sentligste p\u00e5 en arbejdsplads og bidrager hertil.&#8221;<\/p>\n<p>If\u00f8lge meddelelsen fra Mors\u00f8 Kommune l\u00e6gger Vinnie Dalgaard i sin ledelse v\u00e6gt p\u00e5 m\u00e5let &#8216;skole for b\u00f8rnenes skyld&#8217; &#8211; og hun ser b\u00f8rnene og for\u00e6ldrene som skolens vigtigste samarbejdspartnere. Hun ser ogs\u00e5 et stort potentiale i samarbejdet mellem b\u00f8rnehaver og lokale akt\u00f8rer.<\/p>\n<p class=\"v1Default\">Vinnie Dalgaard har tidligere arbejdet som l\u00e6rer p\u00e5 Dueholm Skole og Glyng\u00f8re Skole og har en diplomuddannelse i ledelse fra UCN Aalborg.<\/p>\n<p>Hun er gift og bor med mand og tre b\u00f8rn i landejendom i Nautrup. Fritiden bruges med den store familie, som bor t\u00e6t p\u00e5 og med en god bog eller ude i naturen i l\u00f8be- eller g\u00e5sko.<\/p>\n","protected":false},"excerpt":{"rendered":"<p>NYK\u00d8BING:\u00a0De mindste skoleelever i Nyk\u00f8bing kan efter sommerferien se frem til at m\u00f8de deres nye viceskoleleder p\u00e5 M. C. Holms Skole. Hun hedder Vinnie Dalgaard og kommer fra en stilling som skoleleder ved Vestervig Skole i Thy. I en pressemeddelelse fra Mors\u00f8 Kommune lyder det, at ans\u00e6ttelsesudvalget er glad for at kunne pr\u00e6sentere den nye [&hellip;]<\/p>\n","protected":false},"author":8,"featured_media":25732,"comment_status":"open","ping_status":"open","sticky":false,"template":"","format":"standard","meta":{"_acf_changed":false,"footnotes":""},"categories":[51],"tags":[170],"class_list":["post-25730","post","type-post","status-publish","format-standard","has-post-thumbnail","hentry","category-lokalt","tag-uddannelse"],"acf":[],"yoast_head":"<!-- This site is optimized with the Yoast SEO plugin v26.8 - https:\/\/yoast.com\/product\/yoast-seo-wordpress\/ -->\n<title>M. C. Holms Skole pr\u00e6senterer ny viceskoleleder - Mors<\/title>\n<meta name=\"robots\" content=\"index, follow, max-snippet:-1, max-image-preview:large, max-video-preview:-1\" \/>\n<link rel=\"canonical\" href=\"https:\/\/kunmedierne.dk\/mors\/m-c-holms-skole-praesenterer-ny-viceskoleleder\/\" \/>\n<meta property=\"og:locale\" content=\"da_DK\" \/>\n<meta property=\"og:type\" content=\"article\" \/>\n<meta property=\"og:title\" content=\"M. C. Holms Skole pr\u00e6senterer ny viceskoleleder - Mors\" \/>\n<meta property=\"og:description\" content=\"NYK\u00d8BING:\u00a0De mindste skoleelever i Nyk\u00f8bing kan efter sommerferien se frem til at m\u00f8de deres nye viceskoleleder p\u00e5 M. C. Holms Skole. Hun hedder Vinnie Dalgaard og kommer fra en stilling som skoleleder ved Vestervig Skole i Thy. I en pressemeddelelse fra Mors\u00f8 Kommune lyder det, at ans\u00e6ttelsesudvalget er glad for at kunne pr\u00e6sentere den nye [&hellip;]\" \/>\n<meta property=\"og:url\" content=\"https:\/\/kunmedierne.dk\/mors\/m-c-holms-skole-praesenterer-ny-viceskoleleder\/\" \/>\n<meta property=\"og:site_name\" content=\"Mors\" \/>\n<meta property=\"article:published_time\" content=\"2020-06-18T08:11:52+00:00\" \/>\n<meta property=\"article:modified_time\" content=\"2024-08-12T12:05:59+00:00\" \/>\n<meta property=\"og:image\" content=\"https:\/\/kunmedierne.dk\/mors\/wp-content\/uploads\/2020\/06\/200618-mc-holms-skole-vinnie-dalgaard.jpg\" \/>\n\t<meta property=\"og:image:width\" content=\"770\" \/>\n\t<meta property=\"og:image:height\" content=\"513\" \/>\n\t<meta property=\"og:image:type\" content=\"image\/jpeg\" \/>\n<meta name=\"author\" content=\"David H\u00f8jmark\" \/>\n<meta name=\"twitter:card\" content=\"summary_large_image\" \/>\n<meta name=\"twitter:label1\" content=\"Skrevet af\" \/>\n\t<meta name=\"twitter:data1\" content=\"David H\u00f8jmark\" \/>\n\t<meta name=\"twitter:label2\" content=\"Estimeret l\u00e6setid\" \/>\n\t<meta name=\"twitter:data2\" content=\"2 minutter\" \/>\n<script type=\"application\/ld+json\" class=\"yoast-schema-graph\">{\"@context\":\"https:\/\/schema.org\",\"@graph\":[{\"@type\":\"Article\",\"@id\":\"https:\/\/kunmedierne.dk\/mors\/m-c-holms-skole-praesenterer-ny-viceskoleleder\/#article\",\"isPartOf\":{\"@id\":\"https:\/\/kunmedierne.dk\/mors\/m-c-holms-skole-praesenterer-ny-viceskoleleder\/\"},\"author\":{\"name\":\"David H\u00f8jmark\",\"@id\":\"https:\/\/kunmedierne.dk\/mors\/#\/schema\/person\/5fe23251bf1d0abbcdc6f7896579d548\"},\"headline\":\"M. C. Holms Skole pr\u00e6senterer ny viceskoleleder\",\"datePublished\":\"2020-06-18T08:11:52+00:00\",\"dateModified\":\"2024-08-12T12:05:59+00:00\",\"mainEntityOfPage\":{\"@id\":\"https:\/\/kunmedierne.dk\/mors\/m-c-holms-skole-praesenterer-ny-viceskoleleder\/\"},\"wordCount\":394,\"commentCount\":0,\"publisher\":{\"@id\":\"https:\/\/kunmedierne.dk\/mors\/#organization\"},\"image\":{\"@id\":\"https:\/\/kunmedierne.dk\/mors\/m-c-holms-skole-praesenterer-ny-viceskoleleder\/#primaryimage\"},\"thumbnailUrl\":\"https:\/\/kunmedierne.dk\/mors\/wp-content\/uploads\/2020\/06\/200618-mc-holms-skole-vinnie-dalgaard.jpg\",\"keywords\":[\"Skoler og uddannelse\"],\"articleSection\":[\"Lokalt\"],\"inLanguage\":\"da-DK\",\"potentialAction\":[{\"@type\":\"CommentAction\",\"name\":\"Comment\",\"target\":[\"https:\/\/kunmedierne.dk\/mors\/m-c-holms-skole-praesenterer-ny-viceskoleleder\/#respond\"]}]},{\"@type\":\"WebPage\",\"@id\":\"https:\/\/kunmedierne.dk\/mors\/m-c-holms-skole-praesenterer-ny-viceskoleleder\/\",\"url\":\"https:\/\/kunmedierne.dk\/mors\/m-c-holms-skole-praesenterer-ny-viceskoleleder\/\",\"name\":\"M. C. Holms Skole pr\u00e6senterer ny viceskoleleder - Mors\",\"isPartOf\":{\"@id\":\"https:\/\/kunmedierne.dk\/mors\/#website\"},\"primaryImageOfPage\":{\"@id\":\"https:\/\/kunmedierne.dk\/mors\/m-c-holms-skole-praesenterer-ny-viceskoleleder\/#primaryimage\"},\"image\":{\"@id\":\"https:\/\/kunmedierne.dk\/mors\/m-c-holms-skole-praesenterer-ny-viceskoleleder\/#primaryimage\"},\"thumbnailUrl\":\"https:\/\/kunmedierne.dk\/mors\/wp-content\/uploads\/2020\/06\/200618-mc-holms-skole-vinnie-dalgaard.jpg\",\"datePublished\":\"2020-06-18T08:11:52+00:00\",\"dateModified\":\"2024-08-12T12:05:59+00:00\",\"breadcrumb\":{\"@id\":\"https:\/\/kunmedierne.dk\/mors\/m-c-holms-skole-praesenterer-ny-viceskoleleder\/#breadcrumb\"},\"inLanguage\":\"da-DK\",\"potentialAction\":[{\"@type\":\"ReadAction\",\"target\":[\"https:\/\/kunmedierne.dk\/mors\/m-c-holms-skole-praesenterer-ny-viceskoleleder\/\"]}]},{\"@type\":\"ImageObject\",\"inLanguage\":\"da-DK\",\"@id\":\"https:\/\/kunmedierne.dk\/mors\/m-c-holms-skole-praesenterer-ny-viceskoleleder\/#primaryimage\",\"url\":\"https:\/\/kunmedierne.dk\/mors\/wp-content\/uploads\/2020\/06\/200618-mc-holms-skole-vinnie-dalgaard.jpg\",\"contentUrl\":\"https:\/\/kunmedierne.dk\/mors\/wp-content\/uploads\/2020\/06\/200618-mc-holms-skole-vinnie-dalgaard.jpg\",\"width\":770,\"height\":513,\"caption\":\"Vinnie Dalgaard, viceskoleleder p\u00e5 M.C. Holms Skole. Foto: Mors\u00f8 Kommune\"},{\"@type\":\"BreadcrumbList\",\"@id\":\"https:\/\/kunmedierne.dk\/mors\/m-c-holms-skole-praesenterer-ny-viceskoleleder\/#breadcrumb\",\"itemListElement\":[{\"@type\":\"ListItem\",\"position\":1,\"name\":\"Hjem\",\"item\":\"https:\/\/kunmedierne.dk\/mors\/\"},{\"@type\":\"ListItem\",\"position\":2,\"name\":\"M. C. Holms Skole pr\u00e6senterer ny viceskoleleder\"}]},{\"@type\":\"WebSite\",\"@id\":\"https:\/\/kunmedierne.dk\/mors\/#website\",\"url\":\"https:\/\/kunmedierne.dk\/mors\/\",\"name\":\"Mors\",\"description\":\"et netmedie med journalistik om livet p\u00e5 Mors\",\"publisher\":{\"@id\":\"https:\/\/kunmedierne.dk\/mors\/#organization\"},\"potentialAction\":[{\"@type\":\"SearchAction\",\"target\":{\"@type\":\"EntryPoint\",\"urlTemplate\":\"https:\/\/kunmedierne.dk\/mors\/?s={search_term_string}\"},\"query-input\":{\"@type\":\"PropertyValueSpecification\",\"valueRequired\":true,\"valueName\":\"search_term_string\"}}],\"inLanguage\":\"da-DK\"},{\"@type\":\"Organization\",\"@id\":\"https:\/\/kunmedierne.dk\/mors\/#organization\",\"name\":\"Mors\",\"url\":\"https:\/\/kunmedierne.dk\/mors\/\",\"logo\":{\"@type\":\"ImageObject\",\"inLanguage\":\"da-DK\",\"@id\":\"https:\/\/kunmedierne.dk\/mors\/#\/schema\/logo\/image\/\",\"url\":\"https:\/\/kunmedierne.dk\/mors\/wp-content\/uploads\/2024\/08\/kunmors-logo.svg\",\"contentUrl\":\"https:\/\/kunmedierne.dk\/mors\/wp-content\/uploads\/2024\/08\/kunmors-logo.svg\",\"caption\":\"Mors\"},\"image\":{\"@id\":\"https:\/\/kunmedierne.dk\/mors\/#\/schema\/logo\/image\/\"}},{\"@type\":\"Person\",\"@id\":\"https:\/\/kunmedierne.dk\/mors\/#\/schema\/person\/5fe23251bf1d0abbcdc6f7896579d548\",\"name\":\"David H\u00f8jmark\",\"image\":{\"@type\":\"ImageObject\",\"inLanguage\":\"da-DK\",\"@id\":\"https:\/\/kunmedierne.dk\/mors\/#\/schema\/person\/image\/\",\"url\":\"https:\/\/secure.gravatar.com\/avatar\/4315d6fb9ef244d729989f5f90268eb08d5bf8a3d84402f595fa194bb35784fd?s=96&d=mm&r=g\",\"contentUrl\":\"https:\/\/secure.gravatar.com\/avatar\/4315d6fb9ef244d729989f5f90268eb08d5bf8a3d84402f595fa194bb35784fd?s=96&d=mm&r=g\",\"caption\":\"David H\u00f8jmark\"},\"sameAs\":[\"https:\/\/www.kunmedierne.dk\"],\"url\":\"https:\/\/kunmedierne.dk\/mors\/author\/david\/\"}]}<\/script>\n<!-- \/ Yoast SEO plugin. -->","yoast_head_json":{"title":"M. C. Holms Skole pr\u00e6senterer ny viceskoleleder - Mors","robots":{"index":"index","follow":"follow","max-snippet":"max-snippet:-1","max-image-preview":"max-image-preview:large","max-video-preview":"max-video-preview:-1"},"canonical":"https:\/\/kunmedierne.dk\/mors\/m-c-holms-skole-praesenterer-ny-viceskoleleder\/","og_locale":"da_DK","og_type":"article","og_title":"M. C. Holms Skole pr\u00e6senterer ny viceskoleleder - Mors","og_description":"NYK\u00d8BING:\u00a0De mindste skoleelever i Nyk\u00f8bing kan efter sommerferien se frem til at m\u00f8de deres nye viceskoleleder p\u00e5 M. C. Holms Skole. Hun hedder Vinnie Dalgaard og kommer fra en stilling som skoleleder ved Vestervig Skole i Thy. I en pressemeddelelse fra Mors\u00f8 Kommune lyder det, at ans\u00e6ttelsesudvalget er glad for at kunne pr\u00e6sentere den nye [&hellip;]","og_url":"https:\/\/kunmedierne.dk\/mors\/m-c-holms-skole-praesenterer-ny-viceskoleleder\/","og_site_name":"Mors","article_published_time":"2020-06-18T08:11:52+00:00","article_modified_time":"2024-08-12T12:05:59+00:00","og_image":[{"width":770,"height":513,"url":"https:\/\/kunmedierne.dk\/mors\/wp-content\/uploads\/2020\/06\/200618-mc-holms-skole-vinnie-dalgaard.jpg","type":"image\/jpeg"}],"author":"David H\u00f8jmark","twitter_card":"summary_large_image","twitter_misc":{"Skrevet af":"David H\u00f8jmark","Estimeret l\u00e6setid":"2 minutter"},"schema":{"@context":"https:\/\/schema.org","@graph":[{"@type":"Article","@id":"https:\/\/kunmedierne.dk\/mors\/m-c-holms-skole-praesenterer-ny-viceskoleleder\/#article","isPartOf":{"@id":"https:\/\/kunmedierne.dk\/mors\/m-c-holms-skole-praesenterer-ny-viceskoleleder\/"},"author":{"name":"David H\u00f8jmark","@id":"https:\/\/kunmedierne.dk\/mors\/#\/schema\/person\/5fe23251bf1d0abbcdc6f7896579d548"},"headline":"M. C. Holms Skole pr\u00e6senterer ny viceskoleleder","datePublished":"2020-06-18T08:11:52+00:00","dateModified":"2024-08-12T12:05:59+00:00","mainEntityOfPage":{"@id":"https:\/\/kunmedierne.dk\/mors\/m-c-holms-skole-praesenterer-ny-viceskoleleder\/"},"wordCount":394,"commentCount":0,"publisher":{"@id":"https:\/\/kunmedierne.dk\/mors\/#organization"},"image":{"@id":"https:\/\/kunmedierne.dk\/mors\/m-c-holms-skole-praesenterer-ny-viceskoleleder\/#primaryimage"},"thumbnailUrl":"https:\/\/kunmedierne.dk\/mors\/wp-content\/uploads\/2020\/06\/200618-mc-holms-skole-vinnie-dalgaard.jpg","keywords":["Skoler og uddannelse"],"articleSection":["Lokalt"],"inLanguage":"da-DK","potentialAction":[{"@type":"CommentAction","name":"Comment","target":["https:\/\/kunmedierne.dk\/mors\/m-c-holms-skole-praesenterer-ny-viceskoleleder\/#respond"]}]},{"@type":"WebPage","@id":"https:\/\/kunmedierne.dk\/mors\/m-c-holms-skole-praesenterer-ny-viceskoleleder\/","url":"https:\/\/kunmedierne.dk\/mors\/m-c-holms-skole-praesenterer-ny-viceskoleleder\/","name":"M. C. Holms Skole pr\u00e6senterer ny viceskoleleder - Mors","isPartOf":{"@id":"https:\/\/kunmedierne.dk\/mors\/#website"},"primaryImageOfPage":{"@id":"https:\/\/kunmedierne.dk\/mors\/m-c-holms-skole-praesenterer-ny-viceskoleleder\/#primaryimage"},"image":{"@id":"https:\/\/kunmedierne.dk\/mors\/m-c-holms-skole-praesenterer-ny-viceskoleleder\/#primaryimage"},"thumbnailUrl":"https:\/\/kunmedierne.dk\/mors\/wp-content\/uploads\/2020\/06\/200618-mc-holms-skole-vinnie-dalgaard.jpg","datePublished":"2020-06-18T08:11:52+00:00","dateModified":"2024-08-12T12:05:59+00:00","breadcrumb":{"@id":"https:\/\/kunmedierne.dk\/mors\/m-c-holms-skole-praesenterer-ny-viceskoleleder\/#breadcrumb"},"inLanguage":"da-DK","potentialAction":[{"@type":"ReadAction","target":["https:\/\/kunmedierne.dk\/mors\/m-c-holms-skole-praesenterer-ny-viceskoleleder\/"]}]},{"@type":"ImageObject","inLanguage":"da-DK","@id":"https:\/\/kunmedierne.dk\/mors\/m-c-holms-skole-praesenterer-ny-viceskoleleder\/#primaryimage","url":"https:\/\/kunmedierne.dk\/mors\/wp-content\/uploads\/2020\/06\/200618-mc-holms-skole-vinnie-dalgaard.jpg","contentUrl":"https:\/\/kunmedierne.dk\/mors\/wp-content\/uploads\/2020\/06\/200618-mc-holms-skole-vinnie-dalgaard.jpg","width":770,"height":513,"caption":"Vinnie Dalgaard, viceskoleleder p\u00e5 M.C. Holms Skole. Foto: Mors\u00f8 Kommune"},{"@type":"BreadcrumbList","@id":"https:\/\/kunmedierne.dk\/mors\/m-c-holms-skole-praesenterer-ny-viceskoleleder\/#breadcrumb","itemListElement":[{"@type":"ListItem","position":1,"name":"Hjem","item":"https:\/\/kunmedierne.dk\/mors\/"},{"@type":"ListItem","position":2,"name":"M. C. Holms Skole pr\u00e6senterer ny viceskoleleder"}]},{"@type":"WebSite","@id":"https:\/\/kunmedierne.dk\/mors\/#website","url":"https:\/\/kunmedierne.dk\/mors\/","name":"Mors","description":"et netmedie med journalistik om livet p\u00e5 Mors","publisher":{"@id":"https:\/\/kunmedierne.dk\/mors\/#organization"},"potentialAction":[{"@type":"SearchAction","target":{"@type":"EntryPoint","urlTemplate":"https:\/\/kunmedierne.dk\/mors\/?s={search_term_string}"},"query-input":{"@type":"PropertyValueSpecification","valueRequired":true,"valueName":"search_term_string"}}],"inLanguage":"da-DK"},{"@type":"Organization","@id":"https:\/\/kunmedierne.dk\/mors\/#organization","name":"Mors","url":"https:\/\/kunmedierne.dk\/mors\/","logo":{"@type":"ImageObject","inLanguage":"da-DK","@id":"https:\/\/kunmedierne.dk\/mors\/#\/schema\/logo\/image\/","url":"https:\/\/kunmedierne.dk\/mors\/wp-content\/uploads\/2024\/08\/kunmors-logo.svg","contentUrl":"https:\/\/kunmedierne.dk\/mors\/wp-content\/uploads\/2024\/08\/kunmors-logo.svg","caption":"Mors"},"image":{"@id":"https:\/\/kunmedierne.dk\/mors\/#\/schema\/logo\/image\/"}},{"@type":"Person","@id":"https:\/\/kunmedierne.dk\/mors\/#\/schema\/person\/5fe23251bf1d0abbcdc6f7896579d548","name":"David H\u00f8jmark","image":{"@type":"ImageObject","inLanguage":"da-DK","@id":"https:\/\/kunmedierne.dk\/mors\/#\/schema\/person\/image\/","url":"https:\/\/secure.gravatar.com\/avatar\/4315d6fb9ef244d729989f5f90268eb08d5bf8a3d84402f595fa194bb35784fd?s=96&d=mm&r=g","contentUrl":"https:\/\/secure.gravatar.com\/avatar\/4315d6fb9ef244d729989f5f90268eb08d5bf8a3d84402f595fa194bb35784fd?s=96&d=mm&r=g","caption":"David H\u00f8jmark"},"sameAs":["https:\/\/www.kunmedierne.dk"],"url":"https:\/\/kunmedierne.dk\/mors\/author\/david\/"}]}},"_links":{"self":[{"href":"https:\/\/kunmedierne.dk\/mors\/wp-json\/wp\/v2\/posts\/25730","targetHints":{"allow":["GET"]}}],"collection":[{"href":"https:\/\/kunmedierne.dk\/mors\/wp-json\/wp\/v2\/posts"}],"about":[{"href":"https:\/\/kunmedierne.dk\/mors\/wp-json\/wp\/v2\/types\/post"}],"author":[{"embeddable":true,"href":"https:\/\/kunmedierne.dk\/mors\/wp-json\/wp\/v2\/users\/8"}],"replies":[{"embeddable":true,"href":"https:\/\/kunmedierne.dk\/mors\/wp-json\/wp\/v2\/comments?post=25730"}],"version-history":[{"count":1,"href":"https:\/\/kunmedierne.dk\/mors\/wp-json\/wp\/v2\/posts\/25730\/revisions"}],"predecessor-version":[{"id":25739,"href":"https:\/\/kunmedierne.dk\/mors\/wp-json\/wp\/v2\/posts\/25730\/revisions\/25739"}],"wp:featuredmedia":[{"embeddable":true,"href":"https:\/\/kunmedierne.dk\/mors\/wp-json\/wp\/v2\/media\/25732"}],"wp:attachment":[{"href":"https:\/\/kunmedierne.dk\/mors\/wp-json\/wp\/v2\/media?parent=25730"}],"wp:term":[{"taxonomy":"category","embeddable":true,"href":"https:\/\/kunmedierne.dk\/mors\/wp-json\/wp\/v2\/categories?post=25730"},{"taxonomy":"post_tag","embeddable":true,"href":"https:\/\/kunmedierne.dk\/mors\/wp-json\/wp\/v2\/tags?post=25730"}],"curies":[{"name":"wp","href":"https:\/\/api.w.org\/{rel}","templated":true}]}}