{"id":25707,"date":"2020-06-18T08:47:14","date_gmt":"2020-06-18T06:47:14","guid":{"rendered":"https:\/\/kunmedierne.dk\/mors\/?p=25707"},"modified":"2024-08-12T14:05:59","modified_gmt":"2024-08-12T12:05:59","slug":"stenkast-mod-det-gamle-raadhus-var-indbrud","status":"publish","type":"post","link":"https:\/\/kunmedierne.dk\/mors\/stenkast-mod-det-gamle-raadhus-var-indbrud\/","title":{"rendered":"Stenkast mod Det Gamle R\u00e5dhus var indbrud"},"content":{"rendered":"<p><strong>NYK\u00d8BING<\/strong>: Det stenkast mod Det Gamle R\u00e5dhus i Nyk\u00f8bing, der optr\u00e5dte p\u00e5 politirapporten <a href=\"https:\/\/kunmedierne.dk\/mors\/haervaerk-mod-det-gamle-raadhus\/\" target=\"_blank\" rel=\"noopener noreferrer\">i g\u00e5r<\/a>, bliver nu ikke l\u00e6ngere betragtet som h\u00e6rv\u00e6rk. If\u00f8lge Karl Tange fra lokalpolitiet i Thisted har man fundet ud af, at der er stj\u00e5let en sort b\u00e6rbar computer fra det kontor, hvor vinduet blev sl\u00e5et ind. Gerningstidsrummet er samtidig udvidet, s\u00e5 man nu mener, at det er sket i tidsrummet fra tirsdag klokken 16 til onsdag klokken 05.<\/p>\n<p><strong>NYK\u00d8BING<\/strong>: P\u00e5 Akacievej i Nyk\u00f8bing blev der i tidsrummet fra tirsdag klokken 21 til onsdag klokken 07 beg\u00e5et indbrud i en garage. Porten blev brudt op, og fra stedet blev taget to forlygter til en Porsche til en v\u00e6rdi af 25.000 kroner pr. styk.<\/p>\n","protected":false},"excerpt":{"rendered":"<p>NYK\u00d8BING: Det stenkast mod Det Gamle R\u00e5dhus i Nyk\u00f8bing, der optr\u00e5dte p\u00e5 politirapporten i g\u00e5r, bliver nu ikke l\u00e6ngere betragtet som h\u00e6rv\u00e6rk. If\u00f8lge Karl Tange fra lokalpolitiet i Thisted har man fundet ud af, at der er stj\u00e5let en sort b\u00e6rbar computer fra det kontor, hvor vinduet blev sl\u00e5et ind. Gerningstidsrummet er samtidig udvidet, s\u00e5 [&hellip;]<\/p>\n","protected":false},"author":8,"featured_media":3588,"comment_status":"open","ping_status":"open","sticky":false,"template":"","format":"standard","meta":{"_acf_changed":false,"footnotes":""},"categories":[51],"tags":[],"class_list":["post-25707","post","type-post","status-publish","format-standard","has-post-thumbnail","hentry","category-lokalt"],"acf":[],"yoast_head":"<!-- This site is optimized with the Yoast SEO plugin v26.8 - https:\/\/yoast.com\/product\/yoast-seo-wordpress\/ -->\n<title>Stenkast mod Det Gamle R\u00e5dhus var indbrud - Mors<\/title>\n<meta name=\"robots\" content=\"index, follow, max-snippet:-1, max-image-preview:large, max-video-preview:-1\" \/>\n<link rel=\"canonical\" href=\"https:\/\/kunmedierne.dk\/mors\/stenkast-mod-det-gamle-raadhus-var-indbrud\/\" \/>\n<meta property=\"og:locale\" content=\"da_DK\" \/>\n<meta property=\"og:type\" content=\"article\" \/>\n<meta property=\"og:title\" content=\"Stenkast mod Det Gamle R\u00e5dhus var indbrud - Mors\" \/>\n<meta property=\"og:description\" content=\"NYK\u00d8BING: Det stenkast mod Det Gamle R\u00e5dhus i Nyk\u00f8bing, der optr\u00e5dte p\u00e5 politirapporten i g\u00e5r, bliver nu ikke l\u00e6ngere betragtet som h\u00e6rv\u00e6rk. If\u00f8lge Karl Tange fra lokalpolitiet i Thisted har man fundet ud af, at der er stj\u00e5let en sort b\u00e6rbar computer fra det kontor, hvor vinduet blev sl\u00e5et ind. Gerningstidsrummet er samtidig udvidet, s\u00e5 [&hellip;]\" \/>\n<meta property=\"og:url\" content=\"https:\/\/kunmedierne.dk\/mors\/stenkast-mod-det-gamle-raadhus-var-indbrud\/\" \/>\n<meta property=\"og:site_name\" content=\"Mors\" \/>\n<meta property=\"article:published_time\" content=\"2020-06-18T06:47:14+00:00\" \/>\n<meta property=\"article:modified_time\" content=\"2024-08-12T12:05:59+00:00\" \/>\n<meta property=\"og:image\" content=\"https:\/\/kunmedierne.dk\/mors\/wp-content\/uploads\/2020\/01\/politi-logo3.jpg\" \/>\n\t<meta property=\"og:image:width\" content=\"770\" \/>\n\t<meta property=\"og:image:height\" content=\"513\" \/>\n\t<meta property=\"og:image:type\" content=\"image\/jpeg\" \/>\n<meta name=\"author\" content=\"David H\u00f8jmark\" \/>\n<meta name=\"twitter:card\" content=\"summary_large_image\" \/>\n<meta name=\"twitter:label1\" content=\"Skrevet af\" \/>\n\t<meta name=\"twitter:data1\" content=\"David H\u00f8jmark\" \/>\n\t<meta name=\"twitter:label2\" content=\"Estimeret l\u00e6setid\" \/>\n\t<meta name=\"twitter:data2\" content=\"1 minut\" \/>\n<script type=\"application\/ld+json\" class=\"yoast-schema-graph\">{\"@context\":\"https:\/\/schema.org\",\"@graph\":[{\"@type\":\"Article\",\"@id\":\"https:\/\/kunmedierne.dk\/mors\/stenkast-mod-det-gamle-raadhus-var-indbrud\/#article\",\"isPartOf\":{\"@id\":\"https:\/\/kunmedierne.dk\/mors\/stenkast-mod-det-gamle-raadhus-var-indbrud\/\"},\"author\":{\"name\":\"David H\u00f8jmark\",\"@id\":\"https:\/\/kunmedierne.dk\/mors\/#\/schema\/person\/5fe23251bf1d0abbcdc6f7896579d548\"},\"headline\":\"Stenkast mod Det Gamle R\u00e5dhus var indbrud\",\"datePublished\":\"2020-06-18T06:47:14+00:00\",\"dateModified\":\"2024-08-12T12:05:59+00:00\",\"mainEntityOfPage\":{\"@id\":\"https:\/\/kunmedierne.dk\/mors\/stenkast-mod-det-gamle-raadhus-var-indbrud\/\"},\"wordCount\":135,\"commentCount\":0,\"publisher\":{\"@id\":\"https:\/\/kunmedierne.dk\/mors\/#organization\"},\"image\":{\"@id\":\"https:\/\/kunmedierne.dk\/mors\/stenkast-mod-det-gamle-raadhus-var-indbrud\/#primaryimage\"},\"thumbnailUrl\":\"https:\/\/kunmedierne.dk\/mors\/wp-content\/uploads\/2020\/01\/politi-logo3.jpg\",\"articleSection\":[\"Lokalt\"],\"inLanguage\":\"da-DK\",\"potentialAction\":[{\"@type\":\"CommentAction\",\"name\":\"Comment\",\"target\":[\"https:\/\/kunmedierne.dk\/mors\/stenkast-mod-det-gamle-raadhus-var-indbrud\/#respond\"]}]},{\"@type\":\"WebPage\",\"@id\":\"https:\/\/kunmedierne.dk\/mors\/stenkast-mod-det-gamle-raadhus-var-indbrud\/\",\"url\":\"https:\/\/kunmedierne.dk\/mors\/stenkast-mod-det-gamle-raadhus-var-indbrud\/\",\"name\":\"Stenkast mod Det Gamle R\u00e5dhus var indbrud - Mors\",\"isPartOf\":{\"@id\":\"https:\/\/kunmedierne.dk\/mors\/#website\"},\"primaryImageOfPage\":{\"@id\":\"https:\/\/kunmedierne.dk\/mors\/stenkast-mod-det-gamle-raadhus-var-indbrud\/#primaryimage\"},\"image\":{\"@id\":\"https:\/\/kunmedierne.dk\/mors\/stenkast-mod-det-gamle-raadhus-var-indbrud\/#primaryimage\"},\"thumbnailUrl\":\"https:\/\/kunmedierne.dk\/mors\/wp-content\/uploads\/2020\/01\/politi-logo3.jpg\",\"datePublished\":\"2020-06-18T06:47:14+00:00\",\"dateModified\":\"2024-08-12T12:05:59+00:00\",\"breadcrumb\":{\"@id\":\"https:\/\/kunmedierne.dk\/mors\/stenkast-mod-det-gamle-raadhus-var-indbrud\/#breadcrumb\"},\"inLanguage\":\"da-DK\",\"potentialAction\":[{\"@type\":\"ReadAction\",\"target\":[\"https:\/\/kunmedierne.dk\/mors\/stenkast-mod-det-gamle-raadhus-var-indbrud\/\"]}]},{\"@type\":\"ImageObject\",\"inLanguage\":\"da-DK\",\"@id\":\"https:\/\/kunmedierne.dk\/mors\/stenkast-mod-det-gamle-raadhus-var-indbrud\/#primaryimage\",\"url\":\"https:\/\/kunmedierne.dk\/mors\/wp-content\/uploads\/2020\/01\/politi-logo3.jpg\",\"contentUrl\":\"https:\/\/kunmedierne.dk\/mors\/wp-content\/uploads\/2020\/01\/politi-logo3.jpg\",\"width\":770,\"height\":513,\"caption\":\"Modeloto: Kim Matth\u00e4i Leland\"},{\"@type\":\"BreadcrumbList\",\"@id\":\"https:\/\/kunmedierne.dk\/mors\/stenkast-mod-det-gamle-raadhus-var-indbrud\/#breadcrumb\",\"itemListElement\":[{\"@type\":\"ListItem\",\"position\":1,\"name\":\"Hjem\",\"item\":\"https:\/\/kunmedierne.dk\/mors\/\"},{\"@type\":\"ListItem\",\"position\":2,\"name\":\"Stenkast mod Det Gamle R\u00e5dhus var indbrud\"}]},{\"@type\":\"WebSite\",\"@id\":\"https:\/\/kunmedierne.dk\/mors\/#website\",\"url\":\"https:\/\/kunmedierne.dk\/mors\/\",\"name\":\"Mors\",\"description\":\"et netmedie med journalistik om livet p\u00e5 Mors\",\"publisher\":{\"@id\":\"https:\/\/kunmedierne.dk\/mors\/#organization\"},\"potentialAction\":[{\"@type\":\"SearchAction\",\"target\":{\"@type\":\"EntryPoint\",\"urlTemplate\":\"https:\/\/kunmedierne.dk\/mors\/?s={search_term_string}\"},\"query-input\":{\"@type\":\"PropertyValueSpecification\",\"valueRequired\":true,\"valueName\":\"search_term_string\"}}],\"inLanguage\":\"da-DK\"},{\"@type\":\"Organization\",\"@id\":\"https:\/\/kunmedierne.dk\/mors\/#organization\",\"name\":\"Mors\",\"url\":\"https:\/\/kunmedierne.dk\/mors\/\",\"logo\":{\"@type\":\"ImageObject\",\"inLanguage\":\"da-DK\",\"@id\":\"https:\/\/kunmedierne.dk\/mors\/#\/schema\/logo\/image\/\",\"url\":\"https:\/\/kunmedierne.dk\/mors\/wp-content\/uploads\/2024\/08\/kunmors-logo.svg\",\"contentUrl\":\"https:\/\/kunmedierne.dk\/mors\/wp-content\/uploads\/2024\/08\/kunmors-logo.svg\",\"caption\":\"Mors\"},\"image\":{\"@id\":\"https:\/\/kunmedierne.dk\/mors\/#\/schema\/logo\/image\/\"}},{\"@type\":\"Person\",\"@id\":\"https:\/\/kunmedierne.dk\/mors\/#\/schema\/person\/5fe23251bf1d0abbcdc6f7896579d548\",\"name\":\"David H\u00f8jmark\",\"image\":{\"@type\":\"ImageObject\",\"inLanguage\":\"da-DK\",\"@id\":\"https:\/\/kunmedierne.dk\/mors\/#\/schema\/person\/image\/\",\"url\":\"https:\/\/secure.gravatar.com\/avatar\/4315d6fb9ef244d729989f5f90268eb08d5bf8a3d84402f595fa194bb35784fd?s=96&d=mm&r=g\",\"contentUrl\":\"https:\/\/secure.gravatar.com\/avatar\/4315d6fb9ef244d729989f5f90268eb08d5bf8a3d84402f595fa194bb35784fd?s=96&d=mm&r=g\",\"caption\":\"David H\u00f8jmark\"},\"sameAs\":[\"https:\/\/www.kunmedierne.dk\"],\"url\":\"https:\/\/kunmedierne.dk\/mors\/author\/david\/\"}]}<\/script>\n<!-- \/ Yoast SEO plugin. -->","yoast_head_json":{"title":"Stenkast mod Det Gamle R\u00e5dhus var indbrud - Mors","robots":{"index":"index","follow":"follow","max-snippet":"max-snippet:-1","max-image-preview":"max-image-preview:large","max-video-preview":"max-video-preview:-1"},"canonical":"https:\/\/kunmedierne.dk\/mors\/stenkast-mod-det-gamle-raadhus-var-indbrud\/","og_locale":"da_DK","og_type":"article","og_title":"Stenkast mod Det Gamle R\u00e5dhus var indbrud - Mors","og_description":"NYK\u00d8BING: Det stenkast mod Det Gamle R\u00e5dhus i Nyk\u00f8bing, der optr\u00e5dte p\u00e5 politirapporten i g\u00e5r, bliver nu ikke l\u00e6ngere betragtet som h\u00e6rv\u00e6rk. If\u00f8lge Karl Tange fra lokalpolitiet i Thisted har man fundet ud af, at der er stj\u00e5let en sort b\u00e6rbar computer fra det kontor, hvor vinduet blev sl\u00e5et ind. Gerningstidsrummet er samtidig udvidet, s\u00e5 [&hellip;]","og_url":"https:\/\/kunmedierne.dk\/mors\/stenkast-mod-det-gamle-raadhus-var-indbrud\/","og_site_name":"Mors","article_published_time":"2020-06-18T06:47:14+00:00","article_modified_time":"2024-08-12T12:05:59+00:00","og_image":[{"width":770,"height":513,"url":"https:\/\/kunmedierne.dk\/mors\/wp-content\/uploads\/2020\/01\/politi-logo3.jpg","type":"image\/jpeg"}],"author":"David H\u00f8jmark","twitter_card":"summary_large_image","twitter_misc":{"Skrevet af":"David H\u00f8jmark","Estimeret l\u00e6setid":"1 minut"},"schema":{"@context":"https:\/\/schema.org","@graph":[{"@type":"Article","@id":"https:\/\/kunmedierne.dk\/mors\/stenkast-mod-det-gamle-raadhus-var-indbrud\/#article","isPartOf":{"@id":"https:\/\/kunmedierne.dk\/mors\/stenkast-mod-det-gamle-raadhus-var-indbrud\/"},"author":{"name":"David H\u00f8jmark","@id":"https:\/\/kunmedierne.dk\/mors\/#\/schema\/person\/5fe23251bf1d0abbcdc6f7896579d548"},"headline":"Stenkast mod Det Gamle R\u00e5dhus var indbrud","datePublished":"2020-06-18T06:47:14+00:00","dateModified":"2024-08-12T12:05:59+00:00","mainEntityOfPage":{"@id":"https:\/\/kunmedierne.dk\/mors\/stenkast-mod-det-gamle-raadhus-var-indbrud\/"},"wordCount":135,"commentCount":0,"publisher":{"@id":"https:\/\/kunmedierne.dk\/mors\/#organization"},"image":{"@id":"https:\/\/kunmedierne.dk\/mors\/stenkast-mod-det-gamle-raadhus-var-indbrud\/#primaryimage"},"thumbnailUrl":"https:\/\/kunmedierne.dk\/mors\/wp-content\/uploads\/2020\/01\/politi-logo3.jpg","articleSection":["Lokalt"],"inLanguage":"da-DK","potentialAction":[{"@type":"CommentAction","name":"Comment","target":["https:\/\/kunmedierne.dk\/mors\/stenkast-mod-det-gamle-raadhus-var-indbrud\/#respond"]}]},{"@type":"WebPage","@id":"https:\/\/kunmedierne.dk\/mors\/stenkast-mod-det-gamle-raadhus-var-indbrud\/","url":"https:\/\/kunmedierne.dk\/mors\/stenkast-mod-det-gamle-raadhus-var-indbrud\/","name":"Stenkast mod Det Gamle R\u00e5dhus var indbrud - Mors","isPartOf":{"@id":"https:\/\/kunmedierne.dk\/mors\/#website"},"primaryImageOfPage":{"@id":"https:\/\/kunmedierne.dk\/mors\/stenkast-mod-det-gamle-raadhus-var-indbrud\/#primaryimage"},"image":{"@id":"https:\/\/kunmedierne.dk\/mors\/stenkast-mod-det-gamle-raadhus-var-indbrud\/#primaryimage"},"thumbnailUrl":"https:\/\/kunmedierne.dk\/mors\/wp-content\/uploads\/2020\/01\/politi-logo3.jpg","datePublished":"2020-06-18T06:47:14+00:00","dateModified":"2024-08-12T12:05:59+00:00","breadcrumb":{"@id":"https:\/\/kunmedierne.dk\/mors\/stenkast-mod-det-gamle-raadhus-var-indbrud\/#breadcrumb"},"inLanguage":"da-DK","potentialAction":[{"@type":"ReadAction","target":["https:\/\/kunmedierne.dk\/mors\/stenkast-mod-det-gamle-raadhus-var-indbrud\/"]}]},{"@type":"ImageObject","inLanguage":"da-DK","@id":"https:\/\/kunmedierne.dk\/mors\/stenkast-mod-det-gamle-raadhus-var-indbrud\/#primaryimage","url":"https:\/\/kunmedierne.dk\/mors\/wp-content\/uploads\/2020\/01\/politi-logo3.jpg","contentUrl":"https:\/\/kunmedierne.dk\/mors\/wp-content\/uploads\/2020\/01\/politi-logo3.jpg","width":770,"height":513,"caption":"Modeloto: Kim Matth\u00e4i Leland"},{"@type":"BreadcrumbList","@id":"https:\/\/kunmedierne.dk\/mors\/stenkast-mod-det-gamle-raadhus-var-indbrud\/#breadcrumb","itemListElement":[{"@type":"ListItem","position":1,"name":"Hjem","item":"https:\/\/kunmedierne.dk\/mors\/"},{"@type":"ListItem","position":2,"name":"Stenkast mod Det Gamle R\u00e5dhus var indbrud"}]},{"@type":"WebSite","@id":"https:\/\/kunmedierne.dk\/mors\/#website","url":"https:\/\/kunmedierne.dk\/mors\/","name":"Mors","description":"et netmedie med journalistik om livet p\u00e5 Mors","publisher":{"@id":"https:\/\/kunmedierne.dk\/mors\/#organization"},"potentialAction":[{"@type":"SearchAction","target":{"@type":"EntryPoint","urlTemplate":"https:\/\/kunmedierne.dk\/mors\/?s={search_term_string}"},"query-input":{"@type":"PropertyValueSpecification","valueRequired":true,"valueName":"search_term_string"}}],"inLanguage":"da-DK"},{"@type":"Organization","@id":"https:\/\/kunmedierne.dk\/mors\/#organization","name":"Mors","url":"https:\/\/kunmedierne.dk\/mors\/","logo":{"@type":"ImageObject","inLanguage":"da-DK","@id":"https:\/\/kunmedierne.dk\/mors\/#\/schema\/logo\/image\/","url":"https:\/\/kunmedierne.dk\/mors\/wp-content\/uploads\/2024\/08\/kunmors-logo.svg","contentUrl":"https:\/\/kunmedierne.dk\/mors\/wp-content\/uploads\/2024\/08\/kunmors-logo.svg","caption":"Mors"},"image":{"@id":"https:\/\/kunmedierne.dk\/mors\/#\/schema\/logo\/image\/"}},{"@type":"Person","@id":"https:\/\/kunmedierne.dk\/mors\/#\/schema\/person\/5fe23251bf1d0abbcdc6f7896579d548","name":"David H\u00f8jmark","image":{"@type":"ImageObject","inLanguage":"da-DK","@id":"https:\/\/kunmedierne.dk\/mors\/#\/schema\/person\/image\/","url":"https:\/\/secure.gravatar.com\/avatar\/4315d6fb9ef244d729989f5f90268eb08d5bf8a3d84402f595fa194bb35784fd?s=96&d=mm&r=g","contentUrl":"https:\/\/secure.gravatar.com\/avatar\/4315d6fb9ef244d729989f5f90268eb08d5bf8a3d84402f595fa194bb35784fd?s=96&d=mm&r=g","caption":"David H\u00f8jmark"},"sameAs":["https:\/\/www.kunmedierne.dk"],"url":"https:\/\/kunmedierne.dk\/mors\/author\/david\/"}]}},"_links":{"self":[{"href":"https:\/\/kunmedierne.dk\/mors\/wp-json\/wp\/v2\/posts\/25707","targetHints":{"allow":["GET"]}}],"collection":[{"href":"https:\/\/kunmedierne.dk\/mors\/wp-json\/wp\/v2\/posts"}],"about":[{"href":"https:\/\/kunmedierne.dk\/mors\/wp-json\/wp\/v2\/types\/post"}],"author":[{"embeddable":true,"href":"https:\/\/kunmedierne.dk\/mors\/wp-json\/wp\/v2\/users\/8"}],"replies":[{"embeddable":true,"href":"https:\/\/kunmedierne.dk\/mors\/wp-json\/wp\/v2\/comments?post=25707"}],"version-history":[{"count":1,"href":"https:\/\/kunmedierne.dk\/mors\/wp-json\/wp\/v2\/posts\/25707\/revisions"}],"predecessor-version":[{"id":25708,"href":"https:\/\/kunmedierne.dk\/mors\/wp-json\/wp\/v2\/posts\/25707\/revisions\/25708"}],"wp:featuredmedia":[{"embeddable":true,"href":"https:\/\/kunmedierne.dk\/mors\/wp-json\/wp\/v2\/media\/3588"}],"wp:attachment":[{"href":"https:\/\/kunmedierne.dk\/mors\/wp-json\/wp\/v2\/media?parent=25707"}],"wp:term":[{"taxonomy":"category","embeddable":true,"href":"https:\/\/kunmedierne.dk\/mors\/wp-json\/wp\/v2\/categories?post=25707"},{"taxonomy":"post_tag","embeddable":true,"href":"https:\/\/kunmedierne.dk\/mors\/wp-json\/wp\/v2\/tags?post=25707"}],"curies":[{"name":"wp","href":"https:\/\/api.w.org\/{rel}","templated":true}]}}