{"id":25624,"date":"2020-06-17T12:12:41","date_gmt":"2020-06-17T10:12:41","guid":{"rendered":"https:\/\/kunmedierne.dk\/mors\/?p=25624"},"modified":"2024-08-12T14:06:00","modified_gmt":"2024-08-12T12:06:00","slug":"doemt-for-haervaerk-paa-brugte-biler","status":"publish","type":"post","link":"https:\/\/kunmedierne.dk\/mors\/doemt-for-haervaerk-paa-brugte-biler\/","title":{"rendered":"D\u00f8mt for h\u00e6rv\u00e6rk p\u00e5 brugte biler"},"content":{"rendered":"<p><strong>NYK\u00d8BING<\/strong>: En aften midt i <a href=\"https:\/\/kunmedierne.dk\/mors\/haervaerk-for-50-000-kroner-paa-skrotbiler\/\" target=\"_blank\" rel=\"noopener noreferrer\">marts<\/a> blev fristelsen \u00e5benbart for stor for en dengang 15-\u00e5rig ung mand fra Nyk\u00f8bing, da han kom forbi J. P. Auto p\u00e5 N. A. Christensens Vej i Nyk\u00f8bing.<\/p>\n<p>Her stod en r\u00e6kke brugte biler, og den 15-\u00e5rige valgte at tage en tur rundt p\u00e5 seks-syv af dem og sparke forruderne i stykker.<\/p>\n<p>\u201dVi kom bare forbi,&#8221; forklarede han til dommeren i den nu afsluttede retssag i retsafdelingen i Thisted.<\/p>\n<p>Den nu 16-\u00e5rige forklarede ogs\u00e5, at to andre, som var med, ikke gjorde noget ved bilerne, og p\u00e5 sp\u00f8rgsm\u00e5let om hvorfor, l\u00f8d svaret: \u201dM\u00e5ske drengestreger\u201d.<\/p>\n<p>Uanset baggrunden kunne den 16-\u00e5rige godt erkende h\u00e6rv\u00e6rket, og straffen blev udm\u00e5lt til 30 dages betinget f\u00e6ngsel.<\/p>\n<p>Og s\u00e5 skal der ogs\u00e5 betales en erstatning til bilfirmaets ejer p\u00e5 knap 34.000 kroner plus procesrenter.<\/p>\n<p>Opg\u00f8relsen over skaderne fra firmaet var et lidt st\u00f8rre bel\u00f8b, men der var nogle enkelte detaljer, som anklageren vurderede, at der ikke var beviser for, og de blev derfor ikke regnet med.<\/p>\n<p>Ud over h\u00e6rv\u00e6rket havde den 16-\u00e5rige ogs\u00e5 en &#8220;afregning&#8221; med samfundet i form af en k\u00f8retur p\u00e5 en lille knallert, der ogs\u00e5 var ulovlig.<\/p>\n<p>Det blev til en b\u00f8de p\u00e5 5000 kroner, to \u00e5rs frakendelse af retten til at k\u00f8re p\u00e5 en lille knallert, og s\u00e5 blev et eventuelt fremtidigt k\u00f8rekort udskudt seks m\u00e5neder.<\/p>\n<p>Den 16-\u00e5rige pr\u00f8vede noget lignende i 2019, hvor han ogs\u00e5 fik en betinget dom, og nu har han 14 dage til at beslutte, om den nye dom skal accepteres, eller den skal til landsretten.<\/p>\n","protected":false},"excerpt":{"rendered":"<p>NYK\u00d8BING: En aften midt i marts blev fristelsen \u00e5benbart for stor for en dengang 15-\u00e5rig ung mand fra Nyk\u00f8bing, da han kom forbi J. P. Auto p\u00e5 N. A. Christensens Vej i Nyk\u00f8bing. Her stod en r\u00e6kke brugte biler, og den 15-\u00e5rige valgte at tage en tur rundt p\u00e5 seks-syv af dem og sparke forruderne [&hellip;]<\/p>\n","protected":false},"author":176,"featured_media":14198,"comment_status":"open","ping_status":"open","sticky":false,"template":"","format":"standard","meta":{"_acf_changed":false,"footnotes":""},"categories":[51],"tags":[],"class_list":["post-25624","post","type-post","status-publish","format-standard","has-post-thumbnail","hentry","category-lokalt"],"acf":[],"yoast_head":"<!-- This site is optimized with the Yoast SEO plugin v26.8 - https:\/\/yoast.com\/product\/yoast-seo-wordpress\/ -->\n<title>D\u00f8mt for h\u00e6rv\u00e6rk p\u00e5 brugte biler - Mors<\/title>\n<meta name=\"robots\" content=\"index, follow, max-snippet:-1, max-image-preview:large, max-video-preview:-1\" \/>\n<link rel=\"canonical\" href=\"https:\/\/kunmedierne.dk\/mors\/doemt-for-haervaerk-paa-brugte-biler\/\" \/>\n<meta property=\"og:locale\" content=\"da_DK\" \/>\n<meta property=\"og:type\" content=\"article\" \/>\n<meta property=\"og:title\" content=\"D\u00f8mt for h\u00e6rv\u00e6rk p\u00e5 brugte biler - Mors\" \/>\n<meta property=\"og:description\" content=\"NYK\u00d8BING: En aften midt i marts blev fristelsen \u00e5benbart for stor for en dengang 15-\u00e5rig ung mand fra Nyk\u00f8bing, da han kom forbi J. P. Auto p\u00e5 N. A. Christensens Vej i Nyk\u00f8bing. Her stod en r\u00e6kke brugte biler, og den 15-\u00e5rige valgte at tage en tur rundt p\u00e5 seks-syv af dem og sparke forruderne [&hellip;]\" \/>\n<meta property=\"og:url\" content=\"https:\/\/kunmedierne.dk\/mors\/doemt-for-haervaerk-paa-brugte-biler\/\" \/>\n<meta property=\"og:site_name\" content=\"Mors\" \/>\n<meta property=\"article:published_time\" content=\"2020-06-17T10:12:41+00:00\" \/>\n<meta property=\"article:modified_time\" content=\"2024-08-12T12:06:00+00:00\" \/>\n<meta property=\"og:image\" content=\"https:\/\/kunmedierne.dk\/mors\/wp-content\/uploads\/2020\/03\/politi-logo.jpg\" \/>\n\t<meta property=\"og:image:width\" content=\"770\" \/>\n\t<meta property=\"og:image:height\" content=\"513\" \/>\n\t<meta property=\"og:image:type\" content=\"image\/jpeg\" \/>\n<meta name=\"author\" content=\"Niels Hansen\" \/>\n<meta name=\"twitter:card\" content=\"summary_large_image\" \/>\n<meta name=\"twitter:label1\" content=\"Skrevet af\" \/>\n\t<meta name=\"twitter:data1\" content=\"Niels Hansen\" \/>\n\t<meta name=\"twitter:label2\" content=\"Estimeret l\u00e6setid\" \/>\n\t<meta name=\"twitter:data2\" content=\"1 minut\" \/>\n<script type=\"application\/ld+json\" class=\"yoast-schema-graph\">{\"@context\":\"https:\/\/schema.org\",\"@graph\":[{\"@type\":\"Article\",\"@id\":\"https:\/\/kunmedierne.dk\/mors\/doemt-for-haervaerk-paa-brugte-biler\/#article\",\"isPartOf\":{\"@id\":\"https:\/\/kunmedierne.dk\/mors\/doemt-for-haervaerk-paa-brugte-biler\/\"},\"author\":{\"name\":\"Niels Hansen\",\"@id\":\"https:\/\/kunmedierne.dk\/mors\/#\/schema\/person\/09cc14cd371d523a3528ea9c4fda5254\"},\"headline\":\"D\u00f8mt for h\u00e6rv\u00e6rk p\u00e5 brugte biler\",\"datePublished\":\"2020-06-17T10:12:41+00:00\",\"dateModified\":\"2024-08-12T12:06:00+00:00\",\"mainEntityOfPage\":{\"@id\":\"https:\/\/kunmedierne.dk\/mors\/doemt-for-haervaerk-paa-brugte-biler\/\"},\"wordCount\":286,\"commentCount\":0,\"publisher\":{\"@id\":\"https:\/\/kunmedierne.dk\/mors\/#organization\"},\"image\":{\"@id\":\"https:\/\/kunmedierne.dk\/mors\/doemt-for-haervaerk-paa-brugte-biler\/#primaryimage\"},\"thumbnailUrl\":\"https:\/\/kunmedierne.dk\/mors\/wp-content\/uploads\/2020\/03\/politi-logo.jpg\",\"articleSection\":[\"Lokalt\"],\"inLanguage\":\"da-DK\",\"potentialAction\":[{\"@type\":\"CommentAction\",\"name\":\"Comment\",\"target\":[\"https:\/\/kunmedierne.dk\/mors\/doemt-for-haervaerk-paa-brugte-biler\/#respond\"]}]},{\"@type\":\"WebPage\",\"@id\":\"https:\/\/kunmedierne.dk\/mors\/doemt-for-haervaerk-paa-brugte-biler\/\",\"url\":\"https:\/\/kunmedierne.dk\/mors\/doemt-for-haervaerk-paa-brugte-biler\/\",\"name\":\"D\u00f8mt for h\u00e6rv\u00e6rk p\u00e5 brugte biler - Mors\",\"isPartOf\":{\"@id\":\"https:\/\/kunmedierne.dk\/mors\/#website\"},\"primaryImageOfPage\":{\"@id\":\"https:\/\/kunmedierne.dk\/mors\/doemt-for-haervaerk-paa-brugte-biler\/#primaryimage\"},\"image\":{\"@id\":\"https:\/\/kunmedierne.dk\/mors\/doemt-for-haervaerk-paa-brugte-biler\/#primaryimage\"},\"thumbnailUrl\":\"https:\/\/kunmedierne.dk\/mors\/wp-content\/uploads\/2020\/03\/politi-logo.jpg\",\"datePublished\":\"2020-06-17T10:12:41+00:00\",\"dateModified\":\"2024-08-12T12:06:00+00:00\",\"breadcrumb\":{\"@id\":\"https:\/\/kunmedierne.dk\/mors\/doemt-for-haervaerk-paa-brugte-biler\/#breadcrumb\"},\"inLanguage\":\"da-DK\",\"potentialAction\":[{\"@type\":\"ReadAction\",\"target\":[\"https:\/\/kunmedierne.dk\/mors\/doemt-for-haervaerk-paa-brugte-biler\/\"]}]},{\"@type\":\"ImageObject\",\"inLanguage\":\"da-DK\",\"@id\":\"https:\/\/kunmedierne.dk\/mors\/doemt-for-haervaerk-paa-brugte-biler\/#primaryimage\",\"url\":\"https:\/\/kunmedierne.dk\/mors\/wp-content\/uploads\/2020\/03\/politi-logo.jpg\",\"contentUrl\":\"https:\/\/kunmedierne.dk\/mors\/wp-content\/uploads\/2020\/03\/politi-logo.jpg\",\"width\":770,\"height\":513,\"caption\":\"Foto: Rigspolitiet\"},{\"@type\":\"BreadcrumbList\",\"@id\":\"https:\/\/kunmedierne.dk\/mors\/doemt-for-haervaerk-paa-brugte-biler\/#breadcrumb\",\"itemListElement\":[{\"@type\":\"ListItem\",\"position\":1,\"name\":\"Hjem\",\"item\":\"https:\/\/kunmedierne.dk\/mors\/\"},{\"@type\":\"ListItem\",\"position\":2,\"name\":\"D\u00f8mt for h\u00e6rv\u00e6rk p\u00e5 brugte biler\"}]},{\"@type\":\"WebSite\",\"@id\":\"https:\/\/kunmedierne.dk\/mors\/#website\",\"url\":\"https:\/\/kunmedierne.dk\/mors\/\",\"name\":\"Mors\",\"description\":\"et netmedie med journalistik om livet p\u00e5 Mors\",\"publisher\":{\"@id\":\"https:\/\/kunmedierne.dk\/mors\/#organization\"},\"potentialAction\":[{\"@type\":\"SearchAction\",\"target\":{\"@type\":\"EntryPoint\",\"urlTemplate\":\"https:\/\/kunmedierne.dk\/mors\/?s={search_term_string}\"},\"query-input\":{\"@type\":\"PropertyValueSpecification\",\"valueRequired\":true,\"valueName\":\"search_term_string\"}}],\"inLanguage\":\"da-DK\"},{\"@type\":\"Organization\",\"@id\":\"https:\/\/kunmedierne.dk\/mors\/#organization\",\"name\":\"Mors\",\"url\":\"https:\/\/kunmedierne.dk\/mors\/\",\"logo\":{\"@type\":\"ImageObject\",\"inLanguage\":\"da-DK\",\"@id\":\"https:\/\/kunmedierne.dk\/mors\/#\/schema\/logo\/image\/\",\"url\":\"https:\/\/kunmedierne.dk\/mors\/wp-content\/uploads\/2024\/08\/kunmors-logo.svg\",\"contentUrl\":\"https:\/\/kunmedierne.dk\/mors\/wp-content\/uploads\/2024\/08\/kunmors-logo.svg\",\"caption\":\"Mors\"},\"image\":{\"@id\":\"https:\/\/kunmedierne.dk\/mors\/#\/schema\/logo\/image\/\"}},{\"@type\":\"Person\",\"@id\":\"https:\/\/kunmedierne.dk\/mors\/#\/schema\/person\/09cc14cd371d523a3528ea9c4fda5254\",\"name\":\"Niels Hansen\",\"image\":{\"@type\":\"ImageObject\",\"inLanguage\":\"da-DK\",\"@id\":\"https:\/\/kunmedierne.dk\/mors\/#\/schema\/person\/image\/\",\"url\":\"https:\/\/secure.gravatar.com\/avatar\/568e84d860856800f9f57c56a1d8280df5422f50943b8f79fd25417a3720af53?s=96&d=mm&r=g\",\"contentUrl\":\"https:\/\/secure.gravatar.com\/avatar\/568e84d860856800f9f57c56a1d8280df5422f50943b8f79fd25417a3720af53?s=96&d=mm&r=g\",\"caption\":\"Niels Hansen\"},\"url\":\"https:\/\/kunmedierne.dk\/mors\/author\/niels-hansen\/\"}]}<\/script>\n<!-- \/ Yoast SEO plugin. -->","yoast_head_json":{"title":"D\u00f8mt for h\u00e6rv\u00e6rk p\u00e5 brugte biler - Mors","robots":{"index":"index","follow":"follow","max-snippet":"max-snippet:-1","max-image-preview":"max-image-preview:large","max-video-preview":"max-video-preview:-1"},"canonical":"https:\/\/kunmedierne.dk\/mors\/doemt-for-haervaerk-paa-brugte-biler\/","og_locale":"da_DK","og_type":"article","og_title":"D\u00f8mt for h\u00e6rv\u00e6rk p\u00e5 brugte biler - Mors","og_description":"NYK\u00d8BING: En aften midt i marts blev fristelsen \u00e5benbart for stor for en dengang 15-\u00e5rig ung mand fra Nyk\u00f8bing, da han kom forbi J. P. Auto p\u00e5 N. A. Christensens Vej i Nyk\u00f8bing. Her stod en r\u00e6kke brugte biler, og den 15-\u00e5rige valgte at tage en tur rundt p\u00e5 seks-syv af dem og sparke forruderne [&hellip;]","og_url":"https:\/\/kunmedierne.dk\/mors\/doemt-for-haervaerk-paa-brugte-biler\/","og_site_name":"Mors","article_published_time":"2020-06-17T10:12:41+00:00","article_modified_time":"2024-08-12T12:06:00+00:00","og_image":[{"width":770,"height":513,"url":"https:\/\/kunmedierne.dk\/mors\/wp-content\/uploads\/2020\/03\/politi-logo.jpg","type":"image\/jpeg"}],"author":"Niels Hansen","twitter_card":"summary_large_image","twitter_misc":{"Skrevet af":"Niels Hansen","Estimeret l\u00e6setid":"1 minut"},"schema":{"@context":"https:\/\/schema.org","@graph":[{"@type":"Article","@id":"https:\/\/kunmedierne.dk\/mors\/doemt-for-haervaerk-paa-brugte-biler\/#article","isPartOf":{"@id":"https:\/\/kunmedierne.dk\/mors\/doemt-for-haervaerk-paa-brugte-biler\/"},"author":{"name":"Niels Hansen","@id":"https:\/\/kunmedierne.dk\/mors\/#\/schema\/person\/09cc14cd371d523a3528ea9c4fda5254"},"headline":"D\u00f8mt for h\u00e6rv\u00e6rk p\u00e5 brugte biler","datePublished":"2020-06-17T10:12:41+00:00","dateModified":"2024-08-12T12:06:00+00:00","mainEntityOfPage":{"@id":"https:\/\/kunmedierne.dk\/mors\/doemt-for-haervaerk-paa-brugte-biler\/"},"wordCount":286,"commentCount":0,"publisher":{"@id":"https:\/\/kunmedierne.dk\/mors\/#organization"},"image":{"@id":"https:\/\/kunmedierne.dk\/mors\/doemt-for-haervaerk-paa-brugte-biler\/#primaryimage"},"thumbnailUrl":"https:\/\/kunmedierne.dk\/mors\/wp-content\/uploads\/2020\/03\/politi-logo.jpg","articleSection":["Lokalt"],"inLanguage":"da-DK","potentialAction":[{"@type":"CommentAction","name":"Comment","target":["https:\/\/kunmedierne.dk\/mors\/doemt-for-haervaerk-paa-brugte-biler\/#respond"]}]},{"@type":"WebPage","@id":"https:\/\/kunmedierne.dk\/mors\/doemt-for-haervaerk-paa-brugte-biler\/","url":"https:\/\/kunmedierne.dk\/mors\/doemt-for-haervaerk-paa-brugte-biler\/","name":"D\u00f8mt for h\u00e6rv\u00e6rk p\u00e5 brugte biler - Mors","isPartOf":{"@id":"https:\/\/kunmedierne.dk\/mors\/#website"},"primaryImageOfPage":{"@id":"https:\/\/kunmedierne.dk\/mors\/doemt-for-haervaerk-paa-brugte-biler\/#primaryimage"},"image":{"@id":"https:\/\/kunmedierne.dk\/mors\/doemt-for-haervaerk-paa-brugte-biler\/#primaryimage"},"thumbnailUrl":"https:\/\/kunmedierne.dk\/mors\/wp-content\/uploads\/2020\/03\/politi-logo.jpg","datePublished":"2020-06-17T10:12:41+00:00","dateModified":"2024-08-12T12:06:00+00:00","breadcrumb":{"@id":"https:\/\/kunmedierne.dk\/mors\/doemt-for-haervaerk-paa-brugte-biler\/#breadcrumb"},"inLanguage":"da-DK","potentialAction":[{"@type":"ReadAction","target":["https:\/\/kunmedierne.dk\/mors\/doemt-for-haervaerk-paa-brugte-biler\/"]}]},{"@type":"ImageObject","inLanguage":"da-DK","@id":"https:\/\/kunmedierne.dk\/mors\/doemt-for-haervaerk-paa-brugte-biler\/#primaryimage","url":"https:\/\/kunmedierne.dk\/mors\/wp-content\/uploads\/2020\/03\/politi-logo.jpg","contentUrl":"https:\/\/kunmedierne.dk\/mors\/wp-content\/uploads\/2020\/03\/politi-logo.jpg","width":770,"height":513,"caption":"Foto: Rigspolitiet"},{"@type":"BreadcrumbList","@id":"https:\/\/kunmedierne.dk\/mors\/doemt-for-haervaerk-paa-brugte-biler\/#breadcrumb","itemListElement":[{"@type":"ListItem","position":1,"name":"Hjem","item":"https:\/\/kunmedierne.dk\/mors\/"},{"@type":"ListItem","position":2,"name":"D\u00f8mt for h\u00e6rv\u00e6rk p\u00e5 brugte biler"}]},{"@type":"WebSite","@id":"https:\/\/kunmedierne.dk\/mors\/#website","url":"https:\/\/kunmedierne.dk\/mors\/","name":"Mors","description":"et netmedie med journalistik om livet p\u00e5 Mors","publisher":{"@id":"https:\/\/kunmedierne.dk\/mors\/#organization"},"potentialAction":[{"@type":"SearchAction","target":{"@type":"EntryPoint","urlTemplate":"https:\/\/kunmedierne.dk\/mors\/?s={search_term_string}"},"query-input":{"@type":"PropertyValueSpecification","valueRequired":true,"valueName":"search_term_string"}}],"inLanguage":"da-DK"},{"@type":"Organization","@id":"https:\/\/kunmedierne.dk\/mors\/#organization","name":"Mors","url":"https:\/\/kunmedierne.dk\/mors\/","logo":{"@type":"ImageObject","inLanguage":"da-DK","@id":"https:\/\/kunmedierne.dk\/mors\/#\/schema\/logo\/image\/","url":"https:\/\/kunmedierne.dk\/mors\/wp-content\/uploads\/2024\/08\/kunmors-logo.svg","contentUrl":"https:\/\/kunmedierne.dk\/mors\/wp-content\/uploads\/2024\/08\/kunmors-logo.svg","caption":"Mors"},"image":{"@id":"https:\/\/kunmedierne.dk\/mors\/#\/schema\/logo\/image\/"}},{"@type":"Person","@id":"https:\/\/kunmedierne.dk\/mors\/#\/schema\/person\/09cc14cd371d523a3528ea9c4fda5254","name":"Niels Hansen","image":{"@type":"ImageObject","inLanguage":"da-DK","@id":"https:\/\/kunmedierne.dk\/mors\/#\/schema\/person\/image\/","url":"https:\/\/secure.gravatar.com\/avatar\/568e84d860856800f9f57c56a1d8280df5422f50943b8f79fd25417a3720af53?s=96&d=mm&r=g","contentUrl":"https:\/\/secure.gravatar.com\/avatar\/568e84d860856800f9f57c56a1d8280df5422f50943b8f79fd25417a3720af53?s=96&d=mm&r=g","caption":"Niels Hansen"},"url":"https:\/\/kunmedierne.dk\/mors\/author\/niels-hansen\/"}]}},"_links":{"self":[{"href":"https:\/\/kunmedierne.dk\/mors\/wp-json\/wp\/v2\/posts\/25624","targetHints":{"allow":["GET"]}}],"collection":[{"href":"https:\/\/kunmedierne.dk\/mors\/wp-json\/wp\/v2\/posts"}],"about":[{"href":"https:\/\/kunmedierne.dk\/mors\/wp-json\/wp\/v2\/types\/post"}],"author":[{"embeddable":true,"href":"https:\/\/kunmedierne.dk\/mors\/wp-json\/wp\/v2\/users\/176"}],"replies":[{"embeddable":true,"href":"https:\/\/kunmedierne.dk\/mors\/wp-json\/wp\/v2\/comments?post=25624"}],"version-history":[{"count":5,"href":"https:\/\/kunmedierne.dk\/mors\/wp-json\/wp\/v2\/posts\/25624\/revisions"}],"predecessor-version":[{"id":25636,"href":"https:\/\/kunmedierne.dk\/mors\/wp-json\/wp\/v2\/posts\/25624\/revisions\/25636"}],"wp:featuredmedia":[{"embeddable":true,"href":"https:\/\/kunmedierne.dk\/mors\/wp-json\/wp\/v2\/media\/14198"}],"wp:attachment":[{"href":"https:\/\/kunmedierne.dk\/mors\/wp-json\/wp\/v2\/media?parent=25624"}],"wp:term":[{"taxonomy":"category","embeddable":true,"href":"https:\/\/kunmedierne.dk\/mors\/wp-json\/wp\/v2\/categories?post=25624"},{"taxonomy":"post_tag","embeddable":true,"href":"https:\/\/kunmedierne.dk\/mors\/wp-json\/wp\/v2\/tags?post=25624"}],"curies":[{"name":"wp","href":"https:\/\/api.w.org\/{rel}","templated":true}]}}