{"id":25526,"date":"2020-06-16T09:21:08","date_gmt":"2020-06-16T07:21:08","guid":{"rendered":"https:\/\/kunmedierne.dk\/mors\/?p=25526"},"modified":"2024-08-12T14:06:00","modified_gmt":"2024-08-12T12:06:00","slug":"naessundfaergen-aabner-for-aftentur-i-to-versioner","status":"publish","type":"post","link":"https:\/\/kunmedierne.dk\/mors\/naessundfaergen-aabner-for-aftentur-i-to-versioner\/","title":{"rendered":"N\u00e6ssundf\u00e6rgen \u00e5bner for aftentur i to versioner"},"content":{"rendered":"<p style=\"text-align: center;\"><em>Fra N\u00e6ssundf\u00e6rgens Venner har vi modtaget:<\/em><\/p>\n<hr \/>\n<p><strong>N\u00c6SSUND:<\/strong> Sommervarmen er over os, og det skal nydes ogs\u00e5 p\u00e5 fjorden, s\u00e5 N\u00e6ssundf\u00e6rgen drager afsted i denne uge p\u00e5 b\u00e5de den klassiske aftenudflugt og gentager drive-in succes allerede i morgen onsdag.<\/p>\n<p>Mange har l\u00e6ngtes efter aftenudflugt p\u00e5 fjorden med en god slagterschnitzel ved bordene p\u00e5 d\u00e6kket, hvor overd\u00e6kningen sikrer b\u00e5de l\u00e6 for vind og ly for sol eller en byge. P\u00e5 fredag 19. juni drager vi afsted rigget til med tre sm\u00e5 borde med plads til fem g\u00e6ster og fire store borde med plads til otte g\u00e6ster. Vi sikrer dermed, at antallet holder sig under de 50 g\u00e6ster p\u00e5 d\u00e6kket. Der vil v\u00e6re servering af mad og drikkevarer ved bordene for at undg\u00e5 at st\u00e5 i k\u00f8. Samtidig vil der v\u00e6re god plads imellem bordene.<\/p>\n<p>&nbsp;<\/p>\n<p><strong>G\u00e6sterne skal nu k\u00f8be et helt bord<\/strong><\/p>\n<p>Vil man p\u00e5 tur, m\u00e5 man k\u00f8be sig enten et lille bord til fem personer eller et stort bord til otte personer. S\u00e5 m\u00e5 man samle de g\u00e6ster, man gerne vil p\u00e5 udflugt sammen med. Prisen for et lille bord er 600,- og et stort bord 900,-. Hertil kommer aftenenmenu til kr. 120,- pr. person.<\/p>\n<p>&#8220;Det er en ny m\u00e5de at s\u00e6lge vores aftenudflugter p\u00e5, og vi h\u00e5ber, at det vil im\u00f8dekomme behovet for at komme ud p\u00e5 fjorden samtidig med, at \u00f8nsket om tryghed ogs\u00e5 sikres og im\u00f8dekommes,&#8221; fort\u00e6ller Henrik Olsen, formand for N\u00e6ssundf\u00e6rgens Venner.<\/p>\n<p>&nbsp;<\/p>\n<p><strong>Vi gentager succes med drive-in p\u00e5 f\u00e6rgen \u2013 allerede i morgen aften<\/strong><\/p>\n<p>Med stor succes testede vi ideen om at tage p\u00e5 udflugt med biler ombord for cirka 14 dage siden. Nu er det gode vejr tilbage, og onsdag aften ser ud til at blive fantastisk. Fyld bilen med familie, de \u00e6ldre som har siddet inde l\u00e6nge nok og andre, der tr\u00e6nger til sol og fjordluft. Vi har p\u00e5 aftenens tre afgange plads til i alt otte biler p\u00e5 hver afgang.<\/p>\n<p>Hver bil koster kr. 450,- uanset antal personer \u2013 maksimal st\u00f8rrelse er minibus. Ud over betaling pr. bil kommer mad og drikkevarer, som man \u00f8nsker at tilk\u00f8be p\u00e5 turen. Mad skal forudbestilles.<\/p>\n<p><strong>F\u00f8rste tur <\/strong>g\u00e5r fra Mors klokken 18.30 og fra Thy-siden fem minutter senere. Her kan der bestilles et l\u00e6kkert landgangsbr\u00f8d s\u00e5 aftensmaden er i hus. Pr pers 75,-<\/p>\n<p><strong>Anden tur <\/strong>g\u00e5r fra Mors kl. 20.00 og fra Thy-siden 5 min. senere. Det er aftenkaffetur med sk\u00f8n kage. Pr. person 65,-<\/p>\n<p><strong>Tredje tur <\/strong>g\u00e5r fra Mors kl. 21.30 og fra Thy-siden 5 min. senere. Her tilbyder vi en solnedgangstur med champagne\/hvidvin (efter \u00f8nske) og en l\u00e6kker frugtsk\u00e5l. Pr. person 75,-<\/p>\n<p>Tilmelding er i f\u00f8rste omgang manuelt, enten vha. sms eller et ring p\u00e5 2040 9168, hvor man ogs\u00e5 kan stille n\u00e6rmere sp\u00f8rgsm\u00e5l.<\/p>\n<p>Bedste s\u00f8mandshilsner<\/p>\n<p>Henrik Olsen<\/p>\n<hr \/>\n<p><em>KunMors stiller en hel sektion med titlen Fritid til r\u00e5dighed for \u00f8ens foreninger og haller\/fritidscentre. Alle har mulighed for at f\u00e5 publiceret \u00e9n gratis tekst inden for samme kalenderm\u00e5ned om for eksempel livet i foreningen eller kommende tiltag.<\/em><\/p>\n<p><em>Send indl\u00e6g (max 6000 anslag) til KunMors p\u00e5 e-mail: fritid@kunmedierne.dk\/mors. S\u00e5 bringer vi det en af de f\u00f8lgende dage efter modtagelse. Vi p\u00e5tager os ikke at l\u00e6se korrektur p\u00e5 modtaget materiale, s\u00e5 husk at g\u00f8re det selv eller f\u00e5 andre til det.<\/em><\/p>\n<p><em>NB: Indkaldelse til generalforsamling optages kun som annonce.<\/em><\/p>\n","protected":false},"excerpt":{"rendered":"<p>Fra N\u00e6ssundf\u00e6rgens Venner har vi modtaget: N\u00c6SSUND: Sommervarmen er over os, og det skal nydes ogs\u00e5 p\u00e5 fjorden, s\u00e5 N\u00e6ssundf\u00e6rgen drager afsted i denne uge p\u00e5 b\u00e5de den klassiske aftenudflugt og gentager drive-in succes allerede i morgen onsdag. Mange har l\u00e6ngtes efter aftenudflugt p\u00e5 fjorden med en god slagterschnitzel ved bordene p\u00e5 d\u00e6kket, hvor overd\u00e6kningen [&hellip;]<\/p>\n","protected":false},"author":747,"featured_media":25529,"comment_status":"open","ping_status":"open","sticky":false,"template":"","format":"standard","meta":{"_acf_changed":false,"footnotes":""},"categories":[51],"tags":[196],"class_list":["post-25526","post","type-post","status-publish","format-standard","has-post-thumbnail","hentry","category-lokalt","tag-foreningsliv"],"acf":[],"yoast_head":"<!-- This site is optimized with the Yoast SEO plugin v26.8 - https:\/\/yoast.com\/product\/yoast-seo-wordpress\/ -->\n<title>N\u00e6ssundf\u00e6rgen \u00e5bner for aftentur i to versioner - Mors<\/title>\n<meta name=\"robots\" content=\"index, follow, max-snippet:-1, max-image-preview:large, max-video-preview:-1\" \/>\n<link rel=\"canonical\" href=\"https:\/\/kunmedierne.dk\/mors\/naessundfaergen-aabner-for-aftentur-i-to-versioner\/\" \/>\n<meta property=\"og:locale\" content=\"da_DK\" \/>\n<meta property=\"og:type\" content=\"article\" \/>\n<meta property=\"og:title\" content=\"N\u00e6ssundf\u00e6rgen \u00e5bner for aftentur i to versioner - Mors\" \/>\n<meta property=\"og:description\" content=\"Fra N\u00e6ssundf\u00e6rgens Venner har vi modtaget: N\u00c6SSUND: Sommervarmen er over os, og det skal nydes ogs\u00e5 p\u00e5 fjorden, s\u00e5 N\u00e6ssundf\u00e6rgen drager afsted i denne uge p\u00e5 b\u00e5de den klassiske aftenudflugt og gentager drive-in succes allerede i morgen onsdag. Mange har l\u00e6ngtes efter aftenudflugt p\u00e5 fjorden med en god slagterschnitzel ved bordene p\u00e5 d\u00e6kket, hvor overd\u00e6kningen [&hellip;]\" \/>\n<meta property=\"og:url\" content=\"https:\/\/kunmedierne.dk\/mors\/naessundfaergen-aabner-for-aftentur-i-to-versioner\/\" \/>\n<meta property=\"og:site_name\" content=\"Mors\" \/>\n<meta property=\"article:published_time\" content=\"2020-06-16T07:21:08+00:00\" \/>\n<meta property=\"article:modified_time\" content=\"2024-08-12T12:06:00+00:00\" \/>\n<meta property=\"og:image\" content=\"https:\/\/kunmedierne.dk\/mors\/wp-content\/uploads\/2020\/06\/Klar-til-afgang-for-aftentur.jpg\" \/>\n\t<meta property=\"og:image:width\" content=\"770\" \/>\n\t<meta property=\"og:image:height\" content=\"513\" \/>\n\t<meta property=\"og:image:type\" content=\"image\/jpeg\" \/>\n<meta name=\"author\" content=\"Redaktion\" \/>\n<meta name=\"twitter:card\" content=\"summary_large_image\" \/>\n<meta name=\"twitter:label1\" content=\"Skrevet af\" \/>\n\t<meta name=\"twitter:data1\" content=\"Redaktion\" \/>\n\t<meta name=\"twitter:label2\" content=\"Estimeret l\u00e6setid\" \/>\n\t<meta name=\"twitter:data2\" content=\"3 minutter\" \/>\n<script type=\"application\/ld+json\" class=\"yoast-schema-graph\">{\"@context\":\"https:\/\/schema.org\",\"@graph\":[{\"@type\":\"Article\",\"@id\":\"https:\/\/kunmedierne.dk\/mors\/naessundfaergen-aabner-for-aftentur-i-to-versioner\/#article\",\"isPartOf\":{\"@id\":\"https:\/\/kunmedierne.dk\/mors\/naessundfaergen-aabner-for-aftentur-i-to-versioner\/\"},\"author\":{\"name\":\"Redaktion\",\"@id\":\"https:\/\/kunmedierne.dk\/mors\/#\/schema\/person\/23238f24c03ec888fff51102de5a585f\"},\"headline\":\"N\u00e6ssundf\u00e6rgen \u00e5bner for aftentur i to versioner\",\"datePublished\":\"2020-06-16T07:21:08+00:00\",\"dateModified\":\"2024-08-12T12:06:00+00:00\",\"mainEntityOfPage\":{\"@id\":\"https:\/\/kunmedierne.dk\/mors\/naessundfaergen-aabner-for-aftentur-i-to-versioner\/\"},\"wordCount\":598,\"commentCount\":0,\"publisher\":{\"@id\":\"https:\/\/kunmedierne.dk\/mors\/#organization\"},\"image\":{\"@id\":\"https:\/\/kunmedierne.dk\/mors\/naessundfaergen-aabner-for-aftentur-i-to-versioner\/#primaryimage\"},\"thumbnailUrl\":\"https:\/\/kunmedierne.dk\/mors\/wp-content\/uploads\/2020\/06\/Klar-til-afgang-for-aftentur.jpg\",\"keywords\":[\"Foreningsliv\"],\"articleSection\":[\"Lokalt\"],\"inLanguage\":\"da-DK\",\"potentialAction\":[{\"@type\":\"CommentAction\",\"name\":\"Comment\",\"target\":[\"https:\/\/kunmedierne.dk\/mors\/naessundfaergen-aabner-for-aftentur-i-to-versioner\/#respond\"]}]},{\"@type\":\"WebPage\",\"@id\":\"https:\/\/kunmedierne.dk\/mors\/naessundfaergen-aabner-for-aftentur-i-to-versioner\/\",\"url\":\"https:\/\/kunmedierne.dk\/mors\/naessundfaergen-aabner-for-aftentur-i-to-versioner\/\",\"name\":\"N\u00e6ssundf\u00e6rgen \u00e5bner for aftentur i to versioner - Mors\",\"isPartOf\":{\"@id\":\"https:\/\/kunmedierne.dk\/mors\/#website\"},\"primaryImageOfPage\":{\"@id\":\"https:\/\/kunmedierne.dk\/mors\/naessundfaergen-aabner-for-aftentur-i-to-versioner\/#primaryimage\"},\"image\":{\"@id\":\"https:\/\/kunmedierne.dk\/mors\/naessundfaergen-aabner-for-aftentur-i-to-versioner\/#primaryimage\"},\"thumbnailUrl\":\"https:\/\/kunmedierne.dk\/mors\/wp-content\/uploads\/2020\/06\/Klar-til-afgang-for-aftentur.jpg\",\"datePublished\":\"2020-06-16T07:21:08+00:00\",\"dateModified\":\"2024-08-12T12:06:00+00:00\",\"breadcrumb\":{\"@id\":\"https:\/\/kunmedierne.dk\/mors\/naessundfaergen-aabner-for-aftentur-i-to-versioner\/#breadcrumb\"},\"inLanguage\":\"da-DK\",\"potentialAction\":[{\"@type\":\"ReadAction\",\"target\":[\"https:\/\/kunmedierne.dk\/mors\/naessundfaergen-aabner-for-aftentur-i-to-versioner\/\"]}]},{\"@type\":\"ImageObject\",\"inLanguage\":\"da-DK\",\"@id\":\"https:\/\/kunmedierne.dk\/mors\/naessundfaergen-aabner-for-aftentur-i-to-versioner\/#primaryimage\",\"url\":\"https:\/\/kunmedierne.dk\/mors\/wp-content\/uploads\/2020\/06\/Klar-til-afgang-for-aftentur.jpg\",\"contentUrl\":\"https:\/\/kunmedierne.dk\/mors\/wp-content\/uploads\/2020\/06\/Klar-til-afgang-for-aftentur.jpg\",\"width\":770,\"height\":513,\"caption\":\"Klar til afgang for aftentur. Foto: N\u00e6ssundf\u00e6rgens Venner\"},{\"@type\":\"BreadcrumbList\",\"@id\":\"https:\/\/kunmedierne.dk\/mors\/naessundfaergen-aabner-for-aftentur-i-to-versioner\/#breadcrumb\",\"itemListElement\":[{\"@type\":\"ListItem\",\"position\":1,\"name\":\"Hjem\",\"item\":\"https:\/\/kunmedierne.dk\/mors\/\"},{\"@type\":\"ListItem\",\"position\":2,\"name\":\"N\u00e6ssundf\u00e6rgen \u00e5bner for aftentur i to versioner\"}]},{\"@type\":\"WebSite\",\"@id\":\"https:\/\/kunmedierne.dk\/mors\/#website\",\"url\":\"https:\/\/kunmedierne.dk\/mors\/\",\"name\":\"Mors\",\"description\":\"et netmedie med journalistik om livet p\u00e5 Mors\",\"publisher\":{\"@id\":\"https:\/\/kunmedierne.dk\/mors\/#organization\"},\"potentialAction\":[{\"@type\":\"SearchAction\",\"target\":{\"@type\":\"EntryPoint\",\"urlTemplate\":\"https:\/\/kunmedierne.dk\/mors\/?s={search_term_string}\"},\"query-input\":{\"@type\":\"PropertyValueSpecification\",\"valueRequired\":true,\"valueName\":\"search_term_string\"}}],\"inLanguage\":\"da-DK\"},{\"@type\":\"Organization\",\"@id\":\"https:\/\/kunmedierne.dk\/mors\/#organization\",\"name\":\"Mors\",\"url\":\"https:\/\/kunmedierne.dk\/mors\/\",\"logo\":{\"@type\":\"ImageObject\",\"inLanguage\":\"da-DK\",\"@id\":\"https:\/\/kunmedierne.dk\/mors\/#\/schema\/logo\/image\/\",\"url\":\"https:\/\/kunmedierne.dk\/mors\/wp-content\/uploads\/2024\/08\/kunmors-logo.svg\",\"contentUrl\":\"https:\/\/kunmedierne.dk\/mors\/wp-content\/uploads\/2024\/08\/kunmors-logo.svg\",\"caption\":\"Mors\"},\"image\":{\"@id\":\"https:\/\/kunmedierne.dk\/mors\/#\/schema\/logo\/image\/\"}},{\"@type\":\"Person\",\"@id\":\"https:\/\/kunmedierne.dk\/mors\/#\/schema\/person\/23238f24c03ec888fff51102de5a585f\",\"name\":\"Redaktion\",\"image\":{\"@type\":\"ImageObject\",\"inLanguage\":\"da-DK\",\"@id\":\"https:\/\/kunmedierne.dk\/mors\/#\/schema\/person\/image\/\",\"url\":\"https:\/\/secure.gravatar.com\/avatar\/690249c43fd60787b97b93384a212aafd43f4087384fe866ff6bcd15574fdf55?s=96&d=mm&r=g\",\"contentUrl\":\"https:\/\/secure.gravatar.com\/avatar\/690249c43fd60787b97b93384a212aafd43f4087384fe866ff6bcd15574fdf55?s=96&d=mm&r=g\",\"caption\":\"Redaktion\"},\"url\":\"https:\/\/kunmedierne.dk\/mors\/author\/redaktion\/\"}]}<\/script>\n<!-- \/ Yoast SEO plugin. -->","yoast_head_json":{"title":"N\u00e6ssundf\u00e6rgen \u00e5bner for aftentur i to versioner - Mors","robots":{"index":"index","follow":"follow","max-snippet":"max-snippet:-1","max-image-preview":"max-image-preview:large","max-video-preview":"max-video-preview:-1"},"canonical":"https:\/\/kunmedierne.dk\/mors\/naessundfaergen-aabner-for-aftentur-i-to-versioner\/","og_locale":"da_DK","og_type":"article","og_title":"N\u00e6ssundf\u00e6rgen \u00e5bner for aftentur i to versioner - Mors","og_description":"Fra N\u00e6ssundf\u00e6rgens Venner har vi modtaget: N\u00c6SSUND: Sommervarmen er over os, og det skal nydes ogs\u00e5 p\u00e5 fjorden, s\u00e5 N\u00e6ssundf\u00e6rgen drager afsted i denne uge p\u00e5 b\u00e5de den klassiske aftenudflugt og gentager drive-in succes allerede i morgen onsdag. Mange har l\u00e6ngtes efter aftenudflugt p\u00e5 fjorden med en god slagterschnitzel ved bordene p\u00e5 d\u00e6kket, hvor overd\u00e6kningen [&hellip;]","og_url":"https:\/\/kunmedierne.dk\/mors\/naessundfaergen-aabner-for-aftentur-i-to-versioner\/","og_site_name":"Mors","article_published_time":"2020-06-16T07:21:08+00:00","article_modified_time":"2024-08-12T12:06:00+00:00","og_image":[{"width":770,"height":513,"url":"https:\/\/kunmedierne.dk\/mors\/wp-content\/uploads\/2020\/06\/Klar-til-afgang-for-aftentur.jpg","type":"image\/jpeg"}],"author":"Redaktion","twitter_card":"summary_large_image","twitter_misc":{"Skrevet af":"Redaktion","Estimeret l\u00e6setid":"3 minutter"},"schema":{"@context":"https:\/\/schema.org","@graph":[{"@type":"Article","@id":"https:\/\/kunmedierne.dk\/mors\/naessundfaergen-aabner-for-aftentur-i-to-versioner\/#article","isPartOf":{"@id":"https:\/\/kunmedierne.dk\/mors\/naessundfaergen-aabner-for-aftentur-i-to-versioner\/"},"author":{"name":"Redaktion","@id":"https:\/\/kunmedierne.dk\/mors\/#\/schema\/person\/23238f24c03ec888fff51102de5a585f"},"headline":"N\u00e6ssundf\u00e6rgen \u00e5bner for aftentur i to versioner","datePublished":"2020-06-16T07:21:08+00:00","dateModified":"2024-08-12T12:06:00+00:00","mainEntityOfPage":{"@id":"https:\/\/kunmedierne.dk\/mors\/naessundfaergen-aabner-for-aftentur-i-to-versioner\/"},"wordCount":598,"commentCount":0,"publisher":{"@id":"https:\/\/kunmedierne.dk\/mors\/#organization"},"image":{"@id":"https:\/\/kunmedierne.dk\/mors\/naessundfaergen-aabner-for-aftentur-i-to-versioner\/#primaryimage"},"thumbnailUrl":"https:\/\/kunmedierne.dk\/mors\/wp-content\/uploads\/2020\/06\/Klar-til-afgang-for-aftentur.jpg","keywords":["Foreningsliv"],"articleSection":["Lokalt"],"inLanguage":"da-DK","potentialAction":[{"@type":"CommentAction","name":"Comment","target":["https:\/\/kunmedierne.dk\/mors\/naessundfaergen-aabner-for-aftentur-i-to-versioner\/#respond"]}]},{"@type":"WebPage","@id":"https:\/\/kunmedierne.dk\/mors\/naessundfaergen-aabner-for-aftentur-i-to-versioner\/","url":"https:\/\/kunmedierne.dk\/mors\/naessundfaergen-aabner-for-aftentur-i-to-versioner\/","name":"N\u00e6ssundf\u00e6rgen \u00e5bner for aftentur i to versioner - Mors","isPartOf":{"@id":"https:\/\/kunmedierne.dk\/mors\/#website"},"primaryImageOfPage":{"@id":"https:\/\/kunmedierne.dk\/mors\/naessundfaergen-aabner-for-aftentur-i-to-versioner\/#primaryimage"},"image":{"@id":"https:\/\/kunmedierne.dk\/mors\/naessundfaergen-aabner-for-aftentur-i-to-versioner\/#primaryimage"},"thumbnailUrl":"https:\/\/kunmedierne.dk\/mors\/wp-content\/uploads\/2020\/06\/Klar-til-afgang-for-aftentur.jpg","datePublished":"2020-06-16T07:21:08+00:00","dateModified":"2024-08-12T12:06:00+00:00","breadcrumb":{"@id":"https:\/\/kunmedierne.dk\/mors\/naessundfaergen-aabner-for-aftentur-i-to-versioner\/#breadcrumb"},"inLanguage":"da-DK","potentialAction":[{"@type":"ReadAction","target":["https:\/\/kunmedierne.dk\/mors\/naessundfaergen-aabner-for-aftentur-i-to-versioner\/"]}]},{"@type":"ImageObject","inLanguage":"da-DK","@id":"https:\/\/kunmedierne.dk\/mors\/naessundfaergen-aabner-for-aftentur-i-to-versioner\/#primaryimage","url":"https:\/\/kunmedierne.dk\/mors\/wp-content\/uploads\/2020\/06\/Klar-til-afgang-for-aftentur.jpg","contentUrl":"https:\/\/kunmedierne.dk\/mors\/wp-content\/uploads\/2020\/06\/Klar-til-afgang-for-aftentur.jpg","width":770,"height":513,"caption":"Klar til afgang for aftentur. Foto: N\u00e6ssundf\u00e6rgens Venner"},{"@type":"BreadcrumbList","@id":"https:\/\/kunmedierne.dk\/mors\/naessundfaergen-aabner-for-aftentur-i-to-versioner\/#breadcrumb","itemListElement":[{"@type":"ListItem","position":1,"name":"Hjem","item":"https:\/\/kunmedierne.dk\/mors\/"},{"@type":"ListItem","position":2,"name":"N\u00e6ssundf\u00e6rgen \u00e5bner for aftentur i to versioner"}]},{"@type":"WebSite","@id":"https:\/\/kunmedierne.dk\/mors\/#website","url":"https:\/\/kunmedierne.dk\/mors\/","name":"Mors","description":"et netmedie med journalistik om livet p\u00e5 Mors","publisher":{"@id":"https:\/\/kunmedierne.dk\/mors\/#organization"},"potentialAction":[{"@type":"SearchAction","target":{"@type":"EntryPoint","urlTemplate":"https:\/\/kunmedierne.dk\/mors\/?s={search_term_string}"},"query-input":{"@type":"PropertyValueSpecification","valueRequired":true,"valueName":"search_term_string"}}],"inLanguage":"da-DK"},{"@type":"Organization","@id":"https:\/\/kunmedierne.dk\/mors\/#organization","name":"Mors","url":"https:\/\/kunmedierne.dk\/mors\/","logo":{"@type":"ImageObject","inLanguage":"da-DK","@id":"https:\/\/kunmedierne.dk\/mors\/#\/schema\/logo\/image\/","url":"https:\/\/kunmedierne.dk\/mors\/wp-content\/uploads\/2024\/08\/kunmors-logo.svg","contentUrl":"https:\/\/kunmedierne.dk\/mors\/wp-content\/uploads\/2024\/08\/kunmors-logo.svg","caption":"Mors"},"image":{"@id":"https:\/\/kunmedierne.dk\/mors\/#\/schema\/logo\/image\/"}},{"@type":"Person","@id":"https:\/\/kunmedierne.dk\/mors\/#\/schema\/person\/23238f24c03ec888fff51102de5a585f","name":"Redaktion","image":{"@type":"ImageObject","inLanguage":"da-DK","@id":"https:\/\/kunmedierne.dk\/mors\/#\/schema\/person\/image\/","url":"https:\/\/secure.gravatar.com\/avatar\/690249c43fd60787b97b93384a212aafd43f4087384fe866ff6bcd15574fdf55?s=96&d=mm&r=g","contentUrl":"https:\/\/secure.gravatar.com\/avatar\/690249c43fd60787b97b93384a212aafd43f4087384fe866ff6bcd15574fdf55?s=96&d=mm&r=g","caption":"Redaktion"},"url":"https:\/\/kunmedierne.dk\/mors\/author\/redaktion\/"}]}},"_links":{"self":[{"href":"https:\/\/kunmedierne.dk\/mors\/wp-json\/wp\/v2\/posts\/25526","targetHints":{"allow":["GET"]}}],"collection":[{"href":"https:\/\/kunmedierne.dk\/mors\/wp-json\/wp\/v2\/posts"}],"about":[{"href":"https:\/\/kunmedierne.dk\/mors\/wp-json\/wp\/v2\/types\/post"}],"author":[{"embeddable":true,"href":"https:\/\/kunmedierne.dk\/mors\/wp-json\/wp\/v2\/users\/747"}],"replies":[{"embeddable":true,"href":"https:\/\/kunmedierne.dk\/mors\/wp-json\/wp\/v2\/comments?post=25526"}],"version-history":[{"count":4,"href":"https:\/\/kunmedierne.dk\/mors\/wp-json\/wp\/v2\/posts\/25526\/revisions"}],"predecessor-version":[{"id":25531,"href":"https:\/\/kunmedierne.dk\/mors\/wp-json\/wp\/v2\/posts\/25526\/revisions\/25531"}],"wp:featuredmedia":[{"embeddable":true,"href":"https:\/\/kunmedierne.dk\/mors\/wp-json\/wp\/v2\/media\/25529"}],"wp:attachment":[{"href":"https:\/\/kunmedierne.dk\/mors\/wp-json\/wp\/v2\/media?parent=25526"}],"wp:term":[{"taxonomy":"category","embeddable":true,"href":"https:\/\/kunmedierne.dk\/mors\/wp-json\/wp\/v2\/categories?post=25526"},{"taxonomy":"post_tag","embeddable":true,"href":"https:\/\/kunmedierne.dk\/mors\/wp-json\/wp\/v2\/tags?post=25526"}],"curies":[{"name":"wp","href":"https:\/\/api.w.org\/{rel}","templated":true}]}}