{"id":25523,"date":"2020-06-16T16:27:29","date_gmt":"2020-06-16T14:27:29","guid":{"rendered":"https:\/\/kunmedierne.dk\/mors\/?p=25523"},"modified":"2024-08-12T14:06:00","modified_gmt":"2024-08-12T12:06:00","slug":"en-dejlig-travl-dag-med-100-aar-gamle-sten","status":"publish","type":"post","link":"https:\/\/kunmedierne.dk\/mors\/en-dejlig-travl-dag-med-100-aar-gamle-sten\/","title":{"rendered":"En dejlig, travl dag med 100 \u00e5r gamle sten"},"content":{"rendered":"<p><b>MORS:\u00a0<\/b>Det g\u00f8r slet ingenting at have travlt, n\u00e5r anledningen er s\u00e5 god, som den var i g\u00e5r.<\/p>\n<p>Det mener J\u00f8rgen Bruun Christensen. Han er formand for Gr\u00e6nseforeningen Thy og Mors og tillige n\u00e6stformand i den landsd\u00e6kkende gr\u00e6nseforening, der i den seneste uge har set kulminationen p\u00e5 fejringen af 100 \u00e5ret for S\u00f8nderjyllands genforening med Danmark.<\/p>\n<p>Mandag 15. juni var den officielle dag, og p\u00e5 Mors blev det markeret med bes\u00f8g ved \u00f8ens i alt fem genforeningssten. Sammen med de fire i Thy n\u00e5ede J\u00f8rgen Bruun Christensen s\u00e5ledes op p\u00e5 ni markeringer p\u00e5 samme dag.<\/p>\n<p>&#8220;Det var dejligt,&#8221; siger han og melder om fremm\u00f8dte borgere alle steder &#8211; men flest i Flade, hvor 34 m\u00f8dte op for at markere dagen.<\/p>\n<p>&#8220;Beboerforeningen havde lagt det op p\u00e5 deres Facebook-side og h\u00e6ngt opslag op, s\u00e5 det stimlede jo sammen med folk,&#8221; lyder det fra en tilfreds J\u00f8rgen Bruun Christensen, som i sin tale i Flade fortalte om b\u00e5de genforeningen og stenen i Flade.<\/p>\n<p>Den blev rejst p\u00e5 foranledning af g\u00e5rdejer Niels Bukh, hvis barnebarn, Eli Svenningsen, i g\u00e5r var blandt de 34 til markeringen.<\/p>\n<p>Hun var s\u00e5ledes med til at synge &#8216;Det haver s\u00e5 nyligen regnet&#8217; &#8211; den gamle sang med de ber\u00f8mte fr\u00f8 af ugr\u00e6s, som er f\u00f8get over hegnet. En sang, der fik stor popularitet hos de dansksindede s\u00f8nderjyder efter tabet af omr\u00e5det under krigen i 1864.<\/p>\n<p>I dag er der fred, og i 100 \u00e5r har S\u00f8nderjylland tilh\u00f8rt Danmark. Men det er slet ikke det med gr\u00e6nsens placering, der er gr\u00e6nseforeningens fokus, fort\u00e6ller J\u00f8rgen Bruun Christensen.<\/p>\n<p>Han taler i stedet om mindretallene og deres betydning helt op til nutiden.<\/p>\n<p>&#8220;Det er vigtigt, at vi har de to mindretal. B\u00e5de det danske syd for gr\u00e6nsen med omkring 50.000 og det tyske nord for gr\u00e6nsen med omkring 15.000. De er der, og de skal v\u00e6re der og v\u00e6re ligev\u00e6rdige. Og det er godt, at de er der, for de beriger hele vores gr\u00e6nseegn helt fra Konge\u00e5en til Ejderen,&#8221; siger han.<\/p>\n<p>&#8220;Selvf\u00f8lgelig er gr\u00e6nsen der fysisk, men kulturelt betyder den mindre og mindre, fordi der er det gode samarbejde p\u00e5 tv\u00e6rs af gr\u00e6nsen p\u00e5 stort set alle m\u00e5der,&#8221; tilf\u00f8jer han.<\/p>\n<p>&nbsp;<\/p>\n<p><strong>En kulturel manifestation<\/strong><\/p>\n<p>J\u00f8rgen Bruun Christensen ser derfor fejringen af genforeningen som lige s\u00e5 meget en kulturel manifestation som markering af genvundet land. Han understreger betydningen af, at de danske og tyske mindretal arbejder sammen p\u00e5 hver side af gr\u00e6nsen &#8211; og at ingen \u00f8nsker gr\u00e6nsen flyttet.<\/p>\n<p>Og som et udtryk for, at den politiske gr\u00e6nse ikke har samme betydning som tidligere, fort\u00e6ller han om to tidligere biskopper, en dansk og en tysk, i samtale om de to lande.<\/p>\n<p>&#8220;Den tyske\u00a0siger, at Tyskland slutter ved Konge\u00e5en. &#8216;Ja&#8217;, siger den danske s\u00e5 og svarer, at Danmark slutter ved Ejderen,&#8221; griner J\u00f8rgen Bruun Christensen.<\/p>\n<p>&#8220;Det er jo ogs\u00e5 en m\u00e5de at sige, at det ogs\u00e5 fungerer p\u00e5 den religi\u00f8se og kirkelige m\u00e5de. Der har man ogs\u00e5 et t\u00e6t samarbejde,&#8221; tilf\u00f8jer han.<\/p>\n<p>&nbsp;<\/p>\n<p><strong>Inspiration for andre mindretal<\/strong><\/p>\n<p>P\u00e5 Mors er der genforeningssten i Flade, Galtrup, p\u00e5 \u00d8rndrup Mark, ved \u00c5rbjerg Torn og \u00d8ster Assels. Og selv om der er langt fra dem alle til det omr\u00e5de, der i de seneste m\u00e5neder har v\u00e6ret eksponeret mere end s\u00e6dvanligt i blandt andet tv-udsendelser om genforeningen, finder J\u00f8rgen Bruun Christensen ogs\u00e5 stenene p\u00e5 Mors vigtige at bevare.<\/p>\n<p>Det skyldes ikke mindst, at de symboliserer v\u00e6rdier, der ogs\u00e5 kan bruges andre steder.<\/p>\n<p>&#8220;Det er lige s\u00e5 vigtigt, at man ved noget om det heroppe, p\u00e5 Sj\u00e6lland og p\u00e5 Bornholm. Det er meget v\u00e6rdifuldt med den kulturelle forbindelse og med samarbejdet p\u00e5 tv\u00e6rs af alting. Der skal v\u00e6re plads til os alle sammen, det kan ikke hj\u00e6lpe andet,&#8221; siger han og beskriver den fredelige genforening med S\u00f8nderjylland, den demokratiske placering af den dansk-tyske gr\u00e6nse i 1920 og sameksistensen siden som et eksempel til efterf\u00f8lgelse andre steder.<\/p>\n<p>&#8220;Det kan v\u00e6re inspiration for andre mindretal,&#8221; siger han.<\/p>\n<p>&#8220;Der er jo ogs\u00e5 noget, der hedder Europa og Verden. Mindretallene er hele tiden vores fokuspunkt,&#8221; siger J\u00f8rgen Bruun Christensen om det, der fremover ogs\u00e5 vil v\u00e6re et fokus for Gr\u00e6nseforeningen.<\/p>\n<p>Og selv om den nu skal 100 \u00e5r tilbage for at finde det, den i g\u00e5r s\u00f8rgede for at markere, er der ingen planer om at drosle ned.<\/p>\n<p>&#8220;Vi forts\u00e6tter. Vi er i fuld gang med at lave program for n\u00e6ste \u00e5r,&#8221; siger han.<\/p>\n<p>&nbsp;<\/p>\n<p><strong>En flaske under stenen<\/strong><\/p>\n<p>Genforeningsstenen i Flade stammer fra det nordvestlige hj\u00f8rne af kirkeg\u00e5rdsdiget. J\u00f8rgen Bruun Christensen fort\u00e6ller, at historien om den lyder, at de to st\u00e6rke br\u00f8dre Niels og Peder Bukh havde kigget p\u00e5 den 3000 pund tunge sten og funderet over, hvordan de skulle f\u00e5 den flyttet, indtil den ene sagde til den anden: &#8220;Tag nu ved! S\u00e5 s\u00e6tter vi den p\u00e5 plads!&#8221;<\/p>\n<p>S\u00e5dan gik det nok ikke helt til, men til geng\u00e6ld skulle det v\u00e6re sikkert og vist, at der under stenen er begravet en flaske med en lille seddel og et digt skrevet af Peder Bukh:<\/p>\n<p><em>Tabt, kan atter vindes \/ Gemt, kan atter findes<\/em><\/p>\n<p><em>Vi som vandt, og I som finder \/\u00a0Samme knytter vore minder.<\/em><\/p>\n<div id=\"attachment_25601\" style=\"width: 780px\" class=\"wp-caption alignright\"><img loading=\"lazy\" decoding=\"async\" aria-describedby=\"caption-attachment-25601\" class=\"size-full wp-image-25601\" src=\"https:\/\/kunmedierne.dk\/mors\/wp-content\/uploads\/2020\/06\/bukh.jpg\" alt=\"\" width=\"770\" height=\"578\" srcset=\"https:\/\/kunmedierne.dk\/mors\/wp-content\/uploads\/2020\/06\/bukh.jpg 770w, https:\/\/kunmedierne.dk\/mors\/wp-content\/uploads\/2020\/06\/bukh-300x225.jpg 300w, https:\/\/kunmedierne.dk\/mors\/wp-content\/uploads\/2020\/06\/bukh-768x576.jpg 768w, https:\/\/kunmedierne.dk\/mors\/wp-content\/uploads\/2020\/06\/bukh-600x450.jpg 600w\" sizes=\"auto, (max-width: 770px) 100vw, 770px\" \/><p id=\"caption-attachment-25601\" class=\"wp-caption-text\">Eli Svenningsen foran stenen, som hendes bedstefar tog initiativ til at f\u00e5 rejst. Privatfoto<\/p><\/div>\n","protected":false},"excerpt":{"rendered":"<p>MORS:\u00a0Det g\u00f8r slet ingenting at have travlt, n\u00e5r anledningen er s\u00e5 god, som den var i g\u00e5r. Det mener J\u00f8rgen Bruun Christensen. Han er formand for Gr\u00e6nseforeningen Thy og Mors og tillige n\u00e6stformand i den landsd\u00e6kkende gr\u00e6nseforening, der i den seneste uge har set kulminationen p\u00e5 fejringen af 100 \u00e5ret for S\u00f8nderjyllands genforening med Danmark. [&hellip;]<\/p>\n","protected":false},"author":8,"featured_media":25600,"comment_status":"open","ping_status":"open","sticky":false,"template":"","format":"standard","meta":{"_acf_changed":false,"footnotes":""},"categories":[51],"tags":[],"class_list":["post-25523","post","type-post","status-publish","format-standard","has-post-thumbnail","hentry","category-lokalt"],"acf":[],"yoast_head":"<!-- This site is optimized with the Yoast SEO plugin v26.8 - https:\/\/yoast.com\/product\/yoast-seo-wordpress\/ -->\n<title>En dejlig, travl dag med 100 \u00e5r gamle sten - Mors<\/title>\n<meta name=\"robots\" content=\"index, follow, max-snippet:-1, max-image-preview:large, max-video-preview:-1\" \/>\n<link rel=\"canonical\" href=\"https:\/\/kunmedierne.dk\/mors\/en-dejlig-travl-dag-med-100-aar-gamle-sten\/\" \/>\n<meta property=\"og:locale\" content=\"da_DK\" \/>\n<meta property=\"og:type\" content=\"article\" \/>\n<meta property=\"og:title\" content=\"En dejlig, travl dag med 100 \u00e5r gamle sten - Mors\" \/>\n<meta property=\"og:description\" content=\"MORS:\u00a0Det g\u00f8r slet ingenting at have travlt, n\u00e5r anledningen er s\u00e5 god, som den var i g\u00e5r. Det mener J\u00f8rgen Bruun Christensen. Han er formand for Gr\u00e6nseforeningen Thy og Mors og tillige n\u00e6stformand i den landsd\u00e6kkende gr\u00e6nseforening, der i den seneste uge har set kulminationen p\u00e5 fejringen af 100 \u00e5ret for S\u00f8nderjyllands genforening med Danmark. [&hellip;]\" \/>\n<meta property=\"og:url\" content=\"https:\/\/kunmedierne.dk\/mors\/en-dejlig-travl-dag-med-100-aar-gamle-sten\/\" \/>\n<meta property=\"og:site_name\" content=\"Mors\" \/>\n<meta property=\"article:published_time\" content=\"2020-06-16T14:27:29+00:00\" \/>\n<meta property=\"article:modified_time\" content=\"2024-08-12T12:06:00+00:00\" \/>\n<meta property=\"og:image\" content=\"https:\/\/kunmedierne.dk\/mors\/wp-content\/uploads\/2020\/06\/genforening-flade.jpg\" \/>\n\t<meta property=\"og:image:width\" content=\"770\" \/>\n\t<meta property=\"og:image:height\" content=\"513\" \/>\n\t<meta property=\"og:image:type\" content=\"image\/jpeg\" \/>\n<meta name=\"author\" content=\"David H\u00f8jmark\" \/>\n<meta name=\"twitter:card\" content=\"summary_large_image\" \/>\n<meta name=\"twitter:label1\" content=\"Skrevet af\" \/>\n\t<meta name=\"twitter:data1\" content=\"David H\u00f8jmark\" \/>\n\t<meta name=\"twitter:label2\" content=\"Estimeret l\u00e6setid\" \/>\n\t<meta name=\"twitter:data2\" content=\"5 minutter\" \/>\n<script type=\"application\/ld+json\" class=\"yoast-schema-graph\">{\"@context\":\"https:\/\/schema.org\",\"@graph\":[{\"@type\":\"Article\",\"@id\":\"https:\/\/kunmedierne.dk\/mors\/en-dejlig-travl-dag-med-100-aar-gamle-sten\/#article\",\"isPartOf\":{\"@id\":\"https:\/\/kunmedierne.dk\/mors\/en-dejlig-travl-dag-med-100-aar-gamle-sten\/\"},\"author\":{\"name\":\"David H\u00f8jmark\",\"@id\":\"https:\/\/kunmedierne.dk\/mors\/#\/schema\/person\/5fe23251bf1d0abbcdc6f7896579d548\"},\"headline\":\"En dejlig, travl dag med 100 \u00e5r gamle sten\",\"datePublished\":\"2020-06-16T14:27:29+00:00\",\"dateModified\":\"2024-08-12T12:06:00+00:00\",\"mainEntityOfPage\":{\"@id\":\"https:\/\/kunmedierne.dk\/mors\/en-dejlig-travl-dag-med-100-aar-gamle-sten\/\"},\"wordCount\":950,\"commentCount\":0,\"publisher\":{\"@id\":\"https:\/\/kunmedierne.dk\/mors\/#organization\"},\"image\":{\"@id\":\"https:\/\/kunmedierne.dk\/mors\/en-dejlig-travl-dag-med-100-aar-gamle-sten\/#primaryimage\"},\"thumbnailUrl\":\"https:\/\/kunmedierne.dk\/mors\/wp-content\/uploads\/2020\/06\/genforening-flade.jpg\",\"articleSection\":[\"Lokalt\"],\"inLanguage\":\"da-DK\",\"potentialAction\":[{\"@type\":\"CommentAction\",\"name\":\"Comment\",\"target\":[\"https:\/\/kunmedierne.dk\/mors\/en-dejlig-travl-dag-med-100-aar-gamle-sten\/#respond\"]}]},{\"@type\":\"WebPage\",\"@id\":\"https:\/\/kunmedierne.dk\/mors\/en-dejlig-travl-dag-med-100-aar-gamle-sten\/\",\"url\":\"https:\/\/kunmedierne.dk\/mors\/en-dejlig-travl-dag-med-100-aar-gamle-sten\/\",\"name\":\"En dejlig, travl dag med 100 \u00e5r gamle sten - Mors\",\"isPartOf\":{\"@id\":\"https:\/\/kunmedierne.dk\/mors\/#website\"},\"primaryImageOfPage\":{\"@id\":\"https:\/\/kunmedierne.dk\/mors\/en-dejlig-travl-dag-med-100-aar-gamle-sten\/#primaryimage\"},\"image\":{\"@id\":\"https:\/\/kunmedierne.dk\/mors\/en-dejlig-travl-dag-med-100-aar-gamle-sten\/#primaryimage\"},\"thumbnailUrl\":\"https:\/\/kunmedierne.dk\/mors\/wp-content\/uploads\/2020\/06\/genforening-flade.jpg\",\"datePublished\":\"2020-06-16T14:27:29+00:00\",\"dateModified\":\"2024-08-12T12:06:00+00:00\",\"breadcrumb\":{\"@id\":\"https:\/\/kunmedierne.dk\/mors\/en-dejlig-travl-dag-med-100-aar-gamle-sten\/#breadcrumb\"},\"inLanguage\":\"da-DK\",\"potentialAction\":[{\"@type\":\"ReadAction\",\"target\":[\"https:\/\/kunmedierne.dk\/mors\/en-dejlig-travl-dag-med-100-aar-gamle-sten\/\"]}]},{\"@type\":\"ImageObject\",\"inLanguage\":\"da-DK\",\"@id\":\"https:\/\/kunmedierne.dk\/mors\/en-dejlig-travl-dag-med-100-aar-gamle-sten\/#primaryimage\",\"url\":\"https:\/\/kunmedierne.dk\/mors\/wp-content\/uploads\/2020\/06\/genforening-flade.jpg\",\"contentUrl\":\"https:\/\/kunmedierne.dk\/mors\/wp-content\/uploads\/2020\/06\/genforening-flade.jpg\",\"width\":770,\"height\":513,\"caption\":\"Markeringen af genforeningen trak 34 af Flades borgere til byens genforeningssten. Privatfoto\"},{\"@type\":\"BreadcrumbList\",\"@id\":\"https:\/\/kunmedierne.dk\/mors\/en-dejlig-travl-dag-med-100-aar-gamle-sten\/#breadcrumb\",\"itemListElement\":[{\"@type\":\"ListItem\",\"position\":1,\"name\":\"Hjem\",\"item\":\"https:\/\/kunmedierne.dk\/mors\/\"},{\"@type\":\"ListItem\",\"position\":2,\"name\":\"En dejlig, travl dag med 100 \u00e5r gamle sten\"}]},{\"@type\":\"WebSite\",\"@id\":\"https:\/\/kunmedierne.dk\/mors\/#website\",\"url\":\"https:\/\/kunmedierne.dk\/mors\/\",\"name\":\"Mors\",\"description\":\"et netmedie med journalistik om livet p\u00e5 Mors\",\"publisher\":{\"@id\":\"https:\/\/kunmedierne.dk\/mors\/#organization\"},\"potentialAction\":[{\"@type\":\"SearchAction\",\"target\":{\"@type\":\"EntryPoint\",\"urlTemplate\":\"https:\/\/kunmedierne.dk\/mors\/?s={search_term_string}\"},\"query-input\":{\"@type\":\"PropertyValueSpecification\",\"valueRequired\":true,\"valueName\":\"search_term_string\"}}],\"inLanguage\":\"da-DK\"},{\"@type\":\"Organization\",\"@id\":\"https:\/\/kunmedierne.dk\/mors\/#organization\",\"name\":\"Mors\",\"url\":\"https:\/\/kunmedierne.dk\/mors\/\",\"logo\":{\"@type\":\"ImageObject\",\"inLanguage\":\"da-DK\",\"@id\":\"https:\/\/kunmedierne.dk\/mors\/#\/schema\/logo\/image\/\",\"url\":\"https:\/\/kunmedierne.dk\/mors\/wp-content\/uploads\/2024\/08\/kunmors-logo.svg\",\"contentUrl\":\"https:\/\/kunmedierne.dk\/mors\/wp-content\/uploads\/2024\/08\/kunmors-logo.svg\",\"caption\":\"Mors\"},\"image\":{\"@id\":\"https:\/\/kunmedierne.dk\/mors\/#\/schema\/logo\/image\/\"}},{\"@type\":\"Person\",\"@id\":\"https:\/\/kunmedierne.dk\/mors\/#\/schema\/person\/5fe23251bf1d0abbcdc6f7896579d548\",\"name\":\"David H\u00f8jmark\",\"image\":{\"@type\":\"ImageObject\",\"inLanguage\":\"da-DK\",\"@id\":\"https:\/\/kunmedierne.dk\/mors\/#\/schema\/person\/image\/\",\"url\":\"https:\/\/secure.gravatar.com\/avatar\/4315d6fb9ef244d729989f5f90268eb08d5bf8a3d84402f595fa194bb35784fd?s=96&d=mm&r=g\",\"contentUrl\":\"https:\/\/secure.gravatar.com\/avatar\/4315d6fb9ef244d729989f5f90268eb08d5bf8a3d84402f595fa194bb35784fd?s=96&d=mm&r=g\",\"caption\":\"David H\u00f8jmark\"},\"sameAs\":[\"https:\/\/www.kunmedierne.dk\"],\"url\":\"https:\/\/kunmedierne.dk\/mors\/author\/david\/\"}]}<\/script>\n<!-- \/ Yoast SEO plugin. -->","yoast_head_json":{"title":"En dejlig, travl dag med 100 \u00e5r gamle sten - Mors","robots":{"index":"index","follow":"follow","max-snippet":"max-snippet:-1","max-image-preview":"max-image-preview:large","max-video-preview":"max-video-preview:-1"},"canonical":"https:\/\/kunmedierne.dk\/mors\/en-dejlig-travl-dag-med-100-aar-gamle-sten\/","og_locale":"da_DK","og_type":"article","og_title":"En dejlig, travl dag med 100 \u00e5r gamle sten - Mors","og_description":"MORS:\u00a0Det g\u00f8r slet ingenting at have travlt, n\u00e5r anledningen er s\u00e5 god, som den var i g\u00e5r. Det mener J\u00f8rgen Bruun Christensen. Han er formand for Gr\u00e6nseforeningen Thy og Mors og tillige n\u00e6stformand i den landsd\u00e6kkende gr\u00e6nseforening, der i den seneste uge har set kulminationen p\u00e5 fejringen af 100 \u00e5ret for S\u00f8nderjyllands genforening med Danmark. [&hellip;]","og_url":"https:\/\/kunmedierne.dk\/mors\/en-dejlig-travl-dag-med-100-aar-gamle-sten\/","og_site_name":"Mors","article_published_time":"2020-06-16T14:27:29+00:00","article_modified_time":"2024-08-12T12:06:00+00:00","og_image":[{"width":770,"height":513,"url":"https:\/\/kunmedierne.dk\/mors\/wp-content\/uploads\/2020\/06\/genforening-flade.jpg","type":"image\/jpeg"}],"author":"David H\u00f8jmark","twitter_card":"summary_large_image","twitter_misc":{"Skrevet af":"David H\u00f8jmark","Estimeret l\u00e6setid":"5 minutter"},"schema":{"@context":"https:\/\/schema.org","@graph":[{"@type":"Article","@id":"https:\/\/kunmedierne.dk\/mors\/en-dejlig-travl-dag-med-100-aar-gamle-sten\/#article","isPartOf":{"@id":"https:\/\/kunmedierne.dk\/mors\/en-dejlig-travl-dag-med-100-aar-gamle-sten\/"},"author":{"name":"David H\u00f8jmark","@id":"https:\/\/kunmedierne.dk\/mors\/#\/schema\/person\/5fe23251bf1d0abbcdc6f7896579d548"},"headline":"En dejlig, travl dag med 100 \u00e5r gamle sten","datePublished":"2020-06-16T14:27:29+00:00","dateModified":"2024-08-12T12:06:00+00:00","mainEntityOfPage":{"@id":"https:\/\/kunmedierne.dk\/mors\/en-dejlig-travl-dag-med-100-aar-gamle-sten\/"},"wordCount":950,"commentCount":0,"publisher":{"@id":"https:\/\/kunmedierne.dk\/mors\/#organization"},"image":{"@id":"https:\/\/kunmedierne.dk\/mors\/en-dejlig-travl-dag-med-100-aar-gamle-sten\/#primaryimage"},"thumbnailUrl":"https:\/\/kunmedierne.dk\/mors\/wp-content\/uploads\/2020\/06\/genforening-flade.jpg","articleSection":["Lokalt"],"inLanguage":"da-DK","potentialAction":[{"@type":"CommentAction","name":"Comment","target":["https:\/\/kunmedierne.dk\/mors\/en-dejlig-travl-dag-med-100-aar-gamle-sten\/#respond"]}]},{"@type":"WebPage","@id":"https:\/\/kunmedierne.dk\/mors\/en-dejlig-travl-dag-med-100-aar-gamle-sten\/","url":"https:\/\/kunmedierne.dk\/mors\/en-dejlig-travl-dag-med-100-aar-gamle-sten\/","name":"En dejlig, travl dag med 100 \u00e5r gamle sten - Mors","isPartOf":{"@id":"https:\/\/kunmedierne.dk\/mors\/#website"},"primaryImageOfPage":{"@id":"https:\/\/kunmedierne.dk\/mors\/en-dejlig-travl-dag-med-100-aar-gamle-sten\/#primaryimage"},"image":{"@id":"https:\/\/kunmedierne.dk\/mors\/en-dejlig-travl-dag-med-100-aar-gamle-sten\/#primaryimage"},"thumbnailUrl":"https:\/\/kunmedierne.dk\/mors\/wp-content\/uploads\/2020\/06\/genforening-flade.jpg","datePublished":"2020-06-16T14:27:29+00:00","dateModified":"2024-08-12T12:06:00+00:00","breadcrumb":{"@id":"https:\/\/kunmedierne.dk\/mors\/en-dejlig-travl-dag-med-100-aar-gamle-sten\/#breadcrumb"},"inLanguage":"da-DK","potentialAction":[{"@type":"ReadAction","target":["https:\/\/kunmedierne.dk\/mors\/en-dejlig-travl-dag-med-100-aar-gamle-sten\/"]}]},{"@type":"ImageObject","inLanguage":"da-DK","@id":"https:\/\/kunmedierne.dk\/mors\/en-dejlig-travl-dag-med-100-aar-gamle-sten\/#primaryimage","url":"https:\/\/kunmedierne.dk\/mors\/wp-content\/uploads\/2020\/06\/genforening-flade.jpg","contentUrl":"https:\/\/kunmedierne.dk\/mors\/wp-content\/uploads\/2020\/06\/genforening-flade.jpg","width":770,"height":513,"caption":"Markeringen af genforeningen trak 34 af Flades borgere til byens genforeningssten. Privatfoto"},{"@type":"BreadcrumbList","@id":"https:\/\/kunmedierne.dk\/mors\/en-dejlig-travl-dag-med-100-aar-gamle-sten\/#breadcrumb","itemListElement":[{"@type":"ListItem","position":1,"name":"Hjem","item":"https:\/\/kunmedierne.dk\/mors\/"},{"@type":"ListItem","position":2,"name":"En dejlig, travl dag med 100 \u00e5r gamle sten"}]},{"@type":"WebSite","@id":"https:\/\/kunmedierne.dk\/mors\/#website","url":"https:\/\/kunmedierne.dk\/mors\/","name":"Mors","description":"et netmedie med journalistik om livet p\u00e5 Mors","publisher":{"@id":"https:\/\/kunmedierne.dk\/mors\/#organization"},"potentialAction":[{"@type":"SearchAction","target":{"@type":"EntryPoint","urlTemplate":"https:\/\/kunmedierne.dk\/mors\/?s={search_term_string}"},"query-input":{"@type":"PropertyValueSpecification","valueRequired":true,"valueName":"search_term_string"}}],"inLanguage":"da-DK"},{"@type":"Organization","@id":"https:\/\/kunmedierne.dk\/mors\/#organization","name":"Mors","url":"https:\/\/kunmedierne.dk\/mors\/","logo":{"@type":"ImageObject","inLanguage":"da-DK","@id":"https:\/\/kunmedierne.dk\/mors\/#\/schema\/logo\/image\/","url":"https:\/\/kunmedierne.dk\/mors\/wp-content\/uploads\/2024\/08\/kunmors-logo.svg","contentUrl":"https:\/\/kunmedierne.dk\/mors\/wp-content\/uploads\/2024\/08\/kunmors-logo.svg","caption":"Mors"},"image":{"@id":"https:\/\/kunmedierne.dk\/mors\/#\/schema\/logo\/image\/"}},{"@type":"Person","@id":"https:\/\/kunmedierne.dk\/mors\/#\/schema\/person\/5fe23251bf1d0abbcdc6f7896579d548","name":"David H\u00f8jmark","image":{"@type":"ImageObject","inLanguage":"da-DK","@id":"https:\/\/kunmedierne.dk\/mors\/#\/schema\/person\/image\/","url":"https:\/\/secure.gravatar.com\/avatar\/4315d6fb9ef244d729989f5f90268eb08d5bf8a3d84402f595fa194bb35784fd?s=96&d=mm&r=g","contentUrl":"https:\/\/secure.gravatar.com\/avatar\/4315d6fb9ef244d729989f5f90268eb08d5bf8a3d84402f595fa194bb35784fd?s=96&d=mm&r=g","caption":"David H\u00f8jmark"},"sameAs":["https:\/\/www.kunmedierne.dk"],"url":"https:\/\/kunmedierne.dk\/mors\/author\/david\/"}]}},"_links":{"self":[{"href":"https:\/\/kunmedierne.dk\/mors\/wp-json\/wp\/v2\/posts\/25523","targetHints":{"allow":["GET"]}}],"collection":[{"href":"https:\/\/kunmedierne.dk\/mors\/wp-json\/wp\/v2\/posts"}],"about":[{"href":"https:\/\/kunmedierne.dk\/mors\/wp-json\/wp\/v2\/types\/post"}],"author":[{"embeddable":true,"href":"https:\/\/kunmedierne.dk\/mors\/wp-json\/wp\/v2\/users\/8"}],"replies":[{"embeddable":true,"href":"https:\/\/kunmedierne.dk\/mors\/wp-json\/wp\/v2\/comments?post=25523"}],"version-history":[{"count":5,"href":"https:\/\/kunmedierne.dk\/mors\/wp-json\/wp\/v2\/posts\/25523\/revisions"}],"predecessor-version":[{"id":25602,"href":"https:\/\/kunmedierne.dk\/mors\/wp-json\/wp\/v2\/posts\/25523\/revisions\/25602"}],"wp:featuredmedia":[{"embeddable":true,"href":"https:\/\/kunmedierne.dk\/mors\/wp-json\/wp\/v2\/media\/25600"}],"wp:attachment":[{"href":"https:\/\/kunmedierne.dk\/mors\/wp-json\/wp\/v2\/media?parent=25523"}],"wp:term":[{"taxonomy":"category","embeddable":true,"href":"https:\/\/kunmedierne.dk\/mors\/wp-json\/wp\/v2\/categories?post=25523"},{"taxonomy":"post_tag","embeddable":true,"href":"https:\/\/kunmedierne.dk\/mors\/wp-json\/wp\/v2\/tags?post=25523"}],"curies":[{"name":"wp","href":"https:\/\/api.w.org\/{rel}","templated":true}]}}