{"id":25381,"date":"2020-06-14T19:19:17","date_gmt":"2020-06-14T17:19:17","guid":{"rendered":"https:\/\/kunmedierne.dk\/mors\/?p=25381"},"modified":"2024-08-12T14:06:00","modified_gmt":"2024-08-12T12:06:00","slug":"himlen-er-horisonten-bag-mollerup-kirke","status":"publish","type":"post","link":"https:\/\/kunmedierne.dk\/mors\/himlen-er-horisonten-bag-mollerup-kirke\/","title":{"rendered":"Himlen er horisonten bag Mollerup Kirke"},"content":{"rendered":"<p><strong>MOLLERUP<\/strong>: Lille, venlig og med en placering, der n\u00e6rmest ikke kunne v\u00e6re valgt bedre.<\/p>\n<p>S\u00e5dan beskriver Arne Silkj\u00e6r, kirke- og kulturmedarbejder i Mollerup Kirke, den lille, kullede kirke med den fine beliggenhed.<\/p>\n<p><img loading=\"lazy\" decoding=\"async\" class=\"alignright size-full wp-image-25388\" src=\"https:\/\/kunmedierne.dk\/mors\/wp-content\/uploads\/2020\/06\/mollerup6.jpg\" alt=\"\" width=\"200\" height=\"299\" \/>&#8220;Den ligger temmelig smukt p\u00e5 toppen af bakken. N\u00e5r man kommer til den, bliver man taget venligt imod fra parkeringspladsen. Man kigger op mod kirken, og s\u00e5 har man himlen som horisonten bag den,&#8221; siger han om en kirke, der p\u00e5 den m\u00e5de f\u00e5r sine g\u00e6ster til at se mod himlen, allerede f\u00f8r de kommer ind i den.<\/p>\n<p>Men ogs\u00e5 her tager den venligt imod, lyder det fra Arne Silkj\u00e6r. Allerede ved f\u00f8rste skridt indenfor bliver man m\u00f8dt af en lysglobe sk\u00e6nket af Mollerup M\u00f8lle, og den cylinderformede pr\u00e6dikestole fra 1800-tallet f\u00f8lger op p\u00e5 stemningen med en r\u00e6kke fine plantemotiver.<\/p>\n<p>Ogs\u00e5 kor og altertavle er et kig v\u00e6rd. Alterbordet er opf\u00f8rt af tr\u00e6 ved en restaurering i 1985. Og altertavlen, der ved sin anskaffelse i 1655 kostede 24\u00bd daler og en mark, fik i 1942 et alterbillede, der g\u00f8r det hele ekstra im\u00f8dekommende, mener Arne Silkj\u00e6r.<\/p>\n<p><img loading=\"lazy\" decoding=\"async\" class=\"alignright size-full wp-image-25387\" src=\"https:\/\/kunmedierne.dk\/mors\/wp-content\/uploads\/2020\/06\/mollerup5.jpg\" alt=\"\" width=\"200\" height=\"260\" \/>&#8220;Det er fort\u00e6llingen om Jesus som den gode hyrde foran den glubske ulv, der vil fors\u00f8ge at f\u00e5 et m\u00e5ltid ud af det,&#8221; siger han om teksten fra Johannesevangeliet, der lyder:\u00a0 &#8220;Jesus sagde: &#8216;Jeg er den gode hyrde. Den gode hyrde s\u00e6tter sit liv til for f\u00e5rene. Den, der er daglejer og ikke er hyrde og ikke selv ejer f\u00e5rene, ser ulven komme og lader f\u00e5rene i stikken og flygter, og ulven g\u00e5r p\u00e5 rov iblandt dem og jager dem fra hinanden; for han er daglejer og er ligeglad med f\u00e5rene. Jeg er den gode hyrde. Jeg kender mine f\u00e5r, og mine f\u00e5r kender mig, ligesom Faderen kender mig, og jeg kender Faderen; og jeg s\u00e6tter mit liv til for f\u00e5rene. Jeg har ogs\u00e5 andre f\u00e5r, som ikke h\u00f8rer til denne fold; ogs\u00e5 dem skal jeg lede, og de skal h\u00f8re min r\u00f8st, og der skal blive \u00e9n hjord, \u00e9n hyrde.&#8217;<\/p>\n<p>&nbsp;<\/p>\n<p><strong>N\u00e6r forbindelse med m\u00f8llen<\/strong><\/p>\n<p>Mollerup Kirke af en to gotiske kirker p\u00e5 Mors. Den anden er <a href=\"https:\/\/kunmedierne.dk\/mors\/den-lille-kirke-med-mikael-dragedraeber-og-de-andre-klenodier\/\" target=\"_blank\" rel=\"noopener noreferrer\">J\u00f8rsby Kirke<\/a>. Den er viet til Skt. Anne (Jomfru Marias mor) og bygget af r\u00e5 kampesten og munkesten.<\/p>\n<p>Og s\u00e5 tager den sig ogs\u00e5 flot ud ved aftentid, n\u00e5r spottet fra lyskilderne udefra rammer den. De er ogs\u00e5 sk\u00e6nket af Mollerup M\u00f8lle, og i det hele taget er der en st\u00e6rk forbindelse mellem sognets kirke og m\u00f8lle.<\/p>\n<p>Det s\u00f8rger ikke mindst Anne Hangaard Pedersen, medejer af Mollerup M\u00f8lle, for.<\/p>\n<p>&#8220;Hun pynter i kirken med blomster og buketter. Det er lidt unikt, at en, som ikke er en del af kirken eller menighedsr\u00e5det, g\u00f8r det,&#8221; lyder det taknemmeligt fra Arne Silkj\u00e6r med en tilfreds konklusion om to af sognets mest markante institutioner.<\/p>\n<p>&#8220;Der er en god kontakt mellem kirken og m\u00f8llen.&#8221;<\/p>\n<p><img loading=\"lazy\" decoding=\"async\" class=\"alignright size-full wp-image-25389\" src=\"https:\/\/kunmedierne.dk\/mors\/wp-content\/uploads\/2020\/06\/mollerup7.jpg\" alt=\"\" width=\"770\" height=\"514\" srcset=\"https:\/\/kunmedierne.dk\/mors\/wp-content\/uploads\/2020\/06\/mollerup7.jpg 770w, https:\/\/kunmedierne.dk\/mors\/wp-content\/uploads\/2020\/06\/mollerup7-300x200.jpg 300w, https:\/\/kunmedierne.dk\/mors\/wp-content\/uploads\/2020\/06\/mollerup7-768x513.jpg 768w, https:\/\/kunmedierne.dk\/mors\/wp-content\/uploads\/2020\/06\/mollerup7-360x240.jpg 360w, https:\/\/kunmedierne.dk\/mors\/wp-content\/uploads\/2020\/06\/mollerup7-600x401.jpg 600w\" sizes=\"auto, (max-width: 770px) 100vw, 770px\" \/><\/p>\n<p>&nbsp;<\/p>\n<blockquote>\n<h3>\u00d8ENS KIRKER<\/h3>\n<p>Der findes 34 kirker p\u00e5 Mors, og KunMors kommer i 2020 til at fort\u00e6lle om hver eneste af dem. Det g\u00f8r vi i serien \u201c\u00d8ens kirker\u201d, der s\u00f8ndag efter s\u00f8ndag pr\u00e6senterer en af de mange kirker.<\/p>\n<p>&nbsp;<\/p>\n<p>Tidligere har vi skrevet om: <a href=\"https:\/\/kunmedierne.dk\/mors\/en-ensom-kirke-med-skoenhed-baade-inde-og-ude\/\" target=\"_blank\" rel=\"noopener noreferrer\">Alsted Kirke<\/a>, <a href=\"https:\/\/kunmedierne.dk\/mors\/alt-er-velbevaret-i-vester-assels-kirke\/\" target=\"_blank\" rel=\"noopener noreferrer\">Vester Assels Kirke<\/a>,\u00a0<a href=\"https:\/\/kunmedierne.dk\/mors\/elsoe-kirke-kommer-mere-og-mere-til-sin-ret\/\" target=\"_blank\" rel=\"noopener noreferrer\">Els\u00f8 Kirke<\/a>,\u00a0<a href=\"https:\/\/kunmedierne.dk\/mors\/rakkeby-kirke-blev-reddet-af-menigheden\/\" target=\"_blank\" rel=\"noopener noreferrer\">Rakkeby Kirke<\/a>,\u00a0<a href=\"https:\/\/kunmedierne.dk\/mors\/kirkegaarden-bliver-langsomt-smukkere-og-smukkere\/\" target=\"_blank\" rel=\"noopener noreferrer\">Fr\u00f8slev Kirke<\/a>,\u00a0<a href=\"https:\/\/kunmedierne.dk\/mors\/kirken-der-fik-mere-lys-fra-oven\/\" target=\"_blank\" rel=\"noopener noreferrer\">Erslev Kirke<\/a>,\u00a0<a href=\"https:\/\/kunmedierne.dk\/mors\/hoeje-tindinger-paa-pudsigt-alterbillede\/\" target=\"_blank\" rel=\"noopener noreferrer\">T\u00f8ds\u00f8 Kirke<\/a>,\u00a0<a href=\"https:\/\/kunmedierne.dk\/mors\/den-lille-kirke-med-mikael-dragedraeber-og-de-andre-klenodier\/\" target=\"_blank\" rel=\"noopener noreferrer\">J\u00f8rsby Kirke<\/a>,\u00a0<a href=\"https:\/\/kunmedierne.dk\/mors\/voksne-maend-graeder-af-bevaegelse-i-moedet-med-vejerslev-kirke\/\" target=\"_blank\" rel=\"noopener noreferrer\">Vejerslev Kirke<\/a>,\u00a0<a href=\"https:\/\/kunmedierne.dk\/mors\/en-kirke-behoever-ikke-goere-meget-vaesen-af-sig\/\" target=\"_blank\" rel=\"noopener noreferrer\">Flade Kirke<\/a>,\u00a0<a href=\"https:\/\/kunmedierne.dk\/mors\/kirken-hvor-tankerne-kan-vandre-lige-som-foedderne\/\" target=\"_blank\" rel=\"noopener noreferrer\">T\u00e6bring Kirke<\/a>,\u00a0<a href=\"https:\/\/kunmedierne.dk\/mors\/et-vartegn-paa-sammenhold-og-en-kirke-med-et-helt-saerligt-lys\/\">Ager\u00f8 Kirke<\/a>,\u00a0<a href=\"https:\/\/kunmedierne.dk\/mors\/to-sarkofager-goer-ljoerslev-kirke-til-noget-saerligt\/\">Lj\u00f8rslev Kirke<\/a>,\u00a0<a href=\"https:\/\/kunmedierne.dk\/mors\/skotoejsaesken-med-den-formidable-akustik\/\">L\u00f8dderup Kirke<\/a>,\u00a0<a href=\"https:\/\/kunmedierne.dk\/mors\/taenk-hvis-kirkens-mure-kunne-huske-alle-historierne\/\" target=\"_blank\" rel=\"noopener noreferrer\">Bjergby Kirke<\/a>,\u00a0<a href=\"https:\/\/kunmedierne.dk\/mors\/erik-heide-malede-en-hest\/\" target=\"_blank\" rel=\"noopener noreferrer\">\u00d8ster J\u00f8lby Kirke<\/a>,\u00a0<a href=\"https:\/\/kunmedierne.dk\/mors\/kirken-med-det-unikke-stenhoved\/\">Ovtrup Kirke<\/a>\u00a0og\u00a0<a href=\"https:\/\/kunmedierne.dk\/mors\/spottet-udefra-giver-det-smukkeste-lys-i-oerding-kirke\/\" target=\"_blank\" rel=\"noopener noreferrer\">\u00d8rding Kirke<\/a>.<\/p>\n<p>&nbsp;<\/p>\n<p>L\u00e6s mere om Mollerup Kirke p\u00e5 Aalborg Stifts <a href=\"https:\/\/aalborgstift.dk\/stiftet\/kirker?--fit_diocesedata-churchdb%5B%40package%5D=fit.diocesedata&amp;--fit_diocesedata-churchdb%5B%40controller%5D=church&amp;--fit_diocesedata-churchdb%5B%40action%5D=show&amp;--fit_diocesedata-churchdb%5B%40format%5D=html&amp;--fit_diocesedata-churchdb%5Bchurch%5D%5B__identity%5D=bdb1d264-48ad-475c-aee0-60889d86ad77\" target=\"_blank\" rel=\"noopener noreferrer\">hjemmeside<\/a>.<\/p>\n<p>&nbsp;<\/p>\n<p>Billederne til artikelserien er venligst udl\u00e5nt af Niels Clemmensen\/Aalborg Stift.<\/p><\/blockquote>\n<p>&nbsp;<\/p>\n","protected":false},"excerpt":{"rendered":"<p>MOLLERUP: Lille, venlig og med en placering, der n\u00e6rmest ikke kunne v\u00e6re valgt bedre. S\u00e5dan beskriver Arne Silkj\u00e6r, kirke- og kulturmedarbejder i Mollerup Kirke, den lille, kullede kirke med den fine beliggenhed. &#8220;Den ligger temmelig smukt p\u00e5 toppen af bakken. N\u00e5r man kommer til den, bliver man taget venligt imod fra parkeringspladsen. Man kigger op [&hellip;]<\/p>\n","protected":false},"author":8,"featured_media":25384,"comment_status":"open","ping_status":"open","sticky":false,"template":"","format":"gallery","meta":{"_acf_changed":false,"footnotes":""},"categories":[51],"tags":[161],"class_list":["post-25381","post","type-post","status-publish","format-gallery","has-post-thumbnail","hentry","category-lokalt","tag-kirker","post_format-post-format-gallery"],"acf":[],"yoast_head":"<!-- This site is optimized with the Yoast SEO plugin v26.8 - https:\/\/yoast.com\/product\/yoast-seo-wordpress\/ -->\n<title>Himlen er horisonten bag Mollerup Kirke - Mors<\/title>\n<meta name=\"robots\" content=\"index, follow, max-snippet:-1, max-image-preview:large, max-video-preview:-1\" \/>\n<link rel=\"canonical\" href=\"https:\/\/kunmedierne.dk\/mors\/himlen-er-horisonten-bag-mollerup-kirke\/\" \/>\n<meta property=\"og:locale\" content=\"da_DK\" \/>\n<meta property=\"og:type\" content=\"article\" \/>\n<meta property=\"og:title\" content=\"Himlen er horisonten bag Mollerup Kirke - Mors\" \/>\n<meta property=\"og:description\" content=\"MOLLERUP: Lille, venlig og med en placering, der n\u00e6rmest ikke kunne v\u00e6re valgt bedre. S\u00e5dan beskriver Arne Silkj\u00e6r, kirke- og kulturmedarbejder i Mollerup Kirke, den lille, kullede kirke med den fine beliggenhed. &#8220;Den ligger temmelig smukt p\u00e5 toppen af bakken. N\u00e5r man kommer til den, bliver man taget venligt imod fra parkeringspladsen. Man kigger op [&hellip;]\" \/>\n<meta property=\"og:url\" content=\"https:\/\/kunmedierne.dk\/mors\/himlen-er-horisonten-bag-mollerup-kirke\/\" \/>\n<meta property=\"og:site_name\" content=\"Mors\" \/>\n<meta property=\"article:published_time\" content=\"2020-06-14T17:19:17+00:00\" \/>\n<meta property=\"article:modified_time\" content=\"2024-08-12T12:06:00+00:00\" \/>\n<meta property=\"og:image\" content=\"https:\/\/kunmedierne.dk\/mors\/wp-content\/uploads\/2020\/06\/mollerup2.jpg\" \/>\n\t<meta property=\"og:image:width\" content=\"770\" \/>\n\t<meta property=\"og:image:height\" content=\"514\" \/>\n\t<meta property=\"og:image:type\" content=\"image\/jpeg\" \/>\n<meta name=\"author\" content=\"David H\u00f8jmark\" \/>\n<meta name=\"twitter:card\" content=\"summary_large_image\" \/>\n<meta name=\"twitter:label1\" content=\"Skrevet af\" \/>\n\t<meta name=\"twitter:data1\" content=\"David H\u00f8jmark\" \/>\n\t<meta name=\"twitter:label2\" content=\"Estimeret l\u00e6setid\" \/>\n\t<meta name=\"twitter:data2\" content=\"3 minutter\" \/>\n<script type=\"application\/ld+json\" class=\"yoast-schema-graph\">{\"@context\":\"https:\/\/schema.org\",\"@graph\":[{\"@type\":\"Article\",\"@id\":\"https:\/\/kunmedierne.dk\/mors\/himlen-er-horisonten-bag-mollerup-kirke\/#article\",\"isPartOf\":{\"@id\":\"https:\/\/kunmedierne.dk\/mors\/himlen-er-horisonten-bag-mollerup-kirke\/\"},\"author\":{\"name\":\"David H\u00f8jmark\",\"@id\":\"https:\/\/kunmedierne.dk\/mors\/#\/schema\/person\/5fe23251bf1d0abbcdc6f7896579d548\"},\"headline\":\"Himlen er horisonten bag Mollerup Kirke\",\"datePublished\":\"2020-06-14T17:19:17+00:00\",\"dateModified\":\"2024-08-12T12:06:00+00:00\",\"mainEntityOfPage\":{\"@id\":\"https:\/\/kunmedierne.dk\/mors\/himlen-er-horisonten-bag-mollerup-kirke\/\"},\"wordCount\":640,\"commentCount\":0,\"publisher\":{\"@id\":\"https:\/\/kunmedierne.dk\/mors\/#organization\"},\"image\":{\"@id\":\"https:\/\/kunmedierne.dk\/mors\/himlen-er-horisonten-bag-mollerup-kirke\/#primaryimage\"},\"thumbnailUrl\":\"https:\/\/kunmedierne.dk\/mors\/wp-content\/uploads\/2020\/06\/mollerup2.jpg\",\"keywords\":[\"Kirkestof\"],\"articleSection\":[\"Lokalt\"],\"inLanguage\":\"da-DK\",\"potentialAction\":[{\"@type\":\"CommentAction\",\"name\":\"Comment\",\"target\":[\"https:\/\/kunmedierne.dk\/mors\/himlen-er-horisonten-bag-mollerup-kirke\/#respond\"]}]},{\"@type\":\"WebPage\",\"@id\":\"https:\/\/kunmedierne.dk\/mors\/himlen-er-horisonten-bag-mollerup-kirke\/\",\"url\":\"https:\/\/kunmedierne.dk\/mors\/himlen-er-horisonten-bag-mollerup-kirke\/\",\"name\":\"Himlen er horisonten bag Mollerup Kirke - Mors\",\"isPartOf\":{\"@id\":\"https:\/\/kunmedierne.dk\/mors\/#website\"},\"primaryImageOfPage\":{\"@id\":\"https:\/\/kunmedierne.dk\/mors\/himlen-er-horisonten-bag-mollerup-kirke\/#primaryimage\"},\"image\":{\"@id\":\"https:\/\/kunmedierne.dk\/mors\/himlen-er-horisonten-bag-mollerup-kirke\/#primaryimage\"},\"thumbnailUrl\":\"https:\/\/kunmedierne.dk\/mors\/wp-content\/uploads\/2020\/06\/mollerup2.jpg\",\"datePublished\":\"2020-06-14T17:19:17+00:00\",\"dateModified\":\"2024-08-12T12:06:00+00:00\",\"breadcrumb\":{\"@id\":\"https:\/\/kunmedierne.dk\/mors\/himlen-er-horisonten-bag-mollerup-kirke\/#breadcrumb\"},\"inLanguage\":\"da-DK\",\"potentialAction\":[{\"@type\":\"ReadAction\",\"target\":[\"https:\/\/kunmedierne.dk\/mors\/himlen-er-horisonten-bag-mollerup-kirke\/\"]}]},{\"@type\":\"ImageObject\",\"inLanguage\":\"da-DK\",\"@id\":\"https:\/\/kunmedierne.dk\/mors\/himlen-er-horisonten-bag-mollerup-kirke\/#primaryimage\",\"url\":\"https:\/\/kunmedierne.dk\/mors\/wp-content\/uploads\/2020\/06\/mollerup2.jpg\",\"contentUrl\":\"https:\/\/kunmedierne.dk\/mors\/wp-content\/uploads\/2020\/06\/mollerup2.jpg\",\"width\":770,\"height\":514,\"caption\":\"Foto: Niels Clemmensen\/Aalborg Stift\"},{\"@type\":\"BreadcrumbList\",\"@id\":\"https:\/\/kunmedierne.dk\/mors\/himlen-er-horisonten-bag-mollerup-kirke\/#breadcrumb\",\"itemListElement\":[{\"@type\":\"ListItem\",\"position\":1,\"name\":\"Hjem\",\"item\":\"https:\/\/kunmedierne.dk\/mors\/\"},{\"@type\":\"ListItem\",\"position\":2,\"name\":\"Himlen er horisonten bag Mollerup Kirke\"}]},{\"@type\":\"WebSite\",\"@id\":\"https:\/\/kunmedierne.dk\/mors\/#website\",\"url\":\"https:\/\/kunmedierne.dk\/mors\/\",\"name\":\"Mors\",\"description\":\"et netmedie med journalistik om livet p\u00e5 Mors\",\"publisher\":{\"@id\":\"https:\/\/kunmedierne.dk\/mors\/#organization\"},\"potentialAction\":[{\"@type\":\"SearchAction\",\"target\":{\"@type\":\"EntryPoint\",\"urlTemplate\":\"https:\/\/kunmedierne.dk\/mors\/?s={search_term_string}\"},\"query-input\":{\"@type\":\"PropertyValueSpecification\",\"valueRequired\":true,\"valueName\":\"search_term_string\"}}],\"inLanguage\":\"da-DK\"},{\"@type\":\"Organization\",\"@id\":\"https:\/\/kunmedierne.dk\/mors\/#organization\",\"name\":\"Mors\",\"url\":\"https:\/\/kunmedierne.dk\/mors\/\",\"logo\":{\"@type\":\"ImageObject\",\"inLanguage\":\"da-DK\",\"@id\":\"https:\/\/kunmedierne.dk\/mors\/#\/schema\/logo\/image\/\",\"url\":\"https:\/\/kunmedierne.dk\/mors\/wp-content\/uploads\/2024\/08\/kunmors-logo.svg\",\"contentUrl\":\"https:\/\/kunmedierne.dk\/mors\/wp-content\/uploads\/2024\/08\/kunmors-logo.svg\",\"caption\":\"Mors\"},\"image\":{\"@id\":\"https:\/\/kunmedierne.dk\/mors\/#\/schema\/logo\/image\/\"}},{\"@type\":\"Person\",\"@id\":\"https:\/\/kunmedierne.dk\/mors\/#\/schema\/person\/5fe23251bf1d0abbcdc6f7896579d548\",\"name\":\"David H\u00f8jmark\",\"image\":{\"@type\":\"ImageObject\",\"inLanguage\":\"da-DK\",\"@id\":\"https:\/\/kunmedierne.dk\/mors\/#\/schema\/person\/image\/\",\"url\":\"https:\/\/secure.gravatar.com\/avatar\/4315d6fb9ef244d729989f5f90268eb08d5bf8a3d84402f595fa194bb35784fd?s=96&d=mm&r=g\",\"contentUrl\":\"https:\/\/secure.gravatar.com\/avatar\/4315d6fb9ef244d729989f5f90268eb08d5bf8a3d84402f595fa194bb35784fd?s=96&d=mm&r=g\",\"caption\":\"David H\u00f8jmark\"},\"sameAs\":[\"https:\/\/www.kunmedierne.dk\"],\"url\":\"https:\/\/kunmedierne.dk\/mors\/author\/david\/\"}]}<\/script>\n<!-- \/ Yoast SEO plugin. -->","yoast_head_json":{"title":"Himlen er horisonten bag Mollerup Kirke - Mors","robots":{"index":"index","follow":"follow","max-snippet":"max-snippet:-1","max-image-preview":"max-image-preview:large","max-video-preview":"max-video-preview:-1"},"canonical":"https:\/\/kunmedierne.dk\/mors\/himlen-er-horisonten-bag-mollerup-kirke\/","og_locale":"da_DK","og_type":"article","og_title":"Himlen er horisonten bag Mollerup Kirke - Mors","og_description":"MOLLERUP: Lille, venlig og med en placering, der n\u00e6rmest ikke kunne v\u00e6re valgt bedre. S\u00e5dan beskriver Arne Silkj\u00e6r, kirke- og kulturmedarbejder i Mollerup Kirke, den lille, kullede kirke med den fine beliggenhed. &#8220;Den ligger temmelig smukt p\u00e5 toppen af bakken. N\u00e5r man kommer til den, bliver man taget venligt imod fra parkeringspladsen. Man kigger op [&hellip;]","og_url":"https:\/\/kunmedierne.dk\/mors\/himlen-er-horisonten-bag-mollerup-kirke\/","og_site_name":"Mors","article_published_time":"2020-06-14T17:19:17+00:00","article_modified_time":"2024-08-12T12:06:00+00:00","og_image":[{"width":770,"height":514,"url":"https:\/\/kunmedierne.dk\/mors\/wp-content\/uploads\/2020\/06\/mollerup2.jpg","type":"image\/jpeg"}],"author":"David H\u00f8jmark","twitter_card":"summary_large_image","twitter_misc":{"Skrevet af":"David H\u00f8jmark","Estimeret l\u00e6setid":"3 minutter"},"schema":{"@context":"https:\/\/schema.org","@graph":[{"@type":"Article","@id":"https:\/\/kunmedierne.dk\/mors\/himlen-er-horisonten-bag-mollerup-kirke\/#article","isPartOf":{"@id":"https:\/\/kunmedierne.dk\/mors\/himlen-er-horisonten-bag-mollerup-kirke\/"},"author":{"name":"David H\u00f8jmark","@id":"https:\/\/kunmedierne.dk\/mors\/#\/schema\/person\/5fe23251bf1d0abbcdc6f7896579d548"},"headline":"Himlen er horisonten bag Mollerup Kirke","datePublished":"2020-06-14T17:19:17+00:00","dateModified":"2024-08-12T12:06:00+00:00","mainEntityOfPage":{"@id":"https:\/\/kunmedierne.dk\/mors\/himlen-er-horisonten-bag-mollerup-kirke\/"},"wordCount":640,"commentCount":0,"publisher":{"@id":"https:\/\/kunmedierne.dk\/mors\/#organization"},"image":{"@id":"https:\/\/kunmedierne.dk\/mors\/himlen-er-horisonten-bag-mollerup-kirke\/#primaryimage"},"thumbnailUrl":"https:\/\/kunmedierne.dk\/mors\/wp-content\/uploads\/2020\/06\/mollerup2.jpg","keywords":["Kirkestof"],"articleSection":["Lokalt"],"inLanguage":"da-DK","potentialAction":[{"@type":"CommentAction","name":"Comment","target":["https:\/\/kunmedierne.dk\/mors\/himlen-er-horisonten-bag-mollerup-kirke\/#respond"]}]},{"@type":"WebPage","@id":"https:\/\/kunmedierne.dk\/mors\/himlen-er-horisonten-bag-mollerup-kirke\/","url":"https:\/\/kunmedierne.dk\/mors\/himlen-er-horisonten-bag-mollerup-kirke\/","name":"Himlen er horisonten bag Mollerup Kirke - Mors","isPartOf":{"@id":"https:\/\/kunmedierne.dk\/mors\/#website"},"primaryImageOfPage":{"@id":"https:\/\/kunmedierne.dk\/mors\/himlen-er-horisonten-bag-mollerup-kirke\/#primaryimage"},"image":{"@id":"https:\/\/kunmedierne.dk\/mors\/himlen-er-horisonten-bag-mollerup-kirke\/#primaryimage"},"thumbnailUrl":"https:\/\/kunmedierne.dk\/mors\/wp-content\/uploads\/2020\/06\/mollerup2.jpg","datePublished":"2020-06-14T17:19:17+00:00","dateModified":"2024-08-12T12:06:00+00:00","breadcrumb":{"@id":"https:\/\/kunmedierne.dk\/mors\/himlen-er-horisonten-bag-mollerup-kirke\/#breadcrumb"},"inLanguage":"da-DK","potentialAction":[{"@type":"ReadAction","target":["https:\/\/kunmedierne.dk\/mors\/himlen-er-horisonten-bag-mollerup-kirke\/"]}]},{"@type":"ImageObject","inLanguage":"da-DK","@id":"https:\/\/kunmedierne.dk\/mors\/himlen-er-horisonten-bag-mollerup-kirke\/#primaryimage","url":"https:\/\/kunmedierne.dk\/mors\/wp-content\/uploads\/2020\/06\/mollerup2.jpg","contentUrl":"https:\/\/kunmedierne.dk\/mors\/wp-content\/uploads\/2020\/06\/mollerup2.jpg","width":770,"height":514,"caption":"Foto: Niels Clemmensen\/Aalborg Stift"},{"@type":"BreadcrumbList","@id":"https:\/\/kunmedierne.dk\/mors\/himlen-er-horisonten-bag-mollerup-kirke\/#breadcrumb","itemListElement":[{"@type":"ListItem","position":1,"name":"Hjem","item":"https:\/\/kunmedierne.dk\/mors\/"},{"@type":"ListItem","position":2,"name":"Himlen er horisonten bag Mollerup Kirke"}]},{"@type":"WebSite","@id":"https:\/\/kunmedierne.dk\/mors\/#website","url":"https:\/\/kunmedierne.dk\/mors\/","name":"Mors","description":"et netmedie med journalistik om livet p\u00e5 Mors","publisher":{"@id":"https:\/\/kunmedierne.dk\/mors\/#organization"},"potentialAction":[{"@type":"SearchAction","target":{"@type":"EntryPoint","urlTemplate":"https:\/\/kunmedierne.dk\/mors\/?s={search_term_string}"},"query-input":{"@type":"PropertyValueSpecification","valueRequired":true,"valueName":"search_term_string"}}],"inLanguage":"da-DK"},{"@type":"Organization","@id":"https:\/\/kunmedierne.dk\/mors\/#organization","name":"Mors","url":"https:\/\/kunmedierne.dk\/mors\/","logo":{"@type":"ImageObject","inLanguage":"da-DK","@id":"https:\/\/kunmedierne.dk\/mors\/#\/schema\/logo\/image\/","url":"https:\/\/kunmedierne.dk\/mors\/wp-content\/uploads\/2024\/08\/kunmors-logo.svg","contentUrl":"https:\/\/kunmedierne.dk\/mors\/wp-content\/uploads\/2024\/08\/kunmors-logo.svg","caption":"Mors"},"image":{"@id":"https:\/\/kunmedierne.dk\/mors\/#\/schema\/logo\/image\/"}},{"@type":"Person","@id":"https:\/\/kunmedierne.dk\/mors\/#\/schema\/person\/5fe23251bf1d0abbcdc6f7896579d548","name":"David H\u00f8jmark","image":{"@type":"ImageObject","inLanguage":"da-DK","@id":"https:\/\/kunmedierne.dk\/mors\/#\/schema\/person\/image\/","url":"https:\/\/secure.gravatar.com\/avatar\/4315d6fb9ef244d729989f5f90268eb08d5bf8a3d84402f595fa194bb35784fd?s=96&d=mm&r=g","contentUrl":"https:\/\/secure.gravatar.com\/avatar\/4315d6fb9ef244d729989f5f90268eb08d5bf8a3d84402f595fa194bb35784fd?s=96&d=mm&r=g","caption":"David H\u00f8jmark"},"sameAs":["https:\/\/www.kunmedierne.dk"],"url":"https:\/\/kunmedierne.dk\/mors\/author\/david\/"}]}},"_links":{"self":[{"href":"https:\/\/kunmedierne.dk\/mors\/wp-json\/wp\/v2\/posts\/25381","targetHints":{"allow":["GET"]}}],"collection":[{"href":"https:\/\/kunmedierne.dk\/mors\/wp-json\/wp\/v2\/posts"}],"about":[{"href":"https:\/\/kunmedierne.dk\/mors\/wp-json\/wp\/v2\/types\/post"}],"author":[{"embeddable":true,"href":"https:\/\/kunmedierne.dk\/mors\/wp-json\/wp\/v2\/users\/8"}],"replies":[{"embeddable":true,"href":"https:\/\/kunmedierne.dk\/mors\/wp-json\/wp\/v2\/comments?post=25381"}],"version-history":[{"count":6,"href":"https:\/\/kunmedierne.dk\/mors\/wp-json\/wp\/v2\/posts\/25381\/revisions"}],"predecessor-version":[{"id":25394,"href":"https:\/\/kunmedierne.dk\/mors\/wp-json\/wp\/v2\/posts\/25381\/revisions\/25394"}],"wp:featuredmedia":[{"embeddable":true,"href":"https:\/\/kunmedierne.dk\/mors\/wp-json\/wp\/v2\/media\/25384"}],"wp:attachment":[{"href":"https:\/\/kunmedierne.dk\/mors\/wp-json\/wp\/v2\/media?parent=25381"}],"wp:term":[{"taxonomy":"category","embeddable":true,"href":"https:\/\/kunmedierne.dk\/mors\/wp-json\/wp\/v2\/categories?post=25381"},{"taxonomy":"post_tag","embeddable":true,"href":"https:\/\/kunmedierne.dk\/mors\/wp-json\/wp\/v2\/tags?post=25381"}],"curies":[{"name":"wp","href":"https:\/\/api.w.org\/{rel}","templated":true}]}}