{"id":24942,"date":"2020-06-11T08:45:19","date_gmt":"2020-06-11T06:45:19","guid":{"rendered":"https:\/\/kunmedierne.dk\/mors\/?p=24942"},"modified":"2024-08-12T14:06:01","modified_gmt":"2024-08-12T12:06:01","slug":"morsoe-erhvervsraad-praesenterer-sin-erhvervsdirektoer","status":"publish","type":"post","link":"https:\/\/kunmedierne.dk\/mors\/morsoe-erhvervsraad-praesenterer-sin-erhvervsdirektoer\/","title":{"rendered":"Mors\u00f8 Erhvervsr\u00e5d pr\u00e6senterer sin erhvervsdirekt\u00f8r"},"content":{"rendered":"<p class=\"v1MsoNormal\"><strong>NYK\u00d8BING<\/strong>: Der er nu kommet navn p\u00e5 den nye erhvervsdirekt\u00f8r i Mors\u00f8 Erhvervsr\u00e5d.<\/p>\n<p>Som omtalt i <a href=\"https:\/\/kunmedierne.dk\/morsoe-erhvervsraad-har-fundet-sin-nye-direktoer\/\" target=\"_blank\" rel=\"noopener noreferrer\">slutningen af maj<\/a> har det lokale erhvervsr\u00e5d ansat en til at bes\u00e6tte posten, og nu er formalia s\u00e5 meget p\u00e5 plads, at man ogs\u00e5 kan afsl\u00f8re navnet: Tinna Malmborg.<\/p>\n<p class=\"v1MsoNormal\">I en pressemeddelelse fort\u00e6ller erhvervsr\u00e5det, at Tinna Malmborg er 53 \u00e5r og har erfaring fra flere sektorer. F\u00e6lles for hendes tidligere jobs er, at kontakten med andre mennesker har v\u00e6ret det centrale. Hun har arbejdet som kommunal sagsbehandler, projektleder, erhvervs- og uddannelseskonsulent og kommer senest fra en stilling som ansvarlig for projektsalg inden for hospitalssektoren.<\/p>\n<p class=\"v1MsoNormal\">\u201dBestyrelsen har bevidst satset p\u00e5 at bes\u00e6tte direkt\u00f8rstillingen med en profil, der s\u00e6tter pris p\u00e5 den direkte kontakt med mange mennesker\u201d, siger Tage Odgaard Nielsen, der er formand for bestyrelsen i Mors\u00f8 Erhvervsr\u00e5d.<\/p>\n<p class=\"v1MsoNormal\">\u201dDialogen med erhvervsr\u00e5dets medlemmer er en helt central del af jobbet, og med Tinna Malmborg i spidsen vil bestyrelsen bevidst styrke erhvervsr\u00e5dets kerneopgave, nemlig at v\u00e6re et dynamisk serviceorgan for medlemsvirksomhederne og en krumtap i erhvervsudviklingen p\u00e5 Mors,&#8221; siger han.<\/p>\n<p class=\"v1MsoNormal\">Tinna Malmborg bor i dag i Silkeborg men flytter til Mors i forbindelse med sin tiltr\u00e6den 1. august. Hun og \u00e6gtef\u00e6llen Allan har k\u00f8bt hus i Sillerslev.<\/p>\n<p class=\"v1MsoNormal\">\u201dJeg er opvokset i Thisted og gl\u00e6der mig til at vende tilbage til en egn, jeg kender rigtig godt\u201d, siger hun.<\/p>\n<p class=\"v1MsoNormal\">\u201dSamtidig f\u00f8ler jeg mig privilegeret over at skulle v\u00e6re en del af det velfungerende team i Mors\u00f8 Erhvervsr\u00e5d, og jeg ser frem til at skulle samarbejde med medlemsvirksomhederne, med Mors\u00f8 Kommune, Erhvervshus Nordjylland, Mors\u00f8 Handelsstandsforening, Destination Limfjorden og de mange andre akt\u00f8rer. Jeg skal g\u00f8re mit til, at Mors\u00f8 Erhvervsr\u00e5d ogs\u00e5 fremover bliver en synlig og aktiv samarbejdspartner til gavn for erhvervsudviklingen p\u00e5 Mors\u201d, siger Tinna Malmborg.<\/p>\n","protected":false},"excerpt":{"rendered":"<p>NYK\u00d8BING: Der er nu kommet navn p\u00e5 den nye erhvervsdirekt\u00f8r i Mors\u00f8 Erhvervsr\u00e5d. Som omtalt i slutningen af maj har det lokale erhvervsr\u00e5d ansat en til at bes\u00e6tte posten, og nu er formalia s\u00e5 meget p\u00e5 plads, at man ogs\u00e5 kan afsl\u00f8re navnet: Tinna Malmborg. I en pressemeddelelse fort\u00e6ller erhvervsr\u00e5det, at Tinna Malmborg er 53 [&hellip;]<\/p>\n","protected":false},"author":8,"featured_media":24943,"comment_status":"open","ping_status":"open","sticky":false,"template":"","format":"standard","meta":{"_acf_changed":false,"footnotes":""},"categories":[51],"tags":[159],"class_list":["post-24942","post","type-post","status-publish","format-standard","has-post-thumbnail","hentry","category-lokalt","tag-erhverv"],"acf":[],"yoast_head":"<!-- This site is optimized with the Yoast SEO plugin v26.8 - https:\/\/yoast.com\/product\/yoast-seo-wordpress\/ -->\n<title>Mors\u00f8 Erhvervsr\u00e5d pr\u00e6senterer sin erhvervsdirekt\u00f8r - Mors<\/title>\n<meta name=\"robots\" content=\"index, follow, max-snippet:-1, max-image-preview:large, max-video-preview:-1\" \/>\n<link rel=\"canonical\" href=\"https:\/\/kunmedierne.dk\/mors\/morsoe-erhvervsraad-praesenterer-sin-erhvervsdirektoer\/\" \/>\n<meta property=\"og:locale\" content=\"da_DK\" \/>\n<meta property=\"og:type\" content=\"article\" \/>\n<meta property=\"og:title\" content=\"Mors\u00f8 Erhvervsr\u00e5d pr\u00e6senterer sin erhvervsdirekt\u00f8r - Mors\" \/>\n<meta property=\"og:description\" content=\"NYK\u00d8BING: Der er nu kommet navn p\u00e5 den nye erhvervsdirekt\u00f8r i Mors\u00f8 Erhvervsr\u00e5d. Som omtalt i slutningen af maj har det lokale erhvervsr\u00e5d ansat en til at bes\u00e6tte posten, og nu er formalia s\u00e5 meget p\u00e5 plads, at man ogs\u00e5 kan afsl\u00f8re navnet: Tinna Malmborg. I en pressemeddelelse fort\u00e6ller erhvervsr\u00e5det, at Tinna Malmborg er 53 [&hellip;]\" \/>\n<meta property=\"og:url\" content=\"https:\/\/kunmedierne.dk\/mors\/morsoe-erhvervsraad-praesenterer-sin-erhvervsdirektoer\/\" \/>\n<meta property=\"og:site_name\" content=\"Mors\" \/>\n<meta property=\"article:published_time\" content=\"2020-06-11T06:45:19+00:00\" \/>\n<meta property=\"article:modified_time\" content=\"2024-08-12T12:06:01+00:00\" \/>\n<meta property=\"og:image\" content=\"https:\/\/kunmedierne.dk\/mors\/wp-content\/uploads\/2020\/06\/200611-erhvervschef-Tinna-Malmborg.jpg\" \/>\n\t<meta property=\"og:image:width\" content=\"770\" \/>\n\t<meta property=\"og:image:height\" content=\"513\" \/>\n\t<meta property=\"og:image:type\" content=\"image\/jpeg\" \/>\n<meta name=\"author\" content=\"David H\u00f8jmark\" \/>\n<meta name=\"twitter:card\" content=\"summary_large_image\" \/>\n<meta name=\"twitter:label1\" content=\"Skrevet af\" \/>\n\t<meta name=\"twitter:data1\" content=\"David H\u00f8jmark\" \/>\n\t<meta name=\"twitter:label2\" content=\"Estimeret l\u00e6setid\" \/>\n\t<meta name=\"twitter:data2\" content=\"2 minutter\" \/>\n<script type=\"application\/ld+json\" class=\"yoast-schema-graph\">{\"@context\":\"https:\/\/schema.org\",\"@graph\":[{\"@type\":\"Article\",\"@id\":\"https:\/\/kunmedierne.dk\/mors\/morsoe-erhvervsraad-praesenterer-sin-erhvervsdirektoer\/#article\",\"isPartOf\":{\"@id\":\"https:\/\/kunmedierne.dk\/mors\/morsoe-erhvervsraad-praesenterer-sin-erhvervsdirektoer\/\"},\"author\":{\"name\":\"David H\u00f8jmark\",\"@id\":\"https:\/\/kunmedierne.dk\/mors\/#\/schema\/person\/5fe23251bf1d0abbcdc6f7896579d548\"},\"headline\":\"Mors\u00f8 Erhvervsr\u00e5d pr\u00e6senterer sin erhvervsdirekt\u00f8r\",\"datePublished\":\"2020-06-11T06:45:19+00:00\",\"dateModified\":\"2024-08-12T12:06:01+00:00\",\"mainEntityOfPage\":{\"@id\":\"https:\/\/kunmedierne.dk\/mors\/morsoe-erhvervsraad-praesenterer-sin-erhvervsdirektoer\/\"},\"wordCount\":321,\"commentCount\":0,\"publisher\":{\"@id\":\"https:\/\/kunmedierne.dk\/mors\/#organization\"},\"image\":{\"@id\":\"https:\/\/kunmedierne.dk\/mors\/morsoe-erhvervsraad-praesenterer-sin-erhvervsdirektoer\/#primaryimage\"},\"thumbnailUrl\":\"https:\/\/kunmedierne.dk\/mors\/wp-content\/uploads\/2020\/06\/200611-erhvervschef-Tinna-Malmborg.jpg\",\"keywords\":[\"Erhverv\"],\"articleSection\":[\"Lokalt\"],\"inLanguage\":\"da-DK\",\"potentialAction\":[{\"@type\":\"CommentAction\",\"name\":\"Comment\",\"target\":[\"https:\/\/kunmedierne.dk\/mors\/morsoe-erhvervsraad-praesenterer-sin-erhvervsdirektoer\/#respond\"]}]},{\"@type\":\"WebPage\",\"@id\":\"https:\/\/kunmedierne.dk\/mors\/morsoe-erhvervsraad-praesenterer-sin-erhvervsdirektoer\/\",\"url\":\"https:\/\/kunmedierne.dk\/mors\/morsoe-erhvervsraad-praesenterer-sin-erhvervsdirektoer\/\",\"name\":\"Mors\u00f8 Erhvervsr\u00e5d pr\u00e6senterer sin erhvervsdirekt\u00f8r - Mors\",\"isPartOf\":{\"@id\":\"https:\/\/kunmedierne.dk\/mors\/#website\"},\"primaryImageOfPage\":{\"@id\":\"https:\/\/kunmedierne.dk\/mors\/morsoe-erhvervsraad-praesenterer-sin-erhvervsdirektoer\/#primaryimage\"},\"image\":{\"@id\":\"https:\/\/kunmedierne.dk\/mors\/morsoe-erhvervsraad-praesenterer-sin-erhvervsdirektoer\/#primaryimage\"},\"thumbnailUrl\":\"https:\/\/kunmedierne.dk\/mors\/wp-content\/uploads\/2020\/06\/200611-erhvervschef-Tinna-Malmborg.jpg\",\"datePublished\":\"2020-06-11T06:45:19+00:00\",\"dateModified\":\"2024-08-12T12:06:01+00:00\",\"breadcrumb\":{\"@id\":\"https:\/\/kunmedierne.dk\/mors\/morsoe-erhvervsraad-praesenterer-sin-erhvervsdirektoer\/#breadcrumb\"},\"inLanguage\":\"da-DK\",\"potentialAction\":[{\"@type\":\"ReadAction\",\"target\":[\"https:\/\/kunmedierne.dk\/mors\/morsoe-erhvervsraad-praesenterer-sin-erhvervsdirektoer\/\"]}]},{\"@type\":\"ImageObject\",\"inLanguage\":\"da-DK\",\"@id\":\"https:\/\/kunmedierne.dk\/mors\/morsoe-erhvervsraad-praesenterer-sin-erhvervsdirektoer\/#primaryimage\",\"url\":\"https:\/\/kunmedierne.dk\/mors\/wp-content\/uploads\/2020\/06\/200611-erhvervschef-Tinna-Malmborg.jpg\",\"contentUrl\":\"https:\/\/kunmedierne.dk\/mors\/wp-content\/uploads\/2020\/06\/200611-erhvervschef-Tinna-Malmborg.jpg\",\"width\":770,\"height\":513,\"caption\":\"Erhvervsdirekt\u00f8r Tinna Malmborg. Foto: Mors\u00f8 Erhvervsr\u00e5d\"},{\"@type\":\"BreadcrumbList\",\"@id\":\"https:\/\/kunmedierne.dk\/mors\/morsoe-erhvervsraad-praesenterer-sin-erhvervsdirektoer\/#breadcrumb\",\"itemListElement\":[{\"@type\":\"ListItem\",\"position\":1,\"name\":\"Hjem\",\"item\":\"https:\/\/kunmedierne.dk\/mors\/\"},{\"@type\":\"ListItem\",\"position\":2,\"name\":\"Mors\u00f8 Erhvervsr\u00e5d pr\u00e6senterer sin erhvervsdirekt\u00f8r\"}]},{\"@type\":\"WebSite\",\"@id\":\"https:\/\/kunmedierne.dk\/mors\/#website\",\"url\":\"https:\/\/kunmedierne.dk\/mors\/\",\"name\":\"Mors\",\"description\":\"et netmedie med journalistik om livet p\u00e5 Mors\",\"publisher\":{\"@id\":\"https:\/\/kunmedierne.dk\/mors\/#organization\"},\"potentialAction\":[{\"@type\":\"SearchAction\",\"target\":{\"@type\":\"EntryPoint\",\"urlTemplate\":\"https:\/\/kunmedierne.dk\/mors\/?s={search_term_string}\"},\"query-input\":{\"@type\":\"PropertyValueSpecification\",\"valueRequired\":true,\"valueName\":\"search_term_string\"}}],\"inLanguage\":\"da-DK\"},{\"@type\":\"Organization\",\"@id\":\"https:\/\/kunmedierne.dk\/mors\/#organization\",\"name\":\"Mors\",\"url\":\"https:\/\/kunmedierne.dk\/mors\/\",\"logo\":{\"@type\":\"ImageObject\",\"inLanguage\":\"da-DK\",\"@id\":\"https:\/\/kunmedierne.dk\/mors\/#\/schema\/logo\/image\/\",\"url\":\"https:\/\/kunmedierne.dk\/mors\/wp-content\/uploads\/2024\/08\/kunmors-logo.svg\",\"contentUrl\":\"https:\/\/kunmedierne.dk\/mors\/wp-content\/uploads\/2024\/08\/kunmors-logo.svg\",\"caption\":\"Mors\"},\"image\":{\"@id\":\"https:\/\/kunmedierne.dk\/mors\/#\/schema\/logo\/image\/\"}},{\"@type\":\"Person\",\"@id\":\"https:\/\/kunmedierne.dk\/mors\/#\/schema\/person\/5fe23251bf1d0abbcdc6f7896579d548\",\"name\":\"David H\u00f8jmark\",\"image\":{\"@type\":\"ImageObject\",\"inLanguage\":\"da-DK\",\"@id\":\"https:\/\/kunmedierne.dk\/mors\/#\/schema\/person\/image\/\",\"url\":\"https:\/\/secure.gravatar.com\/avatar\/4315d6fb9ef244d729989f5f90268eb08d5bf8a3d84402f595fa194bb35784fd?s=96&d=mm&r=g\",\"contentUrl\":\"https:\/\/secure.gravatar.com\/avatar\/4315d6fb9ef244d729989f5f90268eb08d5bf8a3d84402f595fa194bb35784fd?s=96&d=mm&r=g\",\"caption\":\"David H\u00f8jmark\"},\"sameAs\":[\"https:\/\/www.kunmedierne.dk\"],\"url\":\"https:\/\/kunmedierne.dk\/mors\/author\/david\/\"}]}<\/script>\n<!-- \/ Yoast SEO plugin. -->","yoast_head_json":{"title":"Mors\u00f8 Erhvervsr\u00e5d pr\u00e6senterer sin erhvervsdirekt\u00f8r - Mors","robots":{"index":"index","follow":"follow","max-snippet":"max-snippet:-1","max-image-preview":"max-image-preview:large","max-video-preview":"max-video-preview:-1"},"canonical":"https:\/\/kunmedierne.dk\/mors\/morsoe-erhvervsraad-praesenterer-sin-erhvervsdirektoer\/","og_locale":"da_DK","og_type":"article","og_title":"Mors\u00f8 Erhvervsr\u00e5d pr\u00e6senterer sin erhvervsdirekt\u00f8r - Mors","og_description":"NYK\u00d8BING: Der er nu kommet navn p\u00e5 den nye erhvervsdirekt\u00f8r i Mors\u00f8 Erhvervsr\u00e5d. Som omtalt i slutningen af maj har det lokale erhvervsr\u00e5d ansat en til at bes\u00e6tte posten, og nu er formalia s\u00e5 meget p\u00e5 plads, at man ogs\u00e5 kan afsl\u00f8re navnet: Tinna Malmborg. I en pressemeddelelse fort\u00e6ller erhvervsr\u00e5det, at Tinna Malmborg er 53 [&hellip;]","og_url":"https:\/\/kunmedierne.dk\/mors\/morsoe-erhvervsraad-praesenterer-sin-erhvervsdirektoer\/","og_site_name":"Mors","article_published_time":"2020-06-11T06:45:19+00:00","article_modified_time":"2024-08-12T12:06:01+00:00","og_image":[{"width":770,"height":513,"url":"https:\/\/kunmedierne.dk\/mors\/wp-content\/uploads\/2020\/06\/200611-erhvervschef-Tinna-Malmborg.jpg","type":"image\/jpeg"}],"author":"David H\u00f8jmark","twitter_card":"summary_large_image","twitter_misc":{"Skrevet af":"David H\u00f8jmark","Estimeret l\u00e6setid":"2 minutter"},"schema":{"@context":"https:\/\/schema.org","@graph":[{"@type":"Article","@id":"https:\/\/kunmedierne.dk\/mors\/morsoe-erhvervsraad-praesenterer-sin-erhvervsdirektoer\/#article","isPartOf":{"@id":"https:\/\/kunmedierne.dk\/mors\/morsoe-erhvervsraad-praesenterer-sin-erhvervsdirektoer\/"},"author":{"name":"David H\u00f8jmark","@id":"https:\/\/kunmedierne.dk\/mors\/#\/schema\/person\/5fe23251bf1d0abbcdc6f7896579d548"},"headline":"Mors\u00f8 Erhvervsr\u00e5d pr\u00e6senterer sin erhvervsdirekt\u00f8r","datePublished":"2020-06-11T06:45:19+00:00","dateModified":"2024-08-12T12:06:01+00:00","mainEntityOfPage":{"@id":"https:\/\/kunmedierne.dk\/mors\/morsoe-erhvervsraad-praesenterer-sin-erhvervsdirektoer\/"},"wordCount":321,"commentCount":0,"publisher":{"@id":"https:\/\/kunmedierne.dk\/mors\/#organization"},"image":{"@id":"https:\/\/kunmedierne.dk\/mors\/morsoe-erhvervsraad-praesenterer-sin-erhvervsdirektoer\/#primaryimage"},"thumbnailUrl":"https:\/\/kunmedierne.dk\/mors\/wp-content\/uploads\/2020\/06\/200611-erhvervschef-Tinna-Malmborg.jpg","keywords":["Erhverv"],"articleSection":["Lokalt"],"inLanguage":"da-DK","potentialAction":[{"@type":"CommentAction","name":"Comment","target":["https:\/\/kunmedierne.dk\/mors\/morsoe-erhvervsraad-praesenterer-sin-erhvervsdirektoer\/#respond"]}]},{"@type":"WebPage","@id":"https:\/\/kunmedierne.dk\/mors\/morsoe-erhvervsraad-praesenterer-sin-erhvervsdirektoer\/","url":"https:\/\/kunmedierne.dk\/mors\/morsoe-erhvervsraad-praesenterer-sin-erhvervsdirektoer\/","name":"Mors\u00f8 Erhvervsr\u00e5d pr\u00e6senterer sin erhvervsdirekt\u00f8r - Mors","isPartOf":{"@id":"https:\/\/kunmedierne.dk\/mors\/#website"},"primaryImageOfPage":{"@id":"https:\/\/kunmedierne.dk\/mors\/morsoe-erhvervsraad-praesenterer-sin-erhvervsdirektoer\/#primaryimage"},"image":{"@id":"https:\/\/kunmedierne.dk\/mors\/morsoe-erhvervsraad-praesenterer-sin-erhvervsdirektoer\/#primaryimage"},"thumbnailUrl":"https:\/\/kunmedierne.dk\/mors\/wp-content\/uploads\/2020\/06\/200611-erhvervschef-Tinna-Malmborg.jpg","datePublished":"2020-06-11T06:45:19+00:00","dateModified":"2024-08-12T12:06:01+00:00","breadcrumb":{"@id":"https:\/\/kunmedierne.dk\/mors\/morsoe-erhvervsraad-praesenterer-sin-erhvervsdirektoer\/#breadcrumb"},"inLanguage":"da-DK","potentialAction":[{"@type":"ReadAction","target":["https:\/\/kunmedierne.dk\/mors\/morsoe-erhvervsraad-praesenterer-sin-erhvervsdirektoer\/"]}]},{"@type":"ImageObject","inLanguage":"da-DK","@id":"https:\/\/kunmedierne.dk\/mors\/morsoe-erhvervsraad-praesenterer-sin-erhvervsdirektoer\/#primaryimage","url":"https:\/\/kunmedierne.dk\/mors\/wp-content\/uploads\/2020\/06\/200611-erhvervschef-Tinna-Malmborg.jpg","contentUrl":"https:\/\/kunmedierne.dk\/mors\/wp-content\/uploads\/2020\/06\/200611-erhvervschef-Tinna-Malmborg.jpg","width":770,"height":513,"caption":"Erhvervsdirekt\u00f8r Tinna Malmborg. Foto: Mors\u00f8 Erhvervsr\u00e5d"},{"@type":"BreadcrumbList","@id":"https:\/\/kunmedierne.dk\/mors\/morsoe-erhvervsraad-praesenterer-sin-erhvervsdirektoer\/#breadcrumb","itemListElement":[{"@type":"ListItem","position":1,"name":"Hjem","item":"https:\/\/kunmedierne.dk\/mors\/"},{"@type":"ListItem","position":2,"name":"Mors\u00f8 Erhvervsr\u00e5d pr\u00e6senterer sin erhvervsdirekt\u00f8r"}]},{"@type":"WebSite","@id":"https:\/\/kunmedierne.dk\/mors\/#website","url":"https:\/\/kunmedierne.dk\/mors\/","name":"Mors","description":"et netmedie med journalistik om livet p\u00e5 Mors","publisher":{"@id":"https:\/\/kunmedierne.dk\/mors\/#organization"},"potentialAction":[{"@type":"SearchAction","target":{"@type":"EntryPoint","urlTemplate":"https:\/\/kunmedierne.dk\/mors\/?s={search_term_string}"},"query-input":{"@type":"PropertyValueSpecification","valueRequired":true,"valueName":"search_term_string"}}],"inLanguage":"da-DK"},{"@type":"Organization","@id":"https:\/\/kunmedierne.dk\/mors\/#organization","name":"Mors","url":"https:\/\/kunmedierne.dk\/mors\/","logo":{"@type":"ImageObject","inLanguage":"da-DK","@id":"https:\/\/kunmedierne.dk\/mors\/#\/schema\/logo\/image\/","url":"https:\/\/kunmedierne.dk\/mors\/wp-content\/uploads\/2024\/08\/kunmors-logo.svg","contentUrl":"https:\/\/kunmedierne.dk\/mors\/wp-content\/uploads\/2024\/08\/kunmors-logo.svg","caption":"Mors"},"image":{"@id":"https:\/\/kunmedierne.dk\/mors\/#\/schema\/logo\/image\/"}},{"@type":"Person","@id":"https:\/\/kunmedierne.dk\/mors\/#\/schema\/person\/5fe23251bf1d0abbcdc6f7896579d548","name":"David H\u00f8jmark","image":{"@type":"ImageObject","inLanguage":"da-DK","@id":"https:\/\/kunmedierne.dk\/mors\/#\/schema\/person\/image\/","url":"https:\/\/secure.gravatar.com\/avatar\/4315d6fb9ef244d729989f5f90268eb08d5bf8a3d84402f595fa194bb35784fd?s=96&d=mm&r=g","contentUrl":"https:\/\/secure.gravatar.com\/avatar\/4315d6fb9ef244d729989f5f90268eb08d5bf8a3d84402f595fa194bb35784fd?s=96&d=mm&r=g","caption":"David H\u00f8jmark"},"sameAs":["https:\/\/www.kunmedierne.dk"],"url":"https:\/\/kunmedierne.dk\/mors\/author\/david\/"}]}},"_links":{"self":[{"href":"https:\/\/kunmedierne.dk\/mors\/wp-json\/wp\/v2\/posts\/24942","targetHints":{"allow":["GET"]}}],"collection":[{"href":"https:\/\/kunmedierne.dk\/mors\/wp-json\/wp\/v2\/posts"}],"about":[{"href":"https:\/\/kunmedierne.dk\/mors\/wp-json\/wp\/v2\/types\/post"}],"author":[{"embeddable":true,"href":"https:\/\/kunmedierne.dk\/mors\/wp-json\/wp\/v2\/users\/8"}],"replies":[{"embeddable":true,"href":"https:\/\/kunmedierne.dk\/mors\/wp-json\/wp\/v2\/comments?post=24942"}],"version-history":[{"count":1,"href":"https:\/\/kunmedierne.dk\/mors\/wp-json\/wp\/v2\/posts\/24942\/revisions"}],"predecessor-version":[{"id":24944,"href":"https:\/\/kunmedierne.dk\/mors\/wp-json\/wp\/v2\/posts\/24942\/revisions\/24944"}],"wp:featuredmedia":[{"embeddable":true,"href":"https:\/\/kunmedierne.dk\/mors\/wp-json\/wp\/v2\/media\/24943"}],"wp:attachment":[{"href":"https:\/\/kunmedierne.dk\/mors\/wp-json\/wp\/v2\/media?parent=24942"}],"wp:term":[{"taxonomy":"category","embeddable":true,"href":"https:\/\/kunmedierne.dk\/mors\/wp-json\/wp\/v2\/categories?post=24942"},{"taxonomy":"post_tag","embeddable":true,"href":"https:\/\/kunmedierne.dk\/mors\/wp-json\/wp\/v2\/tags?post=24942"}],"curies":[{"name":"wp","href":"https:\/\/api.w.org\/{rel}","templated":true}]}}