{"id":24916,"date":"2020-06-10T18:34:34","date_gmt":"2020-06-10T16:34:34","guid":{"rendered":"https:\/\/kunmedierne.dk\/mors\/?p=24916"},"modified":"2024-08-12T14:06:01","modified_gmt":"2024-08-12T12:06:01","slug":"endeligt-punktum-i-langstrakt-sag-om-gummistoevle","status":"publish","type":"post","link":"https:\/\/kunmedierne.dk\/mors\/endeligt-punktum-i-langstrakt-sag-om-gummistoevle\/","title":{"rendered":"Endeligt punktum i langstrakt sag om gummist\u00f8vle"},"content":{"rendered":"<p><strong>MORS<\/strong>: &#8220;Det er en vanvittig lettelse at v\u00e6re fri af det!&#8221;<\/p>\n<p>Bjarke Damgaard Larsen er m\u00e5ske den gladeste mand p\u00e5 Mors i dag. M\u00e5ske kun tangeret af sin bror Kristian, efter at H\u00f8jesteret klokken 14 afsagde kendelse i en \u00e5relang sag mellem dem og designeren Ilse Jacobsen.<\/p>\n<div id=\"attachment_24926\" style=\"width: 210px\" class=\"wp-caption alignright\"><img loading=\"lazy\" decoding=\"async\" aria-describedby=\"caption-attachment-24926\" class=\"size-full wp-image-24926\" src=\"https:\/\/kunmedierne.dk\/mors\/wp-content\/uploads\/2020\/06\/200317-bjarke-larsen.jpg\" alt=\"\" width=\"200\" height=\"199\" srcset=\"https:\/\/kunmedierne.dk\/mors\/wp-content\/uploads\/2020\/06\/200317-bjarke-larsen.jpg 200w, https:\/\/kunmedierne.dk\/mors\/wp-content\/uploads\/2020\/06\/200317-bjarke-larsen-150x150.jpg 150w, https:\/\/kunmedierne.dk\/mors\/wp-content\/uploads\/2020\/06\/200317-bjarke-larsen-100x100.jpg 100w\" sizes=\"auto, (max-width: 200px) 100vw, 200px\" \/><p id=\"caption-attachment-24926\" class=\"wp-caption-text\">Efter mere end fem \u00e5r kan Bjarke Larsen endelig s\u00e6tte punktum i sag mod designeren Ilse Jacobsen. Privatfoto<\/p><\/div>\n<p>Hun h\u00e6vder, at en gummist\u00f8vle, som Mors\u00f8 Sko Import for snart seks \u00e5r siden satte til salg, var en kr\u00e6nkelse af hendes ophavsret p\u00e5 en anden gummist\u00f8vle med titlen RUB1. Men de fem dommere i H\u00f8jesteret har i dag sl\u00e5et fast, at hendes st\u00f8vle ikke er et originalt v\u00e6rk.<\/p>\n<p>Som det ogs\u00e5 blev fastsl\u00e5et af S\u00f8- og Handelsretten i 2016 og af Vestre Landsret i 2018. Ilse Jacobsen s\u00f8gte derefter procesbevillingsn\u00e6vnet om ogs\u00e5 at f\u00e5 sagen pr\u00f8vet i H\u00f8jesteret, og endnu engang faldt afg\u00f8relsen alts\u00e5 ud til fordel for Mors\u00f8 Sko Import.<\/p>\n<p class=\"paragraph\">Dermed er der sat endeligt punktum i den langstrakte sag, forventer Bjarke Larsen.<\/p>\n<p>&#8220;Jeg kender ikke til, at vi har h\u00f8jere retsinstanser i Danmark &#8211; og ligefrem at indbringe os for Menneskerettighedsdomstolen tror jeg sgu ikke, at hun lykkes med,&#8221; lyder det med et h\u00f8jlydt grin.<\/p>\n<p>&nbsp;<\/p>\n<p><strong>St\u00f8vlen er ikke et v\u00e6rk<\/strong><\/p>\n<p>Udover at H\u00f8jesteret afviste, at Ilse Jacobsens ophavsret er blevet kr\u00e6nket, blev det ogs\u00e5 sl\u00e5et fast, markedsf\u00f8ringsloven heller ikke er brudt. RUB1 er ganske vist beskyttet af efterligninger, men st\u00f8vlen fra Mors\u00f8 Sko Import er ikke en efterligning, lyder afg\u00f8relsen.<\/p>\n<p class=\"paragraph\">Og i bund og grund er den k\u00f8benhavnske designers st\u00f8vle bare ikke original nok til at kunne betegnes som et v\u00e6rk.<\/p>\n<p>&#8220;Hun er blevet afvist p\u00e5 alle punkter alle tre gange,&#8221; siger Bjarke Larsen om de tre afg\u00f8relser, som sl\u00e5r fast, at nok m\u00e5 man ikke kopiere andres produkt, men man m\u00e5 gerne s\u00f8ge inspiration.<\/p>\n<p>Og med fodt\u00f8j og andre produkter er der gr\u00e6nser for, hvor forskellige de kan blive.<\/p>\n<p>&#8220;G\u00e5r du ud p\u00e5 t\u00f8mmerhandlen og kigger p\u00e5 en trilleb\u00f8r, har de tre forskellige modeller, der ligner hinanden alle sammen. De har forhjul og to h\u00e5ndtag,&#8221; siger Bjarke Larsen, der for et par \u00e5r siden udtalte sig bramfrit om netop d\u00e9n side af sagen.<\/p>\n<p>&#8220;Jeg sagde det lidt populistisk og fortr\u00f8d det m\u00e5ske lidt &#8211; jeg tror nok, at det var til Ekstra Bladet. Men jeg var sgu lidt sur p\u00e5 hende, s\u00e5 jeg sagde, at fru Ilse Jacobsen ogs\u00e5 m\u00e5tte forst\u00e5, at man ikke kan f\u00e5 ophavsret p\u00e5 en dyb tallerken,&#8221; siger Bjarke Larsen.<\/p>\n<p>&nbsp;<\/p>\n<p><strong>Masser af medier i telefonen<\/strong><\/p>\n<p>Hans firma har i den grad v\u00e6ret i medierne efter dagens kendelse. Udover af KunMors er det blevet interviewet af b\u00e5de Danmarks Radio og TV2, af Skive Folkeblad, Jyske Vestkysten, B\u00f8rsen, Jyllands-Posten, Ekstra Bladet og BT, Helsing\u00f8r Dagblad og Berlingske Tidende.<\/p>\n<p>Men det er ogs\u00e5 en sag, der har haft sin plads i mere end fem \u00e5r &#8211; ikke mindst for indehaverne af Mors\u00f8 Sko Import.<\/p>\n<p>&#8220;Det er klart, at det ikke har fyldt hver dag, men op til hver retssag bliver man jo mindet om det igen. Man har m\u00f8der med advokat &#8211; og jo t\u00e6ttere, man kommer jo p\u00e5, t\u00e6nker man jo ogs\u00e5: &#8216;Det kan jo v\u00e6re, at de andre har taget fejl!&#8217; I de sidste 14 dage har jeg da ogs\u00e5 haft det s\u00e5dan, at det jo godt kunne v\u00e6re, at tredje gang var lykkens gang for hende,&#8221; siger Bjarke Larsen og tilf\u00f8jer med stor lettelse:<\/p>\n<p>&#8220;Men heldigvis var det ikke!&#8221;<\/p>\n<p>&nbsp;<\/p>\n<p><strong>Fik ikke skovlen under dem<\/strong><\/p>\n<p>Firmaet, der har sin base i Skive, kan nu \u00e5nde lettet op. Men ikke s\u00e5 meget over det erstatningskrav fra Ilse Jacobsen, det nu slipper for at forholde sig til.<\/p>\n<p>&#8220;Hun startede jo megah\u00f8jt, men har s\u00e5 sidenhen trappet bel\u00f8bet ned. Jeg tror nok, at vi skulle have v\u00e6ret af med, hvad der svarer til omkring 300.000 kroner til hende i erstatning &#8211; og s\u00e5 skulle hun have 30.000 personligt, fordi det jo var et personligt kunstv\u00e6rk,&#8221; siger Bjarke Larsen med tydelig sarkasme i stemmen.<\/p>\n<p>&#8220;Men s\u00e5 skulle vi ogs\u00e5 have destrueret varerne. Nu er de frigivet, s\u00e5 nu kan vi g\u00e5 ud og s\u00e6lge dem. Det havde fandeme kostet os mange penge. Vi har haft dem p\u00e5 lager i fem \u00e5r, for vi trak dem jo ud af butikkerne dengang,&#8221; tilf\u00f8jer han og vurderer, at st\u00f8vlen stadig kan s\u00e6lges &#8211; om end ikke til den pris, den ellers var v\u00e6rd.<\/p>\n<p>&#8220;Men det er ogs\u00e5 ligegyldigt. Vi har afskrevet varerne og har haft nogle gode \u00e5r. S\u00e5 skidt med det,&#8221; siger han og gl\u00e6der sig f\u00f8rst og fremmest over det principielle i, at ingen kan pege fingre af Mors\u00f8 Sko Import.<\/p>\n<p>&#8220;For s\u00e5dan en gammel morsingbo som mig har det meget at sige,&#8221; siger Bjarke Larsen og tilf\u00f8jer endnu en grund til lettelsen over sejren.<\/p>\n<p>&#8220;Jeg ved fra nogle kunder i forbindelse med de to f\u00f8rste retssager, at hun har g\u00e5et og givet udtryk for, at hun nok skulle f\u00e5 skovlen under de to bonder\u00f8ve. S\u00e5dan noget pisser mig af, og s\u00e5 bliver jeg sur. Jeg har drevet forretning i 40 \u00e5r, og det er den f\u00f8rste retssag, jeg har v\u00e6ret involveret i. Vi har altid fors\u00f8gt at drive det p\u00e5 en sober m\u00e5de,&#8221; siger han.<\/p>\n<p>Nu kan han gl\u00e6de han sig over, at H\u00f8jesteret har sat et punktum, der frikender firmaet for snyd, mens Ilse Jacobsen m\u00e5 kapitulere endeligt.<\/p>\n<p>&#8220;Men vi skal ikke ud og hovere over det her p\u00e5 nogen m\u00e5de,&#8221; siger Bjarke Larsen med tilf\u00f8jelsen:<\/p>\n<p>&#8220;Det ligger ikke til vores natur at g\u00f8re s\u00e5dan nogle ting. Vi skal ikke f\u00f8re os frem p\u00e5 nogen m\u00e5de. Men modsat vil vi da ogs\u00e5 gerne lige fort\u00e6lle, at vi vandt.&#8221;<\/p>\n","protected":false},"excerpt":{"rendered":"<p>MORS: &#8220;Det er en vanvittig lettelse at v\u00e6re fri af det!&#8221; Bjarke Damgaard Larsen er m\u00e5ske den gladeste mand p\u00e5 Mors i dag. M\u00e5ske kun tangeret af sin bror Kristian, efter at H\u00f8jesteret klokken 14 afsagde kendelse i en \u00e5relang sag mellem dem og designeren Ilse Jacobsen. Hun h\u00e6vder, at en gummist\u00f8vle, som Mors\u00f8 Sko [&hellip;]<\/p>\n","protected":false},"author":8,"featured_media":24929,"comment_status":"open","ping_status":"open","sticky":false,"template":"","format":"standard","meta":{"_acf_changed":false,"footnotes":""},"categories":[51],"tags":[159],"class_list":["post-24916","post","type-post","status-publish","format-standard","has-post-thumbnail","hentry","category-lokalt","tag-erhverv"],"acf":[],"yoast_head":"<!-- This site is optimized with the Yoast SEO plugin v26.8 - https:\/\/yoast.com\/product\/yoast-seo-wordpress\/ -->\n<title>Endeligt punktum i langstrakt sag om gummist\u00f8vle - Mors<\/title>\n<meta name=\"robots\" content=\"index, follow, max-snippet:-1, max-image-preview:large, max-video-preview:-1\" \/>\n<link rel=\"canonical\" href=\"https:\/\/kunmedierne.dk\/mors\/endeligt-punktum-i-langstrakt-sag-om-gummistoevle\/\" \/>\n<meta property=\"og:locale\" content=\"da_DK\" \/>\n<meta property=\"og:type\" content=\"article\" \/>\n<meta property=\"og:title\" content=\"Endeligt punktum i langstrakt sag om gummist\u00f8vle - Mors\" \/>\n<meta property=\"og:description\" content=\"MORS: &#8220;Det er en vanvittig lettelse at v\u00e6re fri af det!&#8221; Bjarke Damgaard Larsen er m\u00e5ske den gladeste mand p\u00e5 Mors i dag. M\u00e5ske kun tangeret af sin bror Kristian, efter at H\u00f8jesteret klokken 14 afsagde kendelse i en \u00e5relang sag mellem dem og designeren Ilse Jacobsen. Hun h\u00e6vder, at en gummist\u00f8vle, som Mors\u00f8 Sko [&hellip;]\" \/>\n<meta property=\"og:url\" content=\"https:\/\/kunmedierne.dk\/mors\/endeligt-punktum-i-langstrakt-sag-om-gummistoevle\/\" \/>\n<meta property=\"og:site_name\" content=\"Mors\" \/>\n<meta property=\"article:published_time\" content=\"2020-06-10T16:34:34+00:00\" \/>\n<meta property=\"article:modified_time\" content=\"2024-08-12T12:06:01+00:00\" \/>\n<meta property=\"og:image\" content=\"https:\/\/kunmedierne.dk\/mors\/wp-content\/uploads\/2020\/06\/st\u00f8vle.jpg\" \/>\n\t<meta property=\"og:image:width\" content=\"770\" \/>\n\t<meta property=\"og:image:height\" content=\"513\" \/>\n\t<meta property=\"og:image:type\" content=\"image\/jpeg\" \/>\n<meta name=\"author\" content=\"David H\u00f8jmark\" \/>\n<meta name=\"twitter:card\" content=\"summary_large_image\" \/>\n<meta name=\"twitter:label1\" content=\"Skrevet af\" \/>\n\t<meta name=\"twitter:data1\" content=\"David H\u00f8jmark\" \/>\n\t<meta name=\"twitter:label2\" content=\"Estimeret l\u00e6setid\" \/>\n\t<meta name=\"twitter:data2\" content=\"5 minutter\" \/>\n<script type=\"application\/ld+json\" class=\"yoast-schema-graph\">{\"@context\":\"https:\/\/schema.org\",\"@graph\":[{\"@type\":\"Article\",\"@id\":\"https:\/\/kunmedierne.dk\/mors\/endeligt-punktum-i-langstrakt-sag-om-gummistoevle\/#article\",\"isPartOf\":{\"@id\":\"https:\/\/kunmedierne.dk\/mors\/endeligt-punktum-i-langstrakt-sag-om-gummistoevle\/\"},\"author\":{\"name\":\"David H\u00f8jmark\",\"@id\":\"https:\/\/kunmedierne.dk\/mors\/#\/schema\/person\/5fe23251bf1d0abbcdc6f7896579d548\"},\"headline\":\"Endeligt punktum i langstrakt sag om gummist\u00f8vle\",\"datePublished\":\"2020-06-10T16:34:34+00:00\",\"dateModified\":\"2024-08-12T12:06:01+00:00\",\"mainEntityOfPage\":{\"@id\":\"https:\/\/kunmedierne.dk\/mors\/endeligt-punktum-i-langstrakt-sag-om-gummistoevle\/\"},\"wordCount\":1035,\"commentCount\":0,\"publisher\":{\"@id\":\"https:\/\/kunmedierne.dk\/mors\/#organization\"},\"image\":{\"@id\":\"https:\/\/kunmedierne.dk\/mors\/endeligt-punktum-i-langstrakt-sag-om-gummistoevle\/#primaryimage\"},\"thumbnailUrl\":\"https:\/\/kunmedierne.dk\/mors\/wp-content\/uploads\/2020\/06\/st\u00f8vle.jpg\",\"keywords\":[\"Erhverv\"],\"articleSection\":[\"Lokalt\"],\"inLanguage\":\"da-DK\",\"potentialAction\":[{\"@type\":\"CommentAction\",\"name\":\"Comment\",\"target\":[\"https:\/\/kunmedierne.dk\/mors\/endeligt-punktum-i-langstrakt-sag-om-gummistoevle\/#respond\"]}]},{\"@type\":\"WebPage\",\"@id\":\"https:\/\/kunmedierne.dk\/mors\/endeligt-punktum-i-langstrakt-sag-om-gummistoevle\/\",\"url\":\"https:\/\/kunmedierne.dk\/mors\/endeligt-punktum-i-langstrakt-sag-om-gummistoevle\/\",\"name\":\"Endeligt punktum i langstrakt sag om gummist\u00f8vle - Mors\",\"isPartOf\":{\"@id\":\"https:\/\/kunmedierne.dk\/mors\/#website\"},\"primaryImageOfPage\":{\"@id\":\"https:\/\/kunmedierne.dk\/mors\/endeligt-punktum-i-langstrakt-sag-om-gummistoevle\/#primaryimage\"},\"image\":{\"@id\":\"https:\/\/kunmedierne.dk\/mors\/endeligt-punktum-i-langstrakt-sag-om-gummistoevle\/#primaryimage\"},\"thumbnailUrl\":\"https:\/\/kunmedierne.dk\/mors\/wp-content\/uploads\/2020\/06\/st\u00f8vle.jpg\",\"datePublished\":\"2020-06-10T16:34:34+00:00\",\"dateModified\":\"2024-08-12T12:06:01+00:00\",\"breadcrumb\":{\"@id\":\"https:\/\/kunmedierne.dk\/mors\/endeligt-punktum-i-langstrakt-sag-om-gummistoevle\/#breadcrumb\"},\"inLanguage\":\"da-DK\",\"potentialAction\":[{\"@type\":\"ReadAction\",\"target\":[\"https:\/\/kunmedierne.dk\/mors\/endeligt-punktum-i-langstrakt-sag-om-gummistoevle\/\"]}]},{\"@type\":\"ImageObject\",\"inLanguage\":\"da-DK\",\"@id\":\"https:\/\/kunmedierne.dk\/mors\/endeligt-punktum-i-langstrakt-sag-om-gummistoevle\/#primaryimage\",\"url\":\"https:\/\/kunmedierne.dk\/mors\/wp-content\/uploads\/2020\/06\/st\u00f8vle.jpg\",\"contentUrl\":\"https:\/\/kunmedierne.dk\/mors\/wp-content\/uploads\/2020\/06\/st\u00f8vle.jpg\",\"width\":770,\"height\":513,\"caption\":\"Foto: Mors\u00f8 Sko Import.\"},{\"@type\":\"BreadcrumbList\",\"@id\":\"https:\/\/kunmedierne.dk\/mors\/endeligt-punktum-i-langstrakt-sag-om-gummistoevle\/#breadcrumb\",\"itemListElement\":[{\"@type\":\"ListItem\",\"position\":1,\"name\":\"Hjem\",\"item\":\"https:\/\/kunmedierne.dk\/mors\/\"},{\"@type\":\"ListItem\",\"position\":2,\"name\":\"Endeligt punktum i langstrakt sag om gummist\u00f8vle\"}]},{\"@type\":\"WebSite\",\"@id\":\"https:\/\/kunmedierne.dk\/mors\/#website\",\"url\":\"https:\/\/kunmedierne.dk\/mors\/\",\"name\":\"Mors\",\"description\":\"et netmedie med journalistik om livet p\u00e5 Mors\",\"publisher\":{\"@id\":\"https:\/\/kunmedierne.dk\/mors\/#organization\"},\"potentialAction\":[{\"@type\":\"SearchAction\",\"target\":{\"@type\":\"EntryPoint\",\"urlTemplate\":\"https:\/\/kunmedierne.dk\/mors\/?s={search_term_string}\"},\"query-input\":{\"@type\":\"PropertyValueSpecification\",\"valueRequired\":true,\"valueName\":\"search_term_string\"}}],\"inLanguage\":\"da-DK\"},{\"@type\":\"Organization\",\"@id\":\"https:\/\/kunmedierne.dk\/mors\/#organization\",\"name\":\"Mors\",\"url\":\"https:\/\/kunmedierne.dk\/mors\/\",\"logo\":{\"@type\":\"ImageObject\",\"inLanguage\":\"da-DK\",\"@id\":\"https:\/\/kunmedierne.dk\/mors\/#\/schema\/logo\/image\/\",\"url\":\"https:\/\/kunmedierne.dk\/mors\/wp-content\/uploads\/2024\/08\/kunmors-logo.svg\",\"contentUrl\":\"https:\/\/kunmedierne.dk\/mors\/wp-content\/uploads\/2024\/08\/kunmors-logo.svg\",\"caption\":\"Mors\"},\"image\":{\"@id\":\"https:\/\/kunmedierne.dk\/mors\/#\/schema\/logo\/image\/\"}},{\"@type\":\"Person\",\"@id\":\"https:\/\/kunmedierne.dk\/mors\/#\/schema\/person\/5fe23251bf1d0abbcdc6f7896579d548\",\"name\":\"David H\u00f8jmark\",\"image\":{\"@type\":\"ImageObject\",\"inLanguage\":\"da-DK\",\"@id\":\"https:\/\/kunmedierne.dk\/mors\/#\/schema\/person\/image\/\",\"url\":\"https:\/\/secure.gravatar.com\/avatar\/4315d6fb9ef244d729989f5f90268eb08d5bf8a3d84402f595fa194bb35784fd?s=96&d=mm&r=g\",\"contentUrl\":\"https:\/\/secure.gravatar.com\/avatar\/4315d6fb9ef244d729989f5f90268eb08d5bf8a3d84402f595fa194bb35784fd?s=96&d=mm&r=g\",\"caption\":\"David H\u00f8jmark\"},\"sameAs\":[\"https:\/\/www.kunmedierne.dk\"],\"url\":\"https:\/\/kunmedierne.dk\/mors\/author\/david\/\"}]}<\/script>\n<!-- \/ Yoast SEO plugin. -->","yoast_head_json":{"title":"Endeligt punktum i langstrakt sag om gummist\u00f8vle - Mors","robots":{"index":"index","follow":"follow","max-snippet":"max-snippet:-1","max-image-preview":"max-image-preview:large","max-video-preview":"max-video-preview:-1"},"canonical":"https:\/\/kunmedierne.dk\/mors\/endeligt-punktum-i-langstrakt-sag-om-gummistoevle\/","og_locale":"da_DK","og_type":"article","og_title":"Endeligt punktum i langstrakt sag om gummist\u00f8vle - Mors","og_description":"MORS: &#8220;Det er en vanvittig lettelse at v\u00e6re fri af det!&#8221; Bjarke Damgaard Larsen er m\u00e5ske den gladeste mand p\u00e5 Mors i dag. M\u00e5ske kun tangeret af sin bror Kristian, efter at H\u00f8jesteret klokken 14 afsagde kendelse i en \u00e5relang sag mellem dem og designeren Ilse Jacobsen. Hun h\u00e6vder, at en gummist\u00f8vle, som Mors\u00f8 Sko [&hellip;]","og_url":"https:\/\/kunmedierne.dk\/mors\/endeligt-punktum-i-langstrakt-sag-om-gummistoevle\/","og_site_name":"Mors","article_published_time":"2020-06-10T16:34:34+00:00","article_modified_time":"2024-08-12T12:06:01+00:00","og_image":[{"width":770,"height":513,"url":"https:\/\/kunmedierne.dk\/mors\/wp-content\/uploads\/2020\/06\/st\u00f8vle.jpg","type":"image\/jpeg"}],"author":"David H\u00f8jmark","twitter_card":"summary_large_image","twitter_misc":{"Skrevet af":"David H\u00f8jmark","Estimeret l\u00e6setid":"5 minutter"},"schema":{"@context":"https:\/\/schema.org","@graph":[{"@type":"Article","@id":"https:\/\/kunmedierne.dk\/mors\/endeligt-punktum-i-langstrakt-sag-om-gummistoevle\/#article","isPartOf":{"@id":"https:\/\/kunmedierne.dk\/mors\/endeligt-punktum-i-langstrakt-sag-om-gummistoevle\/"},"author":{"name":"David H\u00f8jmark","@id":"https:\/\/kunmedierne.dk\/mors\/#\/schema\/person\/5fe23251bf1d0abbcdc6f7896579d548"},"headline":"Endeligt punktum i langstrakt sag om gummist\u00f8vle","datePublished":"2020-06-10T16:34:34+00:00","dateModified":"2024-08-12T12:06:01+00:00","mainEntityOfPage":{"@id":"https:\/\/kunmedierne.dk\/mors\/endeligt-punktum-i-langstrakt-sag-om-gummistoevle\/"},"wordCount":1035,"commentCount":0,"publisher":{"@id":"https:\/\/kunmedierne.dk\/mors\/#organization"},"image":{"@id":"https:\/\/kunmedierne.dk\/mors\/endeligt-punktum-i-langstrakt-sag-om-gummistoevle\/#primaryimage"},"thumbnailUrl":"https:\/\/kunmedierne.dk\/mors\/wp-content\/uploads\/2020\/06\/st\u00f8vle.jpg","keywords":["Erhverv"],"articleSection":["Lokalt"],"inLanguage":"da-DK","potentialAction":[{"@type":"CommentAction","name":"Comment","target":["https:\/\/kunmedierne.dk\/mors\/endeligt-punktum-i-langstrakt-sag-om-gummistoevle\/#respond"]}]},{"@type":"WebPage","@id":"https:\/\/kunmedierne.dk\/mors\/endeligt-punktum-i-langstrakt-sag-om-gummistoevle\/","url":"https:\/\/kunmedierne.dk\/mors\/endeligt-punktum-i-langstrakt-sag-om-gummistoevle\/","name":"Endeligt punktum i langstrakt sag om gummist\u00f8vle - Mors","isPartOf":{"@id":"https:\/\/kunmedierne.dk\/mors\/#website"},"primaryImageOfPage":{"@id":"https:\/\/kunmedierne.dk\/mors\/endeligt-punktum-i-langstrakt-sag-om-gummistoevle\/#primaryimage"},"image":{"@id":"https:\/\/kunmedierne.dk\/mors\/endeligt-punktum-i-langstrakt-sag-om-gummistoevle\/#primaryimage"},"thumbnailUrl":"https:\/\/kunmedierne.dk\/mors\/wp-content\/uploads\/2020\/06\/st\u00f8vle.jpg","datePublished":"2020-06-10T16:34:34+00:00","dateModified":"2024-08-12T12:06:01+00:00","breadcrumb":{"@id":"https:\/\/kunmedierne.dk\/mors\/endeligt-punktum-i-langstrakt-sag-om-gummistoevle\/#breadcrumb"},"inLanguage":"da-DK","potentialAction":[{"@type":"ReadAction","target":["https:\/\/kunmedierne.dk\/mors\/endeligt-punktum-i-langstrakt-sag-om-gummistoevle\/"]}]},{"@type":"ImageObject","inLanguage":"da-DK","@id":"https:\/\/kunmedierne.dk\/mors\/endeligt-punktum-i-langstrakt-sag-om-gummistoevle\/#primaryimage","url":"https:\/\/kunmedierne.dk\/mors\/wp-content\/uploads\/2020\/06\/st\u00f8vle.jpg","contentUrl":"https:\/\/kunmedierne.dk\/mors\/wp-content\/uploads\/2020\/06\/st\u00f8vle.jpg","width":770,"height":513,"caption":"Foto: Mors\u00f8 Sko Import."},{"@type":"BreadcrumbList","@id":"https:\/\/kunmedierne.dk\/mors\/endeligt-punktum-i-langstrakt-sag-om-gummistoevle\/#breadcrumb","itemListElement":[{"@type":"ListItem","position":1,"name":"Hjem","item":"https:\/\/kunmedierne.dk\/mors\/"},{"@type":"ListItem","position":2,"name":"Endeligt punktum i langstrakt sag om gummist\u00f8vle"}]},{"@type":"WebSite","@id":"https:\/\/kunmedierne.dk\/mors\/#website","url":"https:\/\/kunmedierne.dk\/mors\/","name":"Mors","description":"et netmedie med journalistik om livet p\u00e5 Mors","publisher":{"@id":"https:\/\/kunmedierne.dk\/mors\/#organization"},"potentialAction":[{"@type":"SearchAction","target":{"@type":"EntryPoint","urlTemplate":"https:\/\/kunmedierne.dk\/mors\/?s={search_term_string}"},"query-input":{"@type":"PropertyValueSpecification","valueRequired":true,"valueName":"search_term_string"}}],"inLanguage":"da-DK"},{"@type":"Organization","@id":"https:\/\/kunmedierne.dk\/mors\/#organization","name":"Mors","url":"https:\/\/kunmedierne.dk\/mors\/","logo":{"@type":"ImageObject","inLanguage":"da-DK","@id":"https:\/\/kunmedierne.dk\/mors\/#\/schema\/logo\/image\/","url":"https:\/\/kunmedierne.dk\/mors\/wp-content\/uploads\/2024\/08\/kunmors-logo.svg","contentUrl":"https:\/\/kunmedierne.dk\/mors\/wp-content\/uploads\/2024\/08\/kunmors-logo.svg","caption":"Mors"},"image":{"@id":"https:\/\/kunmedierne.dk\/mors\/#\/schema\/logo\/image\/"}},{"@type":"Person","@id":"https:\/\/kunmedierne.dk\/mors\/#\/schema\/person\/5fe23251bf1d0abbcdc6f7896579d548","name":"David H\u00f8jmark","image":{"@type":"ImageObject","inLanguage":"da-DK","@id":"https:\/\/kunmedierne.dk\/mors\/#\/schema\/person\/image\/","url":"https:\/\/secure.gravatar.com\/avatar\/4315d6fb9ef244d729989f5f90268eb08d5bf8a3d84402f595fa194bb35784fd?s=96&d=mm&r=g","contentUrl":"https:\/\/secure.gravatar.com\/avatar\/4315d6fb9ef244d729989f5f90268eb08d5bf8a3d84402f595fa194bb35784fd?s=96&d=mm&r=g","caption":"David H\u00f8jmark"},"sameAs":["https:\/\/www.kunmedierne.dk"],"url":"https:\/\/kunmedierne.dk\/mors\/author\/david\/"}]}},"_links":{"self":[{"href":"https:\/\/kunmedierne.dk\/mors\/wp-json\/wp\/v2\/posts\/24916","targetHints":{"allow":["GET"]}}],"collection":[{"href":"https:\/\/kunmedierne.dk\/mors\/wp-json\/wp\/v2\/posts"}],"about":[{"href":"https:\/\/kunmedierne.dk\/mors\/wp-json\/wp\/v2\/types\/post"}],"author":[{"embeddable":true,"href":"https:\/\/kunmedierne.dk\/mors\/wp-json\/wp\/v2\/users\/8"}],"replies":[{"embeddable":true,"href":"https:\/\/kunmedierne.dk\/mors\/wp-json\/wp\/v2\/comments?post=24916"}],"version-history":[{"count":8,"href":"https:\/\/kunmedierne.dk\/mors\/wp-json\/wp\/v2\/posts\/24916\/revisions"}],"predecessor-version":[{"id":24962,"href":"https:\/\/kunmedierne.dk\/mors\/wp-json\/wp\/v2\/posts\/24916\/revisions\/24962"}],"wp:featuredmedia":[{"embeddable":true,"href":"https:\/\/kunmedierne.dk\/mors\/wp-json\/wp\/v2\/media\/24929"}],"wp:attachment":[{"href":"https:\/\/kunmedierne.dk\/mors\/wp-json\/wp\/v2\/media?parent=24916"}],"wp:term":[{"taxonomy":"category","embeddable":true,"href":"https:\/\/kunmedierne.dk\/mors\/wp-json\/wp\/v2\/categories?post=24916"},{"taxonomy":"post_tag","embeddable":true,"href":"https:\/\/kunmedierne.dk\/mors\/wp-json\/wp\/v2\/tags?post=24916"}],"curies":[{"name":"wp","href":"https:\/\/api.w.org\/{rel}","templated":true}]}}