{"id":24843,"date":"2020-06-10T12:54:20","date_gmt":"2020-06-10T10:54:20","guid":{"rendered":"https:\/\/kunmedierne.dk\/mors\/?p=24843"},"modified":"2024-08-12T14:06:01","modified_gmt":"2024-08-12T12:06:01","slug":"endelig-yoga-med-udsigt-til-himmel-og-hoejder","status":"publish","type":"post","link":"https:\/\/kunmedierne.dk\/mors\/endelig-yoga-med-udsigt-til-himmel-og-hoejder\/","title":{"rendered":"Endelig yoga med udsigt til himmel og h\u00f8jder"},"content":{"rendered":"<p><strong>BJERGBY<\/strong>: Er der en, der har \u00f8nsket coronakrisen meget langt v\u00e6k, er det nok Anna Marie Madsen fra Bjergby.<\/p>\n<p>Den lokale yoga-iv\u00e6rks\u00e6tter har m\u00e5ttet se premieren p\u00e5 sit ambiti\u00f8se projekt bremset af de restriktioner, der ramte vidt og bredt i samfundet. Men nu er Room Yoga endelig klar til at tage imod g\u00e6ster i de smukke omgivelser p\u00e5 Nordmors.<\/p>\n<p>Her har Anna Marie Madsen brugt flere \u00e5r p\u00e5 at id\u00e9udvikle og udf\u00f8re opf\u00f8relsen af det, hun beskriver som &#8220;et unikt yoga- og naturretreat&#8221;, hvor hun efter mere eller mindre t\u00e5lmodig venten nu kan tage imod i et hus med store glasfacader, der skaber udsigt til s\u00e5vel himlen som den smukke natur udenfor.<\/p>\n<p>\u201dVejrtr\u00e6kningen \u2013 pranayama \u2013 er et af de centrale energikilder til balance og jordforbindelse. Nu tr\u00e6kker jeg vejret dybt i sikker forvisning om, at mit tilbud om sundhedsforsvarlige yoga- og naturretreats blive en realitet denne sommer. I vores natursk\u00f8nne molerbakker p\u00e5 Nordmors \u2013 Lille Himalaya \u2013 kan mine yogag\u00e6ster opn\u00e5 lidt mere gl\u00e6de, ro, balance, klarhed og tro p\u00e5 fremtiden i en sv\u00e6r tid,\u201d siger Anna Marie Madsen og sender coronakrisen en lille stikpille.<\/p>\n<p>\u201dMin vision om et unikt yogacenter her p\u00e5 min smukke f\u00f8de\u00f8 Mors satte fr\u00f8 for mange \u00e5r siden. Da havde jeg selvsagt ikke den fjerneste id\u00e9 om, at min dr\u00f8m skulle rulles ud i en virkelighed, hvor hele verden holder vejret af frygt,&#8221; siger hun.<\/p>\n<p>&nbsp;<\/p>\n<p><strong>21.000 h\u00e5ndrensede mursten<\/strong><\/p>\n<p>Yoga-underviseren, der ogs\u00e5 er aktiv inden for det lokale gymnastikmilj\u00f8, har m\u00e5rettet Room Yoga mod turister,\u00a0der eftersp\u00f8rger b\u00e6redygtige, sundhedsforsvarlige, billige og fleksible yoga- og naturretreats i Danmark som alternativ til yogarejser til fjerne destinationer. Initiativet har blandt andet f\u00e5et \u00f8konomisk st\u00f8tte af LAG Thy-Mors og Den Europ\u00e6iske landbrugsfond for Udvikling af Landdistrikterne.<\/p>\n<p>Yogacenterets faciliteter er bygget i 2019. Ud af 21.000 h\u00e5ndrensede mursten fra det oprindelige stuehus p\u00e5 stedet kom der et nyt hus i et gigantisk glashus placeret i det \u00e6ldgamle istidslandskab. Pr\u00e6cis p\u00e5 det sted, hvor udsynet mod Hanklit og Thisted Bredning er s\u00e6rligt spektakul\u00e6rt.<\/p>\n<p>Anna Marie Madsen oplyser, at Room Yoga henvender sig til b\u00e5de m\u00e6nd og kvinder, yngre og \u00e6ldre &#8211; men at der maksimalt er plads til 12 p\u00e5 hvert retreat.<\/p>\n","protected":false},"excerpt":{"rendered":"<p>BJERGBY: Er der en, der har \u00f8nsket coronakrisen meget langt v\u00e6k, er det nok Anna Marie Madsen fra Bjergby. Den lokale yoga-iv\u00e6rks\u00e6tter har m\u00e5ttet se premieren p\u00e5 sit ambiti\u00f8se projekt bremset af de restriktioner, der ramte vidt og bredt i samfundet. Men nu er Room Yoga endelig klar til at tage imod g\u00e6ster i de [&hellip;]<\/p>\n","protected":false},"author":8,"featured_media":24844,"comment_status":"open","ping_status":"open","sticky":false,"template":"","format":"standard","meta":{"_acf_changed":false,"footnotes":""},"categories":[51],"tags":[159],"class_list":["post-24843","post","type-post","status-publish","format-standard","has-post-thumbnail","hentry","category-lokalt","tag-erhverv"],"acf":[],"yoast_head":"<!-- This site is optimized with the Yoast SEO plugin v26.8 - https:\/\/yoast.com\/product\/yoast-seo-wordpress\/ -->\n<title>Endelig yoga med udsigt til himmel og h\u00f8jder - Mors<\/title>\n<meta name=\"robots\" content=\"index, follow, max-snippet:-1, max-image-preview:large, max-video-preview:-1\" \/>\n<link rel=\"canonical\" href=\"https:\/\/kunmedierne.dk\/mors\/endelig-yoga-med-udsigt-til-himmel-og-hoejder\/\" \/>\n<meta property=\"og:locale\" content=\"da_DK\" \/>\n<meta property=\"og:type\" content=\"article\" \/>\n<meta property=\"og:title\" content=\"Endelig yoga med udsigt til himmel og h\u00f8jder - Mors\" \/>\n<meta property=\"og:description\" content=\"BJERGBY: Er der en, der har \u00f8nsket coronakrisen meget langt v\u00e6k, er det nok Anna Marie Madsen fra Bjergby. Den lokale yoga-iv\u00e6rks\u00e6tter har m\u00e5ttet se premieren p\u00e5 sit ambiti\u00f8se projekt bremset af de restriktioner, der ramte vidt og bredt i samfundet. Men nu er Room Yoga endelig klar til at tage imod g\u00e6ster i de [&hellip;]\" \/>\n<meta property=\"og:url\" content=\"https:\/\/kunmedierne.dk\/mors\/endelig-yoga-med-udsigt-til-himmel-og-hoejder\/\" \/>\n<meta property=\"og:site_name\" content=\"Mors\" \/>\n<meta property=\"article:published_time\" content=\"2020-06-10T10:54:20+00:00\" \/>\n<meta property=\"article:modified_time\" content=\"2024-08-12T12:06:01+00:00\" \/>\n<meta property=\"og:image\" content=\"https:\/\/kunmedierne.dk\/mors\/wp-content\/uploads\/2020\/06\/200610-yoga-Anna-Marie-Madsen-pranayama.jpg\" \/>\n\t<meta property=\"og:image:width\" content=\"770\" \/>\n\t<meta property=\"og:image:height\" content=\"513\" \/>\n\t<meta property=\"og:image:type\" content=\"image\/jpeg\" \/>\n<meta name=\"author\" content=\"David H\u00f8jmark\" \/>\n<meta name=\"twitter:card\" content=\"summary_large_image\" \/>\n<meta name=\"twitter:label1\" content=\"Skrevet af\" \/>\n\t<meta name=\"twitter:data1\" content=\"David H\u00f8jmark\" \/>\n\t<meta name=\"twitter:label2\" content=\"Estimeret l\u00e6setid\" \/>\n\t<meta name=\"twitter:data2\" content=\"2 minutter\" \/>\n<script type=\"application\/ld+json\" class=\"yoast-schema-graph\">{\"@context\":\"https:\/\/schema.org\",\"@graph\":[{\"@type\":\"Article\",\"@id\":\"https:\/\/kunmedierne.dk\/mors\/endelig-yoga-med-udsigt-til-himmel-og-hoejder\/#article\",\"isPartOf\":{\"@id\":\"https:\/\/kunmedierne.dk\/mors\/endelig-yoga-med-udsigt-til-himmel-og-hoejder\/\"},\"author\":{\"name\":\"David H\u00f8jmark\",\"@id\":\"https:\/\/kunmedierne.dk\/mors\/#\/schema\/person\/5fe23251bf1d0abbcdc6f7896579d548\"},\"headline\":\"Endelig yoga med udsigt til himmel og h\u00f8jder\",\"datePublished\":\"2020-06-10T10:54:20+00:00\",\"dateModified\":\"2024-08-12T12:06:01+00:00\",\"mainEntityOfPage\":{\"@id\":\"https:\/\/kunmedierne.dk\/mors\/endelig-yoga-med-udsigt-til-himmel-og-hoejder\/\"},\"wordCount\":395,\"commentCount\":0,\"publisher\":{\"@id\":\"https:\/\/kunmedierne.dk\/mors\/#organization\"},\"image\":{\"@id\":\"https:\/\/kunmedierne.dk\/mors\/endelig-yoga-med-udsigt-til-himmel-og-hoejder\/#primaryimage\"},\"thumbnailUrl\":\"https:\/\/kunmedierne.dk\/mors\/wp-content\/uploads\/2020\/06\/200610-yoga-Anna-Marie-Madsen-pranayama.jpg\",\"keywords\":[\"Erhverv\"],\"articleSection\":[\"Lokalt\"],\"inLanguage\":\"da-DK\",\"potentialAction\":[{\"@type\":\"CommentAction\",\"name\":\"Comment\",\"target\":[\"https:\/\/kunmedierne.dk\/mors\/endelig-yoga-med-udsigt-til-himmel-og-hoejder\/#respond\"]}]},{\"@type\":\"WebPage\",\"@id\":\"https:\/\/kunmedierne.dk\/mors\/endelig-yoga-med-udsigt-til-himmel-og-hoejder\/\",\"url\":\"https:\/\/kunmedierne.dk\/mors\/endelig-yoga-med-udsigt-til-himmel-og-hoejder\/\",\"name\":\"Endelig yoga med udsigt til himmel og h\u00f8jder - Mors\",\"isPartOf\":{\"@id\":\"https:\/\/kunmedierne.dk\/mors\/#website\"},\"primaryImageOfPage\":{\"@id\":\"https:\/\/kunmedierne.dk\/mors\/endelig-yoga-med-udsigt-til-himmel-og-hoejder\/#primaryimage\"},\"image\":{\"@id\":\"https:\/\/kunmedierne.dk\/mors\/endelig-yoga-med-udsigt-til-himmel-og-hoejder\/#primaryimage\"},\"thumbnailUrl\":\"https:\/\/kunmedierne.dk\/mors\/wp-content\/uploads\/2020\/06\/200610-yoga-Anna-Marie-Madsen-pranayama.jpg\",\"datePublished\":\"2020-06-10T10:54:20+00:00\",\"dateModified\":\"2024-08-12T12:06:01+00:00\",\"breadcrumb\":{\"@id\":\"https:\/\/kunmedierne.dk\/mors\/endelig-yoga-med-udsigt-til-himmel-og-hoejder\/#breadcrumb\"},\"inLanguage\":\"da-DK\",\"potentialAction\":[{\"@type\":\"ReadAction\",\"target\":[\"https:\/\/kunmedierne.dk\/mors\/endelig-yoga-med-udsigt-til-himmel-og-hoejder\/\"]}]},{\"@type\":\"ImageObject\",\"inLanguage\":\"da-DK\",\"@id\":\"https:\/\/kunmedierne.dk\/mors\/endelig-yoga-med-udsigt-til-himmel-og-hoejder\/#primaryimage\",\"url\":\"https:\/\/kunmedierne.dk\/mors\/wp-content\/uploads\/2020\/06\/200610-yoga-Anna-Marie-Madsen-pranayama.jpg\",\"contentUrl\":\"https:\/\/kunmedierne.dk\/mors\/wp-content\/uploads\/2020\/06\/200610-yoga-Anna-Marie-Madsen-pranayama.jpg\",\"width\":770,\"height\":513,\"caption\":\"Anna Marie Madsen gl\u00e6der sig over endelig at kunne \u00e5bne sit yogatilbud. Privatfoto\"},{\"@type\":\"BreadcrumbList\",\"@id\":\"https:\/\/kunmedierne.dk\/mors\/endelig-yoga-med-udsigt-til-himmel-og-hoejder\/#breadcrumb\",\"itemListElement\":[{\"@type\":\"ListItem\",\"position\":1,\"name\":\"Hjem\",\"item\":\"https:\/\/kunmedierne.dk\/mors\/\"},{\"@type\":\"ListItem\",\"position\":2,\"name\":\"Endelig yoga med udsigt til himmel og h\u00f8jder\"}]},{\"@type\":\"WebSite\",\"@id\":\"https:\/\/kunmedierne.dk\/mors\/#website\",\"url\":\"https:\/\/kunmedierne.dk\/mors\/\",\"name\":\"Mors\",\"description\":\"et netmedie med journalistik om livet p\u00e5 Mors\",\"publisher\":{\"@id\":\"https:\/\/kunmedierne.dk\/mors\/#organization\"},\"potentialAction\":[{\"@type\":\"SearchAction\",\"target\":{\"@type\":\"EntryPoint\",\"urlTemplate\":\"https:\/\/kunmedierne.dk\/mors\/?s={search_term_string}\"},\"query-input\":{\"@type\":\"PropertyValueSpecification\",\"valueRequired\":true,\"valueName\":\"search_term_string\"}}],\"inLanguage\":\"da-DK\"},{\"@type\":\"Organization\",\"@id\":\"https:\/\/kunmedierne.dk\/mors\/#organization\",\"name\":\"Mors\",\"url\":\"https:\/\/kunmedierne.dk\/mors\/\",\"logo\":{\"@type\":\"ImageObject\",\"inLanguage\":\"da-DK\",\"@id\":\"https:\/\/kunmedierne.dk\/mors\/#\/schema\/logo\/image\/\",\"url\":\"https:\/\/kunmedierne.dk\/mors\/wp-content\/uploads\/2024\/08\/kunmors-logo.svg\",\"contentUrl\":\"https:\/\/kunmedierne.dk\/mors\/wp-content\/uploads\/2024\/08\/kunmors-logo.svg\",\"caption\":\"Mors\"},\"image\":{\"@id\":\"https:\/\/kunmedierne.dk\/mors\/#\/schema\/logo\/image\/\"}},{\"@type\":\"Person\",\"@id\":\"https:\/\/kunmedierne.dk\/mors\/#\/schema\/person\/5fe23251bf1d0abbcdc6f7896579d548\",\"name\":\"David H\u00f8jmark\",\"image\":{\"@type\":\"ImageObject\",\"inLanguage\":\"da-DK\",\"@id\":\"https:\/\/kunmedierne.dk\/mors\/#\/schema\/person\/image\/\",\"url\":\"https:\/\/secure.gravatar.com\/avatar\/4315d6fb9ef244d729989f5f90268eb08d5bf8a3d84402f595fa194bb35784fd?s=96&d=mm&r=g\",\"contentUrl\":\"https:\/\/secure.gravatar.com\/avatar\/4315d6fb9ef244d729989f5f90268eb08d5bf8a3d84402f595fa194bb35784fd?s=96&d=mm&r=g\",\"caption\":\"David H\u00f8jmark\"},\"sameAs\":[\"https:\/\/www.kunmedierne.dk\"],\"url\":\"https:\/\/kunmedierne.dk\/mors\/author\/david\/\"}]}<\/script>\n<!-- \/ Yoast SEO plugin. -->","yoast_head_json":{"title":"Endelig yoga med udsigt til himmel og h\u00f8jder - Mors","robots":{"index":"index","follow":"follow","max-snippet":"max-snippet:-1","max-image-preview":"max-image-preview:large","max-video-preview":"max-video-preview:-1"},"canonical":"https:\/\/kunmedierne.dk\/mors\/endelig-yoga-med-udsigt-til-himmel-og-hoejder\/","og_locale":"da_DK","og_type":"article","og_title":"Endelig yoga med udsigt til himmel og h\u00f8jder - Mors","og_description":"BJERGBY: Er der en, der har \u00f8nsket coronakrisen meget langt v\u00e6k, er det nok Anna Marie Madsen fra Bjergby. Den lokale yoga-iv\u00e6rks\u00e6tter har m\u00e5ttet se premieren p\u00e5 sit ambiti\u00f8se projekt bremset af de restriktioner, der ramte vidt og bredt i samfundet. Men nu er Room Yoga endelig klar til at tage imod g\u00e6ster i de [&hellip;]","og_url":"https:\/\/kunmedierne.dk\/mors\/endelig-yoga-med-udsigt-til-himmel-og-hoejder\/","og_site_name":"Mors","article_published_time":"2020-06-10T10:54:20+00:00","article_modified_time":"2024-08-12T12:06:01+00:00","og_image":[{"width":770,"height":513,"url":"https:\/\/kunmedierne.dk\/mors\/wp-content\/uploads\/2020\/06\/200610-yoga-Anna-Marie-Madsen-pranayama.jpg","type":"image\/jpeg"}],"author":"David H\u00f8jmark","twitter_card":"summary_large_image","twitter_misc":{"Skrevet af":"David H\u00f8jmark","Estimeret l\u00e6setid":"2 minutter"},"schema":{"@context":"https:\/\/schema.org","@graph":[{"@type":"Article","@id":"https:\/\/kunmedierne.dk\/mors\/endelig-yoga-med-udsigt-til-himmel-og-hoejder\/#article","isPartOf":{"@id":"https:\/\/kunmedierne.dk\/mors\/endelig-yoga-med-udsigt-til-himmel-og-hoejder\/"},"author":{"name":"David H\u00f8jmark","@id":"https:\/\/kunmedierne.dk\/mors\/#\/schema\/person\/5fe23251bf1d0abbcdc6f7896579d548"},"headline":"Endelig yoga med udsigt til himmel og h\u00f8jder","datePublished":"2020-06-10T10:54:20+00:00","dateModified":"2024-08-12T12:06:01+00:00","mainEntityOfPage":{"@id":"https:\/\/kunmedierne.dk\/mors\/endelig-yoga-med-udsigt-til-himmel-og-hoejder\/"},"wordCount":395,"commentCount":0,"publisher":{"@id":"https:\/\/kunmedierne.dk\/mors\/#organization"},"image":{"@id":"https:\/\/kunmedierne.dk\/mors\/endelig-yoga-med-udsigt-til-himmel-og-hoejder\/#primaryimage"},"thumbnailUrl":"https:\/\/kunmedierne.dk\/mors\/wp-content\/uploads\/2020\/06\/200610-yoga-Anna-Marie-Madsen-pranayama.jpg","keywords":["Erhverv"],"articleSection":["Lokalt"],"inLanguage":"da-DK","potentialAction":[{"@type":"CommentAction","name":"Comment","target":["https:\/\/kunmedierne.dk\/mors\/endelig-yoga-med-udsigt-til-himmel-og-hoejder\/#respond"]}]},{"@type":"WebPage","@id":"https:\/\/kunmedierne.dk\/mors\/endelig-yoga-med-udsigt-til-himmel-og-hoejder\/","url":"https:\/\/kunmedierne.dk\/mors\/endelig-yoga-med-udsigt-til-himmel-og-hoejder\/","name":"Endelig yoga med udsigt til himmel og h\u00f8jder - Mors","isPartOf":{"@id":"https:\/\/kunmedierne.dk\/mors\/#website"},"primaryImageOfPage":{"@id":"https:\/\/kunmedierne.dk\/mors\/endelig-yoga-med-udsigt-til-himmel-og-hoejder\/#primaryimage"},"image":{"@id":"https:\/\/kunmedierne.dk\/mors\/endelig-yoga-med-udsigt-til-himmel-og-hoejder\/#primaryimage"},"thumbnailUrl":"https:\/\/kunmedierne.dk\/mors\/wp-content\/uploads\/2020\/06\/200610-yoga-Anna-Marie-Madsen-pranayama.jpg","datePublished":"2020-06-10T10:54:20+00:00","dateModified":"2024-08-12T12:06:01+00:00","breadcrumb":{"@id":"https:\/\/kunmedierne.dk\/mors\/endelig-yoga-med-udsigt-til-himmel-og-hoejder\/#breadcrumb"},"inLanguage":"da-DK","potentialAction":[{"@type":"ReadAction","target":["https:\/\/kunmedierne.dk\/mors\/endelig-yoga-med-udsigt-til-himmel-og-hoejder\/"]}]},{"@type":"ImageObject","inLanguage":"da-DK","@id":"https:\/\/kunmedierne.dk\/mors\/endelig-yoga-med-udsigt-til-himmel-og-hoejder\/#primaryimage","url":"https:\/\/kunmedierne.dk\/mors\/wp-content\/uploads\/2020\/06\/200610-yoga-Anna-Marie-Madsen-pranayama.jpg","contentUrl":"https:\/\/kunmedierne.dk\/mors\/wp-content\/uploads\/2020\/06\/200610-yoga-Anna-Marie-Madsen-pranayama.jpg","width":770,"height":513,"caption":"Anna Marie Madsen gl\u00e6der sig over endelig at kunne \u00e5bne sit yogatilbud. Privatfoto"},{"@type":"BreadcrumbList","@id":"https:\/\/kunmedierne.dk\/mors\/endelig-yoga-med-udsigt-til-himmel-og-hoejder\/#breadcrumb","itemListElement":[{"@type":"ListItem","position":1,"name":"Hjem","item":"https:\/\/kunmedierne.dk\/mors\/"},{"@type":"ListItem","position":2,"name":"Endelig yoga med udsigt til himmel og h\u00f8jder"}]},{"@type":"WebSite","@id":"https:\/\/kunmedierne.dk\/mors\/#website","url":"https:\/\/kunmedierne.dk\/mors\/","name":"Mors","description":"et netmedie med journalistik om livet p\u00e5 Mors","publisher":{"@id":"https:\/\/kunmedierne.dk\/mors\/#organization"},"potentialAction":[{"@type":"SearchAction","target":{"@type":"EntryPoint","urlTemplate":"https:\/\/kunmedierne.dk\/mors\/?s={search_term_string}"},"query-input":{"@type":"PropertyValueSpecification","valueRequired":true,"valueName":"search_term_string"}}],"inLanguage":"da-DK"},{"@type":"Organization","@id":"https:\/\/kunmedierne.dk\/mors\/#organization","name":"Mors","url":"https:\/\/kunmedierne.dk\/mors\/","logo":{"@type":"ImageObject","inLanguage":"da-DK","@id":"https:\/\/kunmedierne.dk\/mors\/#\/schema\/logo\/image\/","url":"https:\/\/kunmedierne.dk\/mors\/wp-content\/uploads\/2024\/08\/kunmors-logo.svg","contentUrl":"https:\/\/kunmedierne.dk\/mors\/wp-content\/uploads\/2024\/08\/kunmors-logo.svg","caption":"Mors"},"image":{"@id":"https:\/\/kunmedierne.dk\/mors\/#\/schema\/logo\/image\/"}},{"@type":"Person","@id":"https:\/\/kunmedierne.dk\/mors\/#\/schema\/person\/5fe23251bf1d0abbcdc6f7896579d548","name":"David H\u00f8jmark","image":{"@type":"ImageObject","inLanguage":"da-DK","@id":"https:\/\/kunmedierne.dk\/mors\/#\/schema\/person\/image\/","url":"https:\/\/secure.gravatar.com\/avatar\/4315d6fb9ef244d729989f5f90268eb08d5bf8a3d84402f595fa194bb35784fd?s=96&d=mm&r=g","contentUrl":"https:\/\/secure.gravatar.com\/avatar\/4315d6fb9ef244d729989f5f90268eb08d5bf8a3d84402f595fa194bb35784fd?s=96&d=mm&r=g","caption":"David H\u00f8jmark"},"sameAs":["https:\/\/www.kunmedierne.dk"],"url":"https:\/\/kunmedierne.dk\/mors\/author\/david\/"}]}},"_links":{"self":[{"href":"https:\/\/kunmedierne.dk\/mors\/wp-json\/wp\/v2\/posts\/24843","targetHints":{"allow":["GET"]}}],"collection":[{"href":"https:\/\/kunmedierne.dk\/mors\/wp-json\/wp\/v2\/posts"}],"about":[{"href":"https:\/\/kunmedierne.dk\/mors\/wp-json\/wp\/v2\/types\/post"}],"author":[{"embeddable":true,"href":"https:\/\/kunmedierne.dk\/mors\/wp-json\/wp\/v2\/users\/8"}],"replies":[{"embeddable":true,"href":"https:\/\/kunmedierne.dk\/mors\/wp-json\/wp\/v2\/comments?post=24843"}],"version-history":[{"count":1,"href":"https:\/\/kunmedierne.dk\/mors\/wp-json\/wp\/v2\/posts\/24843\/revisions"}],"predecessor-version":[{"id":24845,"href":"https:\/\/kunmedierne.dk\/mors\/wp-json\/wp\/v2\/posts\/24843\/revisions\/24845"}],"wp:featuredmedia":[{"embeddable":true,"href":"https:\/\/kunmedierne.dk\/mors\/wp-json\/wp\/v2\/media\/24844"}],"wp:attachment":[{"href":"https:\/\/kunmedierne.dk\/mors\/wp-json\/wp\/v2\/media?parent=24843"}],"wp:term":[{"taxonomy":"category","embeddable":true,"href":"https:\/\/kunmedierne.dk\/mors\/wp-json\/wp\/v2\/categories?post=24843"},{"taxonomy":"post_tag","embeddable":true,"href":"https:\/\/kunmedierne.dk\/mors\/wp-json\/wp\/v2\/tags?post=24843"}],"curies":[{"name":"wp","href":"https:\/\/api.w.org\/{rel}","templated":true}]}}