{"id":24775,"date":"2020-06-10T10:59:18","date_gmt":"2020-06-10T08:59:18","guid":{"rendered":"https:\/\/kunmedierne.dk\/mors\/?p=24775"},"modified":"2024-08-12T14:06:01","modified_gmt":"2024-08-12T12:06:01","slug":"sygefravaeret-falder-paa-det-sociale-omraade","status":"publish","type":"post","link":"https:\/\/kunmedierne.dk\/mors\/sygefravaeret-falder-paa-det-sociale-omraade\/","title":{"rendered":"Sygefrav\u00e6ret falder p\u00e5 det sociale omr\u00e5de"},"content":{"rendered":"<p><strong>MORS<\/strong>: Der er knap s\u00e5 mange sygedage blandt ansatte i Mors\u00f8 Kommune som for et \u00e5r siden.<\/p>\n<p>Det oplyser Henning S\u00f8rensen (V), formand for det sociale udvalg, oven p\u00e5 udvalgets \u00e5rlige m\u00f8de med seniorr\u00e5det, der blandt andet har rettet fokus mod sygefrav\u00e6ret hos SOSU-assistenter og SOSU-hj\u00e6lpere.<\/p>\n<p>Og det er faldende, lyder det fra Henning S\u00f8rensen, som vurderer, at en st\u00f8rre bev\u00e5genhed p\u00e5 sygefrav\u00e6r p\u00e5 hele omr\u00e5det har hjulpet kommunen med at f\u00e5 det ned.<\/p>\n<p>Med st\u00f8rre bev\u00e5genhed menes blandt andet t\u00e6ttere kontakt til sygemeldte med fokus p\u00e5 \u00e5rsagerne bag sygefrav\u00e6r. Et fokus, som Henning S\u00f8rensen er helt med p\u00e5 kan v\u00e6re en varm kartoffel, da det vil kunne tolkes som en kontrol af den sygemeldte medarbejder.<\/p>\n<p>&#8220;Nogle kalder det kontrol, andre kalder det omsorg. Jeg synes, det er omsorg for medarbejderne, for det er utroligt vigtigt, at man finder ud af, om medarbejderne har det godt p\u00e5 arbejdspladsen. Og sygdom kan jo v\u00e6re mange ting,&#8221; siger han og n\u00e6vner generel trivsel som noget af det, man som arbejdsgiver kan hj\u00e6lpe med at s\u00e6tte fokus p\u00e5.<\/p>\n<p>I 2019 l\u00e5 sygefrav\u00e6ret p\u00e5 omr\u00e5det p\u00e5 7,14 procent. Det er i maj 2020 faldet til 5,73 &#8211; og i Mors\u00f8 Kommune som helhed er sygefrav\u00e6ret faldet fra 5,54 procent til 4,99 procent, oplyser Henning S\u00f8rensen.<\/p>\n<p>Han tilf\u00f8jer, at der generelt er stor forst\u00e5else for, at kommunen har rettet st\u00f8rre fokus p\u00e5 sygefrav\u00e6ret.<\/p>\n<p>&#8220;Med de tilbagemeldinger, vi f\u00e5r, ser der ud til at blive taget rigtig godt imod det. I starten var der selvf\u00f8lgelig nogen, der var skeptiske, men i dag er mange glade for, at der bliver taget h\u00e5nd om det,&#8221; siger han.<\/p>\n","protected":false},"excerpt":{"rendered":"<p>MORS: Der er knap s\u00e5 mange sygedage blandt ansatte i Mors\u00f8 Kommune som for et \u00e5r siden. Det oplyser Henning S\u00f8rensen (V), formand for det sociale udvalg, oven p\u00e5 udvalgets \u00e5rlige m\u00f8de med seniorr\u00e5det, der blandt andet har rettet fokus mod sygefrav\u00e6ret hos SOSU-assistenter og SOSU-hj\u00e6lpere. Og det er faldende, lyder det fra Henning S\u00f8rensen, [&hellip;]<\/p>\n","protected":false},"author":8,"featured_media":13431,"comment_status":"open","ping_status":"open","sticky":false,"template":"","format":"standard","meta":{"_acf_changed":false,"footnotes":""},"categories":[51],"tags":[],"class_list":["post-24775","post","type-post","status-publish","format-standard","has-post-thumbnail","hentry","category-lokalt"],"acf":[],"yoast_head":"<!-- This site is optimized with the Yoast SEO plugin v26.8 - https:\/\/yoast.com\/product\/yoast-seo-wordpress\/ -->\n<title>Sygefrav\u00e6ret falder p\u00e5 det sociale omr\u00e5de - Mors<\/title>\n<meta name=\"robots\" content=\"index, follow, max-snippet:-1, max-image-preview:large, max-video-preview:-1\" \/>\n<link rel=\"canonical\" href=\"https:\/\/kunmedierne.dk\/mors\/sygefravaeret-falder-paa-det-sociale-omraade\/\" \/>\n<meta property=\"og:locale\" content=\"da_DK\" \/>\n<meta property=\"og:type\" content=\"article\" \/>\n<meta property=\"og:title\" content=\"Sygefrav\u00e6ret falder p\u00e5 det sociale omr\u00e5de - Mors\" \/>\n<meta property=\"og:description\" content=\"MORS: Der er knap s\u00e5 mange sygedage blandt ansatte i Mors\u00f8 Kommune som for et \u00e5r siden. Det oplyser Henning S\u00f8rensen (V), formand for det sociale udvalg, oven p\u00e5 udvalgets \u00e5rlige m\u00f8de med seniorr\u00e5det, der blandt andet har rettet fokus mod sygefrav\u00e6ret hos SOSU-assistenter og SOSU-hj\u00e6lpere. Og det er faldende, lyder det fra Henning S\u00f8rensen, [&hellip;]\" \/>\n<meta property=\"og:url\" content=\"https:\/\/kunmedierne.dk\/mors\/sygefravaeret-falder-paa-det-sociale-omraade\/\" \/>\n<meta property=\"og:site_name\" content=\"Mors\" \/>\n<meta property=\"article:published_time\" content=\"2020-06-10T08:59:18+00:00\" \/>\n<meta property=\"article:modified_time\" content=\"2024-08-12T12:06:01+00:00\" \/>\n<meta property=\"og:image\" content=\"https:\/\/kunmedierne.dk\/mors\/wp-content\/uploads\/2020\/03\/200311-mors\u00f8-kommune2.jpg\" \/>\n\t<meta property=\"og:image:width\" content=\"770\" \/>\n\t<meta property=\"og:image:height\" content=\"513\" \/>\n\t<meta property=\"og:image:type\" content=\"image\/jpeg\" \/>\n<meta name=\"author\" content=\"David H\u00f8jmark\" \/>\n<meta name=\"twitter:card\" content=\"summary_large_image\" \/>\n<meta name=\"twitter:label1\" content=\"Skrevet af\" \/>\n\t<meta name=\"twitter:data1\" content=\"David H\u00f8jmark\" \/>\n\t<meta name=\"twitter:label2\" content=\"Estimeret l\u00e6setid\" \/>\n\t<meta name=\"twitter:data2\" content=\"1 minut\" \/>\n<script type=\"application\/ld+json\" class=\"yoast-schema-graph\">{\"@context\":\"https:\/\/schema.org\",\"@graph\":[{\"@type\":\"Article\",\"@id\":\"https:\/\/kunmedierne.dk\/mors\/sygefravaeret-falder-paa-det-sociale-omraade\/#article\",\"isPartOf\":{\"@id\":\"https:\/\/kunmedierne.dk\/mors\/sygefravaeret-falder-paa-det-sociale-omraade\/\"},\"author\":{\"name\":\"David H\u00f8jmark\",\"@id\":\"https:\/\/kunmedierne.dk\/mors\/#\/schema\/person\/5fe23251bf1d0abbcdc6f7896579d548\"},\"headline\":\"Sygefrav\u00e6ret falder p\u00e5 det sociale omr\u00e5de\",\"datePublished\":\"2020-06-10T08:59:18+00:00\",\"dateModified\":\"2024-08-12T12:06:01+00:00\",\"mainEntityOfPage\":{\"@id\":\"https:\/\/kunmedierne.dk\/mors\/sygefravaeret-falder-paa-det-sociale-omraade\/\"},\"wordCount\":302,\"commentCount\":0,\"publisher\":{\"@id\":\"https:\/\/kunmedierne.dk\/mors\/#organization\"},\"image\":{\"@id\":\"https:\/\/kunmedierne.dk\/mors\/sygefravaeret-falder-paa-det-sociale-omraade\/#primaryimage\"},\"thumbnailUrl\":\"https:\/\/kunmedierne.dk\/mors\/wp-content\/uploads\/2020\/03\/200311-mors\u00f8-kommune2.jpg\",\"articleSection\":[\"Lokalt\"],\"inLanguage\":\"da-DK\",\"potentialAction\":[{\"@type\":\"CommentAction\",\"name\":\"Comment\",\"target\":[\"https:\/\/kunmedierne.dk\/mors\/sygefravaeret-falder-paa-det-sociale-omraade\/#respond\"]}]},{\"@type\":\"WebPage\",\"@id\":\"https:\/\/kunmedierne.dk\/mors\/sygefravaeret-falder-paa-det-sociale-omraade\/\",\"url\":\"https:\/\/kunmedierne.dk\/mors\/sygefravaeret-falder-paa-det-sociale-omraade\/\",\"name\":\"Sygefrav\u00e6ret falder p\u00e5 det sociale omr\u00e5de - Mors\",\"isPartOf\":{\"@id\":\"https:\/\/kunmedierne.dk\/mors\/#website\"},\"primaryImageOfPage\":{\"@id\":\"https:\/\/kunmedierne.dk\/mors\/sygefravaeret-falder-paa-det-sociale-omraade\/#primaryimage\"},\"image\":{\"@id\":\"https:\/\/kunmedierne.dk\/mors\/sygefravaeret-falder-paa-det-sociale-omraade\/#primaryimage\"},\"thumbnailUrl\":\"https:\/\/kunmedierne.dk\/mors\/wp-content\/uploads\/2020\/03\/200311-mors\u00f8-kommune2.jpg\",\"datePublished\":\"2020-06-10T08:59:18+00:00\",\"dateModified\":\"2024-08-12T12:06:01+00:00\",\"breadcrumb\":{\"@id\":\"https:\/\/kunmedierne.dk\/mors\/sygefravaeret-falder-paa-det-sociale-omraade\/#breadcrumb\"},\"inLanguage\":\"da-DK\",\"potentialAction\":[{\"@type\":\"ReadAction\",\"target\":[\"https:\/\/kunmedierne.dk\/mors\/sygefravaeret-falder-paa-det-sociale-omraade\/\"]}]},{\"@type\":\"ImageObject\",\"inLanguage\":\"da-DK\",\"@id\":\"https:\/\/kunmedierne.dk\/mors\/sygefravaeret-falder-paa-det-sociale-omraade\/#primaryimage\",\"url\":\"https:\/\/kunmedierne.dk\/mors\/wp-content\/uploads\/2020\/03\/200311-mors\u00f8-kommune2.jpg\",\"contentUrl\":\"https:\/\/kunmedierne.dk\/mors\/wp-content\/uploads\/2020\/03\/200311-mors\u00f8-kommune2.jpg\",\"width\":770,\"height\":513,\"caption\":\"Logo: Mors\u00f8 Kommune\"},{\"@type\":\"BreadcrumbList\",\"@id\":\"https:\/\/kunmedierne.dk\/mors\/sygefravaeret-falder-paa-det-sociale-omraade\/#breadcrumb\",\"itemListElement\":[{\"@type\":\"ListItem\",\"position\":1,\"name\":\"Hjem\",\"item\":\"https:\/\/kunmedierne.dk\/mors\/\"},{\"@type\":\"ListItem\",\"position\":2,\"name\":\"Sygefrav\u00e6ret falder p\u00e5 det sociale omr\u00e5de\"}]},{\"@type\":\"WebSite\",\"@id\":\"https:\/\/kunmedierne.dk\/mors\/#website\",\"url\":\"https:\/\/kunmedierne.dk\/mors\/\",\"name\":\"Mors\",\"description\":\"et netmedie med journalistik om livet p\u00e5 Mors\",\"publisher\":{\"@id\":\"https:\/\/kunmedierne.dk\/mors\/#organization\"},\"potentialAction\":[{\"@type\":\"SearchAction\",\"target\":{\"@type\":\"EntryPoint\",\"urlTemplate\":\"https:\/\/kunmedierne.dk\/mors\/?s={search_term_string}\"},\"query-input\":{\"@type\":\"PropertyValueSpecification\",\"valueRequired\":true,\"valueName\":\"search_term_string\"}}],\"inLanguage\":\"da-DK\"},{\"@type\":\"Organization\",\"@id\":\"https:\/\/kunmedierne.dk\/mors\/#organization\",\"name\":\"Mors\",\"url\":\"https:\/\/kunmedierne.dk\/mors\/\",\"logo\":{\"@type\":\"ImageObject\",\"inLanguage\":\"da-DK\",\"@id\":\"https:\/\/kunmedierne.dk\/mors\/#\/schema\/logo\/image\/\",\"url\":\"https:\/\/kunmedierne.dk\/mors\/wp-content\/uploads\/2024\/08\/kunmors-logo.svg\",\"contentUrl\":\"https:\/\/kunmedierne.dk\/mors\/wp-content\/uploads\/2024\/08\/kunmors-logo.svg\",\"caption\":\"Mors\"},\"image\":{\"@id\":\"https:\/\/kunmedierne.dk\/mors\/#\/schema\/logo\/image\/\"}},{\"@type\":\"Person\",\"@id\":\"https:\/\/kunmedierne.dk\/mors\/#\/schema\/person\/5fe23251bf1d0abbcdc6f7896579d548\",\"name\":\"David H\u00f8jmark\",\"image\":{\"@type\":\"ImageObject\",\"inLanguage\":\"da-DK\",\"@id\":\"https:\/\/kunmedierne.dk\/mors\/#\/schema\/person\/image\/\",\"url\":\"https:\/\/secure.gravatar.com\/avatar\/4315d6fb9ef244d729989f5f90268eb08d5bf8a3d84402f595fa194bb35784fd?s=96&d=mm&r=g\",\"contentUrl\":\"https:\/\/secure.gravatar.com\/avatar\/4315d6fb9ef244d729989f5f90268eb08d5bf8a3d84402f595fa194bb35784fd?s=96&d=mm&r=g\",\"caption\":\"David H\u00f8jmark\"},\"sameAs\":[\"https:\/\/www.kunmedierne.dk\"],\"url\":\"https:\/\/kunmedierne.dk\/mors\/author\/david\/\"}]}<\/script>\n<!-- \/ Yoast SEO plugin. -->","yoast_head_json":{"title":"Sygefrav\u00e6ret falder p\u00e5 det sociale omr\u00e5de - Mors","robots":{"index":"index","follow":"follow","max-snippet":"max-snippet:-1","max-image-preview":"max-image-preview:large","max-video-preview":"max-video-preview:-1"},"canonical":"https:\/\/kunmedierne.dk\/mors\/sygefravaeret-falder-paa-det-sociale-omraade\/","og_locale":"da_DK","og_type":"article","og_title":"Sygefrav\u00e6ret falder p\u00e5 det sociale omr\u00e5de - Mors","og_description":"MORS: Der er knap s\u00e5 mange sygedage blandt ansatte i Mors\u00f8 Kommune som for et \u00e5r siden. Det oplyser Henning S\u00f8rensen (V), formand for det sociale udvalg, oven p\u00e5 udvalgets \u00e5rlige m\u00f8de med seniorr\u00e5det, der blandt andet har rettet fokus mod sygefrav\u00e6ret hos SOSU-assistenter og SOSU-hj\u00e6lpere. Og det er faldende, lyder det fra Henning S\u00f8rensen, [&hellip;]","og_url":"https:\/\/kunmedierne.dk\/mors\/sygefravaeret-falder-paa-det-sociale-omraade\/","og_site_name":"Mors","article_published_time":"2020-06-10T08:59:18+00:00","article_modified_time":"2024-08-12T12:06:01+00:00","og_image":[{"width":770,"height":513,"url":"https:\/\/kunmedierne.dk\/mors\/wp-content\/uploads\/2020\/03\/200311-mors\u00f8-kommune2.jpg","type":"image\/jpeg"}],"author":"David H\u00f8jmark","twitter_card":"summary_large_image","twitter_misc":{"Skrevet af":"David H\u00f8jmark","Estimeret l\u00e6setid":"1 minut"},"schema":{"@context":"https:\/\/schema.org","@graph":[{"@type":"Article","@id":"https:\/\/kunmedierne.dk\/mors\/sygefravaeret-falder-paa-det-sociale-omraade\/#article","isPartOf":{"@id":"https:\/\/kunmedierne.dk\/mors\/sygefravaeret-falder-paa-det-sociale-omraade\/"},"author":{"name":"David H\u00f8jmark","@id":"https:\/\/kunmedierne.dk\/mors\/#\/schema\/person\/5fe23251bf1d0abbcdc6f7896579d548"},"headline":"Sygefrav\u00e6ret falder p\u00e5 det sociale omr\u00e5de","datePublished":"2020-06-10T08:59:18+00:00","dateModified":"2024-08-12T12:06:01+00:00","mainEntityOfPage":{"@id":"https:\/\/kunmedierne.dk\/mors\/sygefravaeret-falder-paa-det-sociale-omraade\/"},"wordCount":302,"commentCount":0,"publisher":{"@id":"https:\/\/kunmedierne.dk\/mors\/#organization"},"image":{"@id":"https:\/\/kunmedierne.dk\/mors\/sygefravaeret-falder-paa-det-sociale-omraade\/#primaryimage"},"thumbnailUrl":"https:\/\/kunmedierne.dk\/mors\/wp-content\/uploads\/2020\/03\/200311-mors\u00f8-kommune2.jpg","articleSection":["Lokalt"],"inLanguage":"da-DK","potentialAction":[{"@type":"CommentAction","name":"Comment","target":["https:\/\/kunmedierne.dk\/mors\/sygefravaeret-falder-paa-det-sociale-omraade\/#respond"]}]},{"@type":"WebPage","@id":"https:\/\/kunmedierne.dk\/mors\/sygefravaeret-falder-paa-det-sociale-omraade\/","url":"https:\/\/kunmedierne.dk\/mors\/sygefravaeret-falder-paa-det-sociale-omraade\/","name":"Sygefrav\u00e6ret falder p\u00e5 det sociale omr\u00e5de - Mors","isPartOf":{"@id":"https:\/\/kunmedierne.dk\/mors\/#website"},"primaryImageOfPage":{"@id":"https:\/\/kunmedierne.dk\/mors\/sygefravaeret-falder-paa-det-sociale-omraade\/#primaryimage"},"image":{"@id":"https:\/\/kunmedierne.dk\/mors\/sygefravaeret-falder-paa-det-sociale-omraade\/#primaryimage"},"thumbnailUrl":"https:\/\/kunmedierne.dk\/mors\/wp-content\/uploads\/2020\/03\/200311-mors\u00f8-kommune2.jpg","datePublished":"2020-06-10T08:59:18+00:00","dateModified":"2024-08-12T12:06:01+00:00","breadcrumb":{"@id":"https:\/\/kunmedierne.dk\/mors\/sygefravaeret-falder-paa-det-sociale-omraade\/#breadcrumb"},"inLanguage":"da-DK","potentialAction":[{"@type":"ReadAction","target":["https:\/\/kunmedierne.dk\/mors\/sygefravaeret-falder-paa-det-sociale-omraade\/"]}]},{"@type":"ImageObject","inLanguage":"da-DK","@id":"https:\/\/kunmedierne.dk\/mors\/sygefravaeret-falder-paa-det-sociale-omraade\/#primaryimage","url":"https:\/\/kunmedierne.dk\/mors\/wp-content\/uploads\/2020\/03\/200311-mors\u00f8-kommune2.jpg","contentUrl":"https:\/\/kunmedierne.dk\/mors\/wp-content\/uploads\/2020\/03\/200311-mors\u00f8-kommune2.jpg","width":770,"height":513,"caption":"Logo: Mors\u00f8 Kommune"},{"@type":"BreadcrumbList","@id":"https:\/\/kunmedierne.dk\/mors\/sygefravaeret-falder-paa-det-sociale-omraade\/#breadcrumb","itemListElement":[{"@type":"ListItem","position":1,"name":"Hjem","item":"https:\/\/kunmedierne.dk\/mors\/"},{"@type":"ListItem","position":2,"name":"Sygefrav\u00e6ret falder p\u00e5 det sociale omr\u00e5de"}]},{"@type":"WebSite","@id":"https:\/\/kunmedierne.dk\/mors\/#website","url":"https:\/\/kunmedierne.dk\/mors\/","name":"Mors","description":"et netmedie med journalistik om livet p\u00e5 Mors","publisher":{"@id":"https:\/\/kunmedierne.dk\/mors\/#organization"},"potentialAction":[{"@type":"SearchAction","target":{"@type":"EntryPoint","urlTemplate":"https:\/\/kunmedierne.dk\/mors\/?s={search_term_string}"},"query-input":{"@type":"PropertyValueSpecification","valueRequired":true,"valueName":"search_term_string"}}],"inLanguage":"da-DK"},{"@type":"Organization","@id":"https:\/\/kunmedierne.dk\/mors\/#organization","name":"Mors","url":"https:\/\/kunmedierne.dk\/mors\/","logo":{"@type":"ImageObject","inLanguage":"da-DK","@id":"https:\/\/kunmedierne.dk\/mors\/#\/schema\/logo\/image\/","url":"https:\/\/kunmedierne.dk\/mors\/wp-content\/uploads\/2024\/08\/kunmors-logo.svg","contentUrl":"https:\/\/kunmedierne.dk\/mors\/wp-content\/uploads\/2024\/08\/kunmors-logo.svg","caption":"Mors"},"image":{"@id":"https:\/\/kunmedierne.dk\/mors\/#\/schema\/logo\/image\/"}},{"@type":"Person","@id":"https:\/\/kunmedierne.dk\/mors\/#\/schema\/person\/5fe23251bf1d0abbcdc6f7896579d548","name":"David H\u00f8jmark","image":{"@type":"ImageObject","inLanguage":"da-DK","@id":"https:\/\/kunmedierne.dk\/mors\/#\/schema\/person\/image\/","url":"https:\/\/secure.gravatar.com\/avatar\/4315d6fb9ef244d729989f5f90268eb08d5bf8a3d84402f595fa194bb35784fd?s=96&d=mm&r=g","contentUrl":"https:\/\/secure.gravatar.com\/avatar\/4315d6fb9ef244d729989f5f90268eb08d5bf8a3d84402f595fa194bb35784fd?s=96&d=mm&r=g","caption":"David H\u00f8jmark"},"sameAs":["https:\/\/www.kunmedierne.dk"],"url":"https:\/\/kunmedierne.dk\/mors\/author\/david\/"}]}},"_links":{"self":[{"href":"https:\/\/kunmedierne.dk\/mors\/wp-json\/wp\/v2\/posts\/24775","targetHints":{"allow":["GET"]}}],"collection":[{"href":"https:\/\/kunmedierne.dk\/mors\/wp-json\/wp\/v2\/posts"}],"about":[{"href":"https:\/\/kunmedierne.dk\/mors\/wp-json\/wp\/v2\/types\/post"}],"author":[{"embeddable":true,"href":"https:\/\/kunmedierne.dk\/mors\/wp-json\/wp\/v2\/users\/8"}],"replies":[{"embeddable":true,"href":"https:\/\/kunmedierne.dk\/mors\/wp-json\/wp\/v2\/comments?post=24775"}],"version-history":[{"count":4,"href":"https:\/\/kunmedierne.dk\/mors\/wp-json\/wp\/v2\/posts\/24775\/revisions"}],"predecessor-version":[{"id":24839,"href":"https:\/\/kunmedierne.dk\/mors\/wp-json\/wp\/v2\/posts\/24775\/revisions\/24839"}],"wp:featuredmedia":[{"embeddable":true,"href":"https:\/\/kunmedierne.dk\/mors\/wp-json\/wp\/v2\/media\/13431"}],"wp:attachment":[{"href":"https:\/\/kunmedierne.dk\/mors\/wp-json\/wp\/v2\/media?parent=24775"}],"wp:term":[{"taxonomy":"category","embeddable":true,"href":"https:\/\/kunmedierne.dk\/mors\/wp-json\/wp\/v2\/categories?post=24775"},{"taxonomy":"post_tag","embeddable":true,"href":"https:\/\/kunmedierne.dk\/mors\/wp-json\/wp\/v2\/tags?post=24775"}],"curies":[{"name":"wp","href":"https:\/\/api.w.org\/{rel}","templated":true}]}}