{"id":24759,"date":"2020-06-21T08:01:38","date_gmt":"2020-06-21T06:01:38","guid":{"rendered":"https:\/\/kunmedierne.dk\/mors\/?p=24759"},"modified":"2024-08-12T14:05:59","modified_gmt":"2024-08-12T12:05:59","slug":"langstrakt-sagsbehandling-om-vold-og-trusler-paa-bosted","status":"publish","type":"post","link":"https:\/\/kunmedierne.dk\/mors\/langstrakt-sagsbehandling-om-vold-og-trusler-paa-bosted\/","title":{"rendered":"Langstrakt sagsbehandling om vold og trusler p\u00e5 bosted"},"content":{"rendered":"<p><strong>HOLSTEBRO<\/strong>: Det er erfaringen, at der nemt kan g\u00e5 lang tid med at f\u00e5 udarbejdet en mentalerkl\u00e6ring i sager, hvor det handler om mennesker, der ikke falder inden for de \u201dnormale rammer\u201d.<\/p>\n<p>S\u00e5dan var det ogs\u00e5 for en 59-\u00e5rig mand fra Mors, som en aften i november 2017 havde v\u00e6ret truende over for en kvindelig ansat p\u00e5 bostedet og senere skubbet til en mandlig ansat.<\/p>\n<p>Sm\u00e5 to \u00e5r senere gik det galt over for en sygeplejerske p\u00e5 bostedet, som fik en r\u00e6kke verbale trusler mod b\u00e5de hende og is\u00e6r hendes mand.<\/p>\n<p>Dommerne i den nu afsluttede retssag i byretten i Holstebro vurderede, at de tre forklaringer fra de tre \u201dofre\u201d gav bevis for at den 59-\u00e5rige var skyldig.<\/p>\n<p>Men mentalerkl\u00e6ringen viste til geng\u00e6ld, at det ville v\u00e6re helt forkert at sende manden bag tremmer, da han hele sit liv har k\u00e6mpet med problemer, som har betydet, at han i en tidlig alder fik et massivt alkoholproblem.<\/p>\n<p>Det blev ogs\u00e5 sl\u00e5et fast, at bostedet i dag er det bedste sted for ham at opholde sig, og ved hj\u00e6lp af antabus og andre former for psykisk assistance fungerer han godt og er glad for at bo der.<\/p>\n<p>Derfor blev det til en behandlingsdom uden l\u00e6ngstetid, men med tilsyn og eventuel indl\u00e6ggelse, hvis Kriminalforsorgen og l\u00e6gerne sk\u00f8nner det n\u00f8dvendigt.<\/p>\n<p>Her kan det dog kun vare op til et \u00e5r.<\/p>\n<p>Den 59-\u00e5rige, som i 2015 fik en dom i en lignende sag modtog efter r\u00e5dslagning med sin advokat dommen.<\/p>\n","protected":false},"excerpt":{"rendered":"<p>HOLSTEBRO: Det er erfaringen, at der nemt kan g\u00e5 lang tid med at f\u00e5 udarbejdet en mentalerkl\u00e6ring i sager, hvor det handler om mennesker, der ikke falder inden for de \u201dnormale rammer\u201d. S\u00e5dan var det ogs\u00e5 for en 59-\u00e5rig mand fra Mors, som en aften i november 2017 havde v\u00e6ret truende over for en kvindelig [&hellip;]<\/p>\n","protected":false},"author":176,"featured_media":0,"comment_status":"open","ping_status":"open","sticky":false,"template":"","format":"standard","meta":{"_acf_changed":false,"footnotes":""},"categories":[54,51],"tags":[],"class_list":["post-24759","post","type-post","status-publish","format-standard","hentry","category-54","category-lokalt"],"acf":[],"yoast_head":"<!-- This site is optimized with the Yoast SEO plugin v26.8 - https:\/\/yoast.com\/product\/yoast-seo-wordpress\/ -->\n<title>Langstrakt sagsbehandling om vold og trusler p\u00e5 bosted - Mors<\/title>\n<meta name=\"robots\" content=\"index, follow, max-snippet:-1, max-image-preview:large, max-video-preview:-1\" \/>\n<link rel=\"canonical\" href=\"https:\/\/kunmedierne.dk\/mors\/langstrakt-sagsbehandling-om-vold-og-trusler-paa-bosted\/\" \/>\n<meta property=\"og:locale\" content=\"da_DK\" \/>\n<meta property=\"og:type\" content=\"article\" \/>\n<meta property=\"og:title\" content=\"Langstrakt sagsbehandling om vold og trusler p\u00e5 bosted - Mors\" \/>\n<meta property=\"og:description\" content=\"HOLSTEBRO: Det er erfaringen, at der nemt kan g\u00e5 lang tid med at f\u00e5 udarbejdet en mentalerkl\u00e6ring i sager, hvor det handler om mennesker, der ikke falder inden for de \u201dnormale rammer\u201d. S\u00e5dan var det ogs\u00e5 for en 59-\u00e5rig mand fra Mors, som en aften i november 2017 havde v\u00e6ret truende over for en kvindelig [&hellip;]\" \/>\n<meta property=\"og:url\" content=\"https:\/\/kunmedierne.dk\/mors\/langstrakt-sagsbehandling-om-vold-og-trusler-paa-bosted\/\" \/>\n<meta property=\"og:site_name\" content=\"Mors\" \/>\n<meta property=\"article:published_time\" content=\"2020-06-21T06:01:38+00:00\" \/>\n<meta property=\"article:modified_time\" content=\"2024-08-12T12:05:59+00:00\" \/>\n<meta name=\"author\" content=\"Niels Hansen\" \/>\n<meta name=\"twitter:card\" content=\"summary_large_image\" \/>\n<meta name=\"twitter:label1\" content=\"Skrevet af\" \/>\n\t<meta name=\"twitter:data1\" content=\"Niels Hansen\" \/>\n\t<meta name=\"twitter:label2\" content=\"Estimeret l\u00e6setid\" \/>\n\t<meta name=\"twitter:data2\" content=\"1 minut\" \/>\n<script type=\"application\/ld+json\" class=\"yoast-schema-graph\">{\"@context\":\"https:\/\/schema.org\",\"@graph\":[{\"@type\":\"Article\",\"@id\":\"https:\/\/kunmedierne.dk\/mors\/langstrakt-sagsbehandling-om-vold-og-trusler-paa-bosted\/#article\",\"isPartOf\":{\"@id\":\"https:\/\/kunmedierne.dk\/mors\/langstrakt-sagsbehandling-om-vold-og-trusler-paa-bosted\/\"},\"author\":{\"name\":\"Niels Hansen\",\"@id\":\"https:\/\/kunmedierne.dk\/mors\/#\/schema\/person\/09cc14cd371d523a3528ea9c4fda5254\"},\"headline\":\"Langstrakt sagsbehandling om vold og trusler p\u00e5 bosted\",\"datePublished\":\"2020-06-21T06:01:38+00:00\",\"dateModified\":\"2024-08-12T12:05:59+00:00\",\"mainEntityOfPage\":{\"@id\":\"https:\/\/kunmedierne.dk\/mors\/langstrakt-sagsbehandling-om-vold-og-trusler-paa-bosted\/\"},\"wordCount\":272,\"commentCount\":0,\"publisher\":{\"@id\":\"https:\/\/kunmedierne.dk\/mors\/#organization\"},\"articleSection\":[\"112\",\"Lokalt\"],\"inLanguage\":\"da-DK\",\"potentialAction\":[{\"@type\":\"CommentAction\",\"name\":\"Comment\",\"target\":[\"https:\/\/kunmedierne.dk\/mors\/langstrakt-sagsbehandling-om-vold-og-trusler-paa-bosted\/#respond\"]}]},{\"@type\":\"WebPage\",\"@id\":\"https:\/\/kunmedierne.dk\/mors\/langstrakt-sagsbehandling-om-vold-og-trusler-paa-bosted\/\",\"url\":\"https:\/\/kunmedierne.dk\/mors\/langstrakt-sagsbehandling-om-vold-og-trusler-paa-bosted\/\",\"name\":\"Langstrakt sagsbehandling om vold og trusler p\u00e5 bosted - Mors\",\"isPartOf\":{\"@id\":\"https:\/\/kunmedierne.dk\/mors\/#website\"},\"datePublished\":\"2020-06-21T06:01:38+00:00\",\"dateModified\":\"2024-08-12T12:05:59+00:00\",\"breadcrumb\":{\"@id\":\"https:\/\/kunmedierne.dk\/mors\/langstrakt-sagsbehandling-om-vold-og-trusler-paa-bosted\/#breadcrumb\"},\"inLanguage\":\"da-DK\",\"potentialAction\":[{\"@type\":\"ReadAction\",\"target\":[\"https:\/\/kunmedierne.dk\/mors\/langstrakt-sagsbehandling-om-vold-og-trusler-paa-bosted\/\"]}]},{\"@type\":\"BreadcrumbList\",\"@id\":\"https:\/\/kunmedierne.dk\/mors\/langstrakt-sagsbehandling-om-vold-og-trusler-paa-bosted\/#breadcrumb\",\"itemListElement\":[{\"@type\":\"ListItem\",\"position\":1,\"name\":\"Hjem\",\"item\":\"https:\/\/kunmedierne.dk\/mors\/\"},{\"@type\":\"ListItem\",\"position\":2,\"name\":\"Langstrakt sagsbehandling om vold og trusler p\u00e5 bosted\"}]},{\"@type\":\"WebSite\",\"@id\":\"https:\/\/kunmedierne.dk\/mors\/#website\",\"url\":\"https:\/\/kunmedierne.dk\/mors\/\",\"name\":\"Mors\",\"description\":\"et netmedie med journalistik om livet p\u00e5 Mors\",\"publisher\":{\"@id\":\"https:\/\/kunmedierne.dk\/mors\/#organization\"},\"potentialAction\":[{\"@type\":\"SearchAction\",\"target\":{\"@type\":\"EntryPoint\",\"urlTemplate\":\"https:\/\/kunmedierne.dk\/mors\/?s={search_term_string}\"},\"query-input\":{\"@type\":\"PropertyValueSpecification\",\"valueRequired\":true,\"valueName\":\"search_term_string\"}}],\"inLanguage\":\"da-DK\"},{\"@type\":\"Organization\",\"@id\":\"https:\/\/kunmedierne.dk\/mors\/#organization\",\"name\":\"Mors\",\"url\":\"https:\/\/kunmedierne.dk\/mors\/\",\"logo\":{\"@type\":\"ImageObject\",\"inLanguage\":\"da-DK\",\"@id\":\"https:\/\/kunmedierne.dk\/mors\/#\/schema\/logo\/image\/\",\"url\":\"https:\/\/kunmedierne.dk\/mors\/wp-content\/uploads\/2024\/08\/kunmors-logo.svg\",\"contentUrl\":\"https:\/\/kunmedierne.dk\/mors\/wp-content\/uploads\/2024\/08\/kunmors-logo.svg\",\"caption\":\"Mors\"},\"image\":{\"@id\":\"https:\/\/kunmedierne.dk\/mors\/#\/schema\/logo\/image\/\"}},{\"@type\":\"Person\",\"@id\":\"https:\/\/kunmedierne.dk\/mors\/#\/schema\/person\/09cc14cd371d523a3528ea9c4fda5254\",\"name\":\"Niels Hansen\",\"image\":{\"@type\":\"ImageObject\",\"inLanguage\":\"da-DK\",\"@id\":\"https:\/\/kunmedierne.dk\/mors\/#\/schema\/person\/image\/\",\"url\":\"https:\/\/secure.gravatar.com\/avatar\/568e84d860856800f9f57c56a1d8280df5422f50943b8f79fd25417a3720af53?s=96&d=mm&r=g\",\"contentUrl\":\"https:\/\/secure.gravatar.com\/avatar\/568e84d860856800f9f57c56a1d8280df5422f50943b8f79fd25417a3720af53?s=96&d=mm&r=g\",\"caption\":\"Niels Hansen\"},\"url\":\"https:\/\/kunmedierne.dk\/mors\/author\/niels-hansen\/\"}]}<\/script>\n<!-- \/ Yoast SEO plugin. -->","yoast_head_json":{"title":"Langstrakt sagsbehandling om vold og trusler p\u00e5 bosted - Mors","robots":{"index":"index","follow":"follow","max-snippet":"max-snippet:-1","max-image-preview":"max-image-preview:large","max-video-preview":"max-video-preview:-1"},"canonical":"https:\/\/kunmedierne.dk\/mors\/langstrakt-sagsbehandling-om-vold-og-trusler-paa-bosted\/","og_locale":"da_DK","og_type":"article","og_title":"Langstrakt sagsbehandling om vold og trusler p\u00e5 bosted - Mors","og_description":"HOLSTEBRO: Det er erfaringen, at der nemt kan g\u00e5 lang tid med at f\u00e5 udarbejdet en mentalerkl\u00e6ring i sager, hvor det handler om mennesker, der ikke falder inden for de \u201dnormale rammer\u201d. S\u00e5dan var det ogs\u00e5 for en 59-\u00e5rig mand fra Mors, som en aften i november 2017 havde v\u00e6ret truende over for en kvindelig [&hellip;]","og_url":"https:\/\/kunmedierne.dk\/mors\/langstrakt-sagsbehandling-om-vold-og-trusler-paa-bosted\/","og_site_name":"Mors","article_published_time":"2020-06-21T06:01:38+00:00","article_modified_time":"2024-08-12T12:05:59+00:00","author":"Niels Hansen","twitter_card":"summary_large_image","twitter_misc":{"Skrevet af":"Niels Hansen","Estimeret l\u00e6setid":"1 minut"},"schema":{"@context":"https:\/\/schema.org","@graph":[{"@type":"Article","@id":"https:\/\/kunmedierne.dk\/mors\/langstrakt-sagsbehandling-om-vold-og-trusler-paa-bosted\/#article","isPartOf":{"@id":"https:\/\/kunmedierne.dk\/mors\/langstrakt-sagsbehandling-om-vold-og-trusler-paa-bosted\/"},"author":{"name":"Niels Hansen","@id":"https:\/\/kunmedierne.dk\/mors\/#\/schema\/person\/09cc14cd371d523a3528ea9c4fda5254"},"headline":"Langstrakt sagsbehandling om vold og trusler p\u00e5 bosted","datePublished":"2020-06-21T06:01:38+00:00","dateModified":"2024-08-12T12:05:59+00:00","mainEntityOfPage":{"@id":"https:\/\/kunmedierne.dk\/mors\/langstrakt-sagsbehandling-om-vold-og-trusler-paa-bosted\/"},"wordCount":272,"commentCount":0,"publisher":{"@id":"https:\/\/kunmedierne.dk\/mors\/#organization"},"articleSection":["112","Lokalt"],"inLanguage":"da-DK","potentialAction":[{"@type":"CommentAction","name":"Comment","target":["https:\/\/kunmedierne.dk\/mors\/langstrakt-sagsbehandling-om-vold-og-trusler-paa-bosted\/#respond"]}]},{"@type":"WebPage","@id":"https:\/\/kunmedierne.dk\/mors\/langstrakt-sagsbehandling-om-vold-og-trusler-paa-bosted\/","url":"https:\/\/kunmedierne.dk\/mors\/langstrakt-sagsbehandling-om-vold-og-trusler-paa-bosted\/","name":"Langstrakt sagsbehandling om vold og trusler p\u00e5 bosted - Mors","isPartOf":{"@id":"https:\/\/kunmedierne.dk\/mors\/#website"},"datePublished":"2020-06-21T06:01:38+00:00","dateModified":"2024-08-12T12:05:59+00:00","breadcrumb":{"@id":"https:\/\/kunmedierne.dk\/mors\/langstrakt-sagsbehandling-om-vold-og-trusler-paa-bosted\/#breadcrumb"},"inLanguage":"da-DK","potentialAction":[{"@type":"ReadAction","target":["https:\/\/kunmedierne.dk\/mors\/langstrakt-sagsbehandling-om-vold-og-trusler-paa-bosted\/"]}]},{"@type":"BreadcrumbList","@id":"https:\/\/kunmedierne.dk\/mors\/langstrakt-sagsbehandling-om-vold-og-trusler-paa-bosted\/#breadcrumb","itemListElement":[{"@type":"ListItem","position":1,"name":"Hjem","item":"https:\/\/kunmedierne.dk\/mors\/"},{"@type":"ListItem","position":2,"name":"Langstrakt sagsbehandling om vold og trusler p\u00e5 bosted"}]},{"@type":"WebSite","@id":"https:\/\/kunmedierne.dk\/mors\/#website","url":"https:\/\/kunmedierne.dk\/mors\/","name":"Mors","description":"et netmedie med journalistik om livet p\u00e5 Mors","publisher":{"@id":"https:\/\/kunmedierne.dk\/mors\/#organization"},"potentialAction":[{"@type":"SearchAction","target":{"@type":"EntryPoint","urlTemplate":"https:\/\/kunmedierne.dk\/mors\/?s={search_term_string}"},"query-input":{"@type":"PropertyValueSpecification","valueRequired":true,"valueName":"search_term_string"}}],"inLanguage":"da-DK"},{"@type":"Organization","@id":"https:\/\/kunmedierne.dk\/mors\/#organization","name":"Mors","url":"https:\/\/kunmedierne.dk\/mors\/","logo":{"@type":"ImageObject","inLanguage":"da-DK","@id":"https:\/\/kunmedierne.dk\/mors\/#\/schema\/logo\/image\/","url":"https:\/\/kunmedierne.dk\/mors\/wp-content\/uploads\/2024\/08\/kunmors-logo.svg","contentUrl":"https:\/\/kunmedierne.dk\/mors\/wp-content\/uploads\/2024\/08\/kunmors-logo.svg","caption":"Mors"},"image":{"@id":"https:\/\/kunmedierne.dk\/mors\/#\/schema\/logo\/image\/"}},{"@type":"Person","@id":"https:\/\/kunmedierne.dk\/mors\/#\/schema\/person\/09cc14cd371d523a3528ea9c4fda5254","name":"Niels Hansen","image":{"@type":"ImageObject","inLanguage":"da-DK","@id":"https:\/\/kunmedierne.dk\/mors\/#\/schema\/person\/image\/","url":"https:\/\/secure.gravatar.com\/avatar\/568e84d860856800f9f57c56a1d8280df5422f50943b8f79fd25417a3720af53?s=96&d=mm&r=g","contentUrl":"https:\/\/secure.gravatar.com\/avatar\/568e84d860856800f9f57c56a1d8280df5422f50943b8f79fd25417a3720af53?s=96&d=mm&r=g","caption":"Niels Hansen"},"url":"https:\/\/kunmedierne.dk\/mors\/author\/niels-hansen\/"}]}},"_links":{"self":[{"href":"https:\/\/kunmedierne.dk\/mors\/wp-json\/wp\/v2\/posts\/24759","targetHints":{"allow":["GET"]}}],"collection":[{"href":"https:\/\/kunmedierne.dk\/mors\/wp-json\/wp\/v2\/posts"}],"about":[{"href":"https:\/\/kunmedierne.dk\/mors\/wp-json\/wp\/v2\/types\/post"}],"author":[{"embeddable":true,"href":"https:\/\/kunmedierne.dk\/mors\/wp-json\/wp\/v2\/users\/176"}],"replies":[{"embeddable":true,"href":"https:\/\/kunmedierne.dk\/mors\/wp-json\/wp\/v2\/comments?post=24759"}],"version-history":[{"count":3,"href":"https:\/\/kunmedierne.dk\/mors\/wp-json\/wp\/v2\/posts\/24759\/revisions"}],"predecessor-version":[{"id":25938,"href":"https:\/\/kunmedierne.dk\/mors\/wp-json\/wp\/v2\/posts\/24759\/revisions\/25938"}],"wp:attachment":[{"href":"https:\/\/kunmedierne.dk\/mors\/wp-json\/wp\/v2\/media?parent=24759"}],"wp:term":[{"taxonomy":"category","embeddable":true,"href":"https:\/\/kunmedierne.dk\/mors\/wp-json\/wp\/v2\/categories?post=24759"},{"taxonomy":"post_tag","embeddable":true,"href":"https:\/\/kunmedierne.dk\/mors\/wp-json\/wp\/v2\/tags?post=24759"}],"curies":[{"name":"wp","href":"https:\/\/api.w.org\/{rel}","templated":true}]}}