{"id":24688,"date":"2020-06-08T21:58:40","date_gmt":"2020-06-08T19:58:40","guid":{"rendered":"https:\/\/kunmedierne.dk\/mors\/?p=24688"},"modified":"2024-08-12T14:06:02","modified_gmt":"2024-08-12T12:06:02","slug":"flade-samler-ind-til-manden-der-mistede-naesten-alt","status":"publish","type":"post","link":"https:\/\/kunmedierne.dk\/mors\/flade-samler-ind-til-manden-der-mistede-naesten-alt\/","title":{"rendered":"Flade samler ind til manden, der mistede n\u00e6sten alt"},"content":{"rendered":"<p><strong>FLADE<\/strong>: &#8220;Jeg har kun det t\u00f8j, jeg st\u00e5r i. Og jakken er endda en, jeg har l\u00e5nt.&#8221;<\/p>\n<p>Ren\u00e9 Kristensen, 47-\u00e5rig morsingbo var lige s\u00e5 n\u00f8gtern, som han var ramt, da KunMors <a href=\"https:\/\/kunmedierne.dk\/mors\/slap-ud-under-storbranden-det-er-en-soendag-man-ikke-lige-glemmer\/\" target=\"_blank\" rel=\"noopener noreferrer\">s\u00f8ndag<\/a> talte med ham oven p\u00e5 den <a href=\"https:\/\/kunmedierne.dk\/mors\/stor-brand-i-flade\/\" target=\"_blank\" rel=\"noopener noreferrer\">brand<\/a>, der tog n\u00e6sten alt fra ham. Det var ham, der alarmerede brandv\u00e6snet, da han opdagede r\u00f8gen i den bygning, han boede til leje i. F\u00e5 timer senere var bygningen v\u00e6k, og det eneste, Ren\u00e9 havde f\u00e5et med sig, var sin hund Minnie og det t\u00f8j, han havde p\u00e5.<\/p>\n<p>Men straks var der hj\u00e6lp at hente, for i Flade lader man ikke bare s\u00e5dan noget ske, s\u00e5 allerede s\u00f8ndag fik Ren\u00e9 mad, senget\u00f8j og mere til af venlige medborgere. Og mandag tog beboerforeningen aff\u00e6re med endnu en h\u00e5ndsr\u00e6kning. I et opslag p\u00e5 Facebook l\u00f8d det blandt andet &#8211; efter en indledning om det dygtige brandmandsarbejde, der forhindrede en endnu st\u00f8rre ulykke:<\/p>\n<p>&#8220;S\u00e5 godt gik det desv\u00e6rre ikke for Rene Kristensen &#8211; han st\u00e5r uden alle sine ting &#8211; hele hans hjem br\u00e6ndte. Han boede med sin hund Minnie. Rene havde desv\u00e6rre sparet sin indboforsikring v\u00e6k, og st\u00e5r nu i den situation at det eneste han har er hunden Minnie og sin mobil &#8211; uden eksempelvis en lader. Hans pung med m\u00e5nedens kontanter og alt indhold br\u00e6ndte.&#8221;<\/p>\n<p>Teksten fort\u00e6ller videre, at Flade Beboerforening er i dialog med Mors\u00f8 Kommune om engangsydelse i en akut situation, og opslaget f\u00f8rer frem til en indsamling, s\u00e5 man via mobile pay kan st\u00f8tte Ren\u00e9 Kristensen og chihuahuaen Minnie med at komme videre efter branden.<\/p>\n<p>Skulle man f\u00e5 lyst til at bakke op om indsamlingen, beh\u00f8ver man ikke frygte, at modtageren tager utaknemmeligt imod. Da KunMors m\u00f8dte Ren\u00e9 Kristensen sidst p\u00e5 eftermiddagen s\u00f8ndag understregede han flere gange sin taknemmelighed over den opbakning, han allerede da havde f\u00e5et.<\/p>\n<p>&#8220;Folk er d\u00e6leme s\u00e5 flinke herude. De hj\u00e6lper alle sammen. De kommer med ting og sager \u2013 lige fra senget\u00f8j til mad og bestik. Det er helt vildt,&#8221; l\u00f8d det fra dagens ellers s\u00e5 h\u00e5rdt ramte Flade-borger.<\/p>\n<p>Indsamlingen til Ren\u00e9 Kristensen l\u00f8ber frem til fredag og kan findes p\u00e5 Flade Beboerforenings side p\u00e5 Facebook <a href=\"https:\/\/www.facebook.com\/fladeboer\/?__tn__=%2Cd%2CP-R&amp;eid=ARB2852CTILLmrSoPTOxxsK4UNOhtD8j25XWJBHUr-I9ZFx64AIrVl8dm8Qi7-axn-_8IBMn68HXZQaL\" target=\"_blank\" rel=\"noopener noreferrer\">her<\/a>.<\/p>\n<p>https:\/\/www.facebook.com\/fladeboer\/posts\/2639551039638401<\/p>\n","protected":false},"excerpt":{"rendered":"<p>FLADE: &#8220;Jeg har kun det t\u00f8j, jeg st\u00e5r i. Og jakken er endda en, jeg har l\u00e5nt.&#8221; Ren\u00e9 Kristensen, 47-\u00e5rig morsingbo var lige s\u00e5 n\u00f8gtern, som han var ramt, da KunMors s\u00f8ndag talte med ham oven p\u00e5 den brand, der tog n\u00e6sten alt fra ham. Det var ham, der alarmerede brandv\u00e6snet, da han opdagede r\u00f8gen [&hellip;]<\/p>\n","protected":false},"author":8,"featured_media":24507,"comment_status":"open","ping_status":"open","sticky":false,"template":"","format":"standard","meta":{"_acf_changed":false,"footnotes":""},"categories":[51],"tags":[],"class_list":["post-24688","post","type-post","status-publish","format-standard","has-post-thumbnail","hentry","category-lokalt"],"acf":[],"yoast_head":"<!-- This site is optimized with the Yoast SEO plugin v26.8 - https:\/\/yoast.com\/product\/yoast-seo-wordpress\/ -->\n<title>Flade samler ind til manden, der mistede n\u00e6sten alt - Mors<\/title>\n<meta name=\"robots\" content=\"index, follow, max-snippet:-1, max-image-preview:large, max-video-preview:-1\" \/>\n<link rel=\"canonical\" href=\"https:\/\/kunmedierne.dk\/mors\/flade-samler-ind-til-manden-der-mistede-naesten-alt\/\" \/>\n<meta property=\"og:locale\" content=\"da_DK\" \/>\n<meta property=\"og:type\" content=\"article\" \/>\n<meta property=\"og:title\" content=\"Flade samler ind til manden, der mistede n\u00e6sten alt - Mors\" \/>\n<meta property=\"og:description\" content=\"FLADE: &#8220;Jeg har kun det t\u00f8j, jeg st\u00e5r i. Og jakken er endda en, jeg har l\u00e5nt.&#8221; Ren\u00e9 Kristensen, 47-\u00e5rig morsingbo var lige s\u00e5 n\u00f8gtern, som han var ramt, da KunMors s\u00f8ndag talte med ham oven p\u00e5 den brand, der tog n\u00e6sten alt fra ham. Det var ham, der alarmerede brandv\u00e6snet, da han opdagede r\u00f8gen [&hellip;]\" \/>\n<meta property=\"og:url\" content=\"https:\/\/kunmedierne.dk\/mors\/flade-samler-ind-til-manden-der-mistede-naesten-alt\/\" \/>\n<meta property=\"og:site_name\" content=\"Mors\" \/>\n<meta property=\"article:published_time\" content=\"2020-06-08T19:58:40+00:00\" \/>\n<meta property=\"article:modified_time\" content=\"2024-08-12T12:06:02+00:00\" \/>\n<meta property=\"og:image\" content=\"https:\/\/kunmedierne.dk\/mors\/wp-content\/uploads\/2020\/06\/200607-brand-flade.jpg\" \/>\n\t<meta property=\"og:image:width\" content=\"770\" \/>\n\t<meta property=\"og:image:height\" content=\"513\" \/>\n\t<meta property=\"og:image:type\" content=\"image\/jpeg\" \/>\n<meta name=\"author\" content=\"David H\u00f8jmark\" \/>\n<meta name=\"twitter:card\" content=\"summary_large_image\" \/>\n<meta name=\"twitter:label1\" content=\"Skrevet af\" \/>\n\t<meta name=\"twitter:data1\" content=\"David H\u00f8jmark\" \/>\n\t<meta name=\"twitter:label2\" content=\"Estimeret l\u00e6setid\" \/>\n\t<meta name=\"twitter:data2\" content=\"2 minutter\" \/>\n<script type=\"application\/ld+json\" class=\"yoast-schema-graph\">{\"@context\":\"https:\/\/schema.org\",\"@graph\":[{\"@type\":\"Article\",\"@id\":\"https:\/\/kunmedierne.dk\/mors\/flade-samler-ind-til-manden-der-mistede-naesten-alt\/#article\",\"isPartOf\":{\"@id\":\"https:\/\/kunmedierne.dk\/mors\/flade-samler-ind-til-manden-der-mistede-naesten-alt\/\"},\"author\":{\"name\":\"David H\u00f8jmark\",\"@id\":\"https:\/\/kunmedierne.dk\/mors\/#\/schema\/person\/5fe23251bf1d0abbcdc6f7896579d548\"},\"headline\":\"Flade samler ind til manden, der mistede n\u00e6sten alt\",\"datePublished\":\"2020-06-08T19:58:40+00:00\",\"dateModified\":\"2024-08-12T12:06:02+00:00\",\"mainEntityOfPage\":{\"@id\":\"https:\/\/kunmedierne.dk\/mors\/flade-samler-ind-til-manden-der-mistede-naesten-alt\/\"},\"wordCount\":411,\"commentCount\":0,\"publisher\":{\"@id\":\"https:\/\/kunmedierne.dk\/mors\/#organization\"},\"image\":{\"@id\":\"https:\/\/kunmedierne.dk\/mors\/flade-samler-ind-til-manden-der-mistede-naesten-alt\/#primaryimage\"},\"thumbnailUrl\":\"https:\/\/kunmedierne.dk\/mors\/wp-content\/uploads\/2020\/06\/200607-brand-flade.jpg\",\"articleSection\":[\"Lokalt\"],\"inLanguage\":\"da-DK\",\"potentialAction\":[{\"@type\":\"CommentAction\",\"name\":\"Comment\",\"target\":[\"https:\/\/kunmedierne.dk\/mors\/flade-samler-ind-til-manden-der-mistede-naesten-alt\/#respond\"]}]},{\"@type\":\"WebPage\",\"@id\":\"https:\/\/kunmedierne.dk\/mors\/flade-samler-ind-til-manden-der-mistede-naesten-alt\/\",\"url\":\"https:\/\/kunmedierne.dk\/mors\/flade-samler-ind-til-manden-der-mistede-naesten-alt\/\",\"name\":\"Flade samler ind til manden, der mistede n\u00e6sten alt - Mors\",\"isPartOf\":{\"@id\":\"https:\/\/kunmedierne.dk\/mors\/#website\"},\"primaryImageOfPage\":{\"@id\":\"https:\/\/kunmedierne.dk\/mors\/flade-samler-ind-til-manden-der-mistede-naesten-alt\/#primaryimage\"},\"image\":{\"@id\":\"https:\/\/kunmedierne.dk\/mors\/flade-samler-ind-til-manden-der-mistede-naesten-alt\/#primaryimage\"},\"thumbnailUrl\":\"https:\/\/kunmedierne.dk\/mors\/wp-content\/uploads\/2020\/06\/200607-brand-flade.jpg\",\"datePublished\":\"2020-06-08T19:58:40+00:00\",\"dateModified\":\"2024-08-12T12:06:02+00:00\",\"breadcrumb\":{\"@id\":\"https:\/\/kunmedierne.dk\/mors\/flade-samler-ind-til-manden-der-mistede-naesten-alt\/#breadcrumb\"},\"inLanguage\":\"da-DK\",\"potentialAction\":[{\"@type\":\"ReadAction\",\"target\":[\"https:\/\/kunmedierne.dk\/mors\/flade-samler-ind-til-manden-der-mistede-naesten-alt\/\"]}]},{\"@type\":\"ImageObject\",\"inLanguage\":\"da-DK\",\"@id\":\"https:\/\/kunmedierne.dk\/mors\/flade-samler-ind-til-manden-der-mistede-naesten-alt\/#primaryimage\",\"url\":\"https:\/\/kunmedierne.dk\/mors\/wp-content\/uploads\/2020\/06\/200607-brand-flade.jpg\",\"contentUrl\":\"https:\/\/kunmedierne.dk\/mors\/wp-content\/uploads\/2020\/06\/200607-brand-flade.jpg\",\"width\":770,\"height\":513,\"caption\":\"Der er ikke meget tilbage efter s\u00f8ndagens storbrand. Foto: David H\u00f8jmark\"},{\"@type\":\"BreadcrumbList\",\"@id\":\"https:\/\/kunmedierne.dk\/mors\/flade-samler-ind-til-manden-der-mistede-naesten-alt\/#breadcrumb\",\"itemListElement\":[{\"@type\":\"ListItem\",\"position\":1,\"name\":\"Hjem\",\"item\":\"https:\/\/kunmedierne.dk\/mors\/\"},{\"@type\":\"ListItem\",\"position\":2,\"name\":\"Flade samler ind til manden, der mistede n\u00e6sten alt\"}]},{\"@type\":\"WebSite\",\"@id\":\"https:\/\/kunmedierne.dk\/mors\/#website\",\"url\":\"https:\/\/kunmedierne.dk\/mors\/\",\"name\":\"Mors\",\"description\":\"et netmedie med journalistik om livet p\u00e5 Mors\",\"publisher\":{\"@id\":\"https:\/\/kunmedierne.dk\/mors\/#organization\"},\"potentialAction\":[{\"@type\":\"SearchAction\",\"target\":{\"@type\":\"EntryPoint\",\"urlTemplate\":\"https:\/\/kunmedierne.dk\/mors\/?s={search_term_string}\"},\"query-input\":{\"@type\":\"PropertyValueSpecification\",\"valueRequired\":true,\"valueName\":\"search_term_string\"}}],\"inLanguage\":\"da-DK\"},{\"@type\":\"Organization\",\"@id\":\"https:\/\/kunmedierne.dk\/mors\/#organization\",\"name\":\"Mors\",\"url\":\"https:\/\/kunmedierne.dk\/mors\/\",\"logo\":{\"@type\":\"ImageObject\",\"inLanguage\":\"da-DK\",\"@id\":\"https:\/\/kunmedierne.dk\/mors\/#\/schema\/logo\/image\/\",\"url\":\"https:\/\/kunmedierne.dk\/mors\/wp-content\/uploads\/2024\/08\/kunmors-logo.svg\",\"contentUrl\":\"https:\/\/kunmedierne.dk\/mors\/wp-content\/uploads\/2024\/08\/kunmors-logo.svg\",\"caption\":\"Mors\"},\"image\":{\"@id\":\"https:\/\/kunmedierne.dk\/mors\/#\/schema\/logo\/image\/\"}},{\"@type\":\"Person\",\"@id\":\"https:\/\/kunmedierne.dk\/mors\/#\/schema\/person\/5fe23251bf1d0abbcdc6f7896579d548\",\"name\":\"David H\u00f8jmark\",\"image\":{\"@type\":\"ImageObject\",\"inLanguage\":\"da-DK\",\"@id\":\"https:\/\/kunmedierne.dk\/mors\/#\/schema\/person\/image\/\",\"url\":\"https:\/\/secure.gravatar.com\/avatar\/4315d6fb9ef244d729989f5f90268eb08d5bf8a3d84402f595fa194bb35784fd?s=96&d=mm&r=g\",\"contentUrl\":\"https:\/\/secure.gravatar.com\/avatar\/4315d6fb9ef244d729989f5f90268eb08d5bf8a3d84402f595fa194bb35784fd?s=96&d=mm&r=g\",\"caption\":\"David H\u00f8jmark\"},\"sameAs\":[\"https:\/\/www.kunmedierne.dk\"],\"url\":\"https:\/\/kunmedierne.dk\/mors\/author\/david\/\"}]}<\/script>\n<!-- \/ Yoast SEO plugin. -->","yoast_head_json":{"title":"Flade samler ind til manden, der mistede n\u00e6sten alt - Mors","robots":{"index":"index","follow":"follow","max-snippet":"max-snippet:-1","max-image-preview":"max-image-preview:large","max-video-preview":"max-video-preview:-1"},"canonical":"https:\/\/kunmedierne.dk\/mors\/flade-samler-ind-til-manden-der-mistede-naesten-alt\/","og_locale":"da_DK","og_type":"article","og_title":"Flade samler ind til manden, der mistede n\u00e6sten alt - Mors","og_description":"FLADE: &#8220;Jeg har kun det t\u00f8j, jeg st\u00e5r i. Og jakken er endda en, jeg har l\u00e5nt.&#8221; Ren\u00e9 Kristensen, 47-\u00e5rig morsingbo var lige s\u00e5 n\u00f8gtern, som han var ramt, da KunMors s\u00f8ndag talte med ham oven p\u00e5 den brand, der tog n\u00e6sten alt fra ham. Det var ham, der alarmerede brandv\u00e6snet, da han opdagede r\u00f8gen [&hellip;]","og_url":"https:\/\/kunmedierne.dk\/mors\/flade-samler-ind-til-manden-der-mistede-naesten-alt\/","og_site_name":"Mors","article_published_time":"2020-06-08T19:58:40+00:00","article_modified_time":"2024-08-12T12:06:02+00:00","og_image":[{"width":770,"height":513,"url":"https:\/\/kunmedierne.dk\/mors\/wp-content\/uploads\/2020\/06\/200607-brand-flade.jpg","type":"image\/jpeg"}],"author":"David H\u00f8jmark","twitter_card":"summary_large_image","twitter_misc":{"Skrevet af":"David H\u00f8jmark","Estimeret l\u00e6setid":"2 minutter"},"schema":{"@context":"https:\/\/schema.org","@graph":[{"@type":"Article","@id":"https:\/\/kunmedierne.dk\/mors\/flade-samler-ind-til-manden-der-mistede-naesten-alt\/#article","isPartOf":{"@id":"https:\/\/kunmedierne.dk\/mors\/flade-samler-ind-til-manden-der-mistede-naesten-alt\/"},"author":{"name":"David H\u00f8jmark","@id":"https:\/\/kunmedierne.dk\/mors\/#\/schema\/person\/5fe23251bf1d0abbcdc6f7896579d548"},"headline":"Flade samler ind til manden, der mistede n\u00e6sten alt","datePublished":"2020-06-08T19:58:40+00:00","dateModified":"2024-08-12T12:06:02+00:00","mainEntityOfPage":{"@id":"https:\/\/kunmedierne.dk\/mors\/flade-samler-ind-til-manden-der-mistede-naesten-alt\/"},"wordCount":411,"commentCount":0,"publisher":{"@id":"https:\/\/kunmedierne.dk\/mors\/#organization"},"image":{"@id":"https:\/\/kunmedierne.dk\/mors\/flade-samler-ind-til-manden-der-mistede-naesten-alt\/#primaryimage"},"thumbnailUrl":"https:\/\/kunmedierne.dk\/mors\/wp-content\/uploads\/2020\/06\/200607-brand-flade.jpg","articleSection":["Lokalt"],"inLanguage":"da-DK","potentialAction":[{"@type":"CommentAction","name":"Comment","target":["https:\/\/kunmedierne.dk\/mors\/flade-samler-ind-til-manden-der-mistede-naesten-alt\/#respond"]}]},{"@type":"WebPage","@id":"https:\/\/kunmedierne.dk\/mors\/flade-samler-ind-til-manden-der-mistede-naesten-alt\/","url":"https:\/\/kunmedierne.dk\/mors\/flade-samler-ind-til-manden-der-mistede-naesten-alt\/","name":"Flade samler ind til manden, der mistede n\u00e6sten alt - Mors","isPartOf":{"@id":"https:\/\/kunmedierne.dk\/mors\/#website"},"primaryImageOfPage":{"@id":"https:\/\/kunmedierne.dk\/mors\/flade-samler-ind-til-manden-der-mistede-naesten-alt\/#primaryimage"},"image":{"@id":"https:\/\/kunmedierne.dk\/mors\/flade-samler-ind-til-manden-der-mistede-naesten-alt\/#primaryimage"},"thumbnailUrl":"https:\/\/kunmedierne.dk\/mors\/wp-content\/uploads\/2020\/06\/200607-brand-flade.jpg","datePublished":"2020-06-08T19:58:40+00:00","dateModified":"2024-08-12T12:06:02+00:00","breadcrumb":{"@id":"https:\/\/kunmedierne.dk\/mors\/flade-samler-ind-til-manden-der-mistede-naesten-alt\/#breadcrumb"},"inLanguage":"da-DK","potentialAction":[{"@type":"ReadAction","target":["https:\/\/kunmedierne.dk\/mors\/flade-samler-ind-til-manden-der-mistede-naesten-alt\/"]}]},{"@type":"ImageObject","inLanguage":"da-DK","@id":"https:\/\/kunmedierne.dk\/mors\/flade-samler-ind-til-manden-der-mistede-naesten-alt\/#primaryimage","url":"https:\/\/kunmedierne.dk\/mors\/wp-content\/uploads\/2020\/06\/200607-brand-flade.jpg","contentUrl":"https:\/\/kunmedierne.dk\/mors\/wp-content\/uploads\/2020\/06\/200607-brand-flade.jpg","width":770,"height":513,"caption":"Der er ikke meget tilbage efter s\u00f8ndagens storbrand. Foto: David H\u00f8jmark"},{"@type":"BreadcrumbList","@id":"https:\/\/kunmedierne.dk\/mors\/flade-samler-ind-til-manden-der-mistede-naesten-alt\/#breadcrumb","itemListElement":[{"@type":"ListItem","position":1,"name":"Hjem","item":"https:\/\/kunmedierne.dk\/mors\/"},{"@type":"ListItem","position":2,"name":"Flade samler ind til manden, der mistede n\u00e6sten alt"}]},{"@type":"WebSite","@id":"https:\/\/kunmedierne.dk\/mors\/#website","url":"https:\/\/kunmedierne.dk\/mors\/","name":"Mors","description":"et netmedie med journalistik om livet p\u00e5 Mors","publisher":{"@id":"https:\/\/kunmedierne.dk\/mors\/#organization"},"potentialAction":[{"@type":"SearchAction","target":{"@type":"EntryPoint","urlTemplate":"https:\/\/kunmedierne.dk\/mors\/?s={search_term_string}"},"query-input":{"@type":"PropertyValueSpecification","valueRequired":true,"valueName":"search_term_string"}}],"inLanguage":"da-DK"},{"@type":"Organization","@id":"https:\/\/kunmedierne.dk\/mors\/#organization","name":"Mors","url":"https:\/\/kunmedierne.dk\/mors\/","logo":{"@type":"ImageObject","inLanguage":"da-DK","@id":"https:\/\/kunmedierne.dk\/mors\/#\/schema\/logo\/image\/","url":"https:\/\/kunmedierne.dk\/mors\/wp-content\/uploads\/2024\/08\/kunmors-logo.svg","contentUrl":"https:\/\/kunmedierne.dk\/mors\/wp-content\/uploads\/2024\/08\/kunmors-logo.svg","caption":"Mors"},"image":{"@id":"https:\/\/kunmedierne.dk\/mors\/#\/schema\/logo\/image\/"}},{"@type":"Person","@id":"https:\/\/kunmedierne.dk\/mors\/#\/schema\/person\/5fe23251bf1d0abbcdc6f7896579d548","name":"David H\u00f8jmark","image":{"@type":"ImageObject","inLanguage":"da-DK","@id":"https:\/\/kunmedierne.dk\/mors\/#\/schema\/person\/image\/","url":"https:\/\/secure.gravatar.com\/avatar\/4315d6fb9ef244d729989f5f90268eb08d5bf8a3d84402f595fa194bb35784fd?s=96&d=mm&r=g","contentUrl":"https:\/\/secure.gravatar.com\/avatar\/4315d6fb9ef244d729989f5f90268eb08d5bf8a3d84402f595fa194bb35784fd?s=96&d=mm&r=g","caption":"David H\u00f8jmark"},"sameAs":["https:\/\/www.kunmedierne.dk"],"url":"https:\/\/kunmedierne.dk\/mors\/author\/david\/"}]}},"_links":{"self":[{"href":"https:\/\/kunmedierne.dk\/mors\/wp-json\/wp\/v2\/posts\/24688","targetHints":{"allow":["GET"]}}],"collection":[{"href":"https:\/\/kunmedierne.dk\/mors\/wp-json\/wp\/v2\/posts"}],"about":[{"href":"https:\/\/kunmedierne.dk\/mors\/wp-json\/wp\/v2\/types\/post"}],"author":[{"embeddable":true,"href":"https:\/\/kunmedierne.dk\/mors\/wp-json\/wp\/v2\/users\/8"}],"replies":[{"embeddable":true,"href":"https:\/\/kunmedierne.dk\/mors\/wp-json\/wp\/v2\/comments?post=24688"}],"version-history":[{"count":8,"href":"https:\/\/kunmedierne.dk\/mors\/wp-json\/wp\/v2\/posts\/24688\/revisions"}],"predecessor-version":[{"id":24697,"href":"https:\/\/kunmedierne.dk\/mors\/wp-json\/wp\/v2\/posts\/24688\/revisions\/24697"}],"wp:featuredmedia":[{"embeddable":true,"href":"https:\/\/kunmedierne.dk\/mors\/wp-json\/wp\/v2\/media\/24507"}],"wp:attachment":[{"href":"https:\/\/kunmedierne.dk\/mors\/wp-json\/wp\/v2\/media?parent=24688"}],"wp:term":[{"taxonomy":"category","embeddable":true,"href":"https:\/\/kunmedierne.dk\/mors\/wp-json\/wp\/v2\/categories?post=24688"},{"taxonomy":"post_tag","embeddable":true,"href":"https:\/\/kunmedierne.dk\/mors\/wp-json\/wp\/v2\/tags?post=24688"}],"curies":[{"name":"wp","href":"https:\/\/api.w.org\/{rel}","templated":true}]}}